{"id":58036,"date":"2016-07-16T18:31:06","date_gmt":"2016-07-16T17:31:06","guid":{"rendered":"http:\/\/kapitalis.com\/tunisie\/?p=58036"},"modified":"2016-07-16T18:31:06","modified_gmt":"2016-07-16T17:31:06","slug":"enseignement-superieur-lesiet-de-luas-distinguee-a-francfort","status":"publish","type":"post","link":"https:\/\/kapitalis.com\/tunisie\/2016\/07\/16\/enseignement-superieur-lesiet-de-luas-distinguee-a-francfort\/","title":{"rendered":"Enseignement sup\u00e9rieur : L\u2019Esiet de l\u2019UAS distingu\u00e9e \u00e0 Francfort"},"content":{"rendered":"<p style=\"text-align: center;\"><img loading=\"lazy\" decoding=\"async\" class=\"alignnone size-full wp-image-58037\" src=\"http:\/\/kapitalis.com\/tunisie\/wp-content\/uploads\/2016\/07\/UAS-primee-Francfort.jpg\" alt=\"UAS-primee-Francfort\" width=\"626\" height=\"380\" \/><\/p>\n<p style=\"text-align: left;\"><em><strong>L\u2019Universit\u00e9 arabe priv\u00e9e des sciences (UAS) de Tunis vient de recevoir le prix international de la qualit\u00e9 BID, \u00e0 Francfort (Allemagne).<\/strong><\/em><\/p>\n<p style=\"text-align: left;\"><!--more--><\/p>\n<p style=\"text-align: left;\">Le troph\u00e9e international Arch of Europe, Prix international de la qualit\u00e9 d\u00e9cern\u00e9 par la Business Initiative Directions (BID), a \u00e9t\u00e9 remis \u00e0 l\u2019Ecole sup\u00e9rieure d\u2019ing\u00e9nieurs et des \u00e9tudes technologiques (Esiet de Tunis), relevant de l\u2019UAS.<\/p>\n<p style=\"text-align: left;\">Les prix ont \u00e9t\u00e9 d\u00e9cern\u00e9s, au cours d\u2019une c\u00e9r\u00e9monie officielle, \u00e0 Francfort, aux professeurs Mourad Ben Turkia , fondateur de l\u2019UAS, et Hamadi Znaidi, directeur de l\u2019Esiet, en pr\u00e9sence des repr\u00e9sentants de 60 pays.<\/p>\n<p style=\"text-align: left;\">BID est une organisation priv\u00e9e sp\u00e9cialis\u00e9e dans la diffusion de la culture de la qualit\u00e9 gr\u00e2ce au \u00ab<em>Quality Mix<\/em>\u00bb et au Prix international de la qualit\u00e9.<\/p>\n<p style=\"text-align: left;\">Au cours de ces 30 derni\u00e8res ann\u00e9es, BID a permis l\u2019implantation du mod\u00e8le de la qualit\u00e9 QC 100 dans plus de 100 pays.<br \/>\nLe prix international Arch of Europe est remis aux laur\u00e9ats pour r\u00e9compenser le leadership, la qualit\u00e9, l\u2019innovation, l\u2019excellence, la technologie et le prestige.<\/p>\n<p style=\"text-align: center;\"><img loading=\"lazy\" decoding=\"async\" class=\"alignnone size-full wp-image-58038\" src=\"http:\/\/kapitalis.com\/tunisie\/wp-content\/uploads\/2016\/07\/UAS-Prix-Francfort.jpg\" alt=\"UAS-Prix-Francfort\" width=\"500\" height=\"400\" \/><\/p>\n<p style=\"text-align: left;\">Pour l\u2019ann\u00e9e 2016, l\u2019UAS s\u2019est port\u00e9e candidate pour ce prix, mais elle a \u00e9t\u00e9 s\u00e9lectionn\u00e9e pour le prix BID par un jury de professionnels, qui le lui a attribu\u00e9 par votes secrets effectu\u00e9s au cours des r\u00e9unions BID qui ont eu lieu \u00e0 Paris, Londres, Gen\u00e8ve, Francfort, Madrid et New York au cours des dix derniers mois.<\/p>\n<p style=\"text-align: left;\">Les crit\u00e8res retenus par le comit\u00e9 de s\u00e9lection sont le principe de qualit\u00e9 QC 100, la satisfaction de la client\u00e8le, le leadership dans le secteur, la ma\u00eetrise de la technologie, les performances dans la formation continue et les stages et les r\u00e9sultats d\u2019affaires.<\/p>\n<p style=\"text-align: right;\"><strong>I. B.<\/strong> (avec communiqu\u00e9).<\/p>\n","protected":false},"excerpt":{"rendered":"<p>L\u2019Universit\u00e9 arabe priv\u00e9e des sciences (UAS) de Tunis vient de recevoir le prix international de la qualit\u00e9 BID, \u00e0 Francfort (Allemagne).<\/p>\n","protected":false},"author":8,"featured_media":58037,"comment_status":"open","ping_status":"open","sticky":false,"template":"","format":"standard","meta":{"footnotes":""},"categories":[995,2433],"tags":[20515],"class_list":["post-58036","post","type-post","status-publish","format-standard","has-post-thumbnail","hentry","category-economie","category-tunisie","tag-bid"],"yoast_head":"<!-- This site is optimized with the Yoast SEO plugin v26.6 - https:\/\/yoast.com\/wordpress\/plugins\/seo\/ -->\n<title>Enseignement sup\u00e9rieur : L\u2019Esiet de l\u2019UAS distingu\u00e9e \u00e0 Francfort - Kapitalis<\/title>\n<meta name=\"robots\" content=\"index, follow, max-snippet:-1, max-image-preview:large, max-video-preview:-1\" \/>\n<link rel=\"canonical\" href=\"https:\/\/kapitalis.com\/tunisie\/2016\/07\/16\/enseignement-superieur-lesiet-de-luas-distinguee-a-francfort\/\" \/>\n<meta property=\"og:locale\" content=\"fr_FR\" \/>\n<meta property=\"og:type\" content=\"article\" \/>\n<meta property=\"og:title\" content=\"Enseignement sup\u00e9rieur : L\u2019Esiet de l\u2019UAS distingu\u00e9e \u00e0 Francfort - Kapitalis\" \/>\n<meta property=\"og:description\" content=\"L\u2019Universit\u00e9 arabe priv\u00e9e des sciences (UAS) de Tunis vient de recevoir le prix international de la qualit\u00e9 BID, \u00e0 Francfort (Allemagne).\" \/>\n<meta property=\"og:url\" content=\"https:\/\/kapitalis.com\/tunisie\/2016\/07\/16\/enseignement-superieur-lesiet-de-luas-distinguee-a-francfort\/\" \/>\n<meta property=\"og:site_name\" content=\"Kapitalis\" \/>\n<meta property=\"article:publisher\" content=\"https:\/\/www.facebook.com\/KapitalisInfo\/\" \/>\n<meta property=\"article:published_time\" content=\"2016-07-16T17:31:06+00:00\" \/>\n<meta property=\"og:image\" content=\"https:\/\/kapitalis.com\/tunisie\/wp-content\/uploads\/2022\/05\/kapitalis-logo-fb.png\" \/>\n\t<meta property=\"og:image:width\" content=\"1200\" \/>\n\t<meta property=\"og:image:height\" content=\"630\" \/>\n\t<meta property=\"og:image:type\" content=\"image\/png\" \/>\n<meta name=\"author\" content=\"webmaster kapitalis\" \/>\n<meta name=\"twitter:card\" content=\"summary_large_image\" \/>\n<meta name=\"twitter:creator\" content=\"@KapitalisInfo\" \/>\n<meta name=\"twitter:site\" content=\"@KapitalisInfo\" \/>\n<meta name=\"twitter:label1\" content=\"\u00c9crit par\" \/>\n\t<meta name=\"twitter:data1\" content=\"webmaster kapitalis\" \/>\n\t<meta name=\"twitter:label2\" content=\"Dur\u00e9e de lecture estim\u00e9e\" \/>\n\t<meta name=\"twitter:data2\" content=\"2 minutes\" \/>\n<script type=\"application\/ld+json\" class=\"yoast-schema-graph\">{\"@context\":\"https:\/\/schema.org\",\"@graph\":[{\"@type\":\"Article\",\"@id\":\"https:\/\/kapitalis.com\/tunisie\/2016\/07\/16\/enseignement-superieur-lesiet-de-luas-distinguee-a-francfort\/#article\",\"isPartOf\":{\"@id\":\"https:\/\/kapitalis.com\/tunisie\/2016\/07\/16\/enseignement-superieur-lesiet-de-luas-distinguee-a-francfort\/\"},\"author\":{\"name\":\"webmaster kapitalis\",\"@id\":\"https:\/\/kapitalis.com\/tunisie\/#\/schema\/person\/d71f33a9ca44f7bad4698210b480c8e9\"},\"headline\":\"Enseignement sup\u00e9rieur : L\u2019Esiet de l\u2019UAS distingu\u00e9e \u00e0 Francfort\",\"datePublished\":\"2016-07-16T17:31:06+00:00\",\"mainEntityOfPage\":{\"@id\":\"https:\/\/kapitalis.com\/tunisie\/2016\/07\/16\/enseignement-superieur-lesiet-de-luas-distinguee-a-francfort\/\"},\"wordCount\":312,\"commentCount\":4,\"publisher\":{\"@id\":\"https:\/\/kapitalis.com\/tunisie\/#organization\"},\"image\":{\"@id\":\"https:\/\/kapitalis.com\/tunisie\/2016\/07\/16\/enseignement-superieur-lesiet-de-luas-distinguee-a-francfort\/#primaryimage\"},\"thumbnailUrl\":\"\",\"keywords\":[\"BID\"],\"articleSection\":[\"ECONOMIE\",\"Tunisie\"],\"inLanguage\":\"fr-FR\",\"potentialAction\":[{\"@type\":\"CommentAction\",\"name\":\"Comment\",\"target\":[\"https:\/\/kapitalis.com\/tunisie\/2016\/07\/16\/enseignement-superieur-lesiet-de-luas-distinguee-a-francfort\/#respond\"]}]},{\"@type\":\"WebPage\",\"@id\":\"https:\/\/kapitalis.com\/tunisie\/2016\/07\/16\/enseignement-superieur-lesiet-de-luas-distinguee-a-francfort\/\",\"url\":\"https:\/\/kapitalis.com\/tunisie\/2016\/07\/16\/enseignement-superieur-lesiet-de-luas-distinguee-a-francfort\/\",\"name\":\"Enseignement sup\u00e9rieur : L\u2019Esiet de l\u2019UAS distingu\u00e9e \u00e0 Francfort - Kapitalis\",\"isPartOf\":{\"@id\":\"https:\/\/kapitalis.com\/tunisie\/#website\"},\"primaryImageOfPage\":{\"@id\":\"https:\/\/kapitalis.com\/tunisie\/2016\/07\/16\/enseignement-superieur-lesiet-de-luas-distinguee-a-francfort\/#primaryimage\"},\"image\":{\"@id\":\"https:\/\/kapitalis.com\/tunisie\/2016\/07\/16\/enseignement-superieur-lesiet-de-luas-distinguee-a-francfort\/#primaryimage\"},\"thumbnailUrl\":\"\",\"datePublished\":\"2016-07-16T17:31:06+00:00\",\"breadcrumb\":{\"@id\":\"https:\/\/kapitalis.com\/tunisie\/2016\/07\/16\/enseignement-superieur-lesiet-de-luas-distinguee-a-francfort\/#breadcrumb\"},\"inLanguage\":\"fr-FR\",\"potentialAction\":[{\"@type\":\"ReadAction\",\"target\":[\"https:\/\/kapitalis.com\/tunisie\/2016\/07\/16\/enseignement-superieur-lesiet-de-luas-distinguee-a-francfort\/\"]}]},{\"@type\":\"ImageObject\",\"inLanguage\":\"fr-FR\",\"@id\":\"https:\/\/kapitalis.com\/tunisie\/2016\/07\/16\/enseignement-superieur-lesiet-de-luas-distinguee-a-francfort\/#primaryimage\",\"url\":\"\",\"contentUrl\":\"\"},{\"@type\":\"BreadcrumbList\",\"@id\":\"https:\/\/kapitalis.com\/tunisie\/2016\/07\/16\/enseignement-superieur-lesiet-de-luas-distinguee-a-francfort\/#breadcrumb\",\"itemListElement\":[{\"@type\":\"ListItem\",\"position\":1,\"name\":\"Accueil\",\"item\":\"https:\/\/kapitalis.com\/tunisie\/\"},{\"@type\":\"ListItem\",\"position\":2,\"name\":\"Enseignement sup\u00e9rieur : L\u2019Esiet de l\u2019UAS distingu\u00e9e \u00e0 Francfort\"}]},{\"@type\":\"WebSite\",\"@id\":\"https:\/\/kapitalis.com\/tunisie\/#website\",\"url\":\"https:\/\/kapitalis.com\/tunisie\/\",\"name\":\"Kapitalis\",\"description\":\"L&#039;actualit\u00e9 en Tunisie et dans le monde\",\"publisher\":{\"@id\":\"https:\/\/kapitalis.com\/tunisie\/#organization\"},\"potentialAction\":[{\"@type\":\"SearchAction\",\"target\":{\"@type\":\"EntryPoint\",\"urlTemplate\":\"https:\/\/kapitalis.com\/tunisie\/?s={search_term_string}\"},\"query-input\":{\"@type\":\"PropertyValueSpecification\",\"valueRequired\":true,\"valueName\":\"search_term_string\"}}],\"inLanguage\":\"fr-FR\"},{\"@type\":\"Organization\",\"@id\":\"https:\/\/kapitalis.com\/tunisie\/#organization\",\"name\":\"Kapitalis\",\"url\":\"https:\/\/kapitalis.com\/tunisie\/\",\"logo\":{\"@type\":\"ImageObject\",\"inLanguage\":\"fr-FR\",\"@id\":\"https:\/\/kapitalis.com\/tunisie\/#\/schema\/logo\/image\/\",\"url\":\"https:\/\/kapitalis.com\/tunisie\/wp-content\/uploads\/2022\/05\/Kapitalis-big-size.png\",\"contentUrl\":\"https:\/\/kapitalis.com\/tunisie\/wp-content\/uploads\/2022\/05\/Kapitalis-big-size.png\",\"width\":5000,\"height\":1500,\"caption\":\"Kapitalis\"},\"image\":{\"@id\":\"https:\/\/kapitalis.com\/tunisie\/#\/schema\/logo\/image\/\"},\"sameAs\":[\"https:\/\/www.facebook.com\/KapitalisInfo\/\",\"https:\/\/x.com\/KapitalisInfo\",\"https:\/\/www.youtube.com\/channel\/UC-yDYrHyfFBWWZaOw3FPg9Q\"]},{\"@type\":\"Person\",\"@id\":\"https:\/\/kapitalis.com\/tunisie\/#\/schema\/person\/d71f33a9ca44f7bad4698210b480c8e9\",\"name\":\"webmaster kapitalis\",\"url\":\"https:\/\/kapitalis.com\/tunisie\/author\/webmaster-kapitalis\/\"}]}<\/script>\n<!-- \/ Yoast SEO plugin. -->","yoast_head_json":{"title":"Enseignement sup\u00e9rieur : L\u2019Esiet de l\u2019UAS distingu\u00e9e \u00e0 Francfort - Kapitalis","robots":{"index":"index","follow":"follow","max-snippet":"max-snippet:-1","max-image-preview":"max-image-preview:large","max-video-preview":"max-video-preview:-1"},"canonical":"https:\/\/kapitalis.com\/tunisie\/2016\/07\/16\/enseignement-superieur-lesiet-de-luas-distinguee-a-francfort\/","og_locale":"fr_FR","og_type":"article","og_title":"Enseignement sup\u00e9rieur : L\u2019Esiet de l\u2019UAS distingu\u00e9e \u00e0 Francfort - Kapitalis","og_description":"L\u2019Universit\u00e9 arabe priv\u00e9e des sciences (UAS) de Tunis vient de recevoir le prix international de la qualit\u00e9 BID, \u00e0 Francfort (Allemagne).","og_url":"https:\/\/kapitalis.com\/tunisie\/2016\/07\/16\/enseignement-superieur-lesiet-de-luas-distinguee-a-francfort\/","og_site_name":"Kapitalis","article_publisher":"https:\/\/www.facebook.com\/KapitalisInfo\/","article_published_time":"2016-07-16T17:31:06+00:00","og_image":[{"width":1200,"height":630,"url":"https:\/\/kapitalis.com\/tunisie\/wp-content\/uploads\/2022\/05\/kapitalis-logo-fb.png","type":"image\/png"}],"author":"webmaster kapitalis","twitter_card":"summary_large_image","twitter_creator":"@KapitalisInfo","twitter_site":"@KapitalisInfo","twitter_misc":{"\u00c9crit par":"webmaster kapitalis","Dur\u00e9e de lecture estim\u00e9e":"2 minutes"},"schema":{"@context":"https:\/\/schema.org","@graph":[{"@type":"Article","@id":"https:\/\/kapitalis.com\/tunisie\/2016\/07\/16\/enseignement-superieur-lesiet-de-luas-distinguee-a-francfort\/#article","isPartOf":{"@id":"https:\/\/kapitalis.com\/tunisie\/2016\/07\/16\/enseignement-superieur-lesiet-de-luas-distinguee-a-francfort\/"},"author":{"name":"webmaster kapitalis","@id":"https:\/\/kapitalis.com\/tunisie\/#\/schema\/person\/d71f33a9ca44f7bad4698210b480c8e9"},"headline":"Enseignement sup\u00e9rieur : L\u2019Esiet de l\u2019UAS distingu\u00e9e \u00e0 Francfort","datePublished":"2016-07-16T17:31:06+00:00","mainEntityOfPage":{"@id":"https:\/\/kapitalis.com\/tunisie\/2016\/07\/16\/enseignement-superieur-lesiet-de-luas-distinguee-a-francfort\/"},"wordCount":312,"commentCount":4,"publisher":{"@id":"https:\/\/kapitalis.com\/tunisie\/#organization"},"image":{"@id":"https:\/\/kapitalis.com\/tunisie\/2016\/07\/16\/enseignement-superieur-lesiet-de-luas-distinguee-a-francfort\/#primaryimage"},"thumbnailUrl":"","keywords":["BID"],"articleSection":["ECONOMIE","Tunisie"],"inLanguage":"fr-FR","potentialAction":[{"@type":"CommentAction","name":"Comment","target":["https:\/\/kapitalis.com\/tunisie\/2016\/07\/16\/enseignement-superieur-lesiet-de-luas-distinguee-a-francfort\/#respond"]}]},{"@type":"WebPage","@id":"https:\/\/kapitalis.com\/tunisie\/2016\/07\/16\/enseignement-superieur-lesiet-de-luas-distinguee-a-francfort\/","url":"https:\/\/kapitalis.com\/tunisie\/2016\/07\/16\/enseignement-superieur-lesiet-de-luas-distinguee-a-francfort\/","name":"Enseignement sup\u00e9rieur : L\u2019Esiet de l\u2019UAS distingu\u00e9e \u00e0 Francfort - Kapitalis","isPartOf":{"@id":"https:\/\/kapitalis.com\/tunisie\/#website"},"primaryImageOfPage":{"@id":"https:\/\/kapitalis.com\/tunisie\/2016\/07\/16\/enseignement-superieur-lesiet-de-luas-distinguee-a-francfort\/#primaryimage"},"image":{"@id":"https:\/\/kapitalis.com\/tunisie\/2016\/07\/16\/enseignement-superieur-lesiet-de-luas-distinguee-a-francfort\/#primaryimage"},"thumbnailUrl":"","datePublished":"2016-07-16T17:31:06+00:00","breadcrumb":{"@id":"https:\/\/kapitalis.com\/tunisie\/2016\/07\/16\/enseignement-superieur-lesiet-de-luas-distinguee-a-francfort\/#breadcrumb"},"inLanguage":"fr-FR","potentialAction":[{"@type":"ReadAction","target":["https:\/\/kapitalis.com\/tunisie\/2016\/07\/16\/enseignement-superieur-lesiet-de-luas-distinguee-a-francfort\/"]}]},{"@type":"ImageObject","inLanguage":"fr-FR","@id":"https:\/\/kapitalis.com\/tunisie\/2016\/07\/16\/enseignement-superieur-lesiet-de-luas-distinguee-a-francfort\/#primaryimage","url":"","contentUrl":""},{"@type":"BreadcrumbList","@id":"https:\/\/kapitalis.com\/tunisie\/2016\/07\/16\/enseignement-superieur-lesiet-de-luas-distinguee-a-francfort\/#breadcrumb","itemListElement":[{"@type":"ListItem","position":1,"name":"Accueil","item":"https:\/\/kapitalis.com\/tunisie\/"},{"@type":"ListItem","position":2,"name":"Enseignement sup\u00e9rieur : L\u2019Esiet de l\u2019UAS distingu\u00e9e \u00e0 Francfort"}]},{"@type":"WebSite","@id":"https:\/\/kapitalis.com\/tunisie\/#website","url":"https:\/\/kapitalis.com\/tunisie\/","name":"Kapitalis","description":"L&#039;actualit\u00e9 en Tunisie et dans le monde","publisher":{"@id":"https:\/\/kapitalis.com\/tunisie\/#organization"},"potentialAction":[{"@type":"SearchAction","target":{"@type":"EntryPoint","urlTemplate":"https:\/\/kapitalis.com\/tunisie\/?s={search_term_string}"},"query-input":{"@type":"PropertyValueSpecification","valueRequired":true,"valueName":"search_term_string"}}],"inLanguage":"fr-FR"},{"@type":"Organization","@id":"https:\/\/kapitalis.com\/tunisie\/#organization","name":"Kapitalis","url":"https:\/\/kapitalis.com\/tunisie\/","logo":{"@type":"ImageObject","inLanguage":"fr-FR","@id":"https:\/\/kapitalis.com\/tunisie\/#\/schema\/logo\/image\/","url":"https:\/\/kapitalis.com\/tunisie\/wp-content\/uploads\/2022\/05\/Kapitalis-big-size.png","contentUrl":"https:\/\/kapitalis.com\/tunisie\/wp-content\/uploads\/2022\/05\/Kapitalis-big-size.png","width":5000,"height":1500,"caption":"Kapitalis"},"image":{"@id":"https:\/\/kapitalis.com\/tunisie\/#\/schema\/logo\/image\/"},"sameAs":["https:\/\/www.facebook.com\/KapitalisInfo\/","https:\/\/x.com\/KapitalisInfo","https:\/\/www.youtube.com\/channel\/UC-yDYrHyfFBWWZaOw3FPg9Q"]},{"@type":"Person","@id":"https:\/\/kapitalis.com\/tunisie\/#\/schema\/person\/d71f33a9ca44f7bad4698210b480c8e9","name":"webmaster kapitalis","url":"https:\/\/kapitalis.com\/tunisie\/author\/webmaster-kapitalis\/"}]}},"_links":{"self":[{"href":"https:\/\/kapitalis.com\/tunisie\/wp-json\/wp\/v2\/posts\/58036","targetHints":{"allow":["GET"]}}],"collection":[{"href":"https:\/\/kapitalis.com\/tunisie\/wp-json\/wp\/v2\/posts"}],"about":[{"href":"https:\/\/kapitalis.com\/tunisie\/wp-json\/wp\/v2\/types\/post"}],"author":[{"embeddable":true,"href":"https:\/\/kapitalis.com\/tunisie\/wp-json\/wp\/v2\/users\/8"}],"replies":[{"embeddable":true,"href":"https:\/\/kapitalis.com\/tunisie\/wp-json\/wp\/v2\/comments?post=58036"}],"version-history":[{"count":0,"href":"https:\/\/kapitalis.com\/tunisie\/wp-json\/wp\/v2\/posts\/58036\/revisions"}],"wp:featuredmedia":[{"embeddable":true,"href":"https:\/\/kapitalis.com\/tunisie\/wp-json\/wp\/v2\/media\/58037"}],"wp:attachment":[{"href":"https:\/\/kapitalis.com\/tunisie\/wp-json\/wp\/v2\/media?parent=58036"}],"wp:term":[{"taxonomy":"category","embeddable":true,"href":"https:\/\/kapitalis.com\/tunisie\/wp-json\/wp\/v2\/categories?post=58036"},{"taxonomy":"post_tag","embeddable":true,"href":"https:\/\/kapitalis.com\/tunisie\/wp-json\/wp\/v2\/tags?post=58036"}],"curies":[{"name":"wp","href":"https:\/\/api.w.org\/{rel}","templated":true}]}}