{"id":58185,"date":"2016-07-18T19:14:00","date_gmt":"2016-07-18T18:14:00","guid":{"rendered":"http:\/\/kapitalis.com\/tunisie\/?p=58185"},"modified":"2016-07-18T19:16:57","modified_gmt":"2016-07-18T18:16:57","slug":"alerte-meteo-vents-forts-et-mer-agitee","status":"publish","type":"post","link":"https:\/\/kapitalis.com\/tunisie\/2016\/07\/18\/alerte-meteo-vents-forts-et-mer-agitee\/","title":{"rendered":"Alerte m\u00e9t\u00e9o : Vents forts et mer agit\u00e9e"},"content":{"rendered":"<p style=\"text-align: center;\"><img loading=\"lazy\" decoding=\"async\" class=\"alignnone size-full wp-image-58187\" src=\"http:\/\/kapitalis.com\/tunisie\/wp-content\/uploads\/2016\/07\/Mer-agit\u00e9e-Tunisie.jpg\" alt=\"Mer agit\u00e9e Tunisie\" width=\"626\" height=\"380\" \/><\/p>\n<p><em><strong>En raison d\u2019une m\u00e9t\u00e9o capricieuse, en Tunisie, durant les prochains jours, la protection civile rappelle les consignes \u00e0 suivre lors de la baignade.<\/strong><\/em><\/p>\n<p><!--more--><\/p>\n<p>Dans un communiqu\u00e9 rendu public aujourd\u2019hui, le minist\u00e8re de l\u2019Int\u00e9rieur\u00a0indique\u00a0que des vents forts provoqueront une agitation de la mer, ce qui n\u00e9cessitera une vigilance accrue pour \u00e9viter les incidents.<\/p>\n<p>La protection civile appelle, de son c\u00f4t\u00e9, les baigneurs \u00e0 \u00e9viter de se baigner \u00a0dans des endroits qui leur sont inconnus ou isol\u00e9s et sans surveillance.<\/p>\n<p>\u00ab<em>Les plages rocheuses sont \u00e0 bannir pour la p\u00e9riode \u00e0 venir et les baigneurs doivent se conformer aux consignes des ma\u00eetres-nageurs<\/em>\u00bb, pr\u00e9cise le communiqu\u00e9, rappelant qu\u2019il ne faut pas laisser les enfants se baigner seuls et sans surveillance.<\/p>\n<p>Le communiqu\u00e9 rappelle aussi que les consignes\u00a0de la baignade sont signal\u00e9es par des drapeaux de couleurs diff\u00e9rentes : le\u00a0vert signifie que baignade est permise, l&rsquo;orange indique qu&rsquo;elle permise mais avec prudence et le rouge est synonyme de baignade interdite.<\/p>\n<p style=\"text-align: right;\"><strong>Y. N.<\/strong><\/p>\n","protected":false},"excerpt":{"rendered":"<p>En raison d\u2019une m\u00e9t\u00e9o capricieuse, en Tunisie, durant les prochains jours, la protection civile rappelle les consignes \u00e0 suivre lors de la baignade.<\/p>\n","protected":false},"author":6,"featured_media":58187,"comment_status":"open","ping_status":"open","sticky":false,"template":"","format":"standard","meta":{"footnotes":""},"categories":[998,2433],"tags":[123,20570,18959,603,616,754,2751,10254],"class_list":["post-58185","post","type-post","status-publish","format-standard","has-post-thumbnail","hentry","category-societe","category-tunisie","tag-baignade","tag-baigneurs","tag-mer-agitee","tag-meteo","tag-ministere-interieur","tag-protection-civile","tag-vacanciers","tag-vents-forts"],"yoast_head":"<!-- This site is optimized with the Yoast SEO plugin v26.6 - https:\/\/yoast.com\/wordpress\/plugins\/seo\/ -->\n<title>Alerte m\u00e9t\u00e9o : Vents forts et mer agit\u00e9e - Kapitalis<\/title>\n<meta name=\"robots\" content=\"index, follow, max-snippet:-1, max-image-preview:large, max-video-preview:-1\" \/>\n<link rel=\"canonical\" href=\"https:\/\/kapitalis.com\/tunisie\/2016\/07\/18\/alerte-meteo-vents-forts-et-mer-agitee\/\" \/>\n<meta property=\"og:locale\" content=\"fr_FR\" \/>\n<meta property=\"og:type\" content=\"article\" \/>\n<meta property=\"og:title\" content=\"Alerte m\u00e9t\u00e9o : Vents forts et mer agit\u00e9e - Kapitalis\" \/>\n<meta property=\"og:description\" content=\"En raison d\u2019une m\u00e9t\u00e9o capricieuse, en Tunisie, durant les prochains jours, la protection civile rappelle les consignes \u00e0 suivre lors de la baignade.\" \/>\n<meta property=\"og:url\" content=\"https:\/\/kapitalis.com\/tunisie\/2016\/07\/18\/alerte-meteo-vents-forts-et-mer-agitee\/\" \/>\n<meta property=\"og:site_name\" content=\"Kapitalis\" \/>\n<meta property=\"article:publisher\" content=\"https:\/\/www.facebook.com\/KapitalisInfo\/\" \/>\n<meta property=\"article:published_time\" content=\"2016-07-18T18:14:00+00:00\" \/>\n<meta property=\"article:modified_time\" content=\"2016-07-18T18:16:57+00:00\" \/>\n<meta property=\"og:image\" content=\"https:\/\/kapitalis.com\/tunisie\/wp-content\/uploads\/2022\/05\/kapitalis-logo-fb.png\" \/>\n\t<meta property=\"og:image:width\" content=\"1200\" \/>\n\t<meta property=\"og:image:height\" content=\"630\" \/>\n\t<meta property=\"og:image:type\" content=\"image\/png\" \/>\n<meta name=\"author\" content=\"Yusra NY\" \/>\n<meta name=\"twitter:card\" content=\"summary_large_image\" \/>\n<meta name=\"twitter:creator\" content=\"@KapitalisInfo\" \/>\n<meta name=\"twitter:site\" content=\"@KapitalisInfo\" \/>\n<meta name=\"twitter:label1\" content=\"\u00c9crit par\" \/>\n\t<meta name=\"twitter:data1\" content=\"Yusra NY\" \/>\n\t<meta name=\"twitter:label2\" content=\"Dur\u00e9e de lecture estim\u00e9e\" \/>\n\t<meta name=\"twitter:data2\" content=\"1 minute\" \/>\n<script type=\"application\/ld+json\" class=\"yoast-schema-graph\">{\"@context\":\"https:\/\/schema.org\",\"@graph\":[{\"@type\":\"Article\",\"@id\":\"https:\/\/kapitalis.com\/tunisie\/2016\/07\/18\/alerte-meteo-vents-forts-et-mer-agitee\/#article\",\"isPartOf\":{\"@id\":\"https:\/\/kapitalis.com\/tunisie\/2016\/07\/18\/alerte-meteo-vents-forts-et-mer-agitee\/\"},\"author\":{\"name\":\"Yusra NY\",\"@id\":\"https:\/\/kapitalis.com\/tunisie\/#\/schema\/person\/74bbde0154d49d790a92aaeac5bc01d5\"},\"headline\":\"Alerte m\u00e9t\u00e9o : Vents forts et mer agit\u00e9e\",\"datePublished\":\"2016-07-18T18:14:00+00:00\",\"dateModified\":\"2016-07-18T18:16:57+00:00\",\"mainEntityOfPage\":{\"@id\":\"https:\/\/kapitalis.com\/tunisie\/2016\/07\/18\/alerte-meteo-vents-forts-et-mer-agitee\/\"},\"wordCount\":182,\"commentCount\":0,\"publisher\":{\"@id\":\"https:\/\/kapitalis.com\/tunisie\/#organization\"},\"image\":{\"@id\":\"https:\/\/kapitalis.com\/tunisie\/2016\/07\/18\/alerte-meteo-vents-forts-et-mer-agitee\/#primaryimage\"},\"thumbnailUrl\":\"\",\"keywords\":[\"baignade\",\"baigneurs\",\"mer agit\u00e9e\",\"m\u00e9t\u00e9o\",\"minist\u00e8re int\u00e9rieur\",\"protection civile\",\"vacanciers\",\"vents forts\"],\"articleSection\":[\"SOCIETE\",\"Tunisie\"],\"inLanguage\":\"fr-FR\",\"potentialAction\":[{\"@type\":\"CommentAction\",\"name\":\"Comment\",\"target\":[\"https:\/\/kapitalis.com\/tunisie\/2016\/07\/18\/alerte-meteo-vents-forts-et-mer-agitee\/#respond\"]}]},{\"@type\":\"WebPage\",\"@id\":\"https:\/\/kapitalis.com\/tunisie\/2016\/07\/18\/alerte-meteo-vents-forts-et-mer-agitee\/\",\"url\":\"https:\/\/kapitalis.com\/tunisie\/2016\/07\/18\/alerte-meteo-vents-forts-et-mer-agitee\/\",\"name\":\"Alerte m\u00e9t\u00e9o : Vents forts et mer agit\u00e9e - Kapitalis\",\"isPartOf\":{\"@id\":\"https:\/\/kapitalis.com\/tunisie\/#website\"},\"primaryImageOfPage\":{\"@id\":\"https:\/\/kapitalis.com\/tunisie\/2016\/07\/18\/alerte-meteo-vents-forts-et-mer-agitee\/#primaryimage\"},\"image\":{\"@id\":\"https:\/\/kapitalis.com\/tunisie\/2016\/07\/18\/alerte-meteo-vents-forts-et-mer-agitee\/#primaryimage\"},\"thumbnailUrl\":\"\",\"datePublished\":\"2016-07-18T18:14:00+00:00\",\"dateModified\":\"2016-07-18T18:16:57+00:00\",\"breadcrumb\":{\"@id\":\"https:\/\/kapitalis.com\/tunisie\/2016\/07\/18\/alerte-meteo-vents-forts-et-mer-agitee\/#breadcrumb\"},\"inLanguage\":\"fr-FR\",\"potentialAction\":[{\"@type\":\"ReadAction\",\"target\":[\"https:\/\/kapitalis.com\/tunisie\/2016\/07\/18\/alerte-meteo-vents-forts-et-mer-agitee\/\"]}]},{\"@type\":\"ImageObject\",\"inLanguage\":\"fr-FR\",\"@id\":\"https:\/\/kapitalis.com\/tunisie\/2016\/07\/18\/alerte-meteo-vents-forts-et-mer-agitee\/#primaryimage\",\"url\":\"\",\"contentUrl\":\"\"},{\"@type\":\"BreadcrumbList\",\"@id\":\"https:\/\/kapitalis.com\/tunisie\/2016\/07\/18\/alerte-meteo-vents-forts-et-mer-agitee\/#breadcrumb\",\"itemListElement\":[{\"@type\":\"ListItem\",\"position\":1,\"name\":\"Accueil\",\"item\":\"https:\/\/kapitalis.com\/tunisie\/\"},{\"@type\":\"ListItem\",\"position\":2,\"name\":\"Alerte m\u00e9t\u00e9o : Vents forts et mer agit\u00e9e\"}]},{\"@type\":\"WebSite\",\"@id\":\"https:\/\/kapitalis.com\/tunisie\/#website\",\"url\":\"https:\/\/kapitalis.com\/tunisie\/\",\"name\":\"Kapitalis\",\"description\":\"L&#039;actualit\u00e9 en Tunisie et dans le monde\",\"publisher\":{\"@id\":\"https:\/\/kapitalis.com\/tunisie\/#organization\"},\"potentialAction\":[{\"@type\":\"SearchAction\",\"target\":{\"@type\":\"EntryPoint\",\"urlTemplate\":\"https:\/\/kapitalis.com\/tunisie\/?s={search_term_string}\"},\"query-input\":{\"@type\":\"PropertyValueSpecification\",\"valueRequired\":true,\"valueName\":\"search_term_string\"}}],\"inLanguage\":\"fr-FR\"},{\"@type\":\"Organization\",\"@id\":\"https:\/\/kapitalis.com\/tunisie\/#organization\",\"name\":\"Kapitalis\",\"url\":\"https:\/\/kapitalis.com\/tunisie\/\",\"logo\":{\"@type\":\"ImageObject\",\"inLanguage\":\"fr-FR\",\"@id\":\"https:\/\/kapitalis.com\/tunisie\/#\/schema\/logo\/image\/\",\"url\":\"https:\/\/kapitalis.com\/tunisie\/wp-content\/uploads\/2022\/05\/Kapitalis-big-size.png\",\"contentUrl\":\"https:\/\/kapitalis.com\/tunisie\/wp-content\/uploads\/2022\/05\/Kapitalis-big-size.png\",\"width\":5000,\"height\":1500,\"caption\":\"Kapitalis\"},\"image\":{\"@id\":\"https:\/\/kapitalis.com\/tunisie\/#\/schema\/logo\/image\/\"},\"sameAs\":[\"https:\/\/www.facebook.com\/KapitalisInfo\/\",\"https:\/\/x.com\/KapitalisInfo\",\"https:\/\/www.youtube.com\/channel\/UC-yDYrHyfFBWWZaOw3FPg9Q\"]},{\"@type\":\"Person\",\"@id\":\"https:\/\/kapitalis.com\/tunisie\/#\/schema\/person\/74bbde0154d49d790a92aaeac5bc01d5\",\"name\":\"Yusra NY\",\"url\":\"https:\/\/kapitalis.com\/tunisie\/author\/yuza_adam\/\"}]}<\/script>\n<!-- \/ Yoast SEO plugin. -->","yoast_head_json":{"title":"Alerte m\u00e9t\u00e9o : Vents forts et mer agit\u00e9e - Kapitalis","robots":{"index":"index","follow":"follow","max-snippet":"max-snippet:-1","max-image-preview":"max-image-preview:large","max-video-preview":"max-video-preview:-1"},"canonical":"https:\/\/kapitalis.com\/tunisie\/2016\/07\/18\/alerte-meteo-vents-forts-et-mer-agitee\/","og_locale":"fr_FR","og_type":"article","og_title":"Alerte m\u00e9t\u00e9o : Vents forts et mer agit\u00e9e - Kapitalis","og_description":"En raison d\u2019une m\u00e9t\u00e9o capricieuse, en Tunisie, durant les prochains jours, la protection civile rappelle les consignes \u00e0 suivre lors de la baignade.","og_url":"https:\/\/kapitalis.com\/tunisie\/2016\/07\/18\/alerte-meteo-vents-forts-et-mer-agitee\/","og_site_name":"Kapitalis","article_publisher":"https:\/\/www.facebook.com\/KapitalisInfo\/","article_published_time":"2016-07-18T18:14:00+00:00","article_modified_time":"2016-07-18T18:16:57+00:00","og_image":[{"width":1200,"height":630,"url":"https:\/\/kapitalis.com\/tunisie\/wp-content\/uploads\/2022\/05\/kapitalis-logo-fb.png","type":"image\/png"}],"author":"Yusra NY","twitter_card":"summary_large_image","twitter_creator":"@KapitalisInfo","twitter_site":"@KapitalisInfo","twitter_misc":{"\u00c9crit par":"Yusra NY","Dur\u00e9e de lecture estim\u00e9e":"1 minute"},"schema":{"@context":"https:\/\/schema.org","@graph":[{"@type":"Article","@id":"https:\/\/kapitalis.com\/tunisie\/2016\/07\/18\/alerte-meteo-vents-forts-et-mer-agitee\/#article","isPartOf":{"@id":"https:\/\/kapitalis.com\/tunisie\/2016\/07\/18\/alerte-meteo-vents-forts-et-mer-agitee\/"},"author":{"name":"Yusra NY","@id":"https:\/\/kapitalis.com\/tunisie\/#\/schema\/person\/74bbde0154d49d790a92aaeac5bc01d5"},"headline":"Alerte m\u00e9t\u00e9o : Vents forts et mer agit\u00e9e","datePublished":"2016-07-18T18:14:00+00:00","dateModified":"2016-07-18T18:16:57+00:00","mainEntityOfPage":{"@id":"https:\/\/kapitalis.com\/tunisie\/2016\/07\/18\/alerte-meteo-vents-forts-et-mer-agitee\/"},"wordCount":182,"commentCount":0,"publisher":{"@id":"https:\/\/kapitalis.com\/tunisie\/#organization"},"image":{"@id":"https:\/\/kapitalis.com\/tunisie\/2016\/07\/18\/alerte-meteo-vents-forts-et-mer-agitee\/#primaryimage"},"thumbnailUrl":"","keywords":["baignade","baigneurs","mer agit\u00e9e","m\u00e9t\u00e9o","minist\u00e8re int\u00e9rieur","protection civile","vacanciers","vents forts"],"articleSection":["SOCIETE","Tunisie"],"inLanguage":"fr-FR","potentialAction":[{"@type":"CommentAction","name":"Comment","target":["https:\/\/kapitalis.com\/tunisie\/2016\/07\/18\/alerte-meteo-vents-forts-et-mer-agitee\/#respond"]}]},{"@type":"WebPage","@id":"https:\/\/kapitalis.com\/tunisie\/2016\/07\/18\/alerte-meteo-vents-forts-et-mer-agitee\/","url":"https:\/\/kapitalis.com\/tunisie\/2016\/07\/18\/alerte-meteo-vents-forts-et-mer-agitee\/","name":"Alerte m\u00e9t\u00e9o : Vents forts et mer agit\u00e9e - Kapitalis","isPartOf":{"@id":"https:\/\/kapitalis.com\/tunisie\/#website"},"primaryImageOfPage":{"@id":"https:\/\/kapitalis.com\/tunisie\/2016\/07\/18\/alerte-meteo-vents-forts-et-mer-agitee\/#primaryimage"},"image":{"@id":"https:\/\/kapitalis.com\/tunisie\/2016\/07\/18\/alerte-meteo-vents-forts-et-mer-agitee\/#primaryimage"},"thumbnailUrl":"","datePublished":"2016-07-18T18:14:00+00:00","dateModified":"2016-07-18T18:16:57+00:00","breadcrumb":{"@id":"https:\/\/kapitalis.com\/tunisie\/2016\/07\/18\/alerte-meteo-vents-forts-et-mer-agitee\/#breadcrumb"},"inLanguage":"fr-FR","potentialAction":[{"@type":"ReadAction","target":["https:\/\/kapitalis.com\/tunisie\/2016\/07\/18\/alerte-meteo-vents-forts-et-mer-agitee\/"]}]},{"@type":"ImageObject","inLanguage":"fr-FR","@id":"https:\/\/kapitalis.com\/tunisie\/2016\/07\/18\/alerte-meteo-vents-forts-et-mer-agitee\/#primaryimage","url":"","contentUrl":""},{"@type":"BreadcrumbList","@id":"https:\/\/kapitalis.com\/tunisie\/2016\/07\/18\/alerte-meteo-vents-forts-et-mer-agitee\/#breadcrumb","itemListElement":[{"@type":"ListItem","position":1,"name":"Accueil","item":"https:\/\/kapitalis.com\/tunisie\/"},{"@type":"ListItem","position":2,"name":"Alerte m\u00e9t\u00e9o : Vents forts et mer agit\u00e9e"}]},{"@type":"WebSite","@id":"https:\/\/kapitalis.com\/tunisie\/#website","url":"https:\/\/kapitalis.com\/tunisie\/","name":"Kapitalis","description":"L&#039;actualit\u00e9 en Tunisie et dans le monde","publisher":{"@id":"https:\/\/kapitalis.com\/tunisie\/#organization"},"potentialAction":[{"@type":"SearchAction","target":{"@type":"EntryPoint","urlTemplate":"https:\/\/kapitalis.com\/tunisie\/?s={search_term_string}"},"query-input":{"@type":"PropertyValueSpecification","valueRequired":true,"valueName":"search_term_string"}}],"inLanguage":"fr-FR"},{"@type":"Organization","@id":"https:\/\/kapitalis.com\/tunisie\/#organization","name":"Kapitalis","url":"https:\/\/kapitalis.com\/tunisie\/","logo":{"@type":"ImageObject","inLanguage":"fr-FR","@id":"https:\/\/kapitalis.com\/tunisie\/#\/schema\/logo\/image\/","url":"https:\/\/kapitalis.com\/tunisie\/wp-content\/uploads\/2022\/05\/Kapitalis-big-size.png","contentUrl":"https:\/\/kapitalis.com\/tunisie\/wp-content\/uploads\/2022\/05\/Kapitalis-big-size.png","width":5000,"height":1500,"caption":"Kapitalis"},"image":{"@id":"https:\/\/kapitalis.com\/tunisie\/#\/schema\/logo\/image\/"},"sameAs":["https:\/\/www.facebook.com\/KapitalisInfo\/","https:\/\/x.com\/KapitalisInfo","https:\/\/www.youtube.com\/channel\/UC-yDYrHyfFBWWZaOw3FPg9Q"]},{"@type":"Person","@id":"https:\/\/kapitalis.com\/tunisie\/#\/schema\/person\/74bbde0154d49d790a92aaeac5bc01d5","name":"Yusra NY","url":"https:\/\/kapitalis.com\/tunisie\/author\/yuza_adam\/"}]}},"_links":{"self":[{"href":"https:\/\/kapitalis.com\/tunisie\/wp-json\/wp\/v2\/posts\/58185","targetHints":{"allow":["GET"]}}],"collection":[{"href":"https:\/\/kapitalis.com\/tunisie\/wp-json\/wp\/v2\/posts"}],"about":[{"href":"https:\/\/kapitalis.com\/tunisie\/wp-json\/wp\/v2\/types\/post"}],"author":[{"embeddable":true,"href":"https:\/\/kapitalis.com\/tunisie\/wp-json\/wp\/v2\/users\/6"}],"replies":[{"embeddable":true,"href":"https:\/\/kapitalis.com\/tunisie\/wp-json\/wp\/v2\/comments?post=58185"}],"version-history":[{"count":0,"href":"https:\/\/kapitalis.com\/tunisie\/wp-json\/wp\/v2\/posts\/58185\/revisions"}],"wp:featuredmedia":[{"embeddable":true,"href":"https:\/\/kapitalis.com\/tunisie\/wp-json\/wp\/v2\/media\/58187"}],"wp:attachment":[{"href":"https:\/\/kapitalis.com\/tunisie\/wp-json\/wp\/v2\/media?parent=58185"}],"wp:term":[{"taxonomy":"category","embeddable":true,"href":"https:\/\/kapitalis.com\/tunisie\/wp-json\/wp\/v2\/categories?post=58185"},{"taxonomy":"post_tag","embeddable":true,"href":"https:\/\/kapitalis.com\/tunisie\/wp-json\/wp\/v2\/tags?post=58185"}],"curies":[{"name":"wp","href":"https:\/\/api.w.org\/{rel}","templated":true}]}}