{"id":5821618,"date":"2022-12-26T07:34:12","date_gmt":"2022-12-26T06:34:12","guid":{"rendered":"https:\/\/kapitalis.com\/tunisie\/?p=5821618"},"modified":"2022-12-26T07:35:00","modified_gmt":"2022-12-26T06:35:00","slug":"tunisie-les-avocats-menace-dappeler-a-la-desobeissance-fiscale","status":"publish","type":"post","link":"https:\/\/kapitalis.com\/tunisie\/2022\/12\/26\/tunisie-les-avocats-menace-dappeler-a-la-desobeissance-fiscale\/","title":{"rendered":"Tunisie\u00a0: les avocats menacent d\u2019appeler \u00e0 la d\u00e9sob\u00e9issance fiscale"},"content":{"rendered":"\n<p><strong><em>Les sections r\u00e9gionales de l\u2019Ordre national des avocats tunisiens, r\u00e9unies le 24 d\u00e9cembre 2022, \u00e0 Sousse, ont exprim\u00e9 leur totale opposition \u00e0 la Loi de Finances 2023 (LF2023), et menacent d&rsquo;appeler leurs membres \u00e0 la d\u00e9sob\u00e9issance fiscale. <\/em><\/strong><\/p>\n\n\n\n<!--more-->\n\n\n\n<p>Les avocats font porter aux autorit\u00e9s la responsabilit\u00e9 des r\u00e9percussions attendues de cette loi sur le pouvoir d\u2019achat des citoyens, dont en d\u00e9non\u00e7ant l\u2019absence d\u2019une vision strat\u00e9gique pour redresser l\u2019\u00e9conomie et l\u2019orientation prise vers l\u2019aggravation de l\u2019endettement ext\u00e9rieur.<\/p>\n\n\n\n<p>En fait, les avocats qui ont toujours b\u00e9n\u00e9fici\u00e9 jusque-l\u00e0 de privil\u00e8ges fiscaux, notamment celui de jouir des largesses du r\u00e9gime dit forfaitaire (traduire: ils payent ce qu&rsquo;ils daignent eux-m\u00eames payer), ne sont pas pr\u00eats \u00e0 s&rsquo;inscrire dans le r\u00e9gime r\u00e9el et \u00e0 devenir des contribuables <em>\u00abnormaux\u00bb<\/em>, qui payent leur imp\u00f4t comme tout le monde, ainsi que le stipule la LF2023. Car il n&rsquo;est plus acceptable que certaines cat\u00e9gories professionnelles, notamment celles des m\u00e9tiers lib\u00e9raux, ne contribuent pas \u00e9quitablement \u00e0 l&rsquo;effort national. <\/p>\n\n\n\n<p>Dans un communiqu\u00e9 rendu public dimanche 25 d\u00e9cembre, le conseil des sections r\u00e9gionales des avocats a donn\u00e9 son feu vert au Conseil national de l\u2019ordre des avocats de Tunisie pour recourir \u00e0 toutes les formes de lutte possibles contre ladite loi quitte \u00e0 d\u00e9clarer la d\u00e9sob\u00e9issance fiscale.<\/p>\n\n\n\n<p>Les sections r\u00e9gionales ont \u00e9galement appel\u00e9 le Conseil de l&rsquo;ordre national des avocats tunisiens \u00e0 organiser, de concert avec les organisations nationales, les composantes de la soci\u00e9t\u00e9 civile et les professions lib\u00e9rales, des mouvements de protestation, une conf\u00e9rence de presse et une campagne m\u00e9diatique pour d\u00e9noncer la loi en question.<\/p>\n\n\n\n<p>Elles ont, par ailleurs, appel\u00e9 \u00e0 former une commission pour examiner la possibilit\u00e9 de d\u00e9poser un recours contre la LF2023, pour infraction aux principes constitutionnels relatifs \u00e0 l\u2019\u00e9quit\u00e9 et \u00e0 la justice fiscale.<\/p>\n\n\n\n<p>Elles ont, en outre, invit\u00e9 le b\u00e2tonnier des avocats de Tunisie et le conseil de l\u2019ordre \u00e0 lancer, en coordination avec les organisations nationales et la soci\u00e9t\u00e9 civile, une initiative nationale pour contribuer \u00e0 d\u00e9bloquer la crise politico-socio-\u00e9conomique que traverse le pays.<\/p>\n","protected":false},"excerpt":{"rendered":"<p>Les avocats refusent de perdre leurs privil\u00e8ges fiscaux et menacent d&rsquo;appeler \u00e0 la d\u00e9sob\u00e9issance fiscale. <\/p>\n","protected":false},"author":8,"featured_media":5821734,"comment_status":"open","ping_status":"open","sticky":false,"template":"","format":"standard","meta":{"footnotes":""},"categories":[995,2433],"tags":[105360,8108,105358,104097,9129,105359,62643],"class_list":["post-5821618","post","type-post","status-publish","format-standard","has-post-thumbnail","hentry","category-economie","category-tunisie","tag-desobeissance-fiscale","tag-impots","tag-lf2023","tag-loi-de-finances-2023","tag-regime-forfaitaire","tag-regime-reel","tag-tunisie"],"yoast_head":"<!-- This site is optimized with the Yoast SEO plugin v26.6 - https:\/\/yoast.com\/wordpress\/plugins\/seo\/ -->\n<title>Tunisie\u00a0: les avocats menacent d\u2019appeler \u00e0 la d\u00e9sob\u00e9issance fiscale - Kapitalis<\/title>\n<meta name=\"robots\" content=\"index, follow, max-snippet:-1, max-image-preview:large, max-video-preview:-1\" \/>\n<link rel=\"canonical\" href=\"https:\/\/kapitalis.com\/tunisie\/2022\/12\/26\/tunisie-les-avocats-menace-dappeler-a-la-desobeissance-fiscale\/\" \/>\n<meta property=\"og:locale\" content=\"fr_FR\" \/>\n<meta property=\"og:type\" content=\"article\" \/>\n<meta property=\"og:title\" content=\"Tunisie\u00a0: les avocats menacent d\u2019appeler \u00e0 la d\u00e9sob\u00e9issance fiscale - Kapitalis\" \/>\n<meta property=\"og:description\" content=\"Les avocats refusent de perdre leurs privil\u00e8ges fiscaux et menacent d&#039;appeler \u00e0 la d\u00e9sob\u00e9issance fiscale.\" \/>\n<meta property=\"og:url\" content=\"https:\/\/kapitalis.com\/tunisie\/2022\/12\/26\/tunisie-les-avocats-menace-dappeler-a-la-desobeissance-fiscale\/\" \/>\n<meta property=\"og:site_name\" content=\"Kapitalis\" \/>\n<meta property=\"article:publisher\" content=\"https:\/\/www.facebook.com\/KapitalisInfo\/\" \/>\n<meta property=\"article:published_time\" content=\"2022-12-26T06:34:12+00:00\" \/>\n<meta property=\"article:modified_time\" content=\"2022-12-26T06:35:00+00:00\" \/>\n<meta property=\"og:image\" content=\"https:\/\/kapitalis.com\/tunisie\/wp-content\/uploads\/2022\/12\/Conseil-Ordre-avocats.jpg\" \/>\n\t<meta property=\"og:image:width\" content=\"1200\" \/>\n\t<meta property=\"og:image:height\" content=\"630\" \/>\n\t<meta property=\"og:image:type\" content=\"image\/jpeg\" \/>\n<meta name=\"author\" content=\"webmaster kapitalis\" \/>\n<meta name=\"twitter:card\" content=\"summary_large_image\" \/>\n<meta name=\"twitter:creator\" content=\"@KapitalisInfo\" \/>\n<meta name=\"twitter:site\" content=\"@KapitalisInfo\" \/>\n<meta name=\"twitter:label1\" content=\"\u00c9crit par\" \/>\n\t<meta name=\"twitter:data1\" content=\"webmaster kapitalis\" \/>\n\t<meta name=\"twitter:label2\" content=\"Dur\u00e9e de lecture estim\u00e9e\" \/>\n\t<meta name=\"twitter:data2\" content=\"2 minutes\" \/>\n<script type=\"application\/ld+json\" class=\"yoast-schema-graph\">{\"@context\":\"https:\/\/schema.org\",\"@graph\":[{\"@type\":\"Article\",\"@id\":\"https:\/\/kapitalis.com\/tunisie\/2022\/12\/26\/tunisie-les-avocats-menace-dappeler-a-la-desobeissance-fiscale\/#article\",\"isPartOf\":{\"@id\":\"https:\/\/kapitalis.com\/tunisie\/2022\/12\/26\/tunisie-les-avocats-menace-dappeler-a-la-desobeissance-fiscale\/\"},\"author\":{\"name\":\"webmaster kapitalis\",\"@id\":\"https:\/\/kapitalis.com\/tunisie\/#\/schema\/person\/d71f33a9ca44f7bad4698210b480c8e9\"},\"headline\":\"Tunisie\u00a0: les avocats menacent d\u2019appeler \u00e0 la d\u00e9sob\u00e9issance fiscale\",\"datePublished\":\"2022-12-26T06:34:12+00:00\",\"dateModified\":\"2022-12-26T06:35:00+00:00\",\"mainEntityOfPage\":{\"@id\":\"https:\/\/kapitalis.com\/tunisie\/2022\/12\/26\/tunisie-les-avocats-menace-dappeler-a-la-desobeissance-fiscale\/\"},\"wordCount\":371,\"commentCount\":2,\"publisher\":{\"@id\":\"https:\/\/kapitalis.com\/tunisie\/#organization\"},\"image\":{\"@id\":\"https:\/\/kapitalis.com\/tunisie\/2022\/12\/26\/tunisie-les-avocats-menace-dappeler-a-la-desobeissance-fiscale\/#primaryimage\"},\"thumbnailUrl\":\"https:\/\/kapitalis.com\/tunisie\/wp-content\/uploads\/2022\/12\/Conseil-Ordre-avocats.jpg\",\"keywords\":[\"d\u00e9sob\u00e9issance fiscale\",\"imp\u00f4ts\",\"LF2023\",\"loi de finances 2023\",\"r\u00e9gime forfaitaire\",\"r\u00e9gime r\u00e9el\",\"Tunisie\"],\"articleSection\":[\"ECONOMIE\",\"Tunisie\"],\"inLanguage\":\"fr-FR\",\"potentialAction\":[{\"@type\":\"CommentAction\",\"name\":\"Comment\",\"target\":[\"https:\/\/kapitalis.com\/tunisie\/2022\/12\/26\/tunisie-les-avocats-menace-dappeler-a-la-desobeissance-fiscale\/#respond\"]}]},{\"@type\":\"WebPage\",\"@id\":\"https:\/\/kapitalis.com\/tunisie\/2022\/12\/26\/tunisie-les-avocats-menace-dappeler-a-la-desobeissance-fiscale\/\",\"url\":\"https:\/\/kapitalis.com\/tunisie\/2022\/12\/26\/tunisie-les-avocats-menace-dappeler-a-la-desobeissance-fiscale\/\",\"name\":\"Tunisie\u00a0: les avocats menacent d\u2019appeler \u00e0 la d\u00e9sob\u00e9issance fiscale - Kapitalis\",\"isPartOf\":{\"@id\":\"https:\/\/kapitalis.com\/tunisie\/#website\"},\"primaryImageOfPage\":{\"@id\":\"https:\/\/kapitalis.com\/tunisie\/2022\/12\/26\/tunisie-les-avocats-menace-dappeler-a-la-desobeissance-fiscale\/#primaryimage\"},\"image\":{\"@id\":\"https:\/\/kapitalis.com\/tunisie\/2022\/12\/26\/tunisie-les-avocats-menace-dappeler-a-la-desobeissance-fiscale\/#primaryimage\"},\"thumbnailUrl\":\"https:\/\/kapitalis.com\/tunisie\/wp-content\/uploads\/2022\/12\/Conseil-Ordre-avocats.jpg\",\"datePublished\":\"2022-12-26T06:34:12+00:00\",\"dateModified\":\"2022-12-26T06:35:00+00:00\",\"breadcrumb\":{\"@id\":\"https:\/\/kapitalis.com\/tunisie\/2022\/12\/26\/tunisie-les-avocats-menace-dappeler-a-la-desobeissance-fiscale\/#breadcrumb\"},\"inLanguage\":\"fr-FR\",\"potentialAction\":[{\"@type\":\"ReadAction\",\"target\":[\"https:\/\/kapitalis.com\/tunisie\/2022\/12\/26\/tunisie-les-avocats-menace-dappeler-a-la-desobeissance-fiscale\/\"]}]},{\"@type\":\"ImageObject\",\"inLanguage\":\"fr-FR\",\"@id\":\"https:\/\/kapitalis.com\/tunisie\/2022\/12\/26\/tunisie-les-avocats-menace-dappeler-a-la-desobeissance-fiscale\/#primaryimage\",\"url\":\"https:\/\/kapitalis.com\/tunisie\/wp-content\/uploads\/2022\/12\/Conseil-Ordre-avocats.jpg\",\"contentUrl\":\"https:\/\/kapitalis.com\/tunisie\/wp-content\/uploads\/2022\/12\/Conseil-Ordre-avocats.jpg\",\"width\":1200,\"height\":630},{\"@type\":\"BreadcrumbList\",\"@id\":\"https:\/\/kapitalis.com\/tunisie\/2022\/12\/26\/tunisie-les-avocats-menace-dappeler-a-la-desobeissance-fiscale\/#breadcrumb\",\"itemListElement\":[{\"@type\":\"ListItem\",\"position\":1,\"name\":\"Accueil\",\"item\":\"https:\/\/kapitalis.com\/tunisie\/\"},{\"@type\":\"ListItem\",\"position\":2,\"name\":\"Tunisie\u00a0: les avocats menacent d\u2019appeler \u00e0 la d\u00e9sob\u00e9issance fiscale\"}]},{\"@type\":\"WebSite\",\"@id\":\"https:\/\/kapitalis.com\/tunisie\/#website\",\"url\":\"https:\/\/kapitalis.com\/tunisie\/\",\"name\":\"Kapitalis\",\"description\":\"L&#039;actualit\u00e9 en Tunisie et dans le monde\",\"publisher\":{\"@id\":\"https:\/\/kapitalis.com\/tunisie\/#organization\"},\"potentialAction\":[{\"@type\":\"SearchAction\",\"target\":{\"@type\":\"EntryPoint\",\"urlTemplate\":\"https:\/\/kapitalis.com\/tunisie\/?s={search_term_string}\"},\"query-input\":{\"@type\":\"PropertyValueSpecification\",\"valueRequired\":true,\"valueName\":\"search_term_string\"}}],\"inLanguage\":\"fr-FR\"},{\"@type\":\"Organization\",\"@id\":\"https:\/\/kapitalis.com\/tunisie\/#organization\",\"name\":\"Kapitalis\",\"url\":\"https:\/\/kapitalis.com\/tunisie\/\",\"logo\":{\"@type\":\"ImageObject\",\"inLanguage\":\"fr-FR\",\"@id\":\"https:\/\/kapitalis.com\/tunisie\/#\/schema\/logo\/image\/\",\"url\":\"https:\/\/kapitalis.com\/tunisie\/wp-content\/uploads\/2022\/05\/Kapitalis-big-size.png\",\"contentUrl\":\"https:\/\/kapitalis.com\/tunisie\/wp-content\/uploads\/2022\/05\/Kapitalis-big-size.png\",\"width\":5000,\"height\":1500,\"caption\":\"Kapitalis\"},\"image\":{\"@id\":\"https:\/\/kapitalis.com\/tunisie\/#\/schema\/logo\/image\/\"},\"sameAs\":[\"https:\/\/www.facebook.com\/KapitalisInfo\/\",\"https:\/\/x.com\/KapitalisInfo\",\"https:\/\/www.youtube.com\/channel\/UC-yDYrHyfFBWWZaOw3FPg9Q\"]},{\"@type\":\"Person\",\"@id\":\"https:\/\/kapitalis.com\/tunisie\/#\/schema\/person\/d71f33a9ca44f7bad4698210b480c8e9\",\"name\":\"webmaster kapitalis\",\"url\":\"https:\/\/kapitalis.com\/tunisie\/author\/webmaster-kapitalis\/\"}]}<\/script>\n<!-- \/ Yoast SEO plugin. -->","yoast_head_json":{"title":"Tunisie\u00a0: les avocats menacent d\u2019appeler \u00e0 la d\u00e9sob\u00e9issance fiscale - Kapitalis","robots":{"index":"index","follow":"follow","max-snippet":"max-snippet:-1","max-image-preview":"max-image-preview:large","max-video-preview":"max-video-preview:-1"},"canonical":"https:\/\/kapitalis.com\/tunisie\/2022\/12\/26\/tunisie-les-avocats-menace-dappeler-a-la-desobeissance-fiscale\/","og_locale":"fr_FR","og_type":"article","og_title":"Tunisie\u00a0: les avocats menacent d\u2019appeler \u00e0 la d\u00e9sob\u00e9issance fiscale - Kapitalis","og_description":"Les avocats refusent de perdre leurs privil\u00e8ges fiscaux et menacent d'appeler \u00e0 la d\u00e9sob\u00e9issance fiscale.","og_url":"https:\/\/kapitalis.com\/tunisie\/2022\/12\/26\/tunisie-les-avocats-menace-dappeler-a-la-desobeissance-fiscale\/","og_site_name":"Kapitalis","article_publisher":"https:\/\/www.facebook.com\/KapitalisInfo\/","article_published_time":"2022-12-26T06:34:12+00:00","article_modified_time":"2022-12-26T06:35:00+00:00","og_image":[{"width":1200,"height":630,"url":"https:\/\/kapitalis.com\/tunisie\/wp-content\/uploads\/2022\/12\/Conseil-Ordre-avocats.jpg","type":"image\/jpeg"}],"author":"webmaster kapitalis","twitter_card":"summary_large_image","twitter_creator":"@KapitalisInfo","twitter_site":"@KapitalisInfo","twitter_misc":{"\u00c9crit par":"webmaster kapitalis","Dur\u00e9e de lecture estim\u00e9e":"2 minutes"},"schema":{"@context":"https:\/\/schema.org","@graph":[{"@type":"Article","@id":"https:\/\/kapitalis.com\/tunisie\/2022\/12\/26\/tunisie-les-avocats-menace-dappeler-a-la-desobeissance-fiscale\/#article","isPartOf":{"@id":"https:\/\/kapitalis.com\/tunisie\/2022\/12\/26\/tunisie-les-avocats-menace-dappeler-a-la-desobeissance-fiscale\/"},"author":{"name":"webmaster kapitalis","@id":"https:\/\/kapitalis.com\/tunisie\/#\/schema\/person\/d71f33a9ca44f7bad4698210b480c8e9"},"headline":"Tunisie\u00a0: les avocats menacent d\u2019appeler \u00e0 la d\u00e9sob\u00e9issance fiscale","datePublished":"2022-12-26T06:34:12+00:00","dateModified":"2022-12-26T06:35:00+00:00","mainEntityOfPage":{"@id":"https:\/\/kapitalis.com\/tunisie\/2022\/12\/26\/tunisie-les-avocats-menace-dappeler-a-la-desobeissance-fiscale\/"},"wordCount":371,"commentCount":2,"publisher":{"@id":"https:\/\/kapitalis.com\/tunisie\/#organization"},"image":{"@id":"https:\/\/kapitalis.com\/tunisie\/2022\/12\/26\/tunisie-les-avocats-menace-dappeler-a-la-desobeissance-fiscale\/#primaryimage"},"thumbnailUrl":"https:\/\/kapitalis.com\/tunisie\/wp-content\/uploads\/2022\/12\/Conseil-Ordre-avocats.jpg","keywords":["d\u00e9sob\u00e9issance fiscale","imp\u00f4ts","LF2023","loi de finances 2023","r\u00e9gime forfaitaire","r\u00e9gime r\u00e9el","Tunisie"],"articleSection":["ECONOMIE","Tunisie"],"inLanguage":"fr-FR","potentialAction":[{"@type":"CommentAction","name":"Comment","target":["https:\/\/kapitalis.com\/tunisie\/2022\/12\/26\/tunisie-les-avocats-menace-dappeler-a-la-desobeissance-fiscale\/#respond"]}]},{"@type":"WebPage","@id":"https:\/\/kapitalis.com\/tunisie\/2022\/12\/26\/tunisie-les-avocats-menace-dappeler-a-la-desobeissance-fiscale\/","url":"https:\/\/kapitalis.com\/tunisie\/2022\/12\/26\/tunisie-les-avocats-menace-dappeler-a-la-desobeissance-fiscale\/","name":"Tunisie\u00a0: les avocats menacent d\u2019appeler \u00e0 la d\u00e9sob\u00e9issance fiscale - Kapitalis","isPartOf":{"@id":"https:\/\/kapitalis.com\/tunisie\/#website"},"primaryImageOfPage":{"@id":"https:\/\/kapitalis.com\/tunisie\/2022\/12\/26\/tunisie-les-avocats-menace-dappeler-a-la-desobeissance-fiscale\/#primaryimage"},"image":{"@id":"https:\/\/kapitalis.com\/tunisie\/2022\/12\/26\/tunisie-les-avocats-menace-dappeler-a-la-desobeissance-fiscale\/#primaryimage"},"thumbnailUrl":"https:\/\/kapitalis.com\/tunisie\/wp-content\/uploads\/2022\/12\/Conseil-Ordre-avocats.jpg","datePublished":"2022-12-26T06:34:12+00:00","dateModified":"2022-12-26T06:35:00+00:00","breadcrumb":{"@id":"https:\/\/kapitalis.com\/tunisie\/2022\/12\/26\/tunisie-les-avocats-menace-dappeler-a-la-desobeissance-fiscale\/#breadcrumb"},"inLanguage":"fr-FR","potentialAction":[{"@type":"ReadAction","target":["https:\/\/kapitalis.com\/tunisie\/2022\/12\/26\/tunisie-les-avocats-menace-dappeler-a-la-desobeissance-fiscale\/"]}]},{"@type":"ImageObject","inLanguage":"fr-FR","@id":"https:\/\/kapitalis.com\/tunisie\/2022\/12\/26\/tunisie-les-avocats-menace-dappeler-a-la-desobeissance-fiscale\/#primaryimage","url":"https:\/\/kapitalis.com\/tunisie\/wp-content\/uploads\/2022\/12\/Conseil-Ordre-avocats.jpg","contentUrl":"https:\/\/kapitalis.com\/tunisie\/wp-content\/uploads\/2022\/12\/Conseil-Ordre-avocats.jpg","width":1200,"height":630},{"@type":"BreadcrumbList","@id":"https:\/\/kapitalis.com\/tunisie\/2022\/12\/26\/tunisie-les-avocats-menace-dappeler-a-la-desobeissance-fiscale\/#breadcrumb","itemListElement":[{"@type":"ListItem","position":1,"name":"Accueil","item":"https:\/\/kapitalis.com\/tunisie\/"},{"@type":"ListItem","position":2,"name":"Tunisie\u00a0: les avocats menacent d\u2019appeler \u00e0 la d\u00e9sob\u00e9issance fiscale"}]},{"@type":"WebSite","@id":"https:\/\/kapitalis.com\/tunisie\/#website","url":"https:\/\/kapitalis.com\/tunisie\/","name":"Kapitalis","description":"L&#039;actualit\u00e9 en Tunisie et dans le monde","publisher":{"@id":"https:\/\/kapitalis.com\/tunisie\/#organization"},"potentialAction":[{"@type":"SearchAction","target":{"@type":"EntryPoint","urlTemplate":"https:\/\/kapitalis.com\/tunisie\/?s={search_term_string}"},"query-input":{"@type":"PropertyValueSpecification","valueRequired":true,"valueName":"search_term_string"}}],"inLanguage":"fr-FR"},{"@type":"Organization","@id":"https:\/\/kapitalis.com\/tunisie\/#organization","name":"Kapitalis","url":"https:\/\/kapitalis.com\/tunisie\/","logo":{"@type":"ImageObject","inLanguage":"fr-FR","@id":"https:\/\/kapitalis.com\/tunisie\/#\/schema\/logo\/image\/","url":"https:\/\/kapitalis.com\/tunisie\/wp-content\/uploads\/2022\/05\/Kapitalis-big-size.png","contentUrl":"https:\/\/kapitalis.com\/tunisie\/wp-content\/uploads\/2022\/05\/Kapitalis-big-size.png","width":5000,"height":1500,"caption":"Kapitalis"},"image":{"@id":"https:\/\/kapitalis.com\/tunisie\/#\/schema\/logo\/image\/"},"sameAs":["https:\/\/www.facebook.com\/KapitalisInfo\/","https:\/\/x.com\/KapitalisInfo","https:\/\/www.youtube.com\/channel\/UC-yDYrHyfFBWWZaOw3FPg9Q"]},{"@type":"Person","@id":"https:\/\/kapitalis.com\/tunisie\/#\/schema\/person\/d71f33a9ca44f7bad4698210b480c8e9","name":"webmaster kapitalis","url":"https:\/\/kapitalis.com\/tunisie\/author\/webmaster-kapitalis\/"}]}},"_links":{"self":[{"href":"https:\/\/kapitalis.com\/tunisie\/wp-json\/wp\/v2\/posts\/5821618","targetHints":{"allow":["GET"]}}],"collection":[{"href":"https:\/\/kapitalis.com\/tunisie\/wp-json\/wp\/v2\/posts"}],"about":[{"href":"https:\/\/kapitalis.com\/tunisie\/wp-json\/wp\/v2\/types\/post"}],"author":[{"embeddable":true,"href":"https:\/\/kapitalis.com\/tunisie\/wp-json\/wp\/v2\/users\/8"}],"replies":[{"embeddable":true,"href":"https:\/\/kapitalis.com\/tunisie\/wp-json\/wp\/v2\/comments?post=5821618"}],"version-history":[{"count":2,"href":"https:\/\/kapitalis.com\/tunisie\/wp-json\/wp\/v2\/posts\/5821618\/revisions"}],"predecessor-version":[{"id":5821746,"href":"https:\/\/kapitalis.com\/tunisie\/wp-json\/wp\/v2\/posts\/5821618\/revisions\/5821746"}],"wp:featuredmedia":[{"embeddable":true,"href":"https:\/\/kapitalis.com\/tunisie\/wp-json\/wp\/v2\/media\/5821734"}],"wp:attachment":[{"href":"https:\/\/kapitalis.com\/tunisie\/wp-json\/wp\/v2\/media?parent=5821618"}],"wp:term":[{"taxonomy":"category","embeddable":true,"href":"https:\/\/kapitalis.com\/tunisie\/wp-json\/wp\/v2\/categories?post=5821618"},{"taxonomy":"post_tag","embeddable":true,"href":"https:\/\/kapitalis.com\/tunisie\/wp-json\/wp\/v2\/tags?post=5821618"}],"curies":[{"name":"wp","href":"https:\/\/api.w.org\/{rel}","templated":true}]}}