{"id":5821823,"date":"2022-12-26T07:49:44","date_gmt":"2022-12-26T06:49:44","guid":{"rendered":"https:\/\/kapitalis.com\/tunisie\/?p=5821823"},"modified":"2022-12-26T07:49:45","modified_gmt":"2022-12-26T06:49:45","slug":"lutica-conduit-une-mission-daffaires-tunisienne-en-libye","status":"publish","type":"post","link":"https:\/\/kapitalis.com\/tunisie\/2022\/12\/26\/lutica-conduit-une-mission-daffaires-tunisienne-en-libye\/","title":{"rendered":"L\u2019Utica conduit une mission d\u2019affaires tunisienne en Libye"},"content":{"rendered":"\n<p><strong><em>Plusieurs hommes d\u2019affaires tunisiens et libyens, op\u00e9rant, notamment, dans le b\u00e2timent et les travaux publics ont tenu une s\u00e9ance de travail dimanche 25 d\u00e9cembre 2022 en Libye, a indiqu\u00e9 l\u2019Union tunisienne de l\u2019industrie, du commerce et de l\u2019artisanat (Utica).<\/em><\/strong><\/p>\n\n\n\n<!--more-->\n\n\n\n<p>Une importante d\u00e9l\u00e9gation de l\u2019organisation patronale tunisienne, conduite par son pr\u00e9sident Samir Majoul, est en visite en Libye du 24 au 30 d\u00e9cembre, co\u00efncidant avec la c\u00e9l\u00e9bration de l\u2019anniversaire de l\u2019ind\u00e9pendance de la Libye (24 d\u00e9cembre 1951).<\/p>\n\n\n\n<p>La d\u00e9l\u00e9gation comprend \u00e9galement de nombreux pr\u00e9sidents de f\u00e9d\u00e9rations nationales et des professionnels du secteur de la construction.<\/p>\n\n\n\n<p>La s\u00e9ance de travail, pr\u00e9sid\u00e9e par Majoul et le pr\u00e9sident de l\u2019Union g\u00e9n\u00e9rale des chambres d\u2019industrie et de commerce de Libye, Mhamed Abdelkerim Raidh, a port\u00e9 sur les opportunit\u00e9s de coop\u00e9ration dans la mise en \u0153uvre des projets de construction libyens.<\/p>\n\n\n\n<p>L\u2019accent a \u00e9t\u00e9 mis sur <em>\u00abl\u2019expertise des entreprises tunisiennes leur permettant de r\u00e9aliser ces projets\u00bb<\/em> dans le pays voisin qui est en pleine reconstruction et qui offre des opportunit\u00e9s aux entreprises tunisiennes.<\/p>\n\n\n\n<p>Les deux parties ont soulign\u00e9, \u00e0 cet \u00e9gard, la n\u00e9cessit\u00e9 d\u2019\u00e9tablir un cadre et de cr\u00e9er les conditions n\u00e9cessaires \u00e0 la r\u00e9ussite de ce partenariat.<\/p>\n\n\n\n<p>La d\u00e9l\u00e9gation tunisienne aura d\u2019autres entretiens avec des responsables libyens dans les domaines de l\u2019\u00e9conomie, des t\u00e9l\u00e9communications, du logement, de l\u2019\u00e9lectricit\u00e9 et du p\u00e9trole.<\/p>\n\n\n\n<p>Au programme \u00e9galement, la participation \u00e0 un forum \u00e9conomique tuniso-libyen, qui se tiendra le mercredi 28 d\u00e9cembre.<\/p>\n\n\n\n<p>Des rencontres d\u2019affaires et de partenariat entre chefs d\u2019entreprise tunisiens et libyens sont \u00e9galement pr\u00e9vues.<\/p>\n","protected":false},"excerpt":{"rendered":"<p>Une mission d\u2019affaires tunisienne en Libye se tient du 24 au 30 d\u00e9cembre 2022.<\/p>\n","protected":false},"author":8,"featured_media":5821855,"comment_status":"open","ping_status":"open","sticky":false,"template":"","format":"standard","meta":{"footnotes":""},"categories":[995,2433],"tags":[134,6030,544,105361,24287,62643,940],"class_list":["post-5821823","post","type-post","status-publish","format-standard","has-post-thumbnail","hentry","category-economie","category-tunisie","tag-batiment","tag-construction","tag-libye","tag-mhamed-abdelkerim-raidh","tag-samir-majoul","tag-tunisie","tag-utica"],"yoast_head":"<!-- This site is optimized with the Yoast SEO plugin v26.6 - https:\/\/yoast.com\/wordpress\/plugins\/seo\/ -->\n<title>L\u2019Utica conduit une mission d\u2019affaires tunisienne en Libye - Kapitalis<\/title>\n<meta name=\"robots\" content=\"index, follow, max-snippet:-1, max-image-preview:large, max-video-preview:-1\" \/>\n<link rel=\"canonical\" href=\"https:\/\/kapitalis.com\/tunisie\/2022\/12\/26\/lutica-conduit-une-mission-daffaires-tunisienne-en-libye\/\" \/>\n<meta property=\"og:locale\" content=\"fr_FR\" \/>\n<meta property=\"og:type\" content=\"article\" \/>\n<meta property=\"og:title\" content=\"L\u2019Utica conduit une mission d\u2019affaires tunisienne en Libye - Kapitalis\" \/>\n<meta property=\"og:description\" content=\"Une mission d\u2019affaires tunisienne en Libye se tient du 24 au 30 d\u00e9cembre 2022.\" \/>\n<meta property=\"og:url\" content=\"https:\/\/kapitalis.com\/tunisie\/2022\/12\/26\/lutica-conduit-une-mission-daffaires-tunisienne-en-libye\/\" \/>\n<meta property=\"og:site_name\" content=\"Kapitalis\" \/>\n<meta property=\"article:publisher\" content=\"https:\/\/www.facebook.com\/KapitalisInfo\/\" \/>\n<meta property=\"article:published_time\" content=\"2022-12-26T06:49:44+00:00\" \/>\n<meta property=\"article:modified_time\" content=\"2022-12-26T06:49:45+00:00\" \/>\n<meta property=\"og:image\" content=\"https:\/\/kapitalis.com\/tunisie\/wp-content\/uploads\/2022\/12\/Utica-Libye.jpg\" \/>\n\t<meta property=\"og:image:width\" content=\"1200\" \/>\n\t<meta property=\"og:image:height\" content=\"630\" \/>\n\t<meta property=\"og:image:type\" content=\"image\/jpeg\" \/>\n<meta name=\"author\" content=\"webmaster kapitalis\" \/>\n<meta name=\"twitter:card\" content=\"summary_large_image\" \/>\n<meta name=\"twitter:creator\" content=\"@KapitalisInfo\" \/>\n<meta name=\"twitter:site\" content=\"@KapitalisInfo\" \/>\n<meta name=\"twitter:label1\" content=\"\u00c9crit par\" \/>\n\t<meta name=\"twitter:data1\" content=\"webmaster kapitalis\" \/>\n\t<meta name=\"twitter:label2\" content=\"Dur\u00e9e de lecture estim\u00e9e\" \/>\n\t<meta name=\"twitter:data2\" content=\"2 minutes\" \/>\n<script type=\"application\/ld+json\" class=\"yoast-schema-graph\">{\"@context\":\"https:\/\/schema.org\",\"@graph\":[{\"@type\":\"Article\",\"@id\":\"https:\/\/kapitalis.com\/tunisie\/2022\/12\/26\/lutica-conduit-une-mission-daffaires-tunisienne-en-libye\/#article\",\"isPartOf\":{\"@id\":\"https:\/\/kapitalis.com\/tunisie\/2022\/12\/26\/lutica-conduit-une-mission-daffaires-tunisienne-en-libye\/\"},\"author\":{\"name\":\"webmaster kapitalis\",\"@id\":\"https:\/\/kapitalis.com\/tunisie\/#\/schema\/person\/d71f33a9ca44f7bad4698210b480c8e9\"},\"headline\":\"L\u2019Utica conduit une mission d\u2019affaires tunisienne en Libye\",\"datePublished\":\"2022-12-26T06:49:44+00:00\",\"dateModified\":\"2022-12-26T06:49:45+00:00\",\"mainEntityOfPage\":{\"@id\":\"https:\/\/kapitalis.com\/tunisie\/2022\/12\/26\/lutica-conduit-une-mission-daffaires-tunisienne-en-libye\/\"},\"wordCount\":304,\"commentCount\":1,\"publisher\":{\"@id\":\"https:\/\/kapitalis.com\/tunisie\/#organization\"},\"image\":{\"@id\":\"https:\/\/kapitalis.com\/tunisie\/2022\/12\/26\/lutica-conduit-une-mission-daffaires-tunisienne-en-libye\/#primaryimage\"},\"thumbnailUrl\":\"https:\/\/kapitalis.com\/tunisie\/wp-content\/uploads\/2022\/12\/Utica-Libye.jpg\",\"keywords\":[\"b\u00e2timent\",\"construction\",\"Libye\",\"Mhamed Abdelkerim Raidh\",\"Samir Majoul\",\"Tunisie\",\"Utica\"],\"articleSection\":[\"ECONOMIE\",\"Tunisie\"],\"inLanguage\":\"fr-FR\",\"potentialAction\":[{\"@type\":\"CommentAction\",\"name\":\"Comment\",\"target\":[\"https:\/\/kapitalis.com\/tunisie\/2022\/12\/26\/lutica-conduit-une-mission-daffaires-tunisienne-en-libye\/#respond\"]}]},{\"@type\":\"WebPage\",\"@id\":\"https:\/\/kapitalis.com\/tunisie\/2022\/12\/26\/lutica-conduit-une-mission-daffaires-tunisienne-en-libye\/\",\"url\":\"https:\/\/kapitalis.com\/tunisie\/2022\/12\/26\/lutica-conduit-une-mission-daffaires-tunisienne-en-libye\/\",\"name\":\"L\u2019Utica conduit une mission d\u2019affaires tunisienne en Libye - Kapitalis\",\"isPartOf\":{\"@id\":\"https:\/\/kapitalis.com\/tunisie\/#website\"},\"primaryImageOfPage\":{\"@id\":\"https:\/\/kapitalis.com\/tunisie\/2022\/12\/26\/lutica-conduit-une-mission-daffaires-tunisienne-en-libye\/#primaryimage\"},\"image\":{\"@id\":\"https:\/\/kapitalis.com\/tunisie\/2022\/12\/26\/lutica-conduit-une-mission-daffaires-tunisienne-en-libye\/#primaryimage\"},\"thumbnailUrl\":\"https:\/\/kapitalis.com\/tunisie\/wp-content\/uploads\/2022\/12\/Utica-Libye.jpg\",\"datePublished\":\"2022-12-26T06:49:44+00:00\",\"dateModified\":\"2022-12-26T06:49:45+00:00\",\"breadcrumb\":{\"@id\":\"https:\/\/kapitalis.com\/tunisie\/2022\/12\/26\/lutica-conduit-une-mission-daffaires-tunisienne-en-libye\/#breadcrumb\"},\"inLanguage\":\"fr-FR\",\"potentialAction\":[{\"@type\":\"ReadAction\",\"target\":[\"https:\/\/kapitalis.com\/tunisie\/2022\/12\/26\/lutica-conduit-une-mission-daffaires-tunisienne-en-libye\/\"]}]},{\"@type\":\"ImageObject\",\"inLanguage\":\"fr-FR\",\"@id\":\"https:\/\/kapitalis.com\/tunisie\/2022\/12\/26\/lutica-conduit-une-mission-daffaires-tunisienne-en-libye\/#primaryimage\",\"url\":\"https:\/\/kapitalis.com\/tunisie\/wp-content\/uploads\/2022\/12\/Utica-Libye.jpg\",\"contentUrl\":\"https:\/\/kapitalis.com\/tunisie\/wp-content\/uploads\/2022\/12\/Utica-Libye.jpg\",\"width\":1200,\"height\":630},{\"@type\":\"BreadcrumbList\",\"@id\":\"https:\/\/kapitalis.com\/tunisie\/2022\/12\/26\/lutica-conduit-une-mission-daffaires-tunisienne-en-libye\/#breadcrumb\",\"itemListElement\":[{\"@type\":\"ListItem\",\"position\":1,\"name\":\"Accueil\",\"item\":\"https:\/\/kapitalis.com\/tunisie\/\"},{\"@type\":\"ListItem\",\"position\":2,\"name\":\"L\u2019Utica conduit une mission d\u2019affaires tunisienne en Libye\"}]},{\"@type\":\"WebSite\",\"@id\":\"https:\/\/kapitalis.com\/tunisie\/#website\",\"url\":\"https:\/\/kapitalis.com\/tunisie\/\",\"name\":\"Kapitalis\",\"description\":\"L&#039;actualit\u00e9 en Tunisie et dans le monde\",\"publisher\":{\"@id\":\"https:\/\/kapitalis.com\/tunisie\/#organization\"},\"potentialAction\":[{\"@type\":\"SearchAction\",\"target\":{\"@type\":\"EntryPoint\",\"urlTemplate\":\"https:\/\/kapitalis.com\/tunisie\/?s={search_term_string}\"},\"query-input\":{\"@type\":\"PropertyValueSpecification\",\"valueRequired\":true,\"valueName\":\"search_term_string\"}}],\"inLanguage\":\"fr-FR\"},{\"@type\":\"Organization\",\"@id\":\"https:\/\/kapitalis.com\/tunisie\/#organization\",\"name\":\"Kapitalis\",\"url\":\"https:\/\/kapitalis.com\/tunisie\/\",\"logo\":{\"@type\":\"ImageObject\",\"inLanguage\":\"fr-FR\",\"@id\":\"https:\/\/kapitalis.com\/tunisie\/#\/schema\/logo\/image\/\",\"url\":\"https:\/\/kapitalis.com\/tunisie\/wp-content\/uploads\/2022\/05\/Kapitalis-big-size.png\",\"contentUrl\":\"https:\/\/kapitalis.com\/tunisie\/wp-content\/uploads\/2022\/05\/Kapitalis-big-size.png\",\"width\":5000,\"height\":1500,\"caption\":\"Kapitalis\"},\"image\":{\"@id\":\"https:\/\/kapitalis.com\/tunisie\/#\/schema\/logo\/image\/\"},\"sameAs\":[\"https:\/\/www.facebook.com\/KapitalisInfo\/\",\"https:\/\/x.com\/KapitalisInfo\",\"https:\/\/www.youtube.com\/channel\/UC-yDYrHyfFBWWZaOw3FPg9Q\"]},{\"@type\":\"Person\",\"@id\":\"https:\/\/kapitalis.com\/tunisie\/#\/schema\/person\/d71f33a9ca44f7bad4698210b480c8e9\",\"name\":\"webmaster kapitalis\",\"url\":\"https:\/\/kapitalis.com\/tunisie\/author\/webmaster-kapitalis\/\"}]}<\/script>\n<!-- \/ Yoast SEO plugin. -->","yoast_head_json":{"title":"L\u2019Utica conduit une mission d\u2019affaires tunisienne en Libye - Kapitalis","robots":{"index":"index","follow":"follow","max-snippet":"max-snippet:-1","max-image-preview":"max-image-preview:large","max-video-preview":"max-video-preview:-1"},"canonical":"https:\/\/kapitalis.com\/tunisie\/2022\/12\/26\/lutica-conduit-une-mission-daffaires-tunisienne-en-libye\/","og_locale":"fr_FR","og_type":"article","og_title":"L\u2019Utica conduit une mission d\u2019affaires tunisienne en Libye - Kapitalis","og_description":"Une mission d\u2019affaires tunisienne en Libye se tient du 24 au 30 d\u00e9cembre 2022.","og_url":"https:\/\/kapitalis.com\/tunisie\/2022\/12\/26\/lutica-conduit-une-mission-daffaires-tunisienne-en-libye\/","og_site_name":"Kapitalis","article_publisher":"https:\/\/www.facebook.com\/KapitalisInfo\/","article_published_time":"2022-12-26T06:49:44+00:00","article_modified_time":"2022-12-26T06:49:45+00:00","og_image":[{"width":1200,"height":630,"url":"https:\/\/kapitalis.com\/tunisie\/wp-content\/uploads\/2022\/12\/Utica-Libye.jpg","type":"image\/jpeg"}],"author":"webmaster kapitalis","twitter_card":"summary_large_image","twitter_creator":"@KapitalisInfo","twitter_site":"@KapitalisInfo","twitter_misc":{"\u00c9crit par":"webmaster kapitalis","Dur\u00e9e de lecture estim\u00e9e":"2 minutes"},"schema":{"@context":"https:\/\/schema.org","@graph":[{"@type":"Article","@id":"https:\/\/kapitalis.com\/tunisie\/2022\/12\/26\/lutica-conduit-une-mission-daffaires-tunisienne-en-libye\/#article","isPartOf":{"@id":"https:\/\/kapitalis.com\/tunisie\/2022\/12\/26\/lutica-conduit-une-mission-daffaires-tunisienne-en-libye\/"},"author":{"name":"webmaster kapitalis","@id":"https:\/\/kapitalis.com\/tunisie\/#\/schema\/person\/d71f33a9ca44f7bad4698210b480c8e9"},"headline":"L\u2019Utica conduit une mission d\u2019affaires tunisienne en Libye","datePublished":"2022-12-26T06:49:44+00:00","dateModified":"2022-12-26T06:49:45+00:00","mainEntityOfPage":{"@id":"https:\/\/kapitalis.com\/tunisie\/2022\/12\/26\/lutica-conduit-une-mission-daffaires-tunisienne-en-libye\/"},"wordCount":304,"commentCount":1,"publisher":{"@id":"https:\/\/kapitalis.com\/tunisie\/#organization"},"image":{"@id":"https:\/\/kapitalis.com\/tunisie\/2022\/12\/26\/lutica-conduit-une-mission-daffaires-tunisienne-en-libye\/#primaryimage"},"thumbnailUrl":"https:\/\/kapitalis.com\/tunisie\/wp-content\/uploads\/2022\/12\/Utica-Libye.jpg","keywords":["b\u00e2timent","construction","Libye","Mhamed Abdelkerim Raidh","Samir Majoul","Tunisie","Utica"],"articleSection":["ECONOMIE","Tunisie"],"inLanguage":"fr-FR","potentialAction":[{"@type":"CommentAction","name":"Comment","target":["https:\/\/kapitalis.com\/tunisie\/2022\/12\/26\/lutica-conduit-une-mission-daffaires-tunisienne-en-libye\/#respond"]}]},{"@type":"WebPage","@id":"https:\/\/kapitalis.com\/tunisie\/2022\/12\/26\/lutica-conduit-une-mission-daffaires-tunisienne-en-libye\/","url":"https:\/\/kapitalis.com\/tunisie\/2022\/12\/26\/lutica-conduit-une-mission-daffaires-tunisienne-en-libye\/","name":"L\u2019Utica conduit une mission d\u2019affaires tunisienne en Libye - Kapitalis","isPartOf":{"@id":"https:\/\/kapitalis.com\/tunisie\/#website"},"primaryImageOfPage":{"@id":"https:\/\/kapitalis.com\/tunisie\/2022\/12\/26\/lutica-conduit-une-mission-daffaires-tunisienne-en-libye\/#primaryimage"},"image":{"@id":"https:\/\/kapitalis.com\/tunisie\/2022\/12\/26\/lutica-conduit-une-mission-daffaires-tunisienne-en-libye\/#primaryimage"},"thumbnailUrl":"https:\/\/kapitalis.com\/tunisie\/wp-content\/uploads\/2022\/12\/Utica-Libye.jpg","datePublished":"2022-12-26T06:49:44+00:00","dateModified":"2022-12-26T06:49:45+00:00","breadcrumb":{"@id":"https:\/\/kapitalis.com\/tunisie\/2022\/12\/26\/lutica-conduit-une-mission-daffaires-tunisienne-en-libye\/#breadcrumb"},"inLanguage":"fr-FR","potentialAction":[{"@type":"ReadAction","target":["https:\/\/kapitalis.com\/tunisie\/2022\/12\/26\/lutica-conduit-une-mission-daffaires-tunisienne-en-libye\/"]}]},{"@type":"ImageObject","inLanguage":"fr-FR","@id":"https:\/\/kapitalis.com\/tunisie\/2022\/12\/26\/lutica-conduit-une-mission-daffaires-tunisienne-en-libye\/#primaryimage","url":"https:\/\/kapitalis.com\/tunisie\/wp-content\/uploads\/2022\/12\/Utica-Libye.jpg","contentUrl":"https:\/\/kapitalis.com\/tunisie\/wp-content\/uploads\/2022\/12\/Utica-Libye.jpg","width":1200,"height":630},{"@type":"BreadcrumbList","@id":"https:\/\/kapitalis.com\/tunisie\/2022\/12\/26\/lutica-conduit-une-mission-daffaires-tunisienne-en-libye\/#breadcrumb","itemListElement":[{"@type":"ListItem","position":1,"name":"Accueil","item":"https:\/\/kapitalis.com\/tunisie\/"},{"@type":"ListItem","position":2,"name":"L\u2019Utica conduit une mission d\u2019affaires tunisienne en Libye"}]},{"@type":"WebSite","@id":"https:\/\/kapitalis.com\/tunisie\/#website","url":"https:\/\/kapitalis.com\/tunisie\/","name":"Kapitalis","description":"L&#039;actualit\u00e9 en Tunisie et dans le monde","publisher":{"@id":"https:\/\/kapitalis.com\/tunisie\/#organization"},"potentialAction":[{"@type":"SearchAction","target":{"@type":"EntryPoint","urlTemplate":"https:\/\/kapitalis.com\/tunisie\/?s={search_term_string}"},"query-input":{"@type":"PropertyValueSpecification","valueRequired":true,"valueName":"search_term_string"}}],"inLanguage":"fr-FR"},{"@type":"Organization","@id":"https:\/\/kapitalis.com\/tunisie\/#organization","name":"Kapitalis","url":"https:\/\/kapitalis.com\/tunisie\/","logo":{"@type":"ImageObject","inLanguage":"fr-FR","@id":"https:\/\/kapitalis.com\/tunisie\/#\/schema\/logo\/image\/","url":"https:\/\/kapitalis.com\/tunisie\/wp-content\/uploads\/2022\/05\/Kapitalis-big-size.png","contentUrl":"https:\/\/kapitalis.com\/tunisie\/wp-content\/uploads\/2022\/05\/Kapitalis-big-size.png","width":5000,"height":1500,"caption":"Kapitalis"},"image":{"@id":"https:\/\/kapitalis.com\/tunisie\/#\/schema\/logo\/image\/"},"sameAs":["https:\/\/www.facebook.com\/KapitalisInfo\/","https:\/\/x.com\/KapitalisInfo","https:\/\/www.youtube.com\/channel\/UC-yDYrHyfFBWWZaOw3FPg9Q"]},{"@type":"Person","@id":"https:\/\/kapitalis.com\/tunisie\/#\/schema\/person\/d71f33a9ca44f7bad4698210b480c8e9","name":"webmaster kapitalis","url":"https:\/\/kapitalis.com\/tunisie\/author\/webmaster-kapitalis\/"}]}},"_links":{"self":[{"href":"https:\/\/kapitalis.com\/tunisie\/wp-json\/wp\/v2\/posts\/5821823","targetHints":{"allow":["GET"]}}],"collection":[{"href":"https:\/\/kapitalis.com\/tunisie\/wp-json\/wp\/v2\/posts"}],"about":[{"href":"https:\/\/kapitalis.com\/tunisie\/wp-json\/wp\/v2\/types\/post"}],"author":[{"embeddable":true,"href":"https:\/\/kapitalis.com\/tunisie\/wp-json\/wp\/v2\/users\/8"}],"replies":[{"embeddable":true,"href":"https:\/\/kapitalis.com\/tunisie\/wp-json\/wp\/v2\/comments?post=5821823"}],"version-history":[{"count":1,"href":"https:\/\/kapitalis.com\/tunisie\/wp-json\/wp\/v2\/posts\/5821823\/revisions"}],"predecessor-version":[{"id":5821857,"href":"https:\/\/kapitalis.com\/tunisie\/wp-json\/wp\/v2\/posts\/5821823\/revisions\/5821857"}],"wp:featuredmedia":[{"embeddable":true,"href":"https:\/\/kapitalis.com\/tunisie\/wp-json\/wp\/v2\/media\/5821855"}],"wp:attachment":[{"href":"https:\/\/kapitalis.com\/tunisie\/wp-json\/wp\/v2\/media?parent=5821823"}],"wp:term":[{"taxonomy":"category","embeddable":true,"href":"https:\/\/kapitalis.com\/tunisie\/wp-json\/wp\/v2\/categories?post=5821823"},{"taxonomy":"post_tag","embeddable":true,"href":"https:\/\/kapitalis.com\/tunisie\/wp-json\/wp\/v2\/tags?post=5821823"}],"curies":[{"name":"wp","href":"https:\/\/api.w.org\/{rel}","templated":true}]}}