{"id":5845844,"date":"2022-12-28T13:29:57","date_gmt":"2022-12-28T12:29:57","guid":{"rendered":"https:\/\/kapitalis.com\/tunisie\/?p=5845844"},"modified":"2022-12-28T13:29:59","modified_gmt":"2022-12-28T12:29:59","slug":"tunisie-le-president-saied-ne-sest-engage-a-rien-bassam-trifi","status":"publish","type":"post","link":"https:\/\/kapitalis.com\/tunisie\/2022\/12\/28\/tunisie-le-president-saied-ne-sest-engage-a-rien-bassam-trifi\/","title":{"rendered":"Tunisie\u00a0: \u00abLe pr\u00e9sident Sa\u00efed ne s\u2019est engag\u00e9 \u00e0 rien\u00bb (Bassam Trifi)"},"content":{"rendered":"\n<p><strong><em>Selon Bassem Trifi, le pr\u00e9sident Ka\u00efs Sa\u00efed a \u00abinteragi positivement\u00bb avec lui lors de leur r\u00e9cente rencontre concernant un certain nombre de questions, <strong><em>\u00ab<\/em><\/strong>mais sans leur  apporter des r\u00e9ponses\u00bb.<\/em><\/strong><\/p>\n\n\n\n<!--more-->\n\n\n\n<p>Le pr\u00e9sident de la Ligue tunisienne pour la d\u00e9fense des droits de l\u2019homme (LTDH), qui avait \u00e9t\u00e9 re\u00e7u, le 23 d\u00e9cembre 2022, au Palais de Carthage, a r\u00e9v\u00e9l\u00e9 que la rencontre avec le pr\u00e9sident de la r\u00e9publique a d\u00e9pass\u00e9 les simples f\u00e9licitations pour son \u00e9lection \u00e0 la pr\u00e9sidence de la LTDH, ajoutant que <em>\u00able pr\u00e9sident a \u00e9t\u00e9 r\u00e9ceptif et \u00e0 l\u2019\u00e9coute pendant la rencontre, mais il n\u2019a pas eu de r\u00e9ponse \u00e0 beaucoup des questions qui ont \u00e9t\u00e9 soulev\u00e9es\u00bb<\/em><\/p>\n\n\n\n<p>Me Trifi, qui intervenait ce mercredi 28 d\u00e9cembre par t\u00e9l\u00e9phone dans l\u2019\u00e9mission <a href=\"https:\/\/www.shemsfm.net\/ar\/%D8%A7%D9%84%D8%A3%D8%AE%D8%A8%D8%A7%D8%B1_%D8%B4%D9%85%D8%B3-%D8%A7%D9%84%D8%A7%D8%AE%D8%A8%D8%A7%D8%B1\/394441\/%D8%A7%D9%84%D8%B7%D8%B1%D9%8A%D9%81%D9%8A-%D8%A7%D9%84%D8%B1%D8%A6%D9%8A%D8%B3-%D8%AA%D9%81%D8%A7%D8%B9%D9%84-%D8%A5%D9%8A%D8%AC%D8%A7%D8%A8%D9%8A%D8%A7-%D9%85%D8%B9-%D8%B9%D8%AF%D8%AF-%D9%85%D9%86-%D8%A7%D9%84%D9%85%D9%88%D8%A7%D8%B6%D9%8A%D8%B9-%D8%AE%D9%84%D8%A7%D9%84-%D9%84%D9%82%D8%A7%D8%A6%D9%87-%D9%88%D9%84%D9%85-%D9%8A%D8%AA%D8%B9%D9%87%D8%AF-%D8%A8%D8%B4%D9%8A%D8%A6\" target=\"_blank\" rel=\"noreferrer noopener\">Studio Shems<\/a>, a affirm\u00e9 que le pr\u00e9sident de la r\u00e9publique ne s\u2019est engag\u00e9 \u00e0 rien, mais qu\u2019il \u00e9tait conscient de la situation et estimait que le pays ne pouvait pas avancer de cette fa\u00e7on, selon ses termes.<\/p>\n\n\n\n<p>Le pr\u00e9sident de la LTDH a aussi d\u00e9clar\u00e9 que <em>\u00able chef de l\u2019Etat n\u2019ignore pas que certaines choses ne doivent pas continuer comme ainsi\u00bb<\/em>.<\/p>\n\n\n\n<p>Qu\u2019en termes \u00e9l\u00e9gants,\u00a0ces choses-l\u00e0 sont dites\u00a0! <\/p>\n\n\n\n<p>Les questions \u00e9voqu\u00e9es par Me Trifi sont li\u00e9es \u00e0 la situation politique en Tunisie, aux d\u00e9passements commis par l\u2019institution s\u00e9curitaire ou par la commission \u00e9lectorale lors des derni\u00e8res l\u00e9gislatives, entre autres sujets que la LTDH a soulev\u00e9s dans ses derniers communiqu\u00e9s. Dans quel sens on peut dire que le pr\u00e9sident y a \u00e9t\u00e9 <em>\u00abr\u00e9ceptif\u00bb<\/em>, comme le dit Bassem Trifi, alors que, dans toutes ses interventions politiques, le pr\u00e9sident s\u2019est montr\u00e9 r\u00e9tif \u00e0 toute critique, se contentant de s\u2019attaquer \u00e0 ses opposants et \u00e0 tout ceux qui critiquent son pouvoir autocratique, s&rsquo;enfon\u00e7ant chaque jour un peu plus dans le d\u00e9ni des r\u00e9alit\u00e9s. <\/p>\n\n\n\n<p class=\"has-text-align-right\"><strong>I. B.<\/strong><\/p>\n\n\n\n<figure class=\"wp-block-embed is-type-wp-embed is-provider-kapitalis wp-block-embed-kapitalis\"><div class=\"wp-block-embed__wrapper\">\n<blockquote class=\"wp-embedded-content\" data-secret=\"VPCo0YfQIU\"><a href=\"https:\/\/kapitalis.com\/tunisie\/2022\/12\/12\/incertitude-politique-en-tunisie-la-ltdh-tire-la-sonnette-dalarme\/\">Incertitude politique en Tunisie\u00a0: la LTDH tire la sonnette d\u2019alarme \u00a0<\/a><\/blockquote><iframe loading=\"lazy\" class=\"wp-embedded-content\" sandbox=\"allow-scripts\" security=\"restricted\" style=\"position: absolute; clip: rect(1px, 1px, 1px, 1px);\" title=\"\u00ab\u00a0Incertitude politique en Tunisie\u00a0: la LTDH tire la sonnette d\u2019alarme \u00a0\u00a0\u00bb &#8212; Kapitalis\" src=\"https:\/\/kapitalis.com\/tunisie\/2022\/12\/12\/incertitude-politique-en-tunisie-la-ltdh-tire-la-sonnette-dalarme\/embed\/#?secret=kxoiNNkmOT#?secret=VPCo0YfQIU\" data-secret=\"VPCo0YfQIU\" width=\"600\" height=\"338\" frameborder=\"0\" marginwidth=\"0\" marginheight=\"0\" scrolling=\"no\"><\/iframe>\n<\/div><\/figure>\n","protected":false},"excerpt":{"rendered":"<p>Le pr\u00e9sident Sa\u00efed a \u00e9t\u00e9 r\u00e9ceptif, mais il n\u2019a pas eu de r\u00e9ponse aux questions soulev\u00e9es, affirme Bassem Trifi. <\/p>\n","protected":false},"author":8,"featured_media":5845894,"comment_status":"open","ping_status":"open","sticky":false,"template":"","format":"standard","meta":{"footnotes":""},"categories":[997,2433],"tags":[86755,76012,3137,62643],"class_list":["post-5845844","post","type-post","status-publish","format-standard","has-post-thumbnail","hentry","category-politique","category-tunisie","tag-bassem-trifi","tag-kais-saied-2","tag-ltdh","tag-tunisie"],"yoast_head":"<!-- This site is optimized with the Yoast SEO plugin v26.6 - https:\/\/yoast.com\/wordpress\/plugins\/seo\/ -->\n<title>Tunisie\u00a0: \u00abLe pr\u00e9sident Sa\u00efed ne s\u2019est engag\u00e9 \u00e0 rien\u00bb (Bassam Trifi) - Kapitalis<\/title>\n<meta name=\"robots\" content=\"index, follow, max-snippet:-1, max-image-preview:large, max-video-preview:-1\" \/>\n<link rel=\"canonical\" href=\"https:\/\/kapitalis.com\/tunisie\/2022\/12\/28\/tunisie-le-president-saied-ne-sest-engage-a-rien-bassam-trifi\/\" \/>\n<meta property=\"og:locale\" content=\"fr_FR\" \/>\n<meta property=\"og:type\" content=\"article\" \/>\n<meta property=\"og:title\" content=\"Tunisie\u00a0: \u00abLe pr\u00e9sident Sa\u00efed ne s\u2019est engag\u00e9 \u00e0 rien\u00bb (Bassam Trifi) - Kapitalis\" \/>\n<meta property=\"og:description\" content=\"Le pr\u00e9sident Sa\u00efed a \u00e9t\u00e9 r\u00e9ceptif, mais il n\u2019a pas eu de r\u00e9ponse aux questions soulev\u00e9es, affirme Bassem Trifi.\" \/>\n<meta property=\"og:url\" content=\"https:\/\/kapitalis.com\/tunisie\/2022\/12\/28\/tunisie-le-president-saied-ne-sest-engage-a-rien-bassam-trifi\/\" \/>\n<meta property=\"og:site_name\" content=\"Kapitalis\" \/>\n<meta property=\"article:publisher\" content=\"https:\/\/www.facebook.com\/KapitalisInfo\/\" \/>\n<meta property=\"article:published_time\" content=\"2022-12-28T12:29:57+00:00\" \/>\n<meta property=\"article:modified_time\" content=\"2022-12-28T12:29:59+00:00\" \/>\n<meta property=\"og:image\" content=\"https:\/\/kapitalis.com\/tunisie\/wp-content\/uploads\/2022\/12\/Bassem-Trifi-Kais-Saied.jpg\" \/>\n\t<meta property=\"og:image:width\" content=\"1200\" \/>\n\t<meta property=\"og:image:height\" content=\"630\" \/>\n\t<meta property=\"og:image:type\" content=\"image\/jpeg\" \/>\n<meta name=\"author\" content=\"webmaster kapitalis\" \/>\n<meta name=\"twitter:card\" content=\"summary_large_image\" \/>\n<meta name=\"twitter:creator\" content=\"@KapitalisInfo\" \/>\n<meta name=\"twitter:site\" content=\"@KapitalisInfo\" \/>\n<meta name=\"twitter:label1\" content=\"\u00c9crit par\" \/>\n\t<meta name=\"twitter:data1\" content=\"webmaster kapitalis\" \/>\n\t<meta name=\"twitter:label2\" content=\"Dur\u00e9e de lecture estim\u00e9e\" \/>\n\t<meta name=\"twitter:data2\" content=\"2 minutes\" \/>\n<script type=\"application\/ld+json\" class=\"yoast-schema-graph\">{\"@context\":\"https:\/\/schema.org\",\"@graph\":[{\"@type\":\"Article\",\"@id\":\"https:\/\/kapitalis.com\/tunisie\/2022\/12\/28\/tunisie-le-president-saied-ne-sest-engage-a-rien-bassam-trifi\/#article\",\"isPartOf\":{\"@id\":\"https:\/\/kapitalis.com\/tunisie\/2022\/12\/28\/tunisie-le-president-saied-ne-sest-engage-a-rien-bassam-trifi\/\"},\"author\":{\"name\":\"webmaster kapitalis\",\"@id\":\"https:\/\/kapitalis.com\/tunisie\/#\/schema\/person\/d71f33a9ca44f7bad4698210b480c8e9\"},\"headline\":\"Tunisie\u00a0: \u00abLe pr\u00e9sident Sa\u00efed ne s\u2019est engag\u00e9 \u00e0 rien\u00bb (Bassam Trifi)\",\"datePublished\":\"2022-12-28T12:29:57+00:00\",\"dateModified\":\"2022-12-28T12:29:59+00:00\",\"mainEntityOfPage\":{\"@id\":\"https:\/\/kapitalis.com\/tunisie\/2022\/12\/28\/tunisie-le-president-saied-ne-sest-engage-a-rien-bassam-trifi\/\"},\"wordCount\":355,\"commentCount\":1,\"publisher\":{\"@id\":\"https:\/\/kapitalis.com\/tunisie\/#organization\"},\"image\":{\"@id\":\"https:\/\/kapitalis.com\/tunisie\/2022\/12\/28\/tunisie-le-president-saied-ne-sest-engage-a-rien-bassam-trifi\/#primaryimage\"},\"thumbnailUrl\":\"https:\/\/kapitalis.com\/tunisie\/wp-content\/uploads\/2022\/12\/Bassem-Trifi-Kais-Saied.jpg\",\"keywords\":[\"Bassem Trifi\",\"Ka\u00efs Sa\u00efed\",\"LTDH\",\"Tunisie\"],\"articleSection\":[\"POLITIQUE\",\"Tunisie\"],\"inLanguage\":\"fr-FR\",\"potentialAction\":[{\"@type\":\"CommentAction\",\"name\":\"Comment\",\"target\":[\"https:\/\/kapitalis.com\/tunisie\/2022\/12\/28\/tunisie-le-president-saied-ne-sest-engage-a-rien-bassam-trifi\/#respond\"]}]},{\"@type\":\"WebPage\",\"@id\":\"https:\/\/kapitalis.com\/tunisie\/2022\/12\/28\/tunisie-le-president-saied-ne-sest-engage-a-rien-bassam-trifi\/\",\"url\":\"https:\/\/kapitalis.com\/tunisie\/2022\/12\/28\/tunisie-le-president-saied-ne-sest-engage-a-rien-bassam-trifi\/\",\"name\":\"Tunisie\u00a0: \u00abLe pr\u00e9sident Sa\u00efed ne s\u2019est engag\u00e9 \u00e0 rien\u00bb (Bassam Trifi) - Kapitalis\",\"isPartOf\":{\"@id\":\"https:\/\/kapitalis.com\/tunisie\/#website\"},\"primaryImageOfPage\":{\"@id\":\"https:\/\/kapitalis.com\/tunisie\/2022\/12\/28\/tunisie-le-president-saied-ne-sest-engage-a-rien-bassam-trifi\/#primaryimage\"},\"image\":{\"@id\":\"https:\/\/kapitalis.com\/tunisie\/2022\/12\/28\/tunisie-le-president-saied-ne-sest-engage-a-rien-bassam-trifi\/#primaryimage\"},\"thumbnailUrl\":\"https:\/\/kapitalis.com\/tunisie\/wp-content\/uploads\/2022\/12\/Bassem-Trifi-Kais-Saied.jpg\",\"datePublished\":\"2022-12-28T12:29:57+00:00\",\"dateModified\":\"2022-12-28T12:29:59+00:00\",\"breadcrumb\":{\"@id\":\"https:\/\/kapitalis.com\/tunisie\/2022\/12\/28\/tunisie-le-president-saied-ne-sest-engage-a-rien-bassam-trifi\/#breadcrumb\"},\"inLanguage\":\"fr-FR\",\"potentialAction\":[{\"@type\":\"ReadAction\",\"target\":[\"https:\/\/kapitalis.com\/tunisie\/2022\/12\/28\/tunisie-le-president-saied-ne-sest-engage-a-rien-bassam-trifi\/\"]}]},{\"@type\":\"ImageObject\",\"inLanguage\":\"fr-FR\",\"@id\":\"https:\/\/kapitalis.com\/tunisie\/2022\/12\/28\/tunisie-le-president-saied-ne-sest-engage-a-rien-bassam-trifi\/#primaryimage\",\"url\":\"https:\/\/kapitalis.com\/tunisie\/wp-content\/uploads\/2022\/12\/Bassem-Trifi-Kais-Saied.jpg\",\"contentUrl\":\"https:\/\/kapitalis.com\/tunisie\/wp-content\/uploads\/2022\/12\/Bassem-Trifi-Kais-Saied.jpg\",\"width\":1200,\"height\":630},{\"@type\":\"BreadcrumbList\",\"@id\":\"https:\/\/kapitalis.com\/tunisie\/2022\/12\/28\/tunisie-le-president-saied-ne-sest-engage-a-rien-bassam-trifi\/#breadcrumb\",\"itemListElement\":[{\"@type\":\"ListItem\",\"position\":1,\"name\":\"Accueil\",\"item\":\"https:\/\/kapitalis.com\/tunisie\/\"},{\"@type\":\"ListItem\",\"position\":2,\"name\":\"Tunisie\u00a0: \u00abLe pr\u00e9sident Sa\u00efed ne s\u2019est engag\u00e9 \u00e0 rien\u00bb (Bassam Trifi)\"}]},{\"@type\":\"WebSite\",\"@id\":\"https:\/\/kapitalis.com\/tunisie\/#website\",\"url\":\"https:\/\/kapitalis.com\/tunisie\/\",\"name\":\"Kapitalis\",\"description\":\"L&#039;actualit\u00e9 en Tunisie et dans le monde\",\"publisher\":{\"@id\":\"https:\/\/kapitalis.com\/tunisie\/#organization\"},\"potentialAction\":[{\"@type\":\"SearchAction\",\"target\":{\"@type\":\"EntryPoint\",\"urlTemplate\":\"https:\/\/kapitalis.com\/tunisie\/?s={search_term_string}\"},\"query-input\":{\"@type\":\"PropertyValueSpecification\",\"valueRequired\":true,\"valueName\":\"search_term_string\"}}],\"inLanguage\":\"fr-FR\"},{\"@type\":\"Organization\",\"@id\":\"https:\/\/kapitalis.com\/tunisie\/#organization\",\"name\":\"Kapitalis\",\"url\":\"https:\/\/kapitalis.com\/tunisie\/\",\"logo\":{\"@type\":\"ImageObject\",\"inLanguage\":\"fr-FR\",\"@id\":\"https:\/\/kapitalis.com\/tunisie\/#\/schema\/logo\/image\/\",\"url\":\"https:\/\/kapitalis.com\/tunisie\/wp-content\/uploads\/2022\/05\/Kapitalis-big-size.png\",\"contentUrl\":\"https:\/\/kapitalis.com\/tunisie\/wp-content\/uploads\/2022\/05\/Kapitalis-big-size.png\",\"width\":5000,\"height\":1500,\"caption\":\"Kapitalis\"},\"image\":{\"@id\":\"https:\/\/kapitalis.com\/tunisie\/#\/schema\/logo\/image\/\"},\"sameAs\":[\"https:\/\/www.facebook.com\/KapitalisInfo\/\",\"https:\/\/x.com\/KapitalisInfo\",\"https:\/\/www.youtube.com\/channel\/UC-yDYrHyfFBWWZaOw3FPg9Q\"]},{\"@type\":\"Person\",\"@id\":\"https:\/\/kapitalis.com\/tunisie\/#\/schema\/person\/d71f33a9ca44f7bad4698210b480c8e9\",\"name\":\"webmaster kapitalis\",\"url\":\"https:\/\/kapitalis.com\/tunisie\/author\/webmaster-kapitalis\/\"}]}<\/script>\n<!-- \/ Yoast SEO plugin. -->","yoast_head_json":{"title":"Tunisie\u00a0: \u00abLe pr\u00e9sident Sa\u00efed ne s\u2019est engag\u00e9 \u00e0 rien\u00bb (Bassam Trifi) - Kapitalis","robots":{"index":"index","follow":"follow","max-snippet":"max-snippet:-1","max-image-preview":"max-image-preview:large","max-video-preview":"max-video-preview:-1"},"canonical":"https:\/\/kapitalis.com\/tunisie\/2022\/12\/28\/tunisie-le-president-saied-ne-sest-engage-a-rien-bassam-trifi\/","og_locale":"fr_FR","og_type":"article","og_title":"Tunisie\u00a0: \u00abLe pr\u00e9sident Sa\u00efed ne s\u2019est engag\u00e9 \u00e0 rien\u00bb (Bassam Trifi) - Kapitalis","og_description":"Le pr\u00e9sident Sa\u00efed a \u00e9t\u00e9 r\u00e9ceptif, mais il n\u2019a pas eu de r\u00e9ponse aux questions soulev\u00e9es, affirme Bassem Trifi.","og_url":"https:\/\/kapitalis.com\/tunisie\/2022\/12\/28\/tunisie-le-president-saied-ne-sest-engage-a-rien-bassam-trifi\/","og_site_name":"Kapitalis","article_publisher":"https:\/\/www.facebook.com\/KapitalisInfo\/","article_published_time":"2022-12-28T12:29:57+00:00","article_modified_time":"2022-12-28T12:29:59+00:00","og_image":[{"width":1200,"height":630,"url":"https:\/\/kapitalis.com\/tunisie\/wp-content\/uploads\/2022\/12\/Bassem-Trifi-Kais-Saied.jpg","type":"image\/jpeg"}],"author":"webmaster kapitalis","twitter_card":"summary_large_image","twitter_creator":"@KapitalisInfo","twitter_site":"@KapitalisInfo","twitter_misc":{"\u00c9crit par":"webmaster kapitalis","Dur\u00e9e de lecture estim\u00e9e":"2 minutes"},"schema":{"@context":"https:\/\/schema.org","@graph":[{"@type":"Article","@id":"https:\/\/kapitalis.com\/tunisie\/2022\/12\/28\/tunisie-le-president-saied-ne-sest-engage-a-rien-bassam-trifi\/#article","isPartOf":{"@id":"https:\/\/kapitalis.com\/tunisie\/2022\/12\/28\/tunisie-le-president-saied-ne-sest-engage-a-rien-bassam-trifi\/"},"author":{"name":"webmaster kapitalis","@id":"https:\/\/kapitalis.com\/tunisie\/#\/schema\/person\/d71f33a9ca44f7bad4698210b480c8e9"},"headline":"Tunisie\u00a0: \u00abLe pr\u00e9sident Sa\u00efed ne s\u2019est engag\u00e9 \u00e0 rien\u00bb (Bassam Trifi)","datePublished":"2022-12-28T12:29:57+00:00","dateModified":"2022-12-28T12:29:59+00:00","mainEntityOfPage":{"@id":"https:\/\/kapitalis.com\/tunisie\/2022\/12\/28\/tunisie-le-president-saied-ne-sest-engage-a-rien-bassam-trifi\/"},"wordCount":355,"commentCount":1,"publisher":{"@id":"https:\/\/kapitalis.com\/tunisie\/#organization"},"image":{"@id":"https:\/\/kapitalis.com\/tunisie\/2022\/12\/28\/tunisie-le-president-saied-ne-sest-engage-a-rien-bassam-trifi\/#primaryimage"},"thumbnailUrl":"https:\/\/kapitalis.com\/tunisie\/wp-content\/uploads\/2022\/12\/Bassem-Trifi-Kais-Saied.jpg","keywords":["Bassem Trifi","Ka\u00efs Sa\u00efed","LTDH","Tunisie"],"articleSection":["POLITIQUE","Tunisie"],"inLanguage":"fr-FR","potentialAction":[{"@type":"CommentAction","name":"Comment","target":["https:\/\/kapitalis.com\/tunisie\/2022\/12\/28\/tunisie-le-president-saied-ne-sest-engage-a-rien-bassam-trifi\/#respond"]}]},{"@type":"WebPage","@id":"https:\/\/kapitalis.com\/tunisie\/2022\/12\/28\/tunisie-le-president-saied-ne-sest-engage-a-rien-bassam-trifi\/","url":"https:\/\/kapitalis.com\/tunisie\/2022\/12\/28\/tunisie-le-president-saied-ne-sest-engage-a-rien-bassam-trifi\/","name":"Tunisie\u00a0: \u00abLe pr\u00e9sident Sa\u00efed ne s\u2019est engag\u00e9 \u00e0 rien\u00bb (Bassam Trifi) - Kapitalis","isPartOf":{"@id":"https:\/\/kapitalis.com\/tunisie\/#website"},"primaryImageOfPage":{"@id":"https:\/\/kapitalis.com\/tunisie\/2022\/12\/28\/tunisie-le-president-saied-ne-sest-engage-a-rien-bassam-trifi\/#primaryimage"},"image":{"@id":"https:\/\/kapitalis.com\/tunisie\/2022\/12\/28\/tunisie-le-president-saied-ne-sest-engage-a-rien-bassam-trifi\/#primaryimage"},"thumbnailUrl":"https:\/\/kapitalis.com\/tunisie\/wp-content\/uploads\/2022\/12\/Bassem-Trifi-Kais-Saied.jpg","datePublished":"2022-12-28T12:29:57+00:00","dateModified":"2022-12-28T12:29:59+00:00","breadcrumb":{"@id":"https:\/\/kapitalis.com\/tunisie\/2022\/12\/28\/tunisie-le-president-saied-ne-sest-engage-a-rien-bassam-trifi\/#breadcrumb"},"inLanguage":"fr-FR","potentialAction":[{"@type":"ReadAction","target":["https:\/\/kapitalis.com\/tunisie\/2022\/12\/28\/tunisie-le-president-saied-ne-sest-engage-a-rien-bassam-trifi\/"]}]},{"@type":"ImageObject","inLanguage":"fr-FR","@id":"https:\/\/kapitalis.com\/tunisie\/2022\/12\/28\/tunisie-le-president-saied-ne-sest-engage-a-rien-bassam-trifi\/#primaryimage","url":"https:\/\/kapitalis.com\/tunisie\/wp-content\/uploads\/2022\/12\/Bassem-Trifi-Kais-Saied.jpg","contentUrl":"https:\/\/kapitalis.com\/tunisie\/wp-content\/uploads\/2022\/12\/Bassem-Trifi-Kais-Saied.jpg","width":1200,"height":630},{"@type":"BreadcrumbList","@id":"https:\/\/kapitalis.com\/tunisie\/2022\/12\/28\/tunisie-le-president-saied-ne-sest-engage-a-rien-bassam-trifi\/#breadcrumb","itemListElement":[{"@type":"ListItem","position":1,"name":"Accueil","item":"https:\/\/kapitalis.com\/tunisie\/"},{"@type":"ListItem","position":2,"name":"Tunisie\u00a0: \u00abLe pr\u00e9sident Sa\u00efed ne s\u2019est engag\u00e9 \u00e0 rien\u00bb (Bassam Trifi)"}]},{"@type":"WebSite","@id":"https:\/\/kapitalis.com\/tunisie\/#website","url":"https:\/\/kapitalis.com\/tunisie\/","name":"Kapitalis","description":"L&#039;actualit\u00e9 en Tunisie et dans le monde","publisher":{"@id":"https:\/\/kapitalis.com\/tunisie\/#organization"},"potentialAction":[{"@type":"SearchAction","target":{"@type":"EntryPoint","urlTemplate":"https:\/\/kapitalis.com\/tunisie\/?s={search_term_string}"},"query-input":{"@type":"PropertyValueSpecification","valueRequired":true,"valueName":"search_term_string"}}],"inLanguage":"fr-FR"},{"@type":"Organization","@id":"https:\/\/kapitalis.com\/tunisie\/#organization","name":"Kapitalis","url":"https:\/\/kapitalis.com\/tunisie\/","logo":{"@type":"ImageObject","inLanguage":"fr-FR","@id":"https:\/\/kapitalis.com\/tunisie\/#\/schema\/logo\/image\/","url":"https:\/\/kapitalis.com\/tunisie\/wp-content\/uploads\/2022\/05\/Kapitalis-big-size.png","contentUrl":"https:\/\/kapitalis.com\/tunisie\/wp-content\/uploads\/2022\/05\/Kapitalis-big-size.png","width":5000,"height":1500,"caption":"Kapitalis"},"image":{"@id":"https:\/\/kapitalis.com\/tunisie\/#\/schema\/logo\/image\/"},"sameAs":["https:\/\/www.facebook.com\/KapitalisInfo\/","https:\/\/x.com\/KapitalisInfo","https:\/\/www.youtube.com\/channel\/UC-yDYrHyfFBWWZaOw3FPg9Q"]},{"@type":"Person","@id":"https:\/\/kapitalis.com\/tunisie\/#\/schema\/person\/d71f33a9ca44f7bad4698210b480c8e9","name":"webmaster kapitalis","url":"https:\/\/kapitalis.com\/tunisie\/author\/webmaster-kapitalis\/"}]}},"_links":{"self":[{"href":"https:\/\/kapitalis.com\/tunisie\/wp-json\/wp\/v2\/posts\/5845844","targetHints":{"allow":["GET"]}}],"collection":[{"href":"https:\/\/kapitalis.com\/tunisie\/wp-json\/wp\/v2\/posts"}],"about":[{"href":"https:\/\/kapitalis.com\/tunisie\/wp-json\/wp\/v2\/types\/post"}],"author":[{"embeddable":true,"href":"https:\/\/kapitalis.com\/tunisie\/wp-json\/wp\/v2\/users\/8"}],"replies":[{"embeddable":true,"href":"https:\/\/kapitalis.com\/tunisie\/wp-json\/wp\/v2\/comments?post=5845844"}],"version-history":[{"count":1,"href":"https:\/\/kapitalis.com\/tunisie\/wp-json\/wp\/v2\/posts\/5845844\/revisions"}],"predecessor-version":[{"id":5845910,"href":"https:\/\/kapitalis.com\/tunisie\/wp-json\/wp\/v2\/posts\/5845844\/revisions\/5845910"}],"wp:featuredmedia":[{"embeddable":true,"href":"https:\/\/kapitalis.com\/tunisie\/wp-json\/wp\/v2\/media\/5845894"}],"wp:attachment":[{"href":"https:\/\/kapitalis.com\/tunisie\/wp-json\/wp\/v2\/media?parent=5845844"}],"wp:term":[{"taxonomy":"category","embeddable":true,"href":"https:\/\/kapitalis.com\/tunisie\/wp-json\/wp\/v2\/categories?post=5845844"},{"taxonomy":"post_tag","embeddable":true,"href":"https:\/\/kapitalis.com\/tunisie\/wp-json\/wp\/v2\/tags?post=5845844"}],"curies":[{"name":"wp","href":"https:\/\/api.w.org\/{rel}","templated":true}]}}