{"id":58474,"date":"2016-07-21T10:29:22","date_gmt":"2016-07-21T09:29:22","guid":{"rendered":"http:\/\/kapitalis.com\/tunisie\/?p=58474"},"modified":"2016-07-21T10:55:08","modified_gmt":"2016-07-21T09:55:08","slug":"le-controverse-juge-bechir-akremi-promu-procureur-la-republique","status":"publish","type":"post","link":"https:\/\/kapitalis.com\/tunisie\/2016\/07\/21\/le-controverse-juge-bechir-akremi-promu-procureur-la-republique\/","title":{"rendered":"Le controvers\u00e9 juge B\u00e9chir Akremi promu procureur de la r\u00e9publique"},"content":{"rendered":"<p style=\"text-align: center;\"><img loading=\"lazy\" decoding=\"async\" class=\"alignnone size-full wp-image-28308\" src=\"http:\/\/kapitalis.com\/tunisie\/wp-content\/uploads\/2015\/12\/Magistrats.jpg\" alt=\"Magistrats\" width=\"626\" height=\"380\" \/><\/p>\n<p style=\"text-align: left;\"><em><strong>Le juge Bechir Akremi a \u00e9t\u00e9 nomm\u00e9, hier, procureur de la r\u00e9publique, par une d\u00e9cision de l\u2019Instance provisoire de la justice judiciaire.<\/strong><\/em><\/p>\n<p style=\"text-align: left;\"><!--more--><\/p>\n<p style=\"text-align: left;\">Cette promotion du tr\u00e8s controvers\u00e9 juge d\u2019instruction du Bureau 13 aupr\u00e8s du tribunal de 1\u00e8re instance de Tunis, relevant du p\u00f4le judiciaire de lutte contre le terrorisme, a \u00e9t\u00e9 re\u00e7ue comme une douche froide dans les milieux politiques et la soci\u00e9t\u00e9 civile.<\/p>\n<p style=\"text-align: left;\">Au moment o\u00f9 l\u2019on s\u2019attendait \u00e0 des sanctions contre ce juge d\u2019instruction charg\u00e9 notamment de l\u2019affaire d\u2019assassinat du dirigeant de gauche Chokri Bela\u00efd et qui s\u2019est distingu\u00e9 par sa partialit\u00e9 dans le traitement des affaires li\u00e9s au terrorisme et par sa proximit\u00e9 avec les milieux islamistes, cette promotion a \u00e9t\u00e9 ressentie comme une volont\u00e9 de la part de la magistrature, dont l\u2019int\u00e9grit\u00e9 et la cr\u00e9dibilit\u00e9 sont souvent mises en doute, de s\u2019imposer comme un Etat dans l\u2019Etat.<\/p>\n<p style=\"text-align: left;\">La <em>\u00abr\u00e9publique des juges\u00bb<\/em> est-elle en marche en Tunisie, profitant de la fragilit\u00e9 d\u2019un syst\u00e8me d\u00e9mocratique qui tarde \u00e0 se mettre en place et \u00e0 se doter d\u2019institutions puissantes et durables ? La question est tout \u00e0 fait l\u00e9gitime.<\/p>\n<p style=\"text-align: left;\">L\u2019instance provisoire de la justice judiciaire a d\u00e9sign\u00e9, \u00e9galement, Ta\u00efeb Rached, inspecteur g\u00e9n\u00e9ral-adjoint, au poste de procureur g\u00e9n\u00e9ral aupr\u00e8s de la cour d\u2019appel de Tunis.<\/p>\n<p style=\"text-align: left;\">Dans son communiqu\u00e9 publi\u00e9 hier, l\u2019Instance a rappel\u00e9 qu\u2019une douzaine de candidats \u00e9taient en lice pour le poste vacant de procureur g\u00e9n\u00e9ral de la r\u00e9publique, dont deux n\u2019ont pas \u00e9t\u00e9 retenues car ne r\u00e9pondant pas aux crit\u00e8res exig\u00e9s pour le poste.<\/p>\n<p style=\"text-align: left;\">Pour le poste de procureur g\u00e9n\u00e9ral aupr\u00e8s de la cour d\u2019appel de Tunis, 4 juges ont pr\u00e9sent\u00e9 leur candidature, ajoute le communiqu\u00e9.<\/p>\n<p style=\"text-align: right;\"><strong>Z. A. <\/strong><\/p>\n","protected":false},"excerpt":{"rendered":"<p>Le juge Bechir Akremi a \u00e9t\u00e9 nomm\u00e9, hier, procureur de la r\u00e9publique, par une d\u00e9cision de l\u2019Instance provisoire de la justice judiciaire.<\/p>\n","protected":false},"author":8,"featured_media":0,"comment_status":"open","ping_status":"open","sticky":false,"template":"","format":"standard","meta":{"footnotes":""},"categories":[997,2433],"tags":[2744,12622,12182,2398],"class_list":["post-58474","post","type-post","status-publish","format-standard","hentry","category-politique","category-tunisie","tag-affaire","tag-bechir-akremi","tag-bureau-13","tag-procureur-de-la-republique"],"yoast_head":"<!-- This site is optimized with the Yoast SEO plugin v26.6 - https:\/\/yoast.com\/wordpress\/plugins\/seo\/ -->\n<title>Le controvers\u00e9 juge B\u00e9chir Akremi promu procureur de la r\u00e9publique - Kapitalis<\/title>\n<meta name=\"robots\" content=\"index, follow, max-snippet:-1, max-image-preview:large, max-video-preview:-1\" \/>\n<link rel=\"canonical\" href=\"https:\/\/kapitalis.com\/tunisie\/2016\/07\/21\/le-controverse-juge-bechir-akremi-promu-procureur-la-republique\/\" \/>\n<meta property=\"og:locale\" content=\"fr_FR\" \/>\n<meta property=\"og:type\" content=\"article\" \/>\n<meta property=\"og:title\" content=\"Le controvers\u00e9 juge B\u00e9chir Akremi promu procureur de la r\u00e9publique - Kapitalis\" \/>\n<meta property=\"og:description\" content=\"Le juge Bechir Akremi a \u00e9t\u00e9 nomm\u00e9, hier, procureur de la r\u00e9publique, par une d\u00e9cision de l\u2019Instance provisoire de la justice judiciaire.\" \/>\n<meta property=\"og:url\" content=\"https:\/\/kapitalis.com\/tunisie\/2016\/07\/21\/le-controverse-juge-bechir-akremi-promu-procureur-la-republique\/\" \/>\n<meta property=\"og:site_name\" content=\"Kapitalis\" \/>\n<meta property=\"article:publisher\" content=\"https:\/\/www.facebook.com\/KapitalisInfo\/\" \/>\n<meta property=\"article:published_time\" content=\"2016-07-21T09:29:22+00:00\" \/>\n<meta property=\"article:modified_time\" content=\"2016-07-21T09:55:08+00:00\" \/>\n<meta property=\"og:image\" content=\"http:\/\/kapitalis.com\/tunisie\/wp-content\/uploads\/2015\/12\/Magistrats.jpg\" \/>\n<meta name=\"author\" content=\"webmaster kapitalis\" \/>\n<meta name=\"twitter:card\" content=\"summary_large_image\" \/>\n<meta name=\"twitter:creator\" content=\"@KapitalisInfo\" \/>\n<meta name=\"twitter:site\" content=\"@KapitalisInfo\" \/>\n<meta name=\"twitter:label1\" content=\"\u00c9crit par\" \/>\n\t<meta name=\"twitter:data1\" content=\"webmaster kapitalis\" \/>\n\t<meta name=\"twitter:label2\" content=\"Dur\u00e9e de lecture estim\u00e9e\" \/>\n\t<meta name=\"twitter:data2\" content=\"2 minutes\" \/>\n<script type=\"application\/ld+json\" class=\"yoast-schema-graph\">{\"@context\":\"https:\/\/schema.org\",\"@graph\":[{\"@type\":\"Article\",\"@id\":\"https:\/\/kapitalis.com\/tunisie\/2016\/07\/21\/le-controverse-juge-bechir-akremi-promu-procureur-la-republique\/#article\",\"isPartOf\":{\"@id\":\"https:\/\/kapitalis.com\/tunisie\/2016\/07\/21\/le-controverse-juge-bechir-akremi-promu-procureur-la-republique\/\"},\"author\":{\"name\":\"webmaster kapitalis\",\"@id\":\"https:\/\/kapitalis.com\/tunisie\/#\/schema\/person\/d71f33a9ca44f7bad4698210b480c8e9\"},\"headline\":\"Le controvers\u00e9 juge B\u00e9chir Akremi promu procureur de la r\u00e9publique\",\"datePublished\":\"2016-07-21T09:29:22+00:00\",\"dateModified\":\"2016-07-21T09:55:08+00:00\",\"mainEntityOfPage\":{\"@id\":\"https:\/\/kapitalis.com\/tunisie\/2016\/07\/21\/le-controverse-juge-bechir-akremi-promu-procureur-la-republique\/\"},\"wordCount\":326,\"commentCount\":4,\"publisher\":{\"@id\":\"https:\/\/kapitalis.com\/tunisie\/#organization\"},\"image\":{\"@id\":\"https:\/\/kapitalis.com\/tunisie\/2016\/07\/21\/le-controverse-juge-bechir-akremi-promu-procureur-la-republique\/#primaryimage\"},\"thumbnailUrl\":\"http:\/\/kapitalis.com\/tunisie\/wp-content\/uploads\/2015\/12\/Magistrats.jpg\",\"keywords\":[\"affaire\",\"B\u00e9chir Akremi\",\"Bureau 13\",\"procureur de la r\u00e9publique\"],\"articleSection\":[\"POLITIQUE\",\"Tunisie\"],\"inLanguage\":\"fr-FR\",\"potentialAction\":[{\"@type\":\"CommentAction\",\"name\":\"Comment\",\"target\":[\"https:\/\/kapitalis.com\/tunisie\/2016\/07\/21\/le-controverse-juge-bechir-akremi-promu-procureur-la-republique\/#respond\"]}]},{\"@type\":\"WebPage\",\"@id\":\"https:\/\/kapitalis.com\/tunisie\/2016\/07\/21\/le-controverse-juge-bechir-akremi-promu-procureur-la-republique\/\",\"url\":\"https:\/\/kapitalis.com\/tunisie\/2016\/07\/21\/le-controverse-juge-bechir-akremi-promu-procureur-la-republique\/\",\"name\":\"Le controvers\u00e9 juge B\u00e9chir Akremi promu procureur de la r\u00e9publique - Kapitalis\",\"isPartOf\":{\"@id\":\"https:\/\/kapitalis.com\/tunisie\/#website\"},\"primaryImageOfPage\":{\"@id\":\"https:\/\/kapitalis.com\/tunisie\/2016\/07\/21\/le-controverse-juge-bechir-akremi-promu-procureur-la-republique\/#primaryimage\"},\"image\":{\"@id\":\"https:\/\/kapitalis.com\/tunisie\/2016\/07\/21\/le-controverse-juge-bechir-akremi-promu-procureur-la-republique\/#primaryimage\"},\"thumbnailUrl\":\"http:\/\/kapitalis.com\/tunisie\/wp-content\/uploads\/2015\/12\/Magistrats.jpg\",\"datePublished\":\"2016-07-21T09:29:22+00:00\",\"dateModified\":\"2016-07-21T09:55:08+00:00\",\"breadcrumb\":{\"@id\":\"https:\/\/kapitalis.com\/tunisie\/2016\/07\/21\/le-controverse-juge-bechir-akremi-promu-procureur-la-republique\/#breadcrumb\"},\"inLanguage\":\"fr-FR\",\"potentialAction\":[{\"@type\":\"ReadAction\",\"target\":[\"https:\/\/kapitalis.com\/tunisie\/2016\/07\/21\/le-controverse-juge-bechir-akremi-promu-procureur-la-republique\/\"]}]},{\"@type\":\"ImageObject\",\"inLanguage\":\"fr-FR\",\"@id\":\"https:\/\/kapitalis.com\/tunisie\/2016\/07\/21\/le-controverse-juge-bechir-akremi-promu-procureur-la-republique\/#primaryimage\",\"url\":\"http:\/\/kapitalis.com\/tunisie\/wp-content\/uploads\/2015\/12\/Magistrats.jpg\",\"contentUrl\":\"http:\/\/kapitalis.com\/tunisie\/wp-content\/uploads\/2015\/12\/Magistrats.jpg\"},{\"@type\":\"BreadcrumbList\",\"@id\":\"https:\/\/kapitalis.com\/tunisie\/2016\/07\/21\/le-controverse-juge-bechir-akremi-promu-procureur-la-republique\/#breadcrumb\",\"itemListElement\":[{\"@type\":\"ListItem\",\"position\":1,\"name\":\"Accueil\",\"item\":\"https:\/\/kapitalis.com\/tunisie\/\"},{\"@type\":\"ListItem\",\"position\":2,\"name\":\"Le controvers\u00e9 juge B\u00e9chir Akremi promu procureur de la r\u00e9publique\"}]},{\"@type\":\"WebSite\",\"@id\":\"https:\/\/kapitalis.com\/tunisie\/#website\",\"url\":\"https:\/\/kapitalis.com\/tunisie\/\",\"name\":\"Kapitalis\",\"description\":\"L&#039;actualit\u00e9 en Tunisie et dans le monde\",\"publisher\":{\"@id\":\"https:\/\/kapitalis.com\/tunisie\/#organization\"},\"potentialAction\":[{\"@type\":\"SearchAction\",\"target\":{\"@type\":\"EntryPoint\",\"urlTemplate\":\"https:\/\/kapitalis.com\/tunisie\/?s={search_term_string}\"},\"query-input\":{\"@type\":\"PropertyValueSpecification\",\"valueRequired\":true,\"valueName\":\"search_term_string\"}}],\"inLanguage\":\"fr-FR\"},{\"@type\":\"Organization\",\"@id\":\"https:\/\/kapitalis.com\/tunisie\/#organization\",\"name\":\"Kapitalis\",\"url\":\"https:\/\/kapitalis.com\/tunisie\/\",\"logo\":{\"@type\":\"ImageObject\",\"inLanguage\":\"fr-FR\",\"@id\":\"https:\/\/kapitalis.com\/tunisie\/#\/schema\/logo\/image\/\",\"url\":\"https:\/\/kapitalis.com\/tunisie\/wp-content\/uploads\/2022\/05\/Kapitalis-big-size.png\",\"contentUrl\":\"https:\/\/kapitalis.com\/tunisie\/wp-content\/uploads\/2022\/05\/Kapitalis-big-size.png\",\"width\":5000,\"height\":1500,\"caption\":\"Kapitalis\"},\"image\":{\"@id\":\"https:\/\/kapitalis.com\/tunisie\/#\/schema\/logo\/image\/\"},\"sameAs\":[\"https:\/\/www.facebook.com\/KapitalisInfo\/\",\"https:\/\/x.com\/KapitalisInfo\",\"https:\/\/www.youtube.com\/channel\/UC-yDYrHyfFBWWZaOw3FPg9Q\"]},{\"@type\":\"Person\",\"@id\":\"https:\/\/kapitalis.com\/tunisie\/#\/schema\/person\/d71f33a9ca44f7bad4698210b480c8e9\",\"name\":\"webmaster kapitalis\",\"url\":\"https:\/\/kapitalis.com\/tunisie\/author\/webmaster-kapitalis\/\"}]}<\/script>\n<!-- \/ Yoast SEO plugin. -->","yoast_head_json":{"title":"Le controvers\u00e9 juge B\u00e9chir Akremi promu procureur de la r\u00e9publique - Kapitalis","robots":{"index":"index","follow":"follow","max-snippet":"max-snippet:-1","max-image-preview":"max-image-preview:large","max-video-preview":"max-video-preview:-1"},"canonical":"https:\/\/kapitalis.com\/tunisie\/2016\/07\/21\/le-controverse-juge-bechir-akremi-promu-procureur-la-republique\/","og_locale":"fr_FR","og_type":"article","og_title":"Le controvers\u00e9 juge B\u00e9chir Akremi promu procureur de la r\u00e9publique - Kapitalis","og_description":"Le juge Bechir Akremi a \u00e9t\u00e9 nomm\u00e9, hier, procureur de la r\u00e9publique, par une d\u00e9cision de l\u2019Instance provisoire de la justice judiciaire.","og_url":"https:\/\/kapitalis.com\/tunisie\/2016\/07\/21\/le-controverse-juge-bechir-akremi-promu-procureur-la-republique\/","og_site_name":"Kapitalis","article_publisher":"https:\/\/www.facebook.com\/KapitalisInfo\/","article_published_time":"2016-07-21T09:29:22+00:00","article_modified_time":"2016-07-21T09:55:08+00:00","og_image":[{"url":"http:\/\/kapitalis.com\/tunisie\/wp-content\/uploads\/2015\/12\/Magistrats.jpg","type":"","width":"","height":""}],"author":"webmaster kapitalis","twitter_card":"summary_large_image","twitter_creator":"@KapitalisInfo","twitter_site":"@KapitalisInfo","twitter_misc":{"\u00c9crit par":"webmaster kapitalis","Dur\u00e9e de lecture estim\u00e9e":"2 minutes"},"schema":{"@context":"https:\/\/schema.org","@graph":[{"@type":"Article","@id":"https:\/\/kapitalis.com\/tunisie\/2016\/07\/21\/le-controverse-juge-bechir-akremi-promu-procureur-la-republique\/#article","isPartOf":{"@id":"https:\/\/kapitalis.com\/tunisie\/2016\/07\/21\/le-controverse-juge-bechir-akremi-promu-procureur-la-republique\/"},"author":{"name":"webmaster kapitalis","@id":"https:\/\/kapitalis.com\/tunisie\/#\/schema\/person\/d71f33a9ca44f7bad4698210b480c8e9"},"headline":"Le controvers\u00e9 juge B\u00e9chir Akremi promu procureur de la r\u00e9publique","datePublished":"2016-07-21T09:29:22+00:00","dateModified":"2016-07-21T09:55:08+00:00","mainEntityOfPage":{"@id":"https:\/\/kapitalis.com\/tunisie\/2016\/07\/21\/le-controverse-juge-bechir-akremi-promu-procureur-la-republique\/"},"wordCount":326,"commentCount":4,"publisher":{"@id":"https:\/\/kapitalis.com\/tunisie\/#organization"},"image":{"@id":"https:\/\/kapitalis.com\/tunisie\/2016\/07\/21\/le-controverse-juge-bechir-akremi-promu-procureur-la-republique\/#primaryimage"},"thumbnailUrl":"http:\/\/kapitalis.com\/tunisie\/wp-content\/uploads\/2015\/12\/Magistrats.jpg","keywords":["affaire","B\u00e9chir Akremi","Bureau 13","procureur de la r\u00e9publique"],"articleSection":["POLITIQUE","Tunisie"],"inLanguage":"fr-FR","potentialAction":[{"@type":"CommentAction","name":"Comment","target":["https:\/\/kapitalis.com\/tunisie\/2016\/07\/21\/le-controverse-juge-bechir-akremi-promu-procureur-la-republique\/#respond"]}]},{"@type":"WebPage","@id":"https:\/\/kapitalis.com\/tunisie\/2016\/07\/21\/le-controverse-juge-bechir-akremi-promu-procureur-la-republique\/","url":"https:\/\/kapitalis.com\/tunisie\/2016\/07\/21\/le-controverse-juge-bechir-akremi-promu-procureur-la-republique\/","name":"Le controvers\u00e9 juge B\u00e9chir Akremi promu procureur de la r\u00e9publique - Kapitalis","isPartOf":{"@id":"https:\/\/kapitalis.com\/tunisie\/#website"},"primaryImageOfPage":{"@id":"https:\/\/kapitalis.com\/tunisie\/2016\/07\/21\/le-controverse-juge-bechir-akremi-promu-procureur-la-republique\/#primaryimage"},"image":{"@id":"https:\/\/kapitalis.com\/tunisie\/2016\/07\/21\/le-controverse-juge-bechir-akremi-promu-procureur-la-republique\/#primaryimage"},"thumbnailUrl":"http:\/\/kapitalis.com\/tunisie\/wp-content\/uploads\/2015\/12\/Magistrats.jpg","datePublished":"2016-07-21T09:29:22+00:00","dateModified":"2016-07-21T09:55:08+00:00","breadcrumb":{"@id":"https:\/\/kapitalis.com\/tunisie\/2016\/07\/21\/le-controverse-juge-bechir-akremi-promu-procureur-la-republique\/#breadcrumb"},"inLanguage":"fr-FR","potentialAction":[{"@type":"ReadAction","target":["https:\/\/kapitalis.com\/tunisie\/2016\/07\/21\/le-controverse-juge-bechir-akremi-promu-procureur-la-republique\/"]}]},{"@type":"ImageObject","inLanguage":"fr-FR","@id":"https:\/\/kapitalis.com\/tunisie\/2016\/07\/21\/le-controverse-juge-bechir-akremi-promu-procureur-la-republique\/#primaryimage","url":"http:\/\/kapitalis.com\/tunisie\/wp-content\/uploads\/2015\/12\/Magistrats.jpg","contentUrl":"http:\/\/kapitalis.com\/tunisie\/wp-content\/uploads\/2015\/12\/Magistrats.jpg"},{"@type":"BreadcrumbList","@id":"https:\/\/kapitalis.com\/tunisie\/2016\/07\/21\/le-controverse-juge-bechir-akremi-promu-procureur-la-republique\/#breadcrumb","itemListElement":[{"@type":"ListItem","position":1,"name":"Accueil","item":"https:\/\/kapitalis.com\/tunisie\/"},{"@type":"ListItem","position":2,"name":"Le controvers\u00e9 juge B\u00e9chir Akremi promu procureur de la r\u00e9publique"}]},{"@type":"WebSite","@id":"https:\/\/kapitalis.com\/tunisie\/#website","url":"https:\/\/kapitalis.com\/tunisie\/","name":"Kapitalis","description":"L&#039;actualit\u00e9 en Tunisie et dans le monde","publisher":{"@id":"https:\/\/kapitalis.com\/tunisie\/#organization"},"potentialAction":[{"@type":"SearchAction","target":{"@type":"EntryPoint","urlTemplate":"https:\/\/kapitalis.com\/tunisie\/?s={search_term_string}"},"query-input":{"@type":"PropertyValueSpecification","valueRequired":true,"valueName":"search_term_string"}}],"inLanguage":"fr-FR"},{"@type":"Organization","@id":"https:\/\/kapitalis.com\/tunisie\/#organization","name":"Kapitalis","url":"https:\/\/kapitalis.com\/tunisie\/","logo":{"@type":"ImageObject","inLanguage":"fr-FR","@id":"https:\/\/kapitalis.com\/tunisie\/#\/schema\/logo\/image\/","url":"https:\/\/kapitalis.com\/tunisie\/wp-content\/uploads\/2022\/05\/Kapitalis-big-size.png","contentUrl":"https:\/\/kapitalis.com\/tunisie\/wp-content\/uploads\/2022\/05\/Kapitalis-big-size.png","width":5000,"height":1500,"caption":"Kapitalis"},"image":{"@id":"https:\/\/kapitalis.com\/tunisie\/#\/schema\/logo\/image\/"},"sameAs":["https:\/\/www.facebook.com\/KapitalisInfo\/","https:\/\/x.com\/KapitalisInfo","https:\/\/www.youtube.com\/channel\/UC-yDYrHyfFBWWZaOw3FPg9Q"]},{"@type":"Person","@id":"https:\/\/kapitalis.com\/tunisie\/#\/schema\/person\/d71f33a9ca44f7bad4698210b480c8e9","name":"webmaster kapitalis","url":"https:\/\/kapitalis.com\/tunisie\/author\/webmaster-kapitalis\/"}]}},"_links":{"self":[{"href":"https:\/\/kapitalis.com\/tunisie\/wp-json\/wp\/v2\/posts\/58474","targetHints":{"allow":["GET"]}}],"collection":[{"href":"https:\/\/kapitalis.com\/tunisie\/wp-json\/wp\/v2\/posts"}],"about":[{"href":"https:\/\/kapitalis.com\/tunisie\/wp-json\/wp\/v2\/types\/post"}],"author":[{"embeddable":true,"href":"https:\/\/kapitalis.com\/tunisie\/wp-json\/wp\/v2\/users\/8"}],"replies":[{"embeddable":true,"href":"https:\/\/kapitalis.com\/tunisie\/wp-json\/wp\/v2\/comments?post=58474"}],"version-history":[{"count":0,"href":"https:\/\/kapitalis.com\/tunisie\/wp-json\/wp\/v2\/posts\/58474\/revisions"}],"wp:attachment":[{"href":"https:\/\/kapitalis.com\/tunisie\/wp-json\/wp\/v2\/media?parent=58474"}],"wp:term":[{"taxonomy":"category","embeddable":true,"href":"https:\/\/kapitalis.com\/tunisie\/wp-json\/wp\/v2\/categories?post=58474"},{"taxonomy":"post_tag","embeddable":true,"href":"https:\/\/kapitalis.com\/tunisie\/wp-json\/wp\/v2\/tags?post=58474"}],"curies":[{"name":"wp","href":"https:\/\/api.w.org\/{rel}","templated":true}]}}