{"id":5853708,"date":"2022-12-29T13:45:58","date_gmt":"2022-12-29T12:45:58","guid":{"rendered":"https:\/\/kapitalis.com\/tunisie\/?p=5853708"},"modified":"2022-12-29T13:47:00","modified_gmt":"2022-12-29T12:47:00","slug":"tunisie-le-discours-du-president-saied-est-dangereux-alerte-adel-ltifi","status":"publish","type":"post","link":"https:\/\/kapitalis.com\/tunisie\/2022\/12\/29\/tunisie-le-discours-du-president-saied-est-dangereux-alerte-adel-ltifi\/","title":{"rendered":"Tunisie : \u00abLe discours du pr\u00e9sident Sa\u00efed est dangereux !\u00bb, alerte Adel Ltifi"},"content":{"rendered":"\n<p><em><strong>Adel Ltifi s&rsquo;est exprim\u00e9 sur le discours du pr\u00e9sident Ka\u00efs Sa\u00efed prononc\u00e9 dans la soir\u00e9e du mercredi 28 d\u00e9cembre 2022, estimant qu<\/strong><\/em><strong><em>&lsquo;<\/em><\/strong><em><strong>il est dangereux et porte atteinte \u00e0 la libert\u00e9 d&rsquo;expression.<\/strong><\/em><\/p>\n\n\n\n<!--more-->\n\n\n\n<p>Pour l&rsquo;activiste politique, professeur universitaire et historien, le discours de Sa\u00efed vise aussi \u00e0 emp\u00eacher les citoyens d&rsquo;exprimer leur opinion sur son \u00e9chec et sur celui de son gouvernement : \u00ab<em>Il est de notre droit de vous critiquer et de dire que vous avez \u00e9chou\u00e9 car c&rsquo;est la v\u00e9rit\u00e9. Il est de notre droit d&rsquo;\u00e9valuer votre mandat et les choses que vous avez entreprises, qui d&rsquo;ailleurs, \u00e0 ce jour, n&rsquo;ont rien donn\u00e9 et donc de parler d&rsquo;un \u00e9chec politique. Vous n&rsquo;\u00eates pas capable d&rsquo;accepter la critique et avec de telles mani\u00e8res, vous repr\u00e9sentez d\u00e9sormais un danger pour la paix sociale !<\/em>\u00bb, a-t-il d\u00e9plor\u00e9.<\/p>\n\n\n\n<p>Dans sa vid\u00e9o, Adel Ltifi a \u00e9galement rappel\u00e9 que les citoyens et les forces politiques et civiles sont en mesure de parler de la situation du pays qui a empir\u00e9, tout en accusant le pr\u00e9sident de la r\u00e9publique de n&rsquo;avoir pas su trouver de solutions aux probl\u00e8mes pos\u00e9s, pis encore, d&rsquo;avoir approfondi la crise en Tunisie.<\/p>\n\n\n\n<p><em>\u00abIl est de notre droit de parler d&rsquo;un dialogue et de demander au gouvernement de d\u00e9missionner et de vous demandez, \u00e0 vous aussi, la m\u00eame chose ! Ce sont les ABC de la d\u00e9mocratie et toute personne a le droit de constater l\u2019\u00e9chec du pr\u00e9sident et lui demander de d\u00e9missionner\u2026\u00bb<\/em>, a encore lanc\u00e9 Ltifi, en ajoutant : <em>\u00abD&rsquo;ailleurs ceux qui vous soutiennent \u00e9voquent la d\u00e9mission du gouvernement pour vous couvrir et tout mettre sur le dos du gouvernement Bouden, qui s&rsquo;est malheureusement av\u00e9r\u00e9e une marionnette \u00e0 la place de la femme tunisienne que nous souhaitions voir au plus haut niveau\u00bb.<\/em><\/p>\n\n\n\n<p>Le fondateur du parti Takaddom a par ailleurs affirm\u00e9 que Ka\u00efs Sa\u00efed aime le pouvoir tout comme Rached Ghannouchi, le chef du parti islamiste Enanhdha, qui qualifiait lui aussi les critiques d&rsquo;atteinte \u00e0 l&rsquo;Etat et \u00e0 la l\u00e9gitimit\u00e9, a-t-il rappel\u00e9, en lan\u00e7ant: <em>\u00abFinalement vous r\u00e9p\u00e9tez le m\u00eame discours de ceux qui vous ont pr\u00e9c\u00e9d\u00e9\u2026 !\u00bb<\/em><\/p>\n\n\n\n<p>Pour Adel Ltifi, le discours prononc\u00e9 par Sa\u00efed porte clairement atteinte \u00e0 la libert\u00e9 d&rsquo;expression, celle pour laquelle les Tunisiens se sont battus et sacrifi\u00e9s, en rappelant que celle-ci n&rsquo;a rien \u00e0 voir avec quelconque atteinte \u00e0 l\u2019\u00c9tat ni au pr\u00e9sident, ni \u00e0 sa fonction. Il estime aussi que le chef de l\u2019\u00c9tat porte atteinte \u00e0 sa personne et \u00e0 sa fonction de pr\u00e9sident par ses propres d\u00e9clarations qui n&rsquo;ont rien \u00e0 voir avec la r\u00e9alit\u00e9 et qui disent une chose et son contraire, a-t-il encore d\u00e9plor\u00e9.<\/p>\n\n\n\n<p>M. Ltifi a \u00e9galement demand\u00e9 au pr\u00e9sident de se rendre \u00e0 l&rsquo;\u00e9vidence et d&rsquo;accepter la r\u00e9alit\u00e9, apr\u00e8s que la majorit\u00e9 du peuple tunisien n&rsquo;ait pas particip\u00e9 aux l\u00e9gislatives du 17 d\u00e9cembre (taux de participation, historiquement faible, de 11,22%). <\/p>\n\n\n\n<p>\u00ab<em>Ce pays est le n\u00f4tre et personne n&rsquo;a le droit de se l&rsquo;accaparer\u2026 Ni Rached Ghannouchi, ni Ka\u00efs Sa\u00efed, qui pour moi, sont devenus les causes de la crise et ferment l&rsquo;horizon devant le peuple tunisien. Il y a d&rsquo;autres forces d\u00e9mocratiques, des comp\u00e9tences honn\u00eates, int\u00e8gres et patriotes qui sont plus capables. En esp\u00e9rant un meilleur lendemain pour la Tunisie\u00bb,<\/em> a-t-il conclu.<\/p>\n\n\n\n<p>Rappelons que Sa\u00efed a organis\u00e9 une r\u00e9union, mercredi soir, avec la cheffe du gouvernement, les ministre de l\u2019Int\u00e9rieur, de la D\u00e9fense, de la Justice et des hauts cadres militaires et s\u00e9curitaires. Il a l&rsquo;occasion prononc\u00e9 un discours, \u00e9voquant ce qu&rsquo;il a qualifi\u00e9 de \u00ab<em>trahison, de d\u00e9nigrement et d\u2019insultes de l\u2019\u00c9tat et de ses symboles\u00bb,<\/em> tout en affirmant que cela est <em>\u00abinadmissible et que cela s&rsquo;apparente m\u00eame au complot contre l\u2019\u00c9tat\u00bb<\/em>\u2026<\/p>\n\n\n\n<p class=\"has-text-align-right\"><strong>Y. N.<\/strong><\/p>\n","protected":false},"excerpt":{"rendered":"<p>Il est du devoir de tout Tunisien de critiquer le pr\u00e9sident Sa\u00efed sans commettre un crime; <\/p>\n","protected":false},"author":6,"featured_media":5853920,"comment_status":"open","ping_status":"open","sticky":false,"template":"","format":"standard","meta":{"footnotes":""},"categories":[997,2433],"tags":[95622,105422,105423,12235,8698,2825,62643],"class_list":["post-5853708","post","type-post","status-publish","format-standard","has-post-thumbnail","hentry","category-politique","category-tunisie","tag-adel-ltifi","tag-dialoue","tag-echec-politique","tag-kais-saied","tag-liberte-dexpression","tag-menaces","tag-tunisie"],"yoast_head":"<!-- This site is optimized with the Yoast SEO plugin v26.6 - https:\/\/yoast.com\/wordpress\/plugins\/seo\/ -->\n<title>Tunisie : \u00abLe discours du pr\u00e9sident Sa\u00efed est dangereux !\u00bb, alerte Adel Ltifi - Kapitalis<\/title>\n<meta name=\"description\" content=\"L&#039;activiste politique, professeur universitaire et historien, Adel Ltifi qui a lanc\u00e9 en mars dernier, le projet politique \u00abTakaddom\u00bb (Progr\u00e8s), s&#039;est exprim\u00e9 sur le discours du pr\u00e9sident Ka\u00efs Sa\u00efed prononc\u00e9 dans la soir\u00e9e de ce mercredi 28 d\u00e9cembre 2022, estimant que celui-ci est dangereux et porte atteinte \u00e0 la libert\u00e9 d&#039;expression.\" \/>\n<meta name=\"robots\" content=\"index, follow, max-snippet:-1, max-image-preview:large, max-video-preview:-1\" \/>\n<link rel=\"canonical\" href=\"https:\/\/kapitalis.com\/tunisie\/2022\/12\/29\/tunisie-le-discours-du-president-saied-est-dangereux-alerte-adel-ltifi\/\" \/>\n<meta property=\"og:locale\" content=\"fr_FR\" \/>\n<meta property=\"og:type\" content=\"article\" \/>\n<meta property=\"og:title\" content=\"Tunisie : \u00abLe discours du pr\u00e9sident Sa\u00efed est dangereux !\u00bb, alerte Adel Ltifi - Kapitalis\" \/>\n<meta property=\"og:description\" content=\"L&#039;activiste politique, professeur universitaire et historien, Adel Ltifi qui a lanc\u00e9 en mars dernier, le projet politique \u00abTakaddom\u00bb (Progr\u00e8s), s&#039;est exprim\u00e9 sur le discours du pr\u00e9sident Ka\u00efs Sa\u00efed prononc\u00e9 dans la soir\u00e9e de ce mercredi 28 d\u00e9cembre 2022, estimant que celui-ci est dangereux et porte atteinte \u00e0 la libert\u00e9 d&#039;expression.\" \/>\n<meta property=\"og:url\" content=\"https:\/\/kapitalis.com\/tunisie\/2022\/12\/29\/tunisie-le-discours-du-president-saied-est-dangereux-alerte-adel-ltifi\/\" \/>\n<meta property=\"og:site_name\" content=\"Kapitalis\" \/>\n<meta property=\"article:publisher\" content=\"https:\/\/www.facebook.com\/KapitalisInfo\/\" \/>\n<meta property=\"article:published_time\" content=\"2022-12-29T12:45:58+00:00\" \/>\n<meta property=\"article:modified_time\" content=\"2022-12-29T12:47:00+00:00\" \/>\n<meta property=\"og:image\" content=\"https:\/\/kapitalis.com\/tunisie\/wp-content\/uploads\/2022\/12\/Adel-Ltifi-Kais-Saied.jpg\" \/>\n\t<meta property=\"og:image:width\" content=\"1200\" \/>\n\t<meta property=\"og:image:height\" content=\"630\" \/>\n\t<meta property=\"og:image:type\" content=\"image\/jpeg\" \/>\n<meta name=\"author\" content=\"Yusra NY\" \/>\n<meta name=\"twitter:card\" content=\"summary_large_image\" \/>\n<meta name=\"twitter:creator\" content=\"@KapitalisInfo\" \/>\n<meta name=\"twitter:site\" content=\"@KapitalisInfo\" \/>\n<meta name=\"twitter:label1\" content=\"\u00c9crit par\" \/>\n\t<meta name=\"twitter:data1\" content=\"Yusra NY\" \/>\n\t<meta name=\"twitter:label2\" content=\"Dur\u00e9e de lecture estim\u00e9e\" \/>\n\t<meta name=\"twitter:data2\" content=\"4 minutes\" \/>\n<script type=\"application\/ld+json\" class=\"yoast-schema-graph\">{\"@context\":\"https:\/\/schema.org\",\"@graph\":[{\"@type\":\"Article\",\"@id\":\"https:\/\/kapitalis.com\/tunisie\/2022\/12\/29\/tunisie-le-discours-du-president-saied-est-dangereux-alerte-adel-ltifi\/#article\",\"isPartOf\":{\"@id\":\"https:\/\/kapitalis.com\/tunisie\/2022\/12\/29\/tunisie-le-discours-du-president-saied-est-dangereux-alerte-adel-ltifi\/\"},\"author\":{\"name\":\"Yusra NY\",\"@id\":\"https:\/\/kapitalis.com\/tunisie\/#\/schema\/person\/74bbde0154d49d790a92aaeac5bc01d5\"},\"headline\":\"Tunisie : \u00abLe discours du pr\u00e9sident Sa\u00efed est dangereux !\u00bb, alerte Adel Ltifi\",\"datePublished\":\"2022-12-29T12:45:58+00:00\",\"dateModified\":\"2022-12-29T12:47:00+00:00\",\"mainEntityOfPage\":{\"@id\":\"https:\/\/kapitalis.com\/tunisie\/2022\/12\/29\/tunisie-le-discours-du-president-saied-est-dangereux-alerte-adel-ltifi\/\"},\"wordCount\":666,\"commentCount\":5,\"publisher\":{\"@id\":\"https:\/\/kapitalis.com\/tunisie\/#organization\"},\"image\":{\"@id\":\"https:\/\/kapitalis.com\/tunisie\/2022\/12\/29\/tunisie-le-discours-du-president-saied-est-dangereux-alerte-adel-ltifi\/#primaryimage\"},\"thumbnailUrl\":\"https:\/\/kapitalis.com\/tunisie\/wp-content\/uploads\/2022\/12\/Adel-Ltifi-Kais-Saied.jpg\",\"keywords\":[\"Adel Ltifi\",\"dialoue\",\"\u00e9chec politique\",\"Ka\u00efs Saied\",\"libert\u00e9 d'expression\",\"menaces\",\"Tunisie\"],\"articleSection\":[\"POLITIQUE\",\"Tunisie\"],\"inLanguage\":\"fr-FR\",\"potentialAction\":[{\"@type\":\"CommentAction\",\"name\":\"Comment\",\"target\":[\"https:\/\/kapitalis.com\/tunisie\/2022\/12\/29\/tunisie-le-discours-du-president-saied-est-dangereux-alerte-adel-ltifi\/#respond\"]}]},{\"@type\":\"WebPage\",\"@id\":\"https:\/\/kapitalis.com\/tunisie\/2022\/12\/29\/tunisie-le-discours-du-president-saied-est-dangereux-alerte-adel-ltifi\/\",\"url\":\"https:\/\/kapitalis.com\/tunisie\/2022\/12\/29\/tunisie-le-discours-du-president-saied-est-dangereux-alerte-adel-ltifi\/\",\"name\":\"Tunisie : \u00abLe discours du pr\u00e9sident Sa\u00efed est dangereux !\u00bb, alerte Adel Ltifi - Kapitalis\",\"isPartOf\":{\"@id\":\"https:\/\/kapitalis.com\/tunisie\/#website\"},\"primaryImageOfPage\":{\"@id\":\"https:\/\/kapitalis.com\/tunisie\/2022\/12\/29\/tunisie-le-discours-du-president-saied-est-dangereux-alerte-adel-ltifi\/#primaryimage\"},\"image\":{\"@id\":\"https:\/\/kapitalis.com\/tunisie\/2022\/12\/29\/tunisie-le-discours-du-president-saied-est-dangereux-alerte-adel-ltifi\/#primaryimage\"},\"thumbnailUrl\":\"https:\/\/kapitalis.com\/tunisie\/wp-content\/uploads\/2022\/12\/Adel-Ltifi-Kais-Saied.jpg\",\"datePublished\":\"2022-12-29T12:45:58+00:00\",\"dateModified\":\"2022-12-29T12:47:00+00:00\",\"description\":\"L'activiste politique, professeur universitaire et historien, Adel Ltifi qui a lanc\u00e9 en mars dernier, le projet politique \u00abTakaddom\u00bb (Progr\u00e8s), s'est exprim\u00e9 sur le discours du pr\u00e9sident Ka\u00efs Sa\u00efed prononc\u00e9 dans la soir\u00e9e de ce mercredi 28 d\u00e9cembre 2022, estimant que celui-ci est dangereux et porte atteinte \u00e0 la libert\u00e9 d'expression.\",\"breadcrumb\":{\"@id\":\"https:\/\/kapitalis.com\/tunisie\/2022\/12\/29\/tunisie-le-discours-du-president-saied-est-dangereux-alerte-adel-ltifi\/#breadcrumb\"},\"inLanguage\":\"fr-FR\",\"potentialAction\":[{\"@type\":\"ReadAction\",\"target\":[\"https:\/\/kapitalis.com\/tunisie\/2022\/12\/29\/tunisie-le-discours-du-president-saied-est-dangereux-alerte-adel-ltifi\/\"]}]},{\"@type\":\"ImageObject\",\"inLanguage\":\"fr-FR\",\"@id\":\"https:\/\/kapitalis.com\/tunisie\/2022\/12\/29\/tunisie-le-discours-du-president-saied-est-dangereux-alerte-adel-ltifi\/#primaryimage\",\"url\":\"https:\/\/kapitalis.com\/tunisie\/wp-content\/uploads\/2022\/12\/Adel-Ltifi-Kais-Saied.jpg\",\"contentUrl\":\"https:\/\/kapitalis.com\/tunisie\/wp-content\/uploads\/2022\/12\/Adel-Ltifi-Kais-Saied.jpg\",\"width\":1200,\"height\":630},{\"@type\":\"BreadcrumbList\",\"@id\":\"https:\/\/kapitalis.com\/tunisie\/2022\/12\/29\/tunisie-le-discours-du-president-saied-est-dangereux-alerte-adel-ltifi\/#breadcrumb\",\"itemListElement\":[{\"@type\":\"ListItem\",\"position\":1,\"name\":\"Accueil\",\"item\":\"https:\/\/kapitalis.com\/tunisie\/\"},{\"@type\":\"ListItem\",\"position\":2,\"name\":\"Tunisie : \u00abLe discours du pr\u00e9sident Sa\u00efed est dangereux !\u00bb, alerte Adel Ltifi\"}]},{\"@type\":\"WebSite\",\"@id\":\"https:\/\/kapitalis.com\/tunisie\/#website\",\"url\":\"https:\/\/kapitalis.com\/tunisie\/\",\"name\":\"Kapitalis\",\"description\":\"L&#039;actualit\u00e9 en Tunisie et dans le monde\",\"publisher\":{\"@id\":\"https:\/\/kapitalis.com\/tunisie\/#organization\"},\"potentialAction\":[{\"@type\":\"SearchAction\",\"target\":{\"@type\":\"EntryPoint\",\"urlTemplate\":\"https:\/\/kapitalis.com\/tunisie\/?s={search_term_string}\"},\"query-input\":{\"@type\":\"PropertyValueSpecification\",\"valueRequired\":true,\"valueName\":\"search_term_string\"}}],\"inLanguage\":\"fr-FR\"},{\"@type\":\"Organization\",\"@id\":\"https:\/\/kapitalis.com\/tunisie\/#organization\",\"name\":\"Kapitalis\",\"url\":\"https:\/\/kapitalis.com\/tunisie\/\",\"logo\":{\"@type\":\"ImageObject\",\"inLanguage\":\"fr-FR\",\"@id\":\"https:\/\/kapitalis.com\/tunisie\/#\/schema\/logo\/image\/\",\"url\":\"https:\/\/kapitalis.com\/tunisie\/wp-content\/uploads\/2022\/05\/Kapitalis-big-size.png\",\"contentUrl\":\"https:\/\/kapitalis.com\/tunisie\/wp-content\/uploads\/2022\/05\/Kapitalis-big-size.png\",\"width\":5000,\"height\":1500,\"caption\":\"Kapitalis\"},\"image\":{\"@id\":\"https:\/\/kapitalis.com\/tunisie\/#\/schema\/logo\/image\/\"},\"sameAs\":[\"https:\/\/www.facebook.com\/KapitalisInfo\/\",\"https:\/\/x.com\/KapitalisInfo\",\"https:\/\/www.youtube.com\/channel\/UC-yDYrHyfFBWWZaOw3FPg9Q\"]},{\"@type\":\"Person\",\"@id\":\"https:\/\/kapitalis.com\/tunisie\/#\/schema\/person\/74bbde0154d49d790a92aaeac5bc01d5\",\"name\":\"Yusra NY\",\"url\":\"https:\/\/kapitalis.com\/tunisie\/author\/yuza_adam\/\"}]}<\/script>\n<!-- \/ Yoast SEO plugin. -->","yoast_head_json":{"title":"Tunisie : \u00abLe discours du pr\u00e9sident Sa\u00efed est dangereux !\u00bb, alerte Adel Ltifi - Kapitalis","description":"L'activiste politique, professeur universitaire et historien, Adel Ltifi qui a lanc\u00e9 en mars dernier, le projet politique \u00abTakaddom\u00bb (Progr\u00e8s), s'est exprim\u00e9 sur le discours du pr\u00e9sident Ka\u00efs Sa\u00efed prononc\u00e9 dans la soir\u00e9e de ce mercredi 28 d\u00e9cembre 2022, estimant que celui-ci est dangereux et porte atteinte \u00e0 la libert\u00e9 d'expression.","robots":{"index":"index","follow":"follow","max-snippet":"max-snippet:-1","max-image-preview":"max-image-preview:large","max-video-preview":"max-video-preview:-1"},"canonical":"https:\/\/kapitalis.com\/tunisie\/2022\/12\/29\/tunisie-le-discours-du-president-saied-est-dangereux-alerte-adel-ltifi\/","og_locale":"fr_FR","og_type":"article","og_title":"Tunisie : \u00abLe discours du pr\u00e9sident Sa\u00efed est dangereux !\u00bb, alerte Adel Ltifi - Kapitalis","og_description":"L'activiste politique, professeur universitaire et historien, Adel Ltifi qui a lanc\u00e9 en mars dernier, le projet politique \u00abTakaddom\u00bb (Progr\u00e8s), s'est exprim\u00e9 sur le discours du pr\u00e9sident Ka\u00efs Sa\u00efed prononc\u00e9 dans la soir\u00e9e de ce mercredi 28 d\u00e9cembre 2022, estimant que celui-ci est dangereux et porte atteinte \u00e0 la libert\u00e9 d'expression.","og_url":"https:\/\/kapitalis.com\/tunisie\/2022\/12\/29\/tunisie-le-discours-du-president-saied-est-dangereux-alerte-adel-ltifi\/","og_site_name":"Kapitalis","article_publisher":"https:\/\/www.facebook.com\/KapitalisInfo\/","article_published_time":"2022-12-29T12:45:58+00:00","article_modified_time":"2022-12-29T12:47:00+00:00","og_image":[{"width":1200,"height":630,"url":"https:\/\/kapitalis.com\/tunisie\/wp-content\/uploads\/2022\/12\/Adel-Ltifi-Kais-Saied.jpg","type":"image\/jpeg"}],"author":"Yusra NY","twitter_card":"summary_large_image","twitter_creator":"@KapitalisInfo","twitter_site":"@KapitalisInfo","twitter_misc":{"\u00c9crit par":"Yusra NY","Dur\u00e9e de lecture estim\u00e9e":"4 minutes"},"schema":{"@context":"https:\/\/schema.org","@graph":[{"@type":"Article","@id":"https:\/\/kapitalis.com\/tunisie\/2022\/12\/29\/tunisie-le-discours-du-president-saied-est-dangereux-alerte-adel-ltifi\/#article","isPartOf":{"@id":"https:\/\/kapitalis.com\/tunisie\/2022\/12\/29\/tunisie-le-discours-du-president-saied-est-dangereux-alerte-adel-ltifi\/"},"author":{"name":"Yusra NY","@id":"https:\/\/kapitalis.com\/tunisie\/#\/schema\/person\/74bbde0154d49d790a92aaeac5bc01d5"},"headline":"Tunisie : \u00abLe discours du pr\u00e9sident Sa\u00efed est dangereux !\u00bb, alerte Adel Ltifi","datePublished":"2022-12-29T12:45:58+00:00","dateModified":"2022-12-29T12:47:00+00:00","mainEntityOfPage":{"@id":"https:\/\/kapitalis.com\/tunisie\/2022\/12\/29\/tunisie-le-discours-du-president-saied-est-dangereux-alerte-adel-ltifi\/"},"wordCount":666,"commentCount":5,"publisher":{"@id":"https:\/\/kapitalis.com\/tunisie\/#organization"},"image":{"@id":"https:\/\/kapitalis.com\/tunisie\/2022\/12\/29\/tunisie-le-discours-du-president-saied-est-dangereux-alerte-adel-ltifi\/#primaryimage"},"thumbnailUrl":"https:\/\/kapitalis.com\/tunisie\/wp-content\/uploads\/2022\/12\/Adel-Ltifi-Kais-Saied.jpg","keywords":["Adel Ltifi","dialoue","\u00e9chec politique","Ka\u00efs Saied","libert\u00e9 d'expression","menaces","Tunisie"],"articleSection":["POLITIQUE","Tunisie"],"inLanguage":"fr-FR","potentialAction":[{"@type":"CommentAction","name":"Comment","target":["https:\/\/kapitalis.com\/tunisie\/2022\/12\/29\/tunisie-le-discours-du-president-saied-est-dangereux-alerte-adel-ltifi\/#respond"]}]},{"@type":"WebPage","@id":"https:\/\/kapitalis.com\/tunisie\/2022\/12\/29\/tunisie-le-discours-du-president-saied-est-dangereux-alerte-adel-ltifi\/","url":"https:\/\/kapitalis.com\/tunisie\/2022\/12\/29\/tunisie-le-discours-du-president-saied-est-dangereux-alerte-adel-ltifi\/","name":"Tunisie : \u00abLe discours du pr\u00e9sident Sa\u00efed est dangereux !\u00bb, alerte Adel Ltifi - Kapitalis","isPartOf":{"@id":"https:\/\/kapitalis.com\/tunisie\/#website"},"primaryImageOfPage":{"@id":"https:\/\/kapitalis.com\/tunisie\/2022\/12\/29\/tunisie-le-discours-du-president-saied-est-dangereux-alerte-adel-ltifi\/#primaryimage"},"image":{"@id":"https:\/\/kapitalis.com\/tunisie\/2022\/12\/29\/tunisie-le-discours-du-president-saied-est-dangereux-alerte-adel-ltifi\/#primaryimage"},"thumbnailUrl":"https:\/\/kapitalis.com\/tunisie\/wp-content\/uploads\/2022\/12\/Adel-Ltifi-Kais-Saied.jpg","datePublished":"2022-12-29T12:45:58+00:00","dateModified":"2022-12-29T12:47:00+00:00","description":"L'activiste politique, professeur universitaire et historien, Adel Ltifi qui a lanc\u00e9 en mars dernier, le projet politique \u00abTakaddom\u00bb (Progr\u00e8s), s'est exprim\u00e9 sur le discours du pr\u00e9sident Ka\u00efs Sa\u00efed prononc\u00e9 dans la soir\u00e9e de ce mercredi 28 d\u00e9cembre 2022, estimant que celui-ci est dangereux et porte atteinte \u00e0 la libert\u00e9 d'expression.","breadcrumb":{"@id":"https:\/\/kapitalis.com\/tunisie\/2022\/12\/29\/tunisie-le-discours-du-president-saied-est-dangereux-alerte-adel-ltifi\/#breadcrumb"},"inLanguage":"fr-FR","potentialAction":[{"@type":"ReadAction","target":["https:\/\/kapitalis.com\/tunisie\/2022\/12\/29\/tunisie-le-discours-du-president-saied-est-dangereux-alerte-adel-ltifi\/"]}]},{"@type":"ImageObject","inLanguage":"fr-FR","@id":"https:\/\/kapitalis.com\/tunisie\/2022\/12\/29\/tunisie-le-discours-du-president-saied-est-dangereux-alerte-adel-ltifi\/#primaryimage","url":"https:\/\/kapitalis.com\/tunisie\/wp-content\/uploads\/2022\/12\/Adel-Ltifi-Kais-Saied.jpg","contentUrl":"https:\/\/kapitalis.com\/tunisie\/wp-content\/uploads\/2022\/12\/Adel-Ltifi-Kais-Saied.jpg","width":1200,"height":630},{"@type":"BreadcrumbList","@id":"https:\/\/kapitalis.com\/tunisie\/2022\/12\/29\/tunisie-le-discours-du-president-saied-est-dangereux-alerte-adel-ltifi\/#breadcrumb","itemListElement":[{"@type":"ListItem","position":1,"name":"Accueil","item":"https:\/\/kapitalis.com\/tunisie\/"},{"@type":"ListItem","position":2,"name":"Tunisie : \u00abLe discours du pr\u00e9sident Sa\u00efed est dangereux !\u00bb, alerte Adel Ltifi"}]},{"@type":"WebSite","@id":"https:\/\/kapitalis.com\/tunisie\/#website","url":"https:\/\/kapitalis.com\/tunisie\/","name":"Kapitalis","description":"L&#039;actualit\u00e9 en Tunisie et dans le monde","publisher":{"@id":"https:\/\/kapitalis.com\/tunisie\/#organization"},"potentialAction":[{"@type":"SearchAction","target":{"@type":"EntryPoint","urlTemplate":"https:\/\/kapitalis.com\/tunisie\/?s={search_term_string}"},"query-input":{"@type":"PropertyValueSpecification","valueRequired":true,"valueName":"search_term_string"}}],"inLanguage":"fr-FR"},{"@type":"Organization","@id":"https:\/\/kapitalis.com\/tunisie\/#organization","name":"Kapitalis","url":"https:\/\/kapitalis.com\/tunisie\/","logo":{"@type":"ImageObject","inLanguage":"fr-FR","@id":"https:\/\/kapitalis.com\/tunisie\/#\/schema\/logo\/image\/","url":"https:\/\/kapitalis.com\/tunisie\/wp-content\/uploads\/2022\/05\/Kapitalis-big-size.png","contentUrl":"https:\/\/kapitalis.com\/tunisie\/wp-content\/uploads\/2022\/05\/Kapitalis-big-size.png","width":5000,"height":1500,"caption":"Kapitalis"},"image":{"@id":"https:\/\/kapitalis.com\/tunisie\/#\/schema\/logo\/image\/"},"sameAs":["https:\/\/www.facebook.com\/KapitalisInfo\/","https:\/\/x.com\/KapitalisInfo","https:\/\/www.youtube.com\/channel\/UC-yDYrHyfFBWWZaOw3FPg9Q"]},{"@type":"Person","@id":"https:\/\/kapitalis.com\/tunisie\/#\/schema\/person\/74bbde0154d49d790a92aaeac5bc01d5","name":"Yusra NY","url":"https:\/\/kapitalis.com\/tunisie\/author\/yuza_adam\/"}]}},"_links":{"self":[{"href":"https:\/\/kapitalis.com\/tunisie\/wp-json\/wp\/v2\/posts\/5853708","targetHints":{"allow":["GET"]}}],"collection":[{"href":"https:\/\/kapitalis.com\/tunisie\/wp-json\/wp\/v2\/posts"}],"about":[{"href":"https:\/\/kapitalis.com\/tunisie\/wp-json\/wp\/v2\/types\/post"}],"author":[{"embeddable":true,"href":"https:\/\/kapitalis.com\/tunisie\/wp-json\/wp\/v2\/users\/6"}],"replies":[{"embeddable":true,"href":"https:\/\/kapitalis.com\/tunisie\/wp-json\/wp\/v2\/comments?post=5853708"}],"version-history":[{"count":4,"href":"https:\/\/kapitalis.com\/tunisie\/wp-json\/wp\/v2\/posts\/5853708\/revisions"}],"predecessor-version":[{"id":5861987,"href":"https:\/\/kapitalis.com\/tunisie\/wp-json\/wp\/v2\/posts\/5853708\/revisions\/5861987"}],"wp:featuredmedia":[{"embeddable":true,"href":"https:\/\/kapitalis.com\/tunisie\/wp-json\/wp\/v2\/media\/5853920"}],"wp:attachment":[{"href":"https:\/\/kapitalis.com\/tunisie\/wp-json\/wp\/v2\/media?parent=5853708"}],"wp:term":[{"taxonomy":"category","embeddable":true,"href":"https:\/\/kapitalis.com\/tunisie\/wp-json\/wp\/v2\/categories?post=5853708"},{"taxonomy":"post_tag","embeddable":true,"href":"https:\/\/kapitalis.com\/tunisie\/wp-json\/wp\/v2\/tags?post=5853708"}],"curies":[{"name":"wp","href":"https:\/\/api.w.org\/{rel}","templated":true}]}}