{"id":58792,"date":"2016-07-23T13:21:36","date_gmt":"2016-07-23T12:21:36","guid":{"rendered":"http:\/\/kapitalis.com\/tunisie\/?p=58792"},"modified":"2016-07-23T13:21:36","modified_gmt":"2016-07-23T12:21:36","slug":"gafsa-policiers-et-avocats-saccusent-mutuellement-dagression","status":"publish","type":"post","link":"https:\/\/kapitalis.com\/tunisie\/2016\/07\/23\/gafsa-policiers-et-avocats-saccusent-mutuellement-dagression\/","title":{"rendered":"Gafsa : Policiers et avocats s&rsquo;accusent mutuellement d\u2019agression"},"content":{"rendered":"<p style=\"text-align: center;\"><img loading=\"lazy\" decoding=\"async\" class=\"alignnone size-full wp-image-58794\" src=\"http:\/\/kapitalis.com\/tunisie\/wp-content\/uploads\/2016\/07\/Gafsa-bagarre-police-avocat.jpg\" alt=\"Gafsa- bagarre police-avocat\" width=\"626\" height=\"380\" \/><\/p>\n<p><em><strong>Une altercation a eu lieu, vendredi, \u00e0 Gafsa, entre 3 avocats et une patrouille s\u00e9curitaire. Les 2 parties s\u2019accusent mutuellement de violence.<\/strong><\/em><\/p>\n<p><!--more--><\/p>\n<p>Les avocats Adel Daly, Mohamed Jadlaoui et Bouali Guouasmia ont indiqu\u00e9 que des policiers, post\u00e9s \u00e0 l\u2019entr\u00e9e de la ville, les ont agress\u00e9s au moment de la fouille du v\u00e9hicule de\u00a0louage qui les transportait.<\/p>\n<p>Selon l\u2019un d&rsquo;eux, le conflit a \u00e9clat\u00e9 lorsque\u00a0son confr\u00e8re a exig\u00e9 que sa mallette soit fouill\u00e9e en sa pr\u00e9sence. \u00ab<em>Il n\u2019a probablement pas appr\u00e9ci\u00e9 cette requ\u00eate\u00a0et a agress\u00e9 mon confr\u00e8re. Les autres agents s\u2019en sont pris \u00e0 nous trois<\/em>\u00bb, a -t-il indiqu\u00e9.<\/p>\n<p>Me. Lotfi Larbi, pr\u00e9sident de l&rsquo;Association tunisienne des jeunes avocats (Atja), a d\u00e9nonc\u00e9 cette agression et appel\u00e9 les autorit\u00e9s \u00e0 ouvrir une enqu\u00eate.<\/p>\n<p>Cette version a cependant \u00e9t\u00e9 d\u00e9mentie par les policiers, qui se pr\u00e9sentent comme les victimes dans cette affaire. Le Syndicat r\u00e9gional des forces de s\u00e9curit\u00e9 int\u00e9rieures \u00e0 Gafsa a indiqu\u00e9 que les avocats ont refus\u00e9 le contr\u00f4le de leurs valises, pr\u00e9textant en faisant valoir leur \u00ab<em>immunit\u00e9<\/em>\u00bb, ce qui d\u00e9g\u00e9n\u00e9r\u00e9 en bagarre.<\/p>\n<p>\u00ab<em>Nous sommes en \u00e9tat d\u2019urgence et la fouille est stricte et n\u00e9cessaire. C\u2019est pour la s\u00e9curit\u00e9 du pays et de tous que nous travaillons et nul n\u2019est au-dessus de la loi<\/em>\u00bb, a soulign\u00e9 le syndicat.<\/p>\n<p>Une enqu\u00eate devra \u00eatre ouverte pour d\u00e9terminer les responsabilit\u00e9s dans ce qui s\u2019apparente \u00e0 une honteuse bagarre entre\u00a0deux corps de m\u00e9tiers cens\u00e9s repr\u00e9senter l\u2019ordre et le droit\u2026<\/p>\n<p style=\"text-align: right;\"><strong>Y. N.<\/strong><\/p>\n","protected":false},"excerpt":{"rendered":"<p>Une altercation a eu lieu, vendredi, \u00e0 Gafsa, entre 3 avocats et une patrouille s\u00e9curitaire. Les 2 parties s\u2019accusent mutuellement de violence.<\/p>\n","protected":false},"author":6,"featured_media":58794,"comment_status":"open","ping_status":"open","sticky":false,"template":"","format":"standard","meta":{"footnotes":""},"categories":[998,2433],"tags":[2770,1162,1784,11018,407,2847,6581],"class_list":["post-58792","post","type-post","status-publish","format-standard","has-post-thumbnail","hentry","category-societe","category-tunisie","tag-avocats","tag-bagarre","tag-controle","tag-fouille","tag-gafsa","tag-policiers","tag-violences"],"yoast_head":"<!-- This site is optimized with the Yoast SEO plugin v26.6 - https:\/\/yoast.com\/wordpress\/plugins\/seo\/ -->\n<title>Gafsa : Policiers et avocats s&#039;accusent mutuellement d\u2019agression - Kapitalis<\/title>\n<meta name=\"robots\" content=\"index, follow, max-snippet:-1, max-image-preview:large, max-video-preview:-1\" \/>\n<link rel=\"canonical\" href=\"https:\/\/kapitalis.com\/tunisie\/2016\/07\/23\/gafsa-policiers-et-avocats-saccusent-mutuellement-dagression\/\" \/>\n<meta property=\"og:locale\" content=\"fr_FR\" \/>\n<meta property=\"og:type\" content=\"article\" \/>\n<meta property=\"og:title\" content=\"Gafsa : Policiers et avocats s&#039;accusent mutuellement d\u2019agression - Kapitalis\" \/>\n<meta property=\"og:description\" content=\"Une altercation a eu lieu, vendredi, \u00e0 Gafsa, entre 3 avocats et une patrouille s\u00e9curitaire. Les 2 parties s\u2019accusent mutuellement de violence.\" \/>\n<meta property=\"og:url\" content=\"https:\/\/kapitalis.com\/tunisie\/2016\/07\/23\/gafsa-policiers-et-avocats-saccusent-mutuellement-dagression\/\" \/>\n<meta property=\"og:site_name\" content=\"Kapitalis\" \/>\n<meta property=\"article:publisher\" content=\"https:\/\/www.facebook.com\/KapitalisInfo\/\" \/>\n<meta property=\"article:published_time\" content=\"2016-07-23T12:21:36+00:00\" \/>\n<meta property=\"og:image\" content=\"https:\/\/kapitalis.com\/tunisie\/wp-content\/uploads\/2022\/05\/kapitalis-logo-fb.png\" \/>\n\t<meta property=\"og:image:width\" content=\"1200\" \/>\n\t<meta property=\"og:image:height\" content=\"630\" \/>\n\t<meta property=\"og:image:type\" content=\"image\/png\" \/>\n<meta name=\"author\" content=\"Yusra NY\" \/>\n<meta name=\"twitter:card\" content=\"summary_large_image\" \/>\n<meta name=\"twitter:creator\" content=\"@KapitalisInfo\" \/>\n<meta name=\"twitter:site\" content=\"@KapitalisInfo\" \/>\n<meta name=\"twitter:label1\" content=\"\u00c9crit par\" \/>\n\t<meta name=\"twitter:data1\" content=\"Yusra NY\" \/>\n\t<meta name=\"twitter:label2\" content=\"Dur\u00e9e de lecture estim\u00e9e\" \/>\n\t<meta name=\"twitter:data2\" content=\"1 minute\" \/>\n<script type=\"application\/ld+json\" class=\"yoast-schema-graph\">{\"@context\":\"https:\/\/schema.org\",\"@graph\":[{\"@type\":\"Article\",\"@id\":\"https:\/\/kapitalis.com\/tunisie\/2016\/07\/23\/gafsa-policiers-et-avocats-saccusent-mutuellement-dagression\/#article\",\"isPartOf\":{\"@id\":\"https:\/\/kapitalis.com\/tunisie\/2016\/07\/23\/gafsa-policiers-et-avocats-saccusent-mutuellement-dagression\/\"},\"author\":{\"name\":\"Yusra NY\",\"@id\":\"https:\/\/kapitalis.com\/tunisie\/#\/schema\/person\/74bbde0154d49d790a92aaeac5bc01d5\"},\"headline\":\"Gafsa : Policiers et avocats s&rsquo;accusent mutuellement d\u2019agression\",\"datePublished\":\"2016-07-23T12:21:36+00:00\",\"mainEntityOfPage\":{\"@id\":\"https:\/\/kapitalis.com\/tunisie\/2016\/07\/23\/gafsa-policiers-et-avocats-saccusent-mutuellement-dagression\/\"},\"wordCount\":283,\"commentCount\":0,\"publisher\":{\"@id\":\"https:\/\/kapitalis.com\/tunisie\/#organization\"},\"image\":{\"@id\":\"https:\/\/kapitalis.com\/tunisie\/2016\/07\/23\/gafsa-policiers-et-avocats-saccusent-mutuellement-dagression\/#primaryimage\"},\"thumbnailUrl\":\"\",\"keywords\":[\"avocats\",\"bagarre\",\"contr\u00f4le\",\"fouille\",\"Gafsa\",\"policiers\",\"violences\"],\"articleSection\":[\"SOCIETE\",\"Tunisie\"],\"inLanguage\":\"fr-FR\",\"potentialAction\":[{\"@type\":\"CommentAction\",\"name\":\"Comment\",\"target\":[\"https:\/\/kapitalis.com\/tunisie\/2016\/07\/23\/gafsa-policiers-et-avocats-saccusent-mutuellement-dagression\/#respond\"]}]},{\"@type\":\"WebPage\",\"@id\":\"https:\/\/kapitalis.com\/tunisie\/2016\/07\/23\/gafsa-policiers-et-avocats-saccusent-mutuellement-dagression\/\",\"url\":\"https:\/\/kapitalis.com\/tunisie\/2016\/07\/23\/gafsa-policiers-et-avocats-saccusent-mutuellement-dagression\/\",\"name\":\"Gafsa : Policiers et avocats s'accusent mutuellement d\u2019agression - Kapitalis\",\"isPartOf\":{\"@id\":\"https:\/\/kapitalis.com\/tunisie\/#website\"},\"primaryImageOfPage\":{\"@id\":\"https:\/\/kapitalis.com\/tunisie\/2016\/07\/23\/gafsa-policiers-et-avocats-saccusent-mutuellement-dagression\/#primaryimage\"},\"image\":{\"@id\":\"https:\/\/kapitalis.com\/tunisie\/2016\/07\/23\/gafsa-policiers-et-avocats-saccusent-mutuellement-dagression\/#primaryimage\"},\"thumbnailUrl\":\"\",\"datePublished\":\"2016-07-23T12:21:36+00:00\",\"breadcrumb\":{\"@id\":\"https:\/\/kapitalis.com\/tunisie\/2016\/07\/23\/gafsa-policiers-et-avocats-saccusent-mutuellement-dagression\/#breadcrumb\"},\"inLanguage\":\"fr-FR\",\"potentialAction\":[{\"@type\":\"ReadAction\",\"target\":[\"https:\/\/kapitalis.com\/tunisie\/2016\/07\/23\/gafsa-policiers-et-avocats-saccusent-mutuellement-dagression\/\"]}]},{\"@type\":\"ImageObject\",\"inLanguage\":\"fr-FR\",\"@id\":\"https:\/\/kapitalis.com\/tunisie\/2016\/07\/23\/gafsa-policiers-et-avocats-saccusent-mutuellement-dagression\/#primaryimage\",\"url\":\"\",\"contentUrl\":\"\"},{\"@type\":\"BreadcrumbList\",\"@id\":\"https:\/\/kapitalis.com\/tunisie\/2016\/07\/23\/gafsa-policiers-et-avocats-saccusent-mutuellement-dagression\/#breadcrumb\",\"itemListElement\":[{\"@type\":\"ListItem\",\"position\":1,\"name\":\"Accueil\",\"item\":\"https:\/\/kapitalis.com\/tunisie\/\"},{\"@type\":\"ListItem\",\"position\":2,\"name\":\"Gafsa : Policiers et avocats s&rsquo;accusent mutuellement d\u2019agression\"}]},{\"@type\":\"WebSite\",\"@id\":\"https:\/\/kapitalis.com\/tunisie\/#website\",\"url\":\"https:\/\/kapitalis.com\/tunisie\/\",\"name\":\"Kapitalis\",\"description\":\"L&#039;actualit\u00e9 en Tunisie et dans le monde\",\"publisher\":{\"@id\":\"https:\/\/kapitalis.com\/tunisie\/#organization\"},\"potentialAction\":[{\"@type\":\"SearchAction\",\"target\":{\"@type\":\"EntryPoint\",\"urlTemplate\":\"https:\/\/kapitalis.com\/tunisie\/?s={search_term_string}\"},\"query-input\":{\"@type\":\"PropertyValueSpecification\",\"valueRequired\":true,\"valueName\":\"search_term_string\"}}],\"inLanguage\":\"fr-FR\"},{\"@type\":\"Organization\",\"@id\":\"https:\/\/kapitalis.com\/tunisie\/#organization\",\"name\":\"Kapitalis\",\"url\":\"https:\/\/kapitalis.com\/tunisie\/\",\"logo\":{\"@type\":\"ImageObject\",\"inLanguage\":\"fr-FR\",\"@id\":\"https:\/\/kapitalis.com\/tunisie\/#\/schema\/logo\/image\/\",\"url\":\"https:\/\/kapitalis.com\/tunisie\/wp-content\/uploads\/2022\/05\/Kapitalis-big-size.png\",\"contentUrl\":\"https:\/\/kapitalis.com\/tunisie\/wp-content\/uploads\/2022\/05\/Kapitalis-big-size.png\",\"width\":5000,\"height\":1500,\"caption\":\"Kapitalis\"},\"image\":{\"@id\":\"https:\/\/kapitalis.com\/tunisie\/#\/schema\/logo\/image\/\"},\"sameAs\":[\"https:\/\/www.facebook.com\/KapitalisInfo\/\",\"https:\/\/x.com\/KapitalisInfo\",\"https:\/\/www.youtube.com\/channel\/UC-yDYrHyfFBWWZaOw3FPg9Q\"]},{\"@type\":\"Person\",\"@id\":\"https:\/\/kapitalis.com\/tunisie\/#\/schema\/person\/74bbde0154d49d790a92aaeac5bc01d5\",\"name\":\"Yusra NY\",\"url\":\"https:\/\/kapitalis.com\/tunisie\/author\/yuza_adam\/\"}]}<\/script>\n<!-- \/ Yoast SEO plugin. -->","yoast_head_json":{"title":"Gafsa : Policiers et avocats s'accusent mutuellement d\u2019agression - Kapitalis","robots":{"index":"index","follow":"follow","max-snippet":"max-snippet:-1","max-image-preview":"max-image-preview:large","max-video-preview":"max-video-preview:-1"},"canonical":"https:\/\/kapitalis.com\/tunisie\/2016\/07\/23\/gafsa-policiers-et-avocats-saccusent-mutuellement-dagression\/","og_locale":"fr_FR","og_type":"article","og_title":"Gafsa : Policiers et avocats s'accusent mutuellement d\u2019agression - Kapitalis","og_description":"Une altercation a eu lieu, vendredi, \u00e0 Gafsa, entre 3 avocats et une patrouille s\u00e9curitaire. Les 2 parties s\u2019accusent mutuellement de violence.","og_url":"https:\/\/kapitalis.com\/tunisie\/2016\/07\/23\/gafsa-policiers-et-avocats-saccusent-mutuellement-dagression\/","og_site_name":"Kapitalis","article_publisher":"https:\/\/www.facebook.com\/KapitalisInfo\/","article_published_time":"2016-07-23T12:21:36+00:00","og_image":[{"width":1200,"height":630,"url":"https:\/\/kapitalis.com\/tunisie\/wp-content\/uploads\/2022\/05\/kapitalis-logo-fb.png","type":"image\/png"}],"author":"Yusra NY","twitter_card":"summary_large_image","twitter_creator":"@KapitalisInfo","twitter_site":"@KapitalisInfo","twitter_misc":{"\u00c9crit par":"Yusra NY","Dur\u00e9e de lecture estim\u00e9e":"1 minute"},"schema":{"@context":"https:\/\/schema.org","@graph":[{"@type":"Article","@id":"https:\/\/kapitalis.com\/tunisie\/2016\/07\/23\/gafsa-policiers-et-avocats-saccusent-mutuellement-dagression\/#article","isPartOf":{"@id":"https:\/\/kapitalis.com\/tunisie\/2016\/07\/23\/gafsa-policiers-et-avocats-saccusent-mutuellement-dagression\/"},"author":{"name":"Yusra NY","@id":"https:\/\/kapitalis.com\/tunisie\/#\/schema\/person\/74bbde0154d49d790a92aaeac5bc01d5"},"headline":"Gafsa : Policiers et avocats s&rsquo;accusent mutuellement d\u2019agression","datePublished":"2016-07-23T12:21:36+00:00","mainEntityOfPage":{"@id":"https:\/\/kapitalis.com\/tunisie\/2016\/07\/23\/gafsa-policiers-et-avocats-saccusent-mutuellement-dagression\/"},"wordCount":283,"commentCount":0,"publisher":{"@id":"https:\/\/kapitalis.com\/tunisie\/#organization"},"image":{"@id":"https:\/\/kapitalis.com\/tunisie\/2016\/07\/23\/gafsa-policiers-et-avocats-saccusent-mutuellement-dagression\/#primaryimage"},"thumbnailUrl":"","keywords":["avocats","bagarre","contr\u00f4le","fouille","Gafsa","policiers","violences"],"articleSection":["SOCIETE","Tunisie"],"inLanguage":"fr-FR","potentialAction":[{"@type":"CommentAction","name":"Comment","target":["https:\/\/kapitalis.com\/tunisie\/2016\/07\/23\/gafsa-policiers-et-avocats-saccusent-mutuellement-dagression\/#respond"]}]},{"@type":"WebPage","@id":"https:\/\/kapitalis.com\/tunisie\/2016\/07\/23\/gafsa-policiers-et-avocats-saccusent-mutuellement-dagression\/","url":"https:\/\/kapitalis.com\/tunisie\/2016\/07\/23\/gafsa-policiers-et-avocats-saccusent-mutuellement-dagression\/","name":"Gafsa : Policiers et avocats s'accusent mutuellement d\u2019agression - Kapitalis","isPartOf":{"@id":"https:\/\/kapitalis.com\/tunisie\/#website"},"primaryImageOfPage":{"@id":"https:\/\/kapitalis.com\/tunisie\/2016\/07\/23\/gafsa-policiers-et-avocats-saccusent-mutuellement-dagression\/#primaryimage"},"image":{"@id":"https:\/\/kapitalis.com\/tunisie\/2016\/07\/23\/gafsa-policiers-et-avocats-saccusent-mutuellement-dagression\/#primaryimage"},"thumbnailUrl":"","datePublished":"2016-07-23T12:21:36+00:00","breadcrumb":{"@id":"https:\/\/kapitalis.com\/tunisie\/2016\/07\/23\/gafsa-policiers-et-avocats-saccusent-mutuellement-dagression\/#breadcrumb"},"inLanguage":"fr-FR","potentialAction":[{"@type":"ReadAction","target":["https:\/\/kapitalis.com\/tunisie\/2016\/07\/23\/gafsa-policiers-et-avocats-saccusent-mutuellement-dagression\/"]}]},{"@type":"ImageObject","inLanguage":"fr-FR","@id":"https:\/\/kapitalis.com\/tunisie\/2016\/07\/23\/gafsa-policiers-et-avocats-saccusent-mutuellement-dagression\/#primaryimage","url":"","contentUrl":""},{"@type":"BreadcrumbList","@id":"https:\/\/kapitalis.com\/tunisie\/2016\/07\/23\/gafsa-policiers-et-avocats-saccusent-mutuellement-dagression\/#breadcrumb","itemListElement":[{"@type":"ListItem","position":1,"name":"Accueil","item":"https:\/\/kapitalis.com\/tunisie\/"},{"@type":"ListItem","position":2,"name":"Gafsa : Policiers et avocats s&rsquo;accusent mutuellement d\u2019agression"}]},{"@type":"WebSite","@id":"https:\/\/kapitalis.com\/tunisie\/#website","url":"https:\/\/kapitalis.com\/tunisie\/","name":"Kapitalis","description":"L&#039;actualit\u00e9 en Tunisie et dans le monde","publisher":{"@id":"https:\/\/kapitalis.com\/tunisie\/#organization"},"potentialAction":[{"@type":"SearchAction","target":{"@type":"EntryPoint","urlTemplate":"https:\/\/kapitalis.com\/tunisie\/?s={search_term_string}"},"query-input":{"@type":"PropertyValueSpecification","valueRequired":true,"valueName":"search_term_string"}}],"inLanguage":"fr-FR"},{"@type":"Organization","@id":"https:\/\/kapitalis.com\/tunisie\/#organization","name":"Kapitalis","url":"https:\/\/kapitalis.com\/tunisie\/","logo":{"@type":"ImageObject","inLanguage":"fr-FR","@id":"https:\/\/kapitalis.com\/tunisie\/#\/schema\/logo\/image\/","url":"https:\/\/kapitalis.com\/tunisie\/wp-content\/uploads\/2022\/05\/Kapitalis-big-size.png","contentUrl":"https:\/\/kapitalis.com\/tunisie\/wp-content\/uploads\/2022\/05\/Kapitalis-big-size.png","width":5000,"height":1500,"caption":"Kapitalis"},"image":{"@id":"https:\/\/kapitalis.com\/tunisie\/#\/schema\/logo\/image\/"},"sameAs":["https:\/\/www.facebook.com\/KapitalisInfo\/","https:\/\/x.com\/KapitalisInfo","https:\/\/www.youtube.com\/channel\/UC-yDYrHyfFBWWZaOw3FPg9Q"]},{"@type":"Person","@id":"https:\/\/kapitalis.com\/tunisie\/#\/schema\/person\/74bbde0154d49d790a92aaeac5bc01d5","name":"Yusra NY","url":"https:\/\/kapitalis.com\/tunisie\/author\/yuza_adam\/"}]}},"_links":{"self":[{"href":"https:\/\/kapitalis.com\/tunisie\/wp-json\/wp\/v2\/posts\/58792","targetHints":{"allow":["GET"]}}],"collection":[{"href":"https:\/\/kapitalis.com\/tunisie\/wp-json\/wp\/v2\/posts"}],"about":[{"href":"https:\/\/kapitalis.com\/tunisie\/wp-json\/wp\/v2\/types\/post"}],"author":[{"embeddable":true,"href":"https:\/\/kapitalis.com\/tunisie\/wp-json\/wp\/v2\/users\/6"}],"replies":[{"embeddable":true,"href":"https:\/\/kapitalis.com\/tunisie\/wp-json\/wp\/v2\/comments?post=58792"}],"version-history":[{"count":0,"href":"https:\/\/kapitalis.com\/tunisie\/wp-json\/wp\/v2\/posts\/58792\/revisions"}],"wp:featuredmedia":[{"embeddable":true,"href":"https:\/\/kapitalis.com\/tunisie\/wp-json\/wp\/v2\/media\/58794"}],"wp:attachment":[{"href":"https:\/\/kapitalis.com\/tunisie\/wp-json\/wp\/v2\/media?parent=58792"}],"wp:term":[{"taxonomy":"category","embeddable":true,"href":"https:\/\/kapitalis.com\/tunisie\/wp-json\/wp\/v2\/categories?post=58792"},{"taxonomy":"post_tag","embeddable":true,"href":"https:\/\/kapitalis.com\/tunisie\/wp-json\/wp\/v2\/tags?post=58792"}],"curies":[{"name":"wp","href":"https:\/\/api.w.org\/{rel}","templated":true}]}}