{"id":58923,"date":"2016-07-25T11:42:36","date_gmt":"2016-07-25T10:42:36","guid":{"rendered":"http:\/\/kapitalis.com\/tunisie\/?p=58923"},"modified":"2016-07-25T11:48:17","modified_gmt":"2016-07-25T10:48:17","slug":"anissa-meddeb-lance-son-entreprise-de-mode","status":"publish","type":"post","link":"https:\/\/kapitalis.com\/tunisie\/2016\/07\/25\/anissa-meddeb-lance-son-entreprise-de-mode\/","title":{"rendered":"Anissa Meddeb lance son entreprise de mode"},"content":{"rendered":"<p><img loading=\"lazy\" decoding=\"async\" class=\"alignnone size-full wp-image-58924 aligncenter\" src=\"http:\/\/kapitalis.com\/tunisie\/wp-content\/uploads\/2016\/07\/Anissa-Meddeb.jpg\" alt=\"Anissa-Meddeb\" width=\"626\" height=\"380\" \/><\/p>\n<p><em><strong>Anissa Meddeb (22 ans), fille de Radhi Meddeb, patron de Comete Engineering, a lanc\u00e9 son entreprise de cr\u00e9ation de mod\u00e8les de haute couture et de pr\u00eat-\u00e0-porter.<\/strong> <\/em><\/p>\n<p><!--more--><\/p>\n<p>Elle l\u2019a baptis\u00e9e Soci\u00e9t\u00e9 Anissa A\u00efda, en hommage \u00e0 sa s\u0153ur A\u00efda Meddeb, d\u00e9c\u00e9d\u00e9e en juin 2010 lors d\u2019un accident de moto \u00e0 Madrid.<\/p>\n<p>Anissa Meddeb, fashion designer form\u00e9e \u00e0 New York, qui a sign\u00e9 cette ann\u00e9e une collection capsule, <em>\u00abInterface: A Visual Dialogue\u00bb,<\/em> pour Musk and Amber Gallery, sera aid\u00e9e dans la gestion de la soci\u00e9t\u00e9 par son p\u00e8re qui assume la fonction de g\u00e9rant.<\/p>\n<p>Dipl\u00f4m\u00e9e de la prestigieuse Parsons School of Design, Anissa Meddeb\u00a0a fait plusieurs stages, notamment chez Marc Jacobs accessoires \u00e0 New York, chez A.P.C. \u00e0 Paris ou aupr\u00e8s d\u2019\u00c9thologie, \u00e0 Londres, avec Jasper Garvida.<\/p>\n<p style=\"text-align: right;\"><strong>Nabil Ben Ameur<\/strong><\/p>\n","protected":false},"excerpt":{"rendered":"<p>Anissa Meddeb (22 ans), fille de Radhi Meddeb, patron de Comete Engineering, a lanc\u00e9 son entreprise de cr\u00e9ation de mod\u00e8les de haute couture et de pr\u00eat-\u00e0-porter.<\/p>\n","protected":false},"author":8,"featured_media":58924,"comment_status":"open","ping_status":"open","sticky":false,"template":"","format":"standard","meta":{"footnotes":""},"categories":[995,2433],"tags":[18034,5736,20811,7711,1059],"class_list":["post-58923","post","type-post","status-publish","format-standard","has-post-thumbnail","hentry","category-economie","category-tunisie","tag-comete-engineering","tag-haute-couture","tag-mode","tag-pret-a-porter","tag-radhi-meddeb"],"yoast_head":"<!-- This site is optimized with the Yoast SEO plugin v26.6 - https:\/\/yoast.com\/wordpress\/plugins\/seo\/ -->\n<title>Anissa Meddeb lance son entreprise de mode - Kapitalis<\/title>\n<meta name=\"robots\" content=\"index, follow, max-snippet:-1, max-image-preview:large, max-video-preview:-1\" \/>\n<link rel=\"canonical\" href=\"https:\/\/kapitalis.com\/tunisie\/2016\/07\/25\/anissa-meddeb-lance-son-entreprise-de-mode\/\" \/>\n<meta property=\"og:locale\" content=\"fr_FR\" \/>\n<meta property=\"og:type\" content=\"article\" \/>\n<meta property=\"og:title\" content=\"Anissa Meddeb lance son entreprise de mode - Kapitalis\" \/>\n<meta property=\"og:description\" content=\"Anissa Meddeb (22 ans), fille de Radhi Meddeb, patron de Comete Engineering, a lanc\u00e9 son entreprise de cr\u00e9ation de mod\u00e8les de haute couture et de pr\u00eat-\u00e0-porter.\" \/>\n<meta property=\"og:url\" content=\"https:\/\/kapitalis.com\/tunisie\/2016\/07\/25\/anissa-meddeb-lance-son-entreprise-de-mode\/\" \/>\n<meta property=\"og:site_name\" content=\"Kapitalis\" \/>\n<meta property=\"article:publisher\" content=\"https:\/\/www.facebook.com\/KapitalisInfo\/\" \/>\n<meta property=\"article:published_time\" content=\"2016-07-25T10:42:36+00:00\" \/>\n<meta property=\"article:modified_time\" content=\"2016-07-25T10:48:17+00:00\" \/>\n<meta property=\"og:image\" content=\"https:\/\/kapitalis.com\/tunisie\/wp-content\/uploads\/2022\/05\/kapitalis-logo-fb.png\" \/>\n\t<meta property=\"og:image:width\" content=\"1200\" \/>\n\t<meta property=\"og:image:height\" content=\"630\" \/>\n\t<meta property=\"og:image:type\" content=\"image\/png\" \/>\n<meta name=\"author\" content=\"webmaster kapitalis\" \/>\n<meta name=\"twitter:card\" content=\"summary_large_image\" \/>\n<meta name=\"twitter:creator\" content=\"@KapitalisInfo\" \/>\n<meta name=\"twitter:site\" content=\"@KapitalisInfo\" \/>\n<meta name=\"twitter:label1\" content=\"\u00c9crit par\" \/>\n\t<meta name=\"twitter:data1\" content=\"webmaster kapitalis\" \/>\n\t<meta name=\"twitter:label2\" content=\"Dur\u00e9e de lecture estim\u00e9e\" \/>\n\t<meta name=\"twitter:data2\" content=\"1 minute\" \/>\n<script type=\"application\/ld+json\" class=\"yoast-schema-graph\">{\"@context\":\"https:\/\/schema.org\",\"@graph\":[{\"@type\":\"Article\",\"@id\":\"https:\/\/kapitalis.com\/tunisie\/2016\/07\/25\/anissa-meddeb-lance-son-entreprise-de-mode\/#article\",\"isPartOf\":{\"@id\":\"https:\/\/kapitalis.com\/tunisie\/2016\/07\/25\/anissa-meddeb-lance-son-entreprise-de-mode\/\"},\"author\":{\"name\":\"webmaster kapitalis\",\"@id\":\"https:\/\/kapitalis.com\/tunisie\/#\/schema\/person\/d71f33a9ca44f7bad4698210b480c8e9\"},\"headline\":\"Anissa Meddeb lance son entreprise de mode\",\"datePublished\":\"2016-07-25T10:42:36+00:00\",\"dateModified\":\"2016-07-25T10:48:17+00:00\",\"mainEntityOfPage\":{\"@id\":\"https:\/\/kapitalis.com\/tunisie\/2016\/07\/25\/anissa-meddeb-lance-son-entreprise-de-mode\/\"},\"wordCount\":154,\"commentCount\":13,\"publisher\":{\"@id\":\"https:\/\/kapitalis.com\/tunisie\/#organization\"},\"image\":{\"@id\":\"https:\/\/kapitalis.com\/tunisie\/2016\/07\/25\/anissa-meddeb-lance-son-entreprise-de-mode\/#primaryimage\"},\"thumbnailUrl\":\"\",\"keywords\":[\"Comete Engineering\",\"haute couture\",\"mode\",\"pr\u00eat-\u00e0-porter\",\"Radhi Meddeb\"],\"articleSection\":[\"ECONOMIE\",\"Tunisie\"],\"inLanguage\":\"fr-FR\",\"potentialAction\":[{\"@type\":\"CommentAction\",\"name\":\"Comment\",\"target\":[\"https:\/\/kapitalis.com\/tunisie\/2016\/07\/25\/anissa-meddeb-lance-son-entreprise-de-mode\/#respond\"]}]},{\"@type\":\"WebPage\",\"@id\":\"https:\/\/kapitalis.com\/tunisie\/2016\/07\/25\/anissa-meddeb-lance-son-entreprise-de-mode\/\",\"url\":\"https:\/\/kapitalis.com\/tunisie\/2016\/07\/25\/anissa-meddeb-lance-son-entreprise-de-mode\/\",\"name\":\"Anissa Meddeb lance son entreprise de mode - Kapitalis\",\"isPartOf\":{\"@id\":\"https:\/\/kapitalis.com\/tunisie\/#website\"},\"primaryImageOfPage\":{\"@id\":\"https:\/\/kapitalis.com\/tunisie\/2016\/07\/25\/anissa-meddeb-lance-son-entreprise-de-mode\/#primaryimage\"},\"image\":{\"@id\":\"https:\/\/kapitalis.com\/tunisie\/2016\/07\/25\/anissa-meddeb-lance-son-entreprise-de-mode\/#primaryimage\"},\"thumbnailUrl\":\"\",\"datePublished\":\"2016-07-25T10:42:36+00:00\",\"dateModified\":\"2016-07-25T10:48:17+00:00\",\"breadcrumb\":{\"@id\":\"https:\/\/kapitalis.com\/tunisie\/2016\/07\/25\/anissa-meddeb-lance-son-entreprise-de-mode\/#breadcrumb\"},\"inLanguage\":\"fr-FR\",\"potentialAction\":[{\"@type\":\"ReadAction\",\"target\":[\"https:\/\/kapitalis.com\/tunisie\/2016\/07\/25\/anissa-meddeb-lance-son-entreprise-de-mode\/\"]}]},{\"@type\":\"ImageObject\",\"inLanguage\":\"fr-FR\",\"@id\":\"https:\/\/kapitalis.com\/tunisie\/2016\/07\/25\/anissa-meddeb-lance-son-entreprise-de-mode\/#primaryimage\",\"url\":\"\",\"contentUrl\":\"\"},{\"@type\":\"BreadcrumbList\",\"@id\":\"https:\/\/kapitalis.com\/tunisie\/2016\/07\/25\/anissa-meddeb-lance-son-entreprise-de-mode\/#breadcrumb\",\"itemListElement\":[{\"@type\":\"ListItem\",\"position\":1,\"name\":\"Accueil\",\"item\":\"https:\/\/kapitalis.com\/tunisie\/\"},{\"@type\":\"ListItem\",\"position\":2,\"name\":\"Anissa Meddeb lance son entreprise de mode\"}]},{\"@type\":\"WebSite\",\"@id\":\"https:\/\/kapitalis.com\/tunisie\/#website\",\"url\":\"https:\/\/kapitalis.com\/tunisie\/\",\"name\":\"Kapitalis\",\"description\":\"L&#039;actualit\u00e9 en Tunisie et dans le monde\",\"publisher\":{\"@id\":\"https:\/\/kapitalis.com\/tunisie\/#organization\"},\"potentialAction\":[{\"@type\":\"SearchAction\",\"target\":{\"@type\":\"EntryPoint\",\"urlTemplate\":\"https:\/\/kapitalis.com\/tunisie\/?s={search_term_string}\"},\"query-input\":{\"@type\":\"PropertyValueSpecification\",\"valueRequired\":true,\"valueName\":\"search_term_string\"}}],\"inLanguage\":\"fr-FR\"},{\"@type\":\"Organization\",\"@id\":\"https:\/\/kapitalis.com\/tunisie\/#organization\",\"name\":\"Kapitalis\",\"url\":\"https:\/\/kapitalis.com\/tunisie\/\",\"logo\":{\"@type\":\"ImageObject\",\"inLanguage\":\"fr-FR\",\"@id\":\"https:\/\/kapitalis.com\/tunisie\/#\/schema\/logo\/image\/\",\"url\":\"https:\/\/kapitalis.com\/tunisie\/wp-content\/uploads\/2022\/05\/Kapitalis-big-size.png\",\"contentUrl\":\"https:\/\/kapitalis.com\/tunisie\/wp-content\/uploads\/2022\/05\/Kapitalis-big-size.png\",\"width\":5000,\"height\":1500,\"caption\":\"Kapitalis\"},\"image\":{\"@id\":\"https:\/\/kapitalis.com\/tunisie\/#\/schema\/logo\/image\/\"},\"sameAs\":[\"https:\/\/www.facebook.com\/KapitalisInfo\/\",\"https:\/\/x.com\/KapitalisInfo\",\"https:\/\/www.youtube.com\/channel\/UC-yDYrHyfFBWWZaOw3FPg9Q\"]},{\"@type\":\"Person\",\"@id\":\"https:\/\/kapitalis.com\/tunisie\/#\/schema\/person\/d71f33a9ca44f7bad4698210b480c8e9\",\"name\":\"webmaster kapitalis\",\"url\":\"https:\/\/kapitalis.com\/tunisie\/author\/webmaster-kapitalis\/\"}]}<\/script>\n<!-- \/ Yoast SEO plugin. -->","yoast_head_json":{"title":"Anissa Meddeb lance son entreprise de mode - Kapitalis","robots":{"index":"index","follow":"follow","max-snippet":"max-snippet:-1","max-image-preview":"max-image-preview:large","max-video-preview":"max-video-preview:-1"},"canonical":"https:\/\/kapitalis.com\/tunisie\/2016\/07\/25\/anissa-meddeb-lance-son-entreprise-de-mode\/","og_locale":"fr_FR","og_type":"article","og_title":"Anissa Meddeb lance son entreprise de mode - Kapitalis","og_description":"Anissa Meddeb (22 ans), fille de Radhi Meddeb, patron de Comete Engineering, a lanc\u00e9 son entreprise de cr\u00e9ation de mod\u00e8les de haute couture et de pr\u00eat-\u00e0-porter.","og_url":"https:\/\/kapitalis.com\/tunisie\/2016\/07\/25\/anissa-meddeb-lance-son-entreprise-de-mode\/","og_site_name":"Kapitalis","article_publisher":"https:\/\/www.facebook.com\/KapitalisInfo\/","article_published_time":"2016-07-25T10:42:36+00:00","article_modified_time":"2016-07-25T10:48:17+00:00","og_image":[{"width":1200,"height":630,"url":"https:\/\/kapitalis.com\/tunisie\/wp-content\/uploads\/2022\/05\/kapitalis-logo-fb.png","type":"image\/png"}],"author":"webmaster kapitalis","twitter_card":"summary_large_image","twitter_creator":"@KapitalisInfo","twitter_site":"@KapitalisInfo","twitter_misc":{"\u00c9crit par":"webmaster kapitalis","Dur\u00e9e de lecture estim\u00e9e":"1 minute"},"schema":{"@context":"https:\/\/schema.org","@graph":[{"@type":"Article","@id":"https:\/\/kapitalis.com\/tunisie\/2016\/07\/25\/anissa-meddeb-lance-son-entreprise-de-mode\/#article","isPartOf":{"@id":"https:\/\/kapitalis.com\/tunisie\/2016\/07\/25\/anissa-meddeb-lance-son-entreprise-de-mode\/"},"author":{"name":"webmaster kapitalis","@id":"https:\/\/kapitalis.com\/tunisie\/#\/schema\/person\/d71f33a9ca44f7bad4698210b480c8e9"},"headline":"Anissa Meddeb lance son entreprise de mode","datePublished":"2016-07-25T10:42:36+00:00","dateModified":"2016-07-25T10:48:17+00:00","mainEntityOfPage":{"@id":"https:\/\/kapitalis.com\/tunisie\/2016\/07\/25\/anissa-meddeb-lance-son-entreprise-de-mode\/"},"wordCount":154,"commentCount":13,"publisher":{"@id":"https:\/\/kapitalis.com\/tunisie\/#organization"},"image":{"@id":"https:\/\/kapitalis.com\/tunisie\/2016\/07\/25\/anissa-meddeb-lance-son-entreprise-de-mode\/#primaryimage"},"thumbnailUrl":"","keywords":["Comete Engineering","haute couture","mode","pr\u00eat-\u00e0-porter","Radhi Meddeb"],"articleSection":["ECONOMIE","Tunisie"],"inLanguage":"fr-FR","potentialAction":[{"@type":"CommentAction","name":"Comment","target":["https:\/\/kapitalis.com\/tunisie\/2016\/07\/25\/anissa-meddeb-lance-son-entreprise-de-mode\/#respond"]}]},{"@type":"WebPage","@id":"https:\/\/kapitalis.com\/tunisie\/2016\/07\/25\/anissa-meddeb-lance-son-entreprise-de-mode\/","url":"https:\/\/kapitalis.com\/tunisie\/2016\/07\/25\/anissa-meddeb-lance-son-entreprise-de-mode\/","name":"Anissa Meddeb lance son entreprise de mode - Kapitalis","isPartOf":{"@id":"https:\/\/kapitalis.com\/tunisie\/#website"},"primaryImageOfPage":{"@id":"https:\/\/kapitalis.com\/tunisie\/2016\/07\/25\/anissa-meddeb-lance-son-entreprise-de-mode\/#primaryimage"},"image":{"@id":"https:\/\/kapitalis.com\/tunisie\/2016\/07\/25\/anissa-meddeb-lance-son-entreprise-de-mode\/#primaryimage"},"thumbnailUrl":"","datePublished":"2016-07-25T10:42:36+00:00","dateModified":"2016-07-25T10:48:17+00:00","breadcrumb":{"@id":"https:\/\/kapitalis.com\/tunisie\/2016\/07\/25\/anissa-meddeb-lance-son-entreprise-de-mode\/#breadcrumb"},"inLanguage":"fr-FR","potentialAction":[{"@type":"ReadAction","target":["https:\/\/kapitalis.com\/tunisie\/2016\/07\/25\/anissa-meddeb-lance-son-entreprise-de-mode\/"]}]},{"@type":"ImageObject","inLanguage":"fr-FR","@id":"https:\/\/kapitalis.com\/tunisie\/2016\/07\/25\/anissa-meddeb-lance-son-entreprise-de-mode\/#primaryimage","url":"","contentUrl":""},{"@type":"BreadcrumbList","@id":"https:\/\/kapitalis.com\/tunisie\/2016\/07\/25\/anissa-meddeb-lance-son-entreprise-de-mode\/#breadcrumb","itemListElement":[{"@type":"ListItem","position":1,"name":"Accueil","item":"https:\/\/kapitalis.com\/tunisie\/"},{"@type":"ListItem","position":2,"name":"Anissa Meddeb lance son entreprise de mode"}]},{"@type":"WebSite","@id":"https:\/\/kapitalis.com\/tunisie\/#website","url":"https:\/\/kapitalis.com\/tunisie\/","name":"Kapitalis","description":"L&#039;actualit\u00e9 en Tunisie et dans le monde","publisher":{"@id":"https:\/\/kapitalis.com\/tunisie\/#organization"},"potentialAction":[{"@type":"SearchAction","target":{"@type":"EntryPoint","urlTemplate":"https:\/\/kapitalis.com\/tunisie\/?s={search_term_string}"},"query-input":{"@type":"PropertyValueSpecification","valueRequired":true,"valueName":"search_term_string"}}],"inLanguage":"fr-FR"},{"@type":"Organization","@id":"https:\/\/kapitalis.com\/tunisie\/#organization","name":"Kapitalis","url":"https:\/\/kapitalis.com\/tunisie\/","logo":{"@type":"ImageObject","inLanguage":"fr-FR","@id":"https:\/\/kapitalis.com\/tunisie\/#\/schema\/logo\/image\/","url":"https:\/\/kapitalis.com\/tunisie\/wp-content\/uploads\/2022\/05\/Kapitalis-big-size.png","contentUrl":"https:\/\/kapitalis.com\/tunisie\/wp-content\/uploads\/2022\/05\/Kapitalis-big-size.png","width":5000,"height":1500,"caption":"Kapitalis"},"image":{"@id":"https:\/\/kapitalis.com\/tunisie\/#\/schema\/logo\/image\/"},"sameAs":["https:\/\/www.facebook.com\/KapitalisInfo\/","https:\/\/x.com\/KapitalisInfo","https:\/\/www.youtube.com\/channel\/UC-yDYrHyfFBWWZaOw3FPg9Q"]},{"@type":"Person","@id":"https:\/\/kapitalis.com\/tunisie\/#\/schema\/person\/d71f33a9ca44f7bad4698210b480c8e9","name":"webmaster kapitalis","url":"https:\/\/kapitalis.com\/tunisie\/author\/webmaster-kapitalis\/"}]}},"_links":{"self":[{"href":"https:\/\/kapitalis.com\/tunisie\/wp-json\/wp\/v2\/posts\/58923","targetHints":{"allow":["GET"]}}],"collection":[{"href":"https:\/\/kapitalis.com\/tunisie\/wp-json\/wp\/v2\/posts"}],"about":[{"href":"https:\/\/kapitalis.com\/tunisie\/wp-json\/wp\/v2\/types\/post"}],"author":[{"embeddable":true,"href":"https:\/\/kapitalis.com\/tunisie\/wp-json\/wp\/v2\/users\/8"}],"replies":[{"embeddable":true,"href":"https:\/\/kapitalis.com\/tunisie\/wp-json\/wp\/v2\/comments?post=58923"}],"version-history":[{"count":0,"href":"https:\/\/kapitalis.com\/tunisie\/wp-json\/wp\/v2\/posts\/58923\/revisions"}],"wp:featuredmedia":[{"embeddable":true,"href":"https:\/\/kapitalis.com\/tunisie\/wp-json\/wp\/v2\/media\/58924"}],"wp:attachment":[{"href":"https:\/\/kapitalis.com\/tunisie\/wp-json\/wp\/v2\/media?parent=58923"}],"wp:term":[{"taxonomy":"category","embeddable":true,"href":"https:\/\/kapitalis.com\/tunisie\/wp-json\/wp\/v2\/categories?post=58923"},{"taxonomy":"post_tag","embeddable":true,"href":"https:\/\/kapitalis.com\/tunisie\/wp-json\/wp\/v2\/tags?post=58923"}],"curies":[{"name":"wp","href":"https:\/\/api.w.org\/{rel}","templated":true}]}}