{"id":58956,"date":"2016-07-25T14:15:37","date_gmt":"2016-07-25T13:15:37","guid":{"rendered":"http:\/\/kapitalis.com\/tunisie\/?p=58956"},"modified":"2016-07-25T14:15:37","modified_gmt":"2016-07-25T13:15:37","slug":"nidaa-tounes-tahar-battikh-demande-des-sanctions-contre-nabil-karoui","status":"publish","type":"post","link":"https:\/\/kapitalis.com\/tunisie\/2016\/07\/25\/nidaa-tounes-tahar-battikh-demande-des-sanctions-contre-nabil-karoui\/","title":{"rendered":"Nidaa Tounes : Tahar Battikh demande des sanctions contre Nabil Karoui"},"content":{"rendered":"<p><img loading=\"lazy\" decoding=\"async\" class=\"alignnone size-full wp-image-58957 aligncenter\" src=\"http:\/\/kapitalis.com\/tunisie\/wp-content\/uploads\/2016\/07\/Nabil-Karoui-et-Tahar-Battikh.jpg\" alt=\"Nabil-Karoui-et-Tahar-Battikh\" width=\"626\" height=\"380\" \/><\/p>\n<p><em><strong>Nabil Karoui n\u2019est plus un partenaire cr\u00e9dible et est devenu une source de probl\u00e8me et de nuisance pour le parti Nidaa Tounes, a d\u00e9clar\u00e9 le d\u00e9put\u00e9 Tahar Battikh.<\/strong> <\/em><\/p>\n<p><!--more--><\/p>\n<p>Dans un post publi\u00e9 aujourd\u2019hui sur sa page Facebook, Tahar Battikh demande \u00e0 ses camarades de Nidaa Tounes de rappeler \u00e0 l\u2019ordre le patron de Nessma TV et membre du bureau politique du parti, qui a nui gravement \u00e0 l\u2019image de Nidaa, a-t-il soulign\u00e9.<\/p>\n<p><em>\u00abJe suis convaincu que monsieur Nabil Karoui ne peut \u00eatre un partenaire politique cr\u00e9dible et qu&rsquo;il est une source de probl\u00e8mes. En tant que coordinateur r\u00e9gional, d\u00e9put\u00e9 et membre du bureau politique de Nidaa, je demande et j\u2019exige des mesures disciplinaires imm\u00e9diates \u00e0 l&rsquo;encontre de cette personne qui nuit \u00e0 notre parti et \u00e0 l\u2019initiative du pr\u00e9sident de la r\u00e9publique\u00bb<\/em> (pour la formation d\u2019un gouvernement d\u2019union nationale, Ndlr), a-t-il \u00e9crit.<\/p>\n<p><em>\u00abToutes les d\u00e9clarations faites par M. Karoui, lors des journ\u00e9es parlementaires de Nidaa, les 23 et 24 juillet, \u00e0 Gammarth, sont d\u00e9nu\u00e9es de toute v\u00e9rit\u00e9\u00bb,<\/em> a ajout\u00e9 le d\u00e9put\u00e9, sans pr\u00e9ciser les points de discorde.<\/p>\n<p>Rappelons que Nabil Karoui, patron de la cha\u00eene priv\u00e9e Nessma, brigue le poste de chef de gouvernement et affiche ostensiblement ses ambitions politiques. L\u2019homme, qui n\u2019a jamais recul\u00e9 devant les m\u00e9langes de genres, utilise sa cha\u00eene de t\u00e9l\u00e9vision pour r\u00e9gler les comptes de\u00a0ses adversaires politiques, m\u00eame au sein de Nidaa Tounes. Ce qui commence \u00e0 faire grincer les dents de ses camarades, de plus en plus agac\u00e9s (c\u2019est un euph\u00e9misme) par son activisme fruste et son indiscipline politique.<\/p>\n<p style=\"text-align: right;\"><strong>Z. A.<\/strong><\/p>\n","protected":false},"excerpt":{"rendered":"<p>Nabil Karoui n\u2019est plus un partenaire cr\u00e9dible et est devenu une source de probl\u00e8me et de nuisance pour le parti Nidaa Tounes, a d\u00e9clar\u00e9 le d\u00e9put\u00e9 Tahar Battikh.<\/p>\n","protected":false},"author":8,"featured_media":58957,"comment_status":"open","ping_status":"open","sticky":false,"template":"","format":"standard","meta":{"footnotes":""},"categories":[997,2433],"tags":[651,657],"class_list":["post-58956","post","type-post","status-publish","format-standard","has-post-thumbnail","hentry","category-politique","category-tunisie","tag-nabil-karoui","tag-nessma-tv"],"yoast_head":"<!-- This site is optimized with the Yoast SEO plugin v26.6 - https:\/\/yoast.com\/wordpress\/plugins\/seo\/ -->\n<title>Nidaa Tounes : Tahar Battikh demande des sanctions contre Nabil Karoui - Kapitalis<\/title>\n<meta name=\"robots\" content=\"index, follow, max-snippet:-1, max-image-preview:large, max-video-preview:-1\" \/>\n<link rel=\"canonical\" href=\"https:\/\/kapitalis.com\/tunisie\/2016\/07\/25\/nidaa-tounes-tahar-battikh-demande-des-sanctions-contre-nabil-karoui\/\" \/>\n<meta property=\"og:locale\" content=\"fr_FR\" \/>\n<meta property=\"og:type\" content=\"article\" \/>\n<meta property=\"og:title\" content=\"Nidaa Tounes : Tahar Battikh demande des sanctions contre Nabil Karoui - Kapitalis\" \/>\n<meta property=\"og:description\" content=\"Nabil Karoui n\u2019est plus un partenaire cr\u00e9dible et est devenu une source de probl\u00e8me et de nuisance pour le parti Nidaa Tounes, a d\u00e9clar\u00e9 le d\u00e9put\u00e9 Tahar Battikh.\" \/>\n<meta property=\"og:url\" content=\"https:\/\/kapitalis.com\/tunisie\/2016\/07\/25\/nidaa-tounes-tahar-battikh-demande-des-sanctions-contre-nabil-karoui\/\" \/>\n<meta property=\"og:site_name\" content=\"Kapitalis\" \/>\n<meta property=\"article:publisher\" content=\"https:\/\/www.facebook.com\/KapitalisInfo\/\" \/>\n<meta property=\"article:published_time\" content=\"2016-07-25T13:15:37+00:00\" \/>\n<meta property=\"og:image\" content=\"https:\/\/kapitalis.com\/tunisie\/wp-content\/uploads\/2022\/05\/kapitalis-logo-fb.png\" \/>\n\t<meta property=\"og:image:width\" content=\"1200\" \/>\n\t<meta property=\"og:image:height\" content=\"630\" \/>\n\t<meta property=\"og:image:type\" content=\"image\/png\" \/>\n<meta name=\"author\" content=\"webmaster kapitalis\" \/>\n<meta name=\"twitter:card\" content=\"summary_large_image\" \/>\n<meta name=\"twitter:creator\" content=\"@KapitalisInfo\" \/>\n<meta name=\"twitter:site\" content=\"@KapitalisInfo\" \/>\n<meta name=\"twitter:label1\" content=\"\u00c9crit par\" \/>\n\t<meta name=\"twitter:data1\" content=\"webmaster kapitalis\" \/>\n\t<meta name=\"twitter:label2\" content=\"Dur\u00e9e de lecture estim\u00e9e\" \/>\n\t<meta name=\"twitter:data2\" content=\"1 minute\" \/>\n<script type=\"application\/ld+json\" class=\"yoast-schema-graph\">{\"@context\":\"https:\/\/schema.org\",\"@graph\":[{\"@type\":\"Article\",\"@id\":\"https:\/\/kapitalis.com\/tunisie\/2016\/07\/25\/nidaa-tounes-tahar-battikh-demande-des-sanctions-contre-nabil-karoui\/#article\",\"isPartOf\":{\"@id\":\"https:\/\/kapitalis.com\/tunisie\/2016\/07\/25\/nidaa-tounes-tahar-battikh-demande-des-sanctions-contre-nabil-karoui\/\"},\"author\":{\"name\":\"webmaster kapitalis\",\"@id\":\"https:\/\/kapitalis.com\/tunisie\/#\/schema\/person\/d71f33a9ca44f7bad4698210b480c8e9\"},\"headline\":\"Nidaa Tounes : Tahar Battikh demande des sanctions contre Nabil Karoui\",\"datePublished\":\"2016-07-25T13:15:37+00:00\",\"mainEntityOfPage\":{\"@id\":\"https:\/\/kapitalis.com\/tunisie\/2016\/07\/25\/nidaa-tounes-tahar-battikh-demande-des-sanctions-contre-nabil-karoui\/\"},\"wordCount\":297,\"commentCount\":1,\"publisher\":{\"@id\":\"https:\/\/kapitalis.com\/tunisie\/#organization\"},\"image\":{\"@id\":\"https:\/\/kapitalis.com\/tunisie\/2016\/07\/25\/nidaa-tounes-tahar-battikh-demande-des-sanctions-contre-nabil-karoui\/#primaryimage\"},\"thumbnailUrl\":\"\",\"keywords\":[\"Nabil Karoui\",\"Nessma TV\"],\"articleSection\":[\"POLITIQUE\",\"Tunisie\"],\"inLanguage\":\"fr-FR\",\"potentialAction\":[{\"@type\":\"CommentAction\",\"name\":\"Comment\",\"target\":[\"https:\/\/kapitalis.com\/tunisie\/2016\/07\/25\/nidaa-tounes-tahar-battikh-demande-des-sanctions-contre-nabil-karoui\/#respond\"]}]},{\"@type\":\"WebPage\",\"@id\":\"https:\/\/kapitalis.com\/tunisie\/2016\/07\/25\/nidaa-tounes-tahar-battikh-demande-des-sanctions-contre-nabil-karoui\/\",\"url\":\"https:\/\/kapitalis.com\/tunisie\/2016\/07\/25\/nidaa-tounes-tahar-battikh-demande-des-sanctions-contre-nabil-karoui\/\",\"name\":\"Nidaa Tounes : Tahar Battikh demande des sanctions contre Nabil Karoui - Kapitalis\",\"isPartOf\":{\"@id\":\"https:\/\/kapitalis.com\/tunisie\/#website\"},\"primaryImageOfPage\":{\"@id\":\"https:\/\/kapitalis.com\/tunisie\/2016\/07\/25\/nidaa-tounes-tahar-battikh-demande-des-sanctions-contre-nabil-karoui\/#primaryimage\"},\"image\":{\"@id\":\"https:\/\/kapitalis.com\/tunisie\/2016\/07\/25\/nidaa-tounes-tahar-battikh-demande-des-sanctions-contre-nabil-karoui\/#primaryimage\"},\"thumbnailUrl\":\"\",\"datePublished\":\"2016-07-25T13:15:37+00:00\",\"breadcrumb\":{\"@id\":\"https:\/\/kapitalis.com\/tunisie\/2016\/07\/25\/nidaa-tounes-tahar-battikh-demande-des-sanctions-contre-nabil-karoui\/#breadcrumb\"},\"inLanguage\":\"fr-FR\",\"potentialAction\":[{\"@type\":\"ReadAction\",\"target\":[\"https:\/\/kapitalis.com\/tunisie\/2016\/07\/25\/nidaa-tounes-tahar-battikh-demande-des-sanctions-contre-nabil-karoui\/\"]}]},{\"@type\":\"ImageObject\",\"inLanguage\":\"fr-FR\",\"@id\":\"https:\/\/kapitalis.com\/tunisie\/2016\/07\/25\/nidaa-tounes-tahar-battikh-demande-des-sanctions-contre-nabil-karoui\/#primaryimage\",\"url\":\"\",\"contentUrl\":\"\"},{\"@type\":\"BreadcrumbList\",\"@id\":\"https:\/\/kapitalis.com\/tunisie\/2016\/07\/25\/nidaa-tounes-tahar-battikh-demande-des-sanctions-contre-nabil-karoui\/#breadcrumb\",\"itemListElement\":[{\"@type\":\"ListItem\",\"position\":1,\"name\":\"Accueil\",\"item\":\"https:\/\/kapitalis.com\/tunisie\/\"},{\"@type\":\"ListItem\",\"position\":2,\"name\":\"Nidaa Tounes : Tahar Battikh demande des sanctions contre Nabil Karoui\"}]},{\"@type\":\"WebSite\",\"@id\":\"https:\/\/kapitalis.com\/tunisie\/#website\",\"url\":\"https:\/\/kapitalis.com\/tunisie\/\",\"name\":\"Kapitalis\",\"description\":\"L&#039;actualit\u00e9 en Tunisie et dans le monde\",\"publisher\":{\"@id\":\"https:\/\/kapitalis.com\/tunisie\/#organization\"},\"potentialAction\":[{\"@type\":\"SearchAction\",\"target\":{\"@type\":\"EntryPoint\",\"urlTemplate\":\"https:\/\/kapitalis.com\/tunisie\/?s={search_term_string}\"},\"query-input\":{\"@type\":\"PropertyValueSpecification\",\"valueRequired\":true,\"valueName\":\"search_term_string\"}}],\"inLanguage\":\"fr-FR\"},{\"@type\":\"Organization\",\"@id\":\"https:\/\/kapitalis.com\/tunisie\/#organization\",\"name\":\"Kapitalis\",\"url\":\"https:\/\/kapitalis.com\/tunisie\/\",\"logo\":{\"@type\":\"ImageObject\",\"inLanguage\":\"fr-FR\",\"@id\":\"https:\/\/kapitalis.com\/tunisie\/#\/schema\/logo\/image\/\",\"url\":\"https:\/\/kapitalis.com\/tunisie\/wp-content\/uploads\/2022\/05\/Kapitalis-big-size.png\",\"contentUrl\":\"https:\/\/kapitalis.com\/tunisie\/wp-content\/uploads\/2022\/05\/Kapitalis-big-size.png\",\"width\":5000,\"height\":1500,\"caption\":\"Kapitalis\"},\"image\":{\"@id\":\"https:\/\/kapitalis.com\/tunisie\/#\/schema\/logo\/image\/\"},\"sameAs\":[\"https:\/\/www.facebook.com\/KapitalisInfo\/\",\"https:\/\/x.com\/KapitalisInfo\",\"https:\/\/www.youtube.com\/channel\/UC-yDYrHyfFBWWZaOw3FPg9Q\"]},{\"@type\":\"Person\",\"@id\":\"https:\/\/kapitalis.com\/tunisie\/#\/schema\/person\/d71f33a9ca44f7bad4698210b480c8e9\",\"name\":\"webmaster kapitalis\",\"url\":\"https:\/\/kapitalis.com\/tunisie\/author\/webmaster-kapitalis\/\"}]}<\/script>\n<!-- \/ Yoast SEO plugin. -->","yoast_head_json":{"title":"Nidaa Tounes : Tahar Battikh demande des sanctions contre Nabil Karoui - Kapitalis","robots":{"index":"index","follow":"follow","max-snippet":"max-snippet:-1","max-image-preview":"max-image-preview:large","max-video-preview":"max-video-preview:-1"},"canonical":"https:\/\/kapitalis.com\/tunisie\/2016\/07\/25\/nidaa-tounes-tahar-battikh-demande-des-sanctions-contre-nabil-karoui\/","og_locale":"fr_FR","og_type":"article","og_title":"Nidaa Tounes : Tahar Battikh demande des sanctions contre Nabil Karoui - Kapitalis","og_description":"Nabil Karoui n\u2019est plus un partenaire cr\u00e9dible et est devenu une source de probl\u00e8me et de nuisance pour le parti Nidaa Tounes, a d\u00e9clar\u00e9 le d\u00e9put\u00e9 Tahar Battikh.","og_url":"https:\/\/kapitalis.com\/tunisie\/2016\/07\/25\/nidaa-tounes-tahar-battikh-demande-des-sanctions-contre-nabil-karoui\/","og_site_name":"Kapitalis","article_publisher":"https:\/\/www.facebook.com\/KapitalisInfo\/","article_published_time":"2016-07-25T13:15:37+00:00","og_image":[{"width":1200,"height":630,"url":"https:\/\/kapitalis.com\/tunisie\/wp-content\/uploads\/2022\/05\/kapitalis-logo-fb.png","type":"image\/png"}],"author":"webmaster kapitalis","twitter_card":"summary_large_image","twitter_creator":"@KapitalisInfo","twitter_site":"@KapitalisInfo","twitter_misc":{"\u00c9crit par":"webmaster kapitalis","Dur\u00e9e de lecture estim\u00e9e":"1 minute"},"schema":{"@context":"https:\/\/schema.org","@graph":[{"@type":"Article","@id":"https:\/\/kapitalis.com\/tunisie\/2016\/07\/25\/nidaa-tounes-tahar-battikh-demande-des-sanctions-contre-nabil-karoui\/#article","isPartOf":{"@id":"https:\/\/kapitalis.com\/tunisie\/2016\/07\/25\/nidaa-tounes-tahar-battikh-demande-des-sanctions-contre-nabil-karoui\/"},"author":{"name":"webmaster kapitalis","@id":"https:\/\/kapitalis.com\/tunisie\/#\/schema\/person\/d71f33a9ca44f7bad4698210b480c8e9"},"headline":"Nidaa Tounes : Tahar Battikh demande des sanctions contre Nabil Karoui","datePublished":"2016-07-25T13:15:37+00:00","mainEntityOfPage":{"@id":"https:\/\/kapitalis.com\/tunisie\/2016\/07\/25\/nidaa-tounes-tahar-battikh-demande-des-sanctions-contre-nabil-karoui\/"},"wordCount":297,"commentCount":1,"publisher":{"@id":"https:\/\/kapitalis.com\/tunisie\/#organization"},"image":{"@id":"https:\/\/kapitalis.com\/tunisie\/2016\/07\/25\/nidaa-tounes-tahar-battikh-demande-des-sanctions-contre-nabil-karoui\/#primaryimage"},"thumbnailUrl":"","keywords":["Nabil Karoui","Nessma TV"],"articleSection":["POLITIQUE","Tunisie"],"inLanguage":"fr-FR","potentialAction":[{"@type":"CommentAction","name":"Comment","target":["https:\/\/kapitalis.com\/tunisie\/2016\/07\/25\/nidaa-tounes-tahar-battikh-demande-des-sanctions-contre-nabil-karoui\/#respond"]}]},{"@type":"WebPage","@id":"https:\/\/kapitalis.com\/tunisie\/2016\/07\/25\/nidaa-tounes-tahar-battikh-demande-des-sanctions-contre-nabil-karoui\/","url":"https:\/\/kapitalis.com\/tunisie\/2016\/07\/25\/nidaa-tounes-tahar-battikh-demande-des-sanctions-contre-nabil-karoui\/","name":"Nidaa Tounes : Tahar Battikh demande des sanctions contre Nabil Karoui - Kapitalis","isPartOf":{"@id":"https:\/\/kapitalis.com\/tunisie\/#website"},"primaryImageOfPage":{"@id":"https:\/\/kapitalis.com\/tunisie\/2016\/07\/25\/nidaa-tounes-tahar-battikh-demande-des-sanctions-contre-nabil-karoui\/#primaryimage"},"image":{"@id":"https:\/\/kapitalis.com\/tunisie\/2016\/07\/25\/nidaa-tounes-tahar-battikh-demande-des-sanctions-contre-nabil-karoui\/#primaryimage"},"thumbnailUrl":"","datePublished":"2016-07-25T13:15:37+00:00","breadcrumb":{"@id":"https:\/\/kapitalis.com\/tunisie\/2016\/07\/25\/nidaa-tounes-tahar-battikh-demande-des-sanctions-contre-nabil-karoui\/#breadcrumb"},"inLanguage":"fr-FR","potentialAction":[{"@type":"ReadAction","target":["https:\/\/kapitalis.com\/tunisie\/2016\/07\/25\/nidaa-tounes-tahar-battikh-demande-des-sanctions-contre-nabil-karoui\/"]}]},{"@type":"ImageObject","inLanguage":"fr-FR","@id":"https:\/\/kapitalis.com\/tunisie\/2016\/07\/25\/nidaa-tounes-tahar-battikh-demande-des-sanctions-contre-nabil-karoui\/#primaryimage","url":"","contentUrl":""},{"@type":"BreadcrumbList","@id":"https:\/\/kapitalis.com\/tunisie\/2016\/07\/25\/nidaa-tounes-tahar-battikh-demande-des-sanctions-contre-nabil-karoui\/#breadcrumb","itemListElement":[{"@type":"ListItem","position":1,"name":"Accueil","item":"https:\/\/kapitalis.com\/tunisie\/"},{"@type":"ListItem","position":2,"name":"Nidaa Tounes : Tahar Battikh demande des sanctions contre Nabil Karoui"}]},{"@type":"WebSite","@id":"https:\/\/kapitalis.com\/tunisie\/#website","url":"https:\/\/kapitalis.com\/tunisie\/","name":"Kapitalis","description":"L&#039;actualit\u00e9 en Tunisie et dans le monde","publisher":{"@id":"https:\/\/kapitalis.com\/tunisie\/#organization"},"potentialAction":[{"@type":"SearchAction","target":{"@type":"EntryPoint","urlTemplate":"https:\/\/kapitalis.com\/tunisie\/?s={search_term_string}"},"query-input":{"@type":"PropertyValueSpecification","valueRequired":true,"valueName":"search_term_string"}}],"inLanguage":"fr-FR"},{"@type":"Organization","@id":"https:\/\/kapitalis.com\/tunisie\/#organization","name":"Kapitalis","url":"https:\/\/kapitalis.com\/tunisie\/","logo":{"@type":"ImageObject","inLanguage":"fr-FR","@id":"https:\/\/kapitalis.com\/tunisie\/#\/schema\/logo\/image\/","url":"https:\/\/kapitalis.com\/tunisie\/wp-content\/uploads\/2022\/05\/Kapitalis-big-size.png","contentUrl":"https:\/\/kapitalis.com\/tunisie\/wp-content\/uploads\/2022\/05\/Kapitalis-big-size.png","width":5000,"height":1500,"caption":"Kapitalis"},"image":{"@id":"https:\/\/kapitalis.com\/tunisie\/#\/schema\/logo\/image\/"},"sameAs":["https:\/\/www.facebook.com\/KapitalisInfo\/","https:\/\/x.com\/KapitalisInfo","https:\/\/www.youtube.com\/channel\/UC-yDYrHyfFBWWZaOw3FPg9Q"]},{"@type":"Person","@id":"https:\/\/kapitalis.com\/tunisie\/#\/schema\/person\/d71f33a9ca44f7bad4698210b480c8e9","name":"webmaster kapitalis","url":"https:\/\/kapitalis.com\/tunisie\/author\/webmaster-kapitalis\/"}]}},"_links":{"self":[{"href":"https:\/\/kapitalis.com\/tunisie\/wp-json\/wp\/v2\/posts\/58956","targetHints":{"allow":["GET"]}}],"collection":[{"href":"https:\/\/kapitalis.com\/tunisie\/wp-json\/wp\/v2\/posts"}],"about":[{"href":"https:\/\/kapitalis.com\/tunisie\/wp-json\/wp\/v2\/types\/post"}],"author":[{"embeddable":true,"href":"https:\/\/kapitalis.com\/tunisie\/wp-json\/wp\/v2\/users\/8"}],"replies":[{"embeddable":true,"href":"https:\/\/kapitalis.com\/tunisie\/wp-json\/wp\/v2\/comments?post=58956"}],"version-history":[{"count":0,"href":"https:\/\/kapitalis.com\/tunisie\/wp-json\/wp\/v2\/posts\/58956\/revisions"}],"wp:featuredmedia":[{"embeddable":true,"href":"https:\/\/kapitalis.com\/tunisie\/wp-json\/wp\/v2\/media\/58957"}],"wp:attachment":[{"href":"https:\/\/kapitalis.com\/tunisie\/wp-json\/wp\/v2\/media?parent=58956"}],"wp:term":[{"taxonomy":"category","embeddable":true,"href":"https:\/\/kapitalis.com\/tunisie\/wp-json\/wp\/v2\/categories?post=58956"},{"taxonomy":"post_tag","embeddable":true,"href":"https:\/\/kapitalis.com\/tunisie\/wp-json\/wp\/v2\/tags?post=58956"}],"curies":[{"name":"wp","href":"https:\/\/api.w.org\/{rel}","templated":true}]}}