{"id":59040,"date":"2016-07-26T10:01:18","date_gmt":"2016-07-26T09:01:18","guid":{"rendered":"http:\/\/kapitalis.com\/tunisie\/?p=59040"},"modified":"2016-07-26T10:01:18","modified_gmt":"2016-07-26T09:01:18","slug":"la-tunisie-en-pilotage-providentiel","status":"publish","type":"post","link":"https:\/\/kapitalis.com\/tunisie\/2016\/07\/26\/la-tunisie-en-pilotage-providentiel\/","title":{"rendered":"La Tunisie en pilotage providentiel"},"content":{"rendered":"<p style=\"text-align: center;\"><img loading=\"lazy\" decoding=\"async\" class=\"alignnone size-full wp-image-11201\" src=\"http:\/\/kapitalis.com\/tunisie\/wp-content\/uploads\/2015\/08\/Tunisie-Drapeau.jpg\" alt=\"Tunisie-Drapeau\" width=\"626\" height=\"380\" \/><\/p>\n<p><strong><em>La Tunisie n\u2019est plus gouvern\u00e9e par ses \u00e9lites, d\u00e9connect\u00e9es des r\u00e9alit\u00e9s, mais en pilotage providentiel, une terre ardente plus que jamais prot\u00e9g\u00e9e par ses saints !<\/em><\/strong><\/p>\n<p>Par <strong>Farhat Othman<\/strong><\/p>\n<p><!--more--><\/p>\n<p>Dans une tribune intitul\u00e9e <a href=\"http:\/\/kapitalis.com\/tunisie\/2016\/07\/25\/qui-gouverne-aujourdhui-la-tunisie\/\"><em>\u2018\u2018Qui gouverne, aujourd&rsquo;hui, la Tunisie\u2019\u2019<\/em><\/a>, Chokri Mamoghli, ancien secr\u00e9taire d\u2019\u00c9tat, docteur en finance et enseignant d\u2019universit\u00e9, conclut par cette affirmation : <em>\u00abLe peuple, l\u00e0 o\u00f9 je vais, n\u2019a qu\u2019un seul souhait, une seule demande. Il veut un vrai chef, pas un guignol, mais une personne qui d\u00e9cide et qui se fait respecter.\u00bb<\/em><\/p>\n<p><strong>Nos \u00e9lites d\u00e9connect\u00e9es des r\u00e9alit\u00e9s <\/strong><\/p>\n<p>Si un tel constat est juste, il est ob\u00e9r\u00e9 par la suite qui manifeste l\u2019alignement sur le dogmatisme auquel l\u2019auteur semble ne pas \u00e9chapper, se faisant l\u2019\u00e9cho d\u2019une ritournelle bourguibiste : <em>\u00abAllah Yerham Bourguiba. Il est le seul \u00e0 avoir saisi l\u2019\u00e2me de ce peuple et \u00e0 avoir compris quelle Constitution il lui fallait.\u00bb<\/em><\/p>\n<p>En r\u00e9ponse, je partirais par o\u00f9 il a fini avec le slogan galvaud\u00e9 \u00ab<em>Vive la r\u00e9publique<\/em>\u00bb, et ce en notant qu\u2019on oublie trop facilement que la R\u00e9publique est la chose de tous ; or, c\u2019est le cas pr\u00e9sentement, ce qui n\u2019a pas \u00e9t\u00e9 le cas, m\u00eame avec Bourguiba.<\/p>\n<p>Il est vrai, \u00ab<em>Al-Moujahed Al-Akbar<\/em>\u00bb (Jihadiste Supr\u00eame, c\u2019est la meilleure traduction aujourd\u2019hui de son titre, plus que jamais d\u2019actualit\u00e9) a investi sa vie et sa destin\u00e9e pour la patrie. Mais l\u2019ayant identifi\u00e9e \u00e0 sa personne, il a cumul\u00e9 le meilleur et le pire. Aussi, au lieu d\u2019avoir avec lui l\u2019Etat d\u00e9mocratique et r\u00e9ellement moderne que le peuple m\u00e9ritait, on s\u2019est limit\u00e9 au basique, versant m\u00eame dans la caricature de la d\u00e9mocratie et de la modernit\u00e9.<\/p>\n<p>C\u2019est un tel manque cruel qui a autoris\u00e9 les d\u00e9rives qui ont suivi son r\u00e8gne, et surtout la volte-face r\u00e9trograde actuelle. Car on sait que le retour du refoul\u00e9 est toujours terrible et a pour cause les graines sem\u00e9es dans l\u2019inconscient collectif. Aussi, d\u2019un pur point de vue logique, il n\u2019est pas exag\u00e9r\u00e9 de dire que c\u2019est Bourguiba, pour tout ce qu\u2019il n&rsquo;a pas fait, qui est responsable de ce qui se fait de mal actuellement en Tunisie.<\/p>\n<p>Pour r\u00e9sumer, disons qu\u2019il a agi comme un p\u00e8re de famille qui a certes veill\u00e9 \u00e0 l\u2019int\u00e9r\u00eat de ses enfants, les nourrissant et les \u00e9duquant, mais tout en n\u00e9gligeant l\u2019essentiel qui \u00e9tait de veiller aux vaccins obligatoires.<\/p>\n<p>Oui, indubitablement, il a fait quelque chose de capital qui prot\u00e8ge aujourd\u2019hui encore la patrie; mais il est significatif de noter qu\u2019il l\u2019a fait par sentiment et sur coup de coeur en hommage \u00e0 sa maman: la lib\u00e9ration de la femme. Or, l\u00e0 aussi, il s\u2019est arr\u00eat\u00e9 au milieu du guet en ne donnant pas d\u00e9j\u00e0 \u00e0 la femme sa totale \u00e9galit\u00e9 avec l\u2019homme.<\/p>\n<p>Aujourd\u2019hui, petit-\u00e0-petit, la Tunisie se d\u00e9couvre \u00e0 elle-m\u00eame dans le chaos qui n\u2019est qu\u2019une \u00e9tape oblig\u00e9e pour le nouveau monde en gestation, l\u2019ordre ancien \u00e9tant obsol\u00e8te. Aussi, personne ne gouverne la Tunisie et ne peut la gouverner; m\u00eame pas l\u2019Occident ou les \u00c9tats-Unis! Ce sont les masses diffract\u00e9es dans les diff\u00e9rentes strates de la socialit\u00e9, politiques, \u00e9conomiques et surtout sociales, qui se gouvernent \u00e0 t\u00e2tons, mais s\u00fbrement. On en verra plus tard le r\u00e9sultat.<\/p>\n<p><strong>Le peuple, machine \u00e0 faire des dieux<\/strong><\/p>\n<p>Il manque juste \u00e0 ces masses pour moins de perte de temps les \u00e9lites \u00e9clair\u00e9es et qui ne soient pas trop positivistes au point d\u2019\u00eatre cart\u00e9sistes, plut\u00f4t organiques donc, pour n\u2019\u00eatre nullement d\u00e9connect\u00e9es de telles r\u00e9alit\u00e9s et aider enfin le peuple sinon en d\u00e9frichant pour lui le terrain \u2014 ces chemins qui ne m\u00e8nent nulle pas de Heidegger \u2014, du moins en le leur \u00e9clairant de leur savoir devant \u00eatre incorpor\u00e9.<\/p>\n<p>Pour cela, ces \u00e9lites ne doivent pas verser dans leur p\u00e9ch\u00e9 mignon du dogmatisme st\u00e9rile et d\u2019occidentalo-centrisme n\u00e9faste, car ils ne font alors rien d\u2019autre que renforcer les dogmatiques d\u2019en face qui eux se r\u00e9f\u00e8rent \u00e0 un orientalo-centrisme encore plus pernicieux, tout en ayant aux yeux des masses l\u2019avantage ind\u00e9niable de l\u2019enracinement, bien que vici\u00e9.<\/p>\n<p>Il nous faut imp\u00e9rativement faire en sorte qu\u2019un tel enracinement soit dynamique ; ce qui suppose que l\u2019on ne jette pas l\u2019eau du bain de religiosit\u00e9 avec le b\u00e9b\u00e9 de la Tunisie spirituelle. Et c\u2019est ce coup du peuple r\u00e9v\u00e9lateur de la soci\u00e9t\u00e9 \u00e0 elle-m\u00eame avec ses vices et ses vertus qu\u2019il faut prot\u00e9ger en allant dans le sens de la soif populaire de droits et la faim de libert\u00e9s.<\/p>\n<p>C\u2019est ce que ne font pas nos \u00e9lites, les plus \u00e9clair\u00e9es notamment, qui se d\u00e9voilent ainsi \u00eatre, sans s\u2019en rendre compte ou en l\u2019assumant pour certaines, les plus s\u00fbres complices des acteurs obscurantistes n\u2019existent que gr\u00e2ce \u00e0 elles et \u00e0 leur d\u00e9mission de l\u2019imp\u00e9ratif cat\u00e9gorique d\u2019une soci\u00e9t\u00e9 de droits et de libert\u00e9s.<\/p>\n<p>La foi aujourd\u2019hui en Tunisie \u2014 cette foi pouvant \u00eatre scientifique et non la croyance dogmatique \u2014 est une n\u00e9cessit\u00e9 imp\u00e9rative; mais elle se doit \u00eatre une sorte de <em>fair-pray<\/em>, une foi en l\u2019exception Tunisie, une volont\u00e9 pour la faire advenir, car elle reste encore en puissance.<\/p>\n<p>Et c\u2019est la seule voie de salut pour notre patrie qui est moins celle de Bourguiba, ou de quiconque de nos politiciens imbus de sa personne, que du peuple en effervescence. Or, comme le disait Durkheim un tel peuple est une machine \u00e0 faire des dieux ! On a bel et bien affaire \u00e0 un divin social dont tout coin de rue et de ruelle de Tunisie; que nos \u00e9lites y fassent donc attention, surtout celle vivant \u00e0 l\u2019\u00e9tranger, la distance devant aider \u00e0 mieux voir l\u2019invisible et non \u00e0 occulter les r\u00e9alit\u00e9s tangibles.<\/p>\n<p>Ainsi assureront-elles le meilleur pour ce peuple dont elles doivent faire partie en ne cherchant plus \u00e0 le repr\u00e9senter, mais juste \u00e0 le pr\u00e9senter tel qu\u2019il est. Car il est d\u00e9sormais en pilotage providentiel du fait de sa foi intrins\u00e8quement soufie; c\u2019est m\u00eame tout le pays qui l\u2019est \u00e9tant une terre ardente plus que jamais prot\u00e9g\u00e9e de ses saints.<\/p>\n","protected":false},"excerpt":{"rendered":"<p>La Tunisie n\u2019est plus gouvern\u00e9e par ses \u00e9lites, d\u00e9connect\u00e9es des r\u00e9alit\u00e9s, mais en pilotage providentiel, une terre ardente plus que jamais prot\u00e9g\u00e9e par ses saints ! Par Farhat Othman<\/p>\n","protected":false},"author":8,"featured_media":0,"comment_status":"open","ping_status":"open","sticky":false,"template":"","format":"standard","meta":{"footnotes":""},"categories":[992,1000,2433],"tags":[163,10441,5407,230,5619,14101,2589],"class_list":["post-59040","post","type-post","status-publish","format-standard","hentry","category-a-la-une","category-tribune","category-tunisie","tag-bourguiba","tag-bourguibistes","tag-chokri-mamoghli","tag-constitution","tag-droits","tag-libertes","tag-republique"],"yoast_head":"<!-- This site is optimized with the Yoast SEO plugin v26.6 - https:\/\/yoast.com\/wordpress\/plugins\/seo\/ -->\n<title>La Tunisie en pilotage providentiel - Kapitalis<\/title>\n<meta name=\"robots\" content=\"index, follow, max-snippet:-1, max-image-preview:large, max-video-preview:-1\" \/>\n<link rel=\"canonical\" href=\"https:\/\/kapitalis.com\/tunisie\/2016\/07\/26\/la-tunisie-en-pilotage-providentiel\/\" \/>\n<meta property=\"og:locale\" content=\"fr_FR\" \/>\n<meta property=\"og:type\" content=\"article\" \/>\n<meta property=\"og:title\" content=\"La Tunisie en pilotage providentiel - Kapitalis\" \/>\n<meta property=\"og:description\" content=\"La Tunisie n\u2019est plus gouvern\u00e9e par ses \u00e9lites, d\u00e9connect\u00e9es des r\u00e9alit\u00e9s, mais en pilotage providentiel, une terre ardente plus que jamais prot\u00e9g\u00e9e par ses saints ! Par Farhat Othman\" \/>\n<meta property=\"og:url\" content=\"https:\/\/kapitalis.com\/tunisie\/2016\/07\/26\/la-tunisie-en-pilotage-providentiel\/\" \/>\n<meta property=\"og:site_name\" content=\"Kapitalis\" \/>\n<meta property=\"article:publisher\" content=\"https:\/\/www.facebook.com\/KapitalisInfo\/\" \/>\n<meta property=\"article:published_time\" content=\"2016-07-26T09:01:18+00:00\" \/>\n<meta property=\"og:image\" content=\"http:\/\/kapitalis.com\/tunisie\/wp-content\/uploads\/2015\/08\/Tunisie-Drapeau.jpg\" \/>\n<meta name=\"author\" content=\"webmaster kapitalis\" \/>\n<meta name=\"twitter:card\" content=\"summary_large_image\" \/>\n<meta name=\"twitter:creator\" content=\"@KapitalisInfo\" \/>\n<meta name=\"twitter:site\" content=\"@KapitalisInfo\" \/>\n<meta name=\"twitter:label1\" content=\"\u00c9crit par\" \/>\n\t<meta name=\"twitter:data1\" content=\"webmaster kapitalis\" \/>\n\t<meta name=\"twitter:label2\" content=\"Dur\u00e9e de lecture estim\u00e9e\" \/>\n\t<meta name=\"twitter:data2\" content=\"6 minutes\" \/>\n<script type=\"application\/ld+json\" class=\"yoast-schema-graph\">{\"@context\":\"https:\/\/schema.org\",\"@graph\":[{\"@type\":\"Article\",\"@id\":\"https:\/\/kapitalis.com\/tunisie\/2016\/07\/26\/la-tunisie-en-pilotage-providentiel\/#article\",\"isPartOf\":{\"@id\":\"https:\/\/kapitalis.com\/tunisie\/2016\/07\/26\/la-tunisie-en-pilotage-providentiel\/\"},\"author\":{\"name\":\"webmaster kapitalis\",\"@id\":\"https:\/\/kapitalis.com\/tunisie\/#\/schema\/person\/d71f33a9ca44f7bad4698210b480c8e9\"},\"headline\":\"La Tunisie en pilotage providentiel\",\"datePublished\":\"2016-07-26T09:01:18+00:00\",\"mainEntityOfPage\":{\"@id\":\"https:\/\/kapitalis.com\/tunisie\/2016\/07\/26\/la-tunisie-en-pilotage-providentiel\/\"},\"wordCount\":1110,\"commentCount\":6,\"publisher\":{\"@id\":\"https:\/\/kapitalis.com\/tunisie\/#organization\"},\"image\":{\"@id\":\"https:\/\/kapitalis.com\/tunisie\/2016\/07\/26\/la-tunisie-en-pilotage-providentiel\/#primaryimage\"},\"thumbnailUrl\":\"http:\/\/kapitalis.com\/tunisie\/wp-content\/uploads\/2015\/08\/Tunisie-Drapeau.jpg\",\"keywords\":[\"Bourguiba\",\"bourguibistes\",\"Chokri Mamoghli\",\"constitution\",\"droits\",\"libert\u00e9s\",\"r\u00e9publique\"],\"articleSection\":[\"A LA UNE\",\"TRIBUNE\",\"Tunisie\"],\"inLanguage\":\"fr-FR\",\"potentialAction\":[{\"@type\":\"CommentAction\",\"name\":\"Comment\",\"target\":[\"https:\/\/kapitalis.com\/tunisie\/2016\/07\/26\/la-tunisie-en-pilotage-providentiel\/#respond\"]}]},{\"@type\":\"WebPage\",\"@id\":\"https:\/\/kapitalis.com\/tunisie\/2016\/07\/26\/la-tunisie-en-pilotage-providentiel\/\",\"url\":\"https:\/\/kapitalis.com\/tunisie\/2016\/07\/26\/la-tunisie-en-pilotage-providentiel\/\",\"name\":\"La Tunisie en pilotage providentiel - Kapitalis\",\"isPartOf\":{\"@id\":\"https:\/\/kapitalis.com\/tunisie\/#website\"},\"primaryImageOfPage\":{\"@id\":\"https:\/\/kapitalis.com\/tunisie\/2016\/07\/26\/la-tunisie-en-pilotage-providentiel\/#primaryimage\"},\"image\":{\"@id\":\"https:\/\/kapitalis.com\/tunisie\/2016\/07\/26\/la-tunisie-en-pilotage-providentiel\/#primaryimage\"},\"thumbnailUrl\":\"http:\/\/kapitalis.com\/tunisie\/wp-content\/uploads\/2015\/08\/Tunisie-Drapeau.jpg\",\"datePublished\":\"2016-07-26T09:01:18+00:00\",\"breadcrumb\":{\"@id\":\"https:\/\/kapitalis.com\/tunisie\/2016\/07\/26\/la-tunisie-en-pilotage-providentiel\/#breadcrumb\"},\"inLanguage\":\"fr-FR\",\"potentialAction\":[{\"@type\":\"ReadAction\",\"target\":[\"https:\/\/kapitalis.com\/tunisie\/2016\/07\/26\/la-tunisie-en-pilotage-providentiel\/\"]}]},{\"@type\":\"ImageObject\",\"inLanguage\":\"fr-FR\",\"@id\":\"https:\/\/kapitalis.com\/tunisie\/2016\/07\/26\/la-tunisie-en-pilotage-providentiel\/#primaryimage\",\"url\":\"http:\/\/kapitalis.com\/tunisie\/wp-content\/uploads\/2015\/08\/Tunisie-Drapeau.jpg\",\"contentUrl\":\"http:\/\/kapitalis.com\/tunisie\/wp-content\/uploads\/2015\/08\/Tunisie-Drapeau.jpg\"},{\"@type\":\"BreadcrumbList\",\"@id\":\"https:\/\/kapitalis.com\/tunisie\/2016\/07\/26\/la-tunisie-en-pilotage-providentiel\/#breadcrumb\",\"itemListElement\":[{\"@type\":\"ListItem\",\"position\":1,\"name\":\"Accueil\",\"item\":\"https:\/\/kapitalis.com\/tunisie\/\"},{\"@type\":\"ListItem\",\"position\":2,\"name\":\"La Tunisie en pilotage providentiel\"}]},{\"@type\":\"WebSite\",\"@id\":\"https:\/\/kapitalis.com\/tunisie\/#website\",\"url\":\"https:\/\/kapitalis.com\/tunisie\/\",\"name\":\"Kapitalis\",\"description\":\"L&#039;actualit\u00e9 en Tunisie et dans le monde\",\"publisher\":{\"@id\":\"https:\/\/kapitalis.com\/tunisie\/#organization\"},\"potentialAction\":[{\"@type\":\"SearchAction\",\"target\":{\"@type\":\"EntryPoint\",\"urlTemplate\":\"https:\/\/kapitalis.com\/tunisie\/?s={search_term_string}\"},\"query-input\":{\"@type\":\"PropertyValueSpecification\",\"valueRequired\":true,\"valueName\":\"search_term_string\"}}],\"inLanguage\":\"fr-FR\"},{\"@type\":\"Organization\",\"@id\":\"https:\/\/kapitalis.com\/tunisie\/#organization\",\"name\":\"Kapitalis\",\"url\":\"https:\/\/kapitalis.com\/tunisie\/\",\"logo\":{\"@type\":\"ImageObject\",\"inLanguage\":\"fr-FR\",\"@id\":\"https:\/\/kapitalis.com\/tunisie\/#\/schema\/logo\/image\/\",\"url\":\"https:\/\/kapitalis.com\/tunisie\/wp-content\/uploads\/2022\/05\/Kapitalis-big-size.png\",\"contentUrl\":\"https:\/\/kapitalis.com\/tunisie\/wp-content\/uploads\/2022\/05\/Kapitalis-big-size.png\",\"width\":5000,\"height\":1500,\"caption\":\"Kapitalis\"},\"image\":{\"@id\":\"https:\/\/kapitalis.com\/tunisie\/#\/schema\/logo\/image\/\"},\"sameAs\":[\"https:\/\/www.facebook.com\/KapitalisInfo\/\",\"https:\/\/x.com\/KapitalisInfo\",\"https:\/\/www.youtube.com\/channel\/UC-yDYrHyfFBWWZaOw3FPg9Q\"]},{\"@type\":\"Person\",\"@id\":\"https:\/\/kapitalis.com\/tunisie\/#\/schema\/person\/d71f33a9ca44f7bad4698210b480c8e9\",\"name\":\"webmaster kapitalis\",\"url\":\"https:\/\/kapitalis.com\/tunisie\/author\/webmaster-kapitalis\/\"}]}<\/script>\n<!-- \/ Yoast SEO plugin. -->","yoast_head_json":{"title":"La Tunisie en pilotage providentiel - Kapitalis","robots":{"index":"index","follow":"follow","max-snippet":"max-snippet:-1","max-image-preview":"max-image-preview:large","max-video-preview":"max-video-preview:-1"},"canonical":"https:\/\/kapitalis.com\/tunisie\/2016\/07\/26\/la-tunisie-en-pilotage-providentiel\/","og_locale":"fr_FR","og_type":"article","og_title":"La Tunisie en pilotage providentiel - Kapitalis","og_description":"La Tunisie n\u2019est plus gouvern\u00e9e par ses \u00e9lites, d\u00e9connect\u00e9es des r\u00e9alit\u00e9s, mais en pilotage providentiel, une terre ardente plus que jamais prot\u00e9g\u00e9e par ses saints ! Par Farhat Othman","og_url":"https:\/\/kapitalis.com\/tunisie\/2016\/07\/26\/la-tunisie-en-pilotage-providentiel\/","og_site_name":"Kapitalis","article_publisher":"https:\/\/www.facebook.com\/KapitalisInfo\/","article_published_time":"2016-07-26T09:01:18+00:00","og_image":[{"url":"http:\/\/kapitalis.com\/tunisie\/wp-content\/uploads\/2015\/08\/Tunisie-Drapeau.jpg","type":"","width":"","height":""}],"author":"webmaster kapitalis","twitter_card":"summary_large_image","twitter_creator":"@KapitalisInfo","twitter_site":"@KapitalisInfo","twitter_misc":{"\u00c9crit par":"webmaster kapitalis","Dur\u00e9e de lecture estim\u00e9e":"6 minutes"},"schema":{"@context":"https:\/\/schema.org","@graph":[{"@type":"Article","@id":"https:\/\/kapitalis.com\/tunisie\/2016\/07\/26\/la-tunisie-en-pilotage-providentiel\/#article","isPartOf":{"@id":"https:\/\/kapitalis.com\/tunisie\/2016\/07\/26\/la-tunisie-en-pilotage-providentiel\/"},"author":{"name":"webmaster kapitalis","@id":"https:\/\/kapitalis.com\/tunisie\/#\/schema\/person\/d71f33a9ca44f7bad4698210b480c8e9"},"headline":"La Tunisie en pilotage providentiel","datePublished":"2016-07-26T09:01:18+00:00","mainEntityOfPage":{"@id":"https:\/\/kapitalis.com\/tunisie\/2016\/07\/26\/la-tunisie-en-pilotage-providentiel\/"},"wordCount":1110,"commentCount":6,"publisher":{"@id":"https:\/\/kapitalis.com\/tunisie\/#organization"},"image":{"@id":"https:\/\/kapitalis.com\/tunisie\/2016\/07\/26\/la-tunisie-en-pilotage-providentiel\/#primaryimage"},"thumbnailUrl":"http:\/\/kapitalis.com\/tunisie\/wp-content\/uploads\/2015\/08\/Tunisie-Drapeau.jpg","keywords":["Bourguiba","bourguibistes","Chokri Mamoghli","constitution","droits","libert\u00e9s","r\u00e9publique"],"articleSection":["A LA UNE","TRIBUNE","Tunisie"],"inLanguage":"fr-FR","potentialAction":[{"@type":"CommentAction","name":"Comment","target":["https:\/\/kapitalis.com\/tunisie\/2016\/07\/26\/la-tunisie-en-pilotage-providentiel\/#respond"]}]},{"@type":"WebPage","@id":"https:\/\/kapitalis.com\/tunisie\/2016\/07\/26\/la-tunisie-en-pilotage-providentiel\/","url":"https:\/\/kapitalis.com\/tunisie\/2016\/07\/26\/la-tunisie-en-pilotage-providentiel\/","name":"La Tunisie en pilotage providentiel - Kapitalis","isPartOf":{"@id":"https:\/\/kapitalis.com\/tunisie\/#website"},"primaryImageOfPage":{"@id":"https:\/\/kapitalis.com\/tunisie\/2016\/07\/26\/la-tunisie-en-pilotage-providentiel\/#primaryimage"},"image":{"@id":"https:\/\/kapitalis.com\/tunisie\/2016\/07\/26\/la-tunisie-en-pilotage-providentiel\/#primaryimage"},"thumbnailUrl":"http:\/\/kapitalis.com\/tunisie\/wp-content\/uploads\/2015\/08\/Tunisie-Drapeau.jpg","datePublished":"2016-07-26T09:01:18+00:00","breadcrumb":{"@id":"https:\/\/kapitalis.com\/tunisie\/2016\/07\/26\/la-tunisie-en-pilotage-providentiel\/#breadcrumb"},"inLanguage":"fr-FR","potentialAction":[{"@type":"ReadAction","target":["https:\/\/kapitalis.com\/tunisie\/2016\/07\/26\/la-tunisie-en-pilotage-providentiel\/"]}]},{"@type":"ImageObject","inLanguage":"fr-FR","@id":"https:\/\/kapitalis.com\/tunisie\/2016\/07\/26\/la-tunisie-en-pilotage-providentiel\/#primaryimage","url":"http:\/\/kapitalis.com\/tunisie\/wp-content\/uploads\/2015\/08\/Tunisie-Drapeau.jpg","contentUrl":"http:\/\/kapitalis.com\/tunisie\/wp-content\/uploads\/2015\/08\/Tunisie-Drapeau.jpg"},{"@type":"BreadcrumbList","@id":"https:\/\/kapitalis.com\/tunisie\/2016\/07\/26\/la-tunisie-en-pilotage-providentiel\/#breadcrumb","itemListElement":[{"@type":"ListItem","position":1,"name":"Accueil","item":"https:\/\/kapitalis.com\/tunisie\/"},{"@type":"ListItem","position":2,"name":"La Tunisie en pilotage providentiel"}]},{"@type":"WebSite","@id":"https:\/\/kapitalis.com\/tunisie\/#website","url":"https:\/\/kapitalis.com\/tunisie\/","name":"Kapitalis","description":"L&#039;actualit\u00e9 en Tunisie et dans le monde","publisher":{"@id":"https:\/\/kapitalis.com\/tunisie\/#organization"},"potentialAction":[{"@type":"SearchAction","target":{"@type":"EntryPoint","urlTemplate":"https:\/\/kapitalis.com\/tunisie\/?s={search_term_string}"},"query-input":{"@type":"PropertyValueSpecification","valueRequired":true,"valueName":"search_term_string"}}],"inLanguage":"fr-FR"},{"@type":"Organization","@id":"https:\/\/kapitalis.com\/tunisie\/#organization","name":"Kapitalis","url":"https:\/\/kapitalis.com\/tunisie\/","logo":{"@type":"ImageObject","inLanguage":"fr-FR","@id":"https:\/\/kapitalis.com\/tunisie\/#\/schema\/logo\/image\/","url":"https:\/\/kapitalis.com\/tunisie\/wp-content\/uploads\/2022\/05\/Kapitalis-big-size.png","contentUrl":"https:\/\/kapitalis.com\/tunisie\/wp-content\/uploads\/2022\/05\/Kapitalis-big-size.png","width":5000,"height":1500,"caption":"Kapitalis"},"image":{"@id":"https:\/\/kapitalis.com\/tunisie\/#\/schema\/logo\/image\/"},"sameAs":["https:\/\/www.facebook.com\/KapitalisInfo\/","https:\/\/x.com\/KapitalisInfo","https:\/\/www.youtube.com\/channel\/UC-yDYrHyfFBWWZaOw3FPg9Q"]},{"@type":"Person","@id":"https:\/\/kapitalis.com\/tunisie\/#\/schema\/person\/d71f33a9ca44f7bad4698210b480c8e9","name":"webmaster kapitalis","url":"https:\/\/kapitalis.com\/tunisie\/author\/webmaster-kapitalis\/"}]}},"_links":{"self":[{"href":"https:\/\/kapitalis.com\/tunisie\/wp-json\/wp\/v2\/posts\/59040","targetHints":{"allow":["GET"]}}],"collection":[{"href":"https:\/\/kapitalis.com\/tunisie\/wp-json\/wp\/v2\/posts"}],"about":[{"href":"https:\/\/kapitalis.com\/tunisie\/wp-json\/wp\/v2\/types\/post"}],"author":[{"embeddable":true,"href":"https:\/\/kapitalis.com\/tunisie\/wp-json\/wp\/v2\/users\/8"}],"replies":[{"embeddable":true,"href":"https:\/\/kapitalis.com\/tunisie\/wp-json\/wp\/v2\/comments?post=59040"}],"version-history":[{"count":0,"href":"https:\/\/kapitalis.com\/tunisie\/wp-json\/wp\/v2\/posts\/59040\/revisions"}],"wp:attachment":[{"href":"https:\/\/kapitalis.com\/tunisie\/wp-json\/wp\/v2\/media?parent=59040"}],"wp:term":[{"taxonomy":"category","embeddable":true,"href":"https:\/\/kapitalis.com\/tunisie\/wp-json\/wp\/v2\/categories?post=59040"},{"taxonomy":"post_tag","embeddable":true,"href":"https:\/\/kapitalis.com\/tunisie\/wp-json\/wp\/v2\/tags?post=59040"}],"curies":[{"name":"wp","href":"https:\/\/api.w.org\/{rel}","templated":true}]}}