{"id":5909903,"date":"2023-01-03T06:37:09","date_gmt":"2023-01-03T05:37:09","guid":{"rendered":"https:\/\/kapitalis.com\/tunisie\/?p=5909903"},"modified":"2023-01-03T06:37:11","modified_gmt":"2023-01-03T05:37:11","slug":"tunisie-programme-des-salons-et-foires-du-parc-des-expositions-du-kram","status":"publish","type":"post","link":"https:\/\/kapitalis.com\/tunisie\/2023\/01\/03\/tunisie-programme-des-salons-et-foires-du-parc-des-expositions-du-kram\/","title":{"rendered":"Tunisie : programme des salons et foires du Parc des Expositions du Kram"},"content":{"rendered":"\n<p><strong><em>Pas moins de 21 salons et foires de divers secteurs sont annonc\u00e9s par le Parc des Expositions du Kram, au nord de Tunis, pour l&rsquo;ann\u00e9e 2023, dont 9 sont d&rsquo;envergure internationale relevant de la sant\u00e9, de l&rsquo;\u00e9ducation, de l&rsquo;alimentaire, de l&#8217;emballage, de la technologie, et de l&rsquo;industrie automobile.<\/em><\/strong><\/p>\n\n\n\n<!--more-->\n\n\n\n<p>Sont notamment annonc\u00e9s \u00e0 la participation internationale, les salons et foires suivants:<\/p>\n\n\n\n<ul class=\"wp-block-list\">\n<li>22-25 f\u00e9vrier : Health Expo, du secteur de la sant\u00e9;<\/li>\n\n\n\n<li>28 avril-7 mai: Foire Internationale du Livre;<\/li>\n\n\n\n<li>10-13 mai: FabTech Africa Expo, du secteur de la fabrication technologique;<\/li>\n\n\n\n<li>31 mai-4 juin : Salon des Produits Halal des pays membres de l&rsquo;OCI;<\/li>\n\n\n\n<li>13-16 juin : Plastic Expo 2023 et Pack Print Tunisia, du secteur de l&#8217;emballage;<\/li>\n\n\n\n<li>20-23 juin : Salon international de l&rsquo;agroalimentaire;<\/li>\n\n\n\n<li>5-8 octobre : Salon international du caf\u00e9;<\/li>\n\n\n\n<li>10-12 octobre: Salon international du tabac;<\/li>\n\n\n\n<li>21-25 novembre: Salon international des composants et pi\u00e8ces de rechange automobiles.<\/li>\n<\/ul>\n\n\n\n<p>Quant aux manifestations \u00e0 caract\u00e8re national, les activit\u00e9s et les secteurs repr\u00e9sent\u00e9s sont le meuble, la cr\u00e9ation artisanale, la climatisation, l&rsquo;animalerie, l&rsquo;officine, la s\u00e9curit\u00e9, la d\u00e9coration, le design, la tapisserie, le tissage traditionnel, et la porcelaine.  <\/p>\n\n\n\n<p><strong><em>Source<\/em><\/strong>: <a href=\"http:\/\/www.fkram.com.tn\/\" target=\"_blank\" rel=\"noreferrer noopener\">Soci\u00e9t\u00e9 des Foires Internationales de Tunis (Sogefoires)<\/a>.<\/p>\n\n\n\n\n\n<h2 class=\"wp-block-heading\"><\/h2>\n","protected":false},"excerpt":{"rendered":"<p>Pas moins de 21 salons et foires de divers secteurs sont annonc\u00e9s par le Parc des Expositions du Kram pour l&rsquo;ann\u00e9e 2023. <\/p>\n","protected":false},"author":22,"featured_media":5915664,"comment_status":"open","ping_status":"open","sticky":false,"template":"","format":"standard","meta":{"footnotes":""},"categories":[993,995,2433],"tags":[22006,84509,5999,64491],"class_list":["post-5909903","post","type-post","status-publish","format-standard","has-post-thumbnail","hentry","category-conso","category-economie","category-tunisie","tag-parc-des-expositions-du-kram","tag-societe-des-foires-internationales-de-tunis","tag-sogefoires","tag-tunis"],"yoast_head":"<!-- This site is optimized with the Yoast SEO plugin v26.6 - https:\/\/yoast.com\/wordpress\/plugins\/seo\/ -->\n<title>Tunisie : programme des salons et foires du Parc des Expositions du Kram - Kapitalis<\/title>\n<meta name=\"description\" content=\"Pas moins de 21 salons et foires de divers secteurs, sont annonc\u00e9s par le Parc des Expositions du Kram pour l&#039;ann\u00e9e 2023. Parmi eux, 9 sont d&#039;envergure internationale relevant de la sant\u00e9, de l&#039;\u00e9ducation, de l&#039;alimentaire, de l&#039;emballage, de la technologie, et de l&#039;industrie automobile.\" \/>\n<meta name=\"robots\" content=\"index, follow, max-snippet:-1, max-image-preview:large, max-video-preview:-1\" \/>\n<link rel=\"canonical\" href=\"https:\/\/kapitalis.com\/tunisie\/2023\/01\/03\/tunisie-programme-des-salons-et-foires-du-parc-des-expositions-du-kram\/\" \/>\n<meta property=\"og:locale\" content=\"fr_FR\" \/>\n<meta property=\"og:type\" content=\"article\" \/>\n<meta property=\"og:title\" content=\"Tunisie : programme des salons et foires du Parc des Expositions du Kram - Kapitalis\" \/>\n<meta property=\"og:description\" content=\"Pas moins de 21 salons et foires de divers secteurs, sont annonc\u00e9s par le Parc des Expositions du Kram pour l&#039;ann\u00e9e 2023. Parmi eux, 9 sont d&#039;envergure internationale relevant de la sant\u00e9, de l&#039;\u00e9ducation, de l&#039;alimentaire, de l&#039;emballage, de la technologie, et de l&#039;industrie automobile.\" \/>\n<meta property=\"og:url\" content=\"https:\/\/kapitalis.com\/tunisie\/2023\/01\/03\/tunisie-programme-des-salons-et-foires-du-parc-des-expositions-du-kram\/\" \/>\n<meta property=\"og:site_name\" content=\"Kapitalis\" \/>\n<meta property=\"article:publisher\" content=\"https:\/\/www.facebook.com\/KapitalisInfo\/\" \/>\n<meta property=\"article:published_time\" content=\"2023-01-03T05:37:09+00:00\" \/>\n<meta property=\"article:modified_time\" content=\"2023-01-03T05:37:11+00:00\" \/>\n<meta property=\"og:image\" content=\"https:\/\/kapitalis.com\/tunisie\/wp-content\/uploads\/2023\/01\/Sogefoires.jpg\" \/>\n\t<meta property=\"og:image:width\" content=\"1200\" \/>\n\t<meta property=\"og:image:height\" content=\"630\" \/>\n\t<meta property=\"og:image:type\" content=\"image\/jpeg\" \/>\n<meta name=\"author\" content=\"Amina Mkada\" \/>\n<meta name=\"twitter:card\" content=\"summary_large_image\" \/>\n<meta name=\"twitter:creator\" content=\"@KapitalisInfo\" \/>\n<meta name=\"twitter:site\" content=\"@KapitalisInfo\" \/>\n<meta name=\"twitter:label1\" content=\"\u00c9crit par\" \/>\n\t<meta name=\"twitter:data1\" content=\"Amina Mkada\" \/>\n\t<meta name=\"twitter:label2\" content=\"Dur\u00e9e de lecture estim\u00e9e\" \/>\n\t<meta name=\"twitter:data2\" content=\"2 minutes\" \/>\n<script type=\"application\/ld+json\" class=\"yoast-schema-graph\">{\"@context\":\"https:\/\/schema.org\",\"@graph\":[{\"@type\":\"Article\",\"@id\":\"https:\/\/kapitalis.com\/tunisie\/2023\/01\/03\/tunisie-programme-des-salons-et-foires-du-parc-des-expositions-du-kram\/#article\",\"isPartOf\":{\"@id\":\"https:\/\/kapitalis.com\/tunisie\/2023\/01\/03\/tunisie-programme-des-salons-et-foires-du-parc-des-expositions-du-kram\/\"},\"author\":{\"name\":\"Amina Mkada\",\"@id\":\"https:\/\/kapitalis.com\/tunisie\/#\/schema\/person\/093913313d3017554cb3ad077fff3fbd\"},\"headline\":\"Tunisie : programme des salons et foires du Parc des Expositions du Kram\",\"datePublished\":\"2023-01-03T05:37:09+00:00\",\"dateModified\":\"2023-01-03T05:37:11+00:00\",\"mainEntityOfPage\":{\"@id\":\"https:\/\/kapitalis.com\/tunisie\/2023\/01\/03\/tunisie-programme-des-salons-et-foires-du-parc-des-expositions-du-kram\/\"},\"wordCount\":203,\"commentCount\":0,\"publisher\":{\"@id\":\"https:\/\/kapitalis.com\/tunisie\/#organization\"},\"image\":{\"@id\":\"https:\/\/kapitalis.com\/tunisie\/2023\/01\/03\/tunisie-programme-des-salons-et-foires-du-parc-des-expositions-du-kram\/#primaryimage\"},\"thumbnailUrl\":\"https:\/\/kapitalis.com\/tunisie\/wp-content\/uploads\/2023\/01\/Sogefoires.jpg\",\"keywords\":[\"Parc des Expositions du Kram\",\"Soci\u00e9t\u00e9 des Foires internationales de Tunis\",\"Sogefoires\",\"Tunis\"],\"articleSection\":[\"CONSO\",\"ECONOMIE\",\"Tunisie\"],\"inLanguage\":\"fr-FR\",\"potentialAction\":[{\"@type\":\"CommentAction\",\"name\":\"Comment\",\"target\":[\"https:\/\/kapitalis.com\/tunisie\/2023\/01\/03\/tunisie-programme-des-salons-et-foires-du-parc-des-expositions-du-kram\/#respond\"]}]},{\"@type\":\"WebPage\",\"@id\":\"https:\/\/kapitalis.com\/tunisie\/2023\/01\/03\/tunisie-programme-des-salons-et-foires-du-parc-des-expositions-du-kram\/\",\"url\":\"https:\/\/kapitalis.com\/tunisie\/2023\/01\/03\/tunisie-programme-des-salons-et-foires-du-parc-des-expositions-du-kram\/\",\"name\":\"Tunisie : programme des salons et foires du Parc des Expositions du Kram - Kapitalis\",\"isPartOf\":{\"@id\":\"https:\/\/kapitalis.com\/tunisie\/#website\"},\"primaryImageOfPage\":{\"@id\":\"https:\/\/kapitalis.com\/tunisie\/2023\/01\/03\/tunisie-programme-des-salons-et-foires-du-parc-des-expositions-du-kram\/#primaryimage\"},\"image\":{\"@id\":\"https:\/\/kapitalis.com\/tunisie\/2023\/01\/03\/tunisie-programme-des-salons-et-foires-du-parc-des-expositions-du-kram\/#primaryimage\"},\"thumbnailUrl\":\"https:\/\/kapitalis.com\/tunisie\/wp-content\/uploads\/2023\/01\/Sogefoires.jpg\",\"datePublished\":\"2023-01-03T05:37:09+00:00\",\"dateModified\":\"2023-01-03T05:37:11+00:00\",\"description\":\"Pas moins de 21 salons et foires de divers secteurs, sont annonc\u00e9s par le Parc des Expositions du Kram pour l'ann\u00e9e 2023. Parmi eux, 9 sont d'envergure internationale relevant de la sant\u00e9, de l'\u00e9ducation, de l'alimentaire, de l'emballage, de la technologie, et de l'industrie automobile.\",\"breadcrumb\":{\"@id\":\"https:\/\/kapitalis.com\/tunisie\/2023\/01\/03\/tunisie-programme-des-salons-et-foires-du-parc-des-expositions-du-kram\/#breadcrumb\"},\"inLanguage\":\"fr-FR\",\"potentialAction\":[{\"@type\":\"ReadAction\",\"target\":[\"https:\/\/kapitalis.com\/tunisie\/2023\/01\/03\/tunisie-programme-des-salons-et-foires-du-parc-des-expositions-du-kram\/\"]}]},{\"@type\":\"ImageObject\",\"inLanguage\":\"fr-FR\",\"@id\":\"https:\/\/kapitalis.com\/tunisie\/2023\/01\/03\/tunisie-programme-des-salons-et-foires-du-parc-des-expositions-du-kram\/#primaryimage\",\"url\":\"https:\/\/kapitalis.com\/tunisie\/wp-content\/uploads\/2023\/01\/Sogefoires.jpg\",\"contentUrl\":\"https:\/\/kapitalis.com\/tunisie\/wp-content\/uploads\/2023\/01\/Sogefoires.jpg\",\"width\":1200,\"height\":630},{\"@type\":\"BreadcrumbList\",\"@id\":\"https:\/\/kapitalis.com\/tunisie\/2023\/01\/03\/tunisie-programme-des-salons-et-foires-du-parc-des-expositions-du-kram\/#breadcrumb\",\"itemListElement\":[{\"@type\":\"ListItem\",\"position\":1,\"name\":\"Accueil\",\"item\":\"https:\/\/kapitalis.com\/tunisie\/\"},{\"@type\":\"ListItem\",\"position\":2,\"name\":\"Tunisie : programme des salons et foires du Parc des Expositions du Kram\"}]},{\"@type\":\"WebSite\",\"@id\":\"https:\/\/kapitalis.com\/tunisie\/#website\",\"url\":\"https:\/\/kapitalis.com\/tunisie\/\",\"name\":\"Kapitalis\",\"description\":\"L&#039;actualit\u00e9 en Tunisie et dans le monde\",\"publisher\":{\"@id\":\"https:\/\/kapitalis.com\/tunisie\/#organization\"},\"potentialAction\":[{\"@type\":\"SearchAction\",\"target\":{\"@type\":\"EntryPoint\",\"urlTemplate\":\"https:\/\/kapitalis.com\/tunisie\/?s={search_term_string}\"},\"query-input\":{\"@type\":\"PropertyValueSpecification\",\"valueRequired\":true,\"valueName\":\"search_term_string\"}}],\"inLanguage\":\"fr-FR\"},{\"@type\":\"Organization\",\"@id\":\"https:\/\/kapitalis.com\/tunisie\/#organization\",\"name\":\"Kapitalis\",\"url\":\"https:\/\/kapitalis.com\/tunisie\/\",\"logo\":{\"@type\":\"ImageObject\",\"inLanguage\":\"fr-FR\",\"@id\":\"https:\/\/kapitalis.com\/tunisie\/#\/schema\/logo\/image\/\",\"url\":\"https:\/\/kapitalis.com\/tunisie\/wp-content\/uploads\/2022\/05\/Kapitalis-big-size.png\",\"contentUrl\":\"https:\/\/kapitalis.com\/tunisie\/wp-content\/uploads\/2022\/05\/Kapitalis-big-size.png\",\"width\":5000,\"height\":1500,\"caption\":\"Kapitalis\"},\"image\":{\"@id\":\"https:\/\/kapitalis.com\/tunisie\/#\/schema\/logo\/image\/\"},\"sameAs\":[\"https:\/\/www.facebook.com\/KapitalisInfo\/\",\"https:\/\/x.com\/KapitalisInfo\",\"https:\/\/www.youtube.com\/channel\/UC-yDYrHyfFBWWZaOw3FPg9Q\"]},{\"@type\":\"Person\",\"@id\":\"https:\/\/kapitalis.com\/tunisie\/#\/schema\/person\/093913313d3017554cb3ad077fff3fbd\",\"name\":\"Amina Mkada\",\"url\":\"https:\/\/kapitalis.com\/tunisie\/author\/amina\/\"}]}<\/script>\n<!-- \/ Yoast SEO plugin. -->","yoast_head_json":{"title":"Tunisie : programme des salons et foires du Parc des Expositions du Kram - Kapitalis","description":"Pas moins de 21 salons et foires de divers secteurs, sont annonc\u00e9s par le Parc des Expositions du Kram pour l'ann\u00e9e 2023. Parmi eux, 9 sont d'envergure internationale relevant de la sant\u00e9, de l'\u00e9ducation, de l'alimentaire, de l'emballage, de la technologie, et de l'industrie automobile.","robots":{"index":"index","follow":"follow","max-snippet":"max-snippet:-1","max-image-preview":"max-image-preview:large","max-video-preview":"max-video-preview:-1"},"canonical":"https:\/\/kapitalis.com\/tunisie\/2023\/01\/03\/tunisie-programme-des-salons-et-foires-du-parc-des-expositions-du-kram\/","og_locale":"fr_FR","og_type":"article","og_title":"Tunisie : programme des salons et foires du Parc des Expositions du Kram - Kapitalis","og_description":"Pas moins de 21 salons et foires de divers secteurs, sont annonc\u00e9s par le Parc des Expositions du Kram pour l'ann\u00e9e 2023. Parmi eux, 9 sont d'envergure internationale relevant de la sant\u00e9, de l'\u00e9ducation, de l'alimentaire, de l'emballage, de la technologie, et de l'industrie automobile.","og_url":"https:\/\/kapitalis.com\/tunisie\/2023\/01\/03\/tunisie-programme-des-salons-et-foires-du-parc-des-expositions-du-kram\/","og_site_name":"Kapitalis","article_publisher":"https:\/\/www.facebook.com\/KapitalisInfo\/","article_published_time":"2023-01-03T05:37:09+00:00","article_modified_time":"2023-01-03T05:37:11+00:00","og_image":[{"width":1200,"height":630,"url":"https:\/\/kapitalis.com\/tunisie\/wp-content\/uploads\/2023\/01\/Sogefoires.jpg","type":"image\/jpeg"}],"author":"Amina Mkada","twitter_card":"summary_large_image","twitter_creator":"@KapitalisInfo","twitter_site":"@KapitalisInfo","twitter_misc":{"\u00c9crit par":"Amina Mkada","Dur\u00e9e de lecture estim\u00e9e":"2 minutes"},"schema":{"@context":"https:\/\/schema.org","@graph":[{"@type":"Article","@id":"https:\/\/kapitalis.com\/tunisie\/2023\/01\/03\/tunisie-programme-des-salons-et-foires-du-parc-des-expositions-du-kram\/#article","isPartOf":{"@id":"https:\/\/kapitalis.com\/tunisie\/2023\/01\/03\/tunisie-programme-des-salons-et-foires-du-parc-des-expositions-du-kram\/"},"author":{"name":"Amina Mkada","@id":"https:\/\/kapitalis.com\/tunisie\/#\/schema\/person\/093913313d3017554cb3ad077fff3fbd"},"headline":"Tunisie : programme des salons et foires du Parc des Expositions du Kram","datePublished":"2023-01-03T05:37:09+00:00","dateModified":"2023-01-03T05:37:11+00:00","mainEntityOfPage":{"@id":"https:\/\/kapitalis.com\/tunisie\/2023\/01\/03\/tunisie-programme-des-salons-et-foires-du-parc-des-expositions-du-kram\/"},"wordCount":203,"commentCount":0,"publisher":{"@id":"https:\/\/kapitalis.com\/tunisie\/#organization"},"image":{"@id":"https:\/\/kapitalis.com\/tunisie\/2023\/01\/03\/tunisie-programme-des-salons-et-foires-du-parc-des-expositions-du-kram\/#primaryimage"},"thumbnailUrl":"https:\/\/kapitalis.com\/tunisie\/wp-content\/uploads\/2023\/01\/Sogefoires.jpg","keywords":["Parc des Expositions du Kram","Soci\u00e9t\u00e9 des Foires internationales de Tunis","Sogefoires","Tunis"],"articleSection":["CONSO","ECONOMIE","Tunisie"],"inLanguage":"fr-FR","potentialAction":[{"@type":"CommentAction","name":"Comment","target":["https:\/\/kapitalis.com\/tunisie\/2023\/01\/03\/tunisie-programme-des-salons-et-foires-du-parc-des-expositions-du-kram\/#respond"]}]},{"@type":"WebPage","@id":"https:\/\/kapitalis.com\/tunisie\/2023\/01\/03\/tunisie-programme-des-salons-et-foires-du-parc-des-expositions-du-kram\/","url":"https:\/\/kapitalis.com\/tunisie\/2023\/01\/03\/tunisie-programme-des-salons-et-foires-du-parc-des-expositions-du-kram\/","name":"Tunisie : programme des salons et foires du Parc des Expositions du Kram - Kapitalis","isPartOf":{"@id":"https:\/\/kapitalis.com\/tunisie\/#website"},"primaryImageOfPage":{"@id":"https:\/\/kapitalis.com\/tunisie\/2023\/01\/03\/tunisie-programme-des-salons-et-foires-du-parc-des-expositions-du-kram\/#primaryimage"},"image":{"@id":"https:\/\/kapitalis.com\/tunisie\/2023\/01\/03\/tunisie-programme-des-salons-et-foires-du-parc-des-expositions-du-kram\/#primaryimage"},"thumbnailUrl":"https:\/\/kapitalis.com\/tunisie\/wp-content\/uploads\/2023\/01\/Sogefoires.jpg","datePublished":"2023-01-03T05:37:09+00:00","dateModified":"2023-01-03T05:37:11+00:00","description":"Pas moins de 21 salons et foires de divers secteurs, sont annonc\u00e9s par le Parc des Expositions du Kram pour l'ann\u00e9e 2023. Parmi eux, 9 sont d'envergure internationale relevant de la sant\u00e9, de l'\u00e9ducation, de l'alimentaire, de l'emballage, de la technologie, et de l'industrie automobile.","breadcrumb":{"@id":"https:\/\/kapitalis.com\/tunisie\/2023\/01\/03\/tunisie-programme-des-salons-et-foires-du-parc-des-expositions-du-kram\/#breadcrumb"},"inLanguage":"fr-FR","potentialAction":[{"@type":"ReadAction","target":["https:\/\/kapitalis.com\/tunisie\/2023\/01\/03\/tunisie-programme-des-salons-et-foires-du-parc-des-expositions-du-kram\/"]}]},{"@type":"ImageObject","inLanguage":"fr-FR","@id":"https:\/\/kapitalis.com\/tunisie\/2023\/01\/03\/tunisie-programme-des-salons-et-foires-du-parc-des-expositions-du-kram\/#primaryimage","url":"https:\/\/kapitalis.com\/tunisie\/wp-content\/uploads\/2023\/01\/Sogefoires.jpg","contentUrl":"https:\/\/kapitalis.com\/tunisie\/wp-content\/uploads\/2023\/01\/Sogefoires.jpg","width":1200,"height":630},{"@type":"BreadcrumbList","@id":"https:\/\/kapitalis.com\/tunisie\/2023\/01\/03\/tunisie-programme-des-salons-et-foires-du-parc-des-expositions-du-kram\/#breadcrumb","itemListElement":[{"@type":"ListItem","position":1,"name":"Accueil","item":"https:\/\/kapitalis.com\/tunisie\/"},{"@type":"ListItem","position":2,"name":"Tunisie : programme des salons et foires du Parc des Expositions du Kram"}]},{"@type":"WebSite","@id":"https:\/\/kapitalis.com\/tunisie\/#website","url":"https:\/\/kapitalis.com\/tunisie\/","name":"Kapitalis","description":"L&#039;actualit\u00e9 en Tunisie et dans le monde","publisher":{"@id":"https:\/\/kapitalis.com\/tunisie\/#organization"},"potentialAction":[{"@type":"SearchAction","target":{"@type":"EntryPoint","urlTemplate":"https:\/\/kapitalis.com\/tunisie\/?s={search_term_string}"},"query-input":{"@type":"PropertyValueSpecification","valueRequired":true,"valueName":"search_term_string"}}],"inLanguage":"fr-FR"},{"@type":"Organization","@id":"https:\/\/kapitalis.com\/tunisie\/#organization","name":"Kapitalis","url":"https:\/\/kapitalis.com\/tunisie\/","logo":{"@type":"ImageObject","inLanguage":"fr-FR","@id":"https:\/\/kapitalis.com\/tunisie\/#\/schema\/logo\/image\/","url":"https:\/\/kapitalis.com\/tunisie\/wp-content\/uploads\/2022\/05\/Kapitalis-big-size.png","contentUrl":"https:\/\/kapitalis.com\/tunisie\/wp-content\/uploads\/2022\/05\/Kapitalis-big-size.png","width":5000,"height":1500,"caption":"Kapitalis"},"image":{"@id":"https:\/\/kapitalis.com\/tunisie\/#\/schema\/logo\/image\/"},"sameAs":["https:\/\/www.facebook.com\/KapitalisInfo\/","https:\/\/x.com\/KapitalisInfo","https:\/\/www.youtube.com\/channel\/UC-yDYrHyfFBWWZaOw3FPg9Q"]},{"@type":"Person","@id":"https:\/\/kapitalis.com\/tunisie\/#\/schema\/person\/093913313d3017554cb3ad077fff3fbd","name":"Amina Mkada","url":"https:\/\/kapitalis.com\/tunisie\/author\/amina\/"}]}},"_links":{"self":[{"href":"https:\/\/kapitalis.com\/tunisie\/wp-json\/wp\/v2\/posts\/5909903","targetHints":{"allow":["GET"]}}],"collection":[{"href":"https:\/\/kapitalis.com\/tunisie\/wp-json\/wp\/v2\/posts"}],"about":[{"href":"https:\/\/kapitalis.com\/tunisie\/wp-json\/wp\/v2\/types\/post"}],"author":[{"embeddable":true,"href":"https:\/\/kapitalis.com\/tunisie\/wp-json\/wp\/v2\/users\/22"}],"replies":[{"embeddable":true,"href":"https:\/\/kapitalis.com\/tunisie\/wp-json\/wp\/v2\/comments?post=5909903"}],"version-history":[{"count":8,"href":"https:\/\/kapitalis.com\/tunisie\/wp-json\/wp\/v2\/posts\/5909903\/revisions"}],"predecessor-version":[{"id":5915672,"href":"https:\/\/kapitalis.com\/tunisie\/wp-json\/wp\/v2\/posts\/5909903\/revisions\/5915672"}],"wp:featuredmedia":[{"embeddable":true,"href":"https:\/\/kapitalis.com\/tunisie\/wp-json\/wp\/v2\/media\/5915664"}],"wp:attachment":[{"href":"https:\/\/kapitalis.com\/tunisie\/wp-json\/wp\/v2\/media?parent=5909903"}],"wp:term":[{"taxonomy":"category","embeddable":true,"href":"https:\/\/kapitalis.com\/tunisie\/wp-json\/wp\/v2\/categories?post=5909903"},{"taxonomy":"post_tag","embeddable":true,"href":"https:\/\/kapitalis.com\/tunisie\/wp-json\/wp\/v2\/tags?post=5909903"}],"curies":[{"name":"wp","href":"https:\/\/api.w.org\/{rel}","templated":true}]}}