{"id":59152,"date":"2016-07-26T18:32:45","date_gmt":"2016-07-26T17:32:45","guid":{"rendered":"http:\/\/kapitalis.com\/tunisie\/?p=59152"},"modified":"2016-07-26T18:40:19","modified_gmt":"2016-07-26T17:40:19","slug":"essid-profondement-attriste-par-lattaque-dans-une-eglise-en-france","status":"publish","type":"post","link":"https:\/\/kapitalis.com\/tunisie\/2016\/07\/26\/essid-profondement-attriste-par-lattaque-dans-une-eglise-en-france\/","title":{"rendered":"Essid profond\u00e9ment attrist\u00e9 par l\u2019attaque dans une \u00e9glise en France"},"content":{"rendered":"<p style=\"text-align: center;\"><img loading=\"lazy\" decoding=\"async\" class=\"alignnone size-full wp-image-36201\" src=\"http:\/\/kapitalis.com\/tunisie\/wp-content\/uploads\/2016\/01\/Hollande-et-Habib-Essid.jpg\" alt=\"Hollande-et-Habib-Essid\" width=\"626\" height=\"380\" \/><\/p>\n<p style=\"text-align: left;\"><em><strong>Habib Essid s\u2019est dit profond\u00e9ment, attrist\u00e9 par le crime \u00abodieux\u00bb qui a co\u00fbt\u00e9 la vie, mardi, \u00e0 un pr\u00eatre dans une \u00e9glise de Saint-Etienne-du-Rouvray en France.<\/strong> <\/em><\/p>\n<p style=\"text-align: left;\"><!--more--><\/p>\n<p style=\"text-align: left;\"><em>\u00abL\u2019Organisation de l\u2019Etat Islamique (Daech) qui a revendiqu\u00e9 l\u2019attaque est l\u2019ennemi de l\u2019humanit\u00e9 tout enti\u00e8re et de toutes les religions qui pr\u00f4nent la tol\u00e9rance\u00bb,<\/em> a affirm\u00e9 le chef du gouvernement, qui a\u00a0d\u00e9nonc\u00e9 fermement\u00a0cette\u00a0attaque et\u00a0pr\u00e9sent\u00e9 ses condol\u00e9ances \u00e0 la famille du p\u00e8re Jacques Hamel (84 ans), \u00e9gorg\u00e9 par les terroristes.<\/p>\n<p style=\"text-align: left;\">Tout en plaidant pour une coordination internationale plus \u00e9troite pour venir \u00e0 bout du terrorisme, M. Essid a appel\u00e9 \u00e0 faire preuve de la plus grande vigilance face aux r\u00e9actions discriminatoires et islamophobes \u00e0 l\u2019encontre de la communaut\u00e9 musulmane qui, \u00e0 son tour, est victime de ce fl\u00e9au, souligne un\u00a0communiqu\u00e9 de la pr\u00e9sidence du gouvernement.<\/p>\n<p style=\"text-align: left;\">Deux assaillants ont pris en otage, mardi, cinq personnes dans une \u00e9glise pr\u00e8s de Rouen. Ils ont tu\u00e9 un pr\u00eatre, bless\u00e9 trois personnes dont une gri\u00e8vement, avant d\u2019\u00eatre abattus.<\/p>\n<p style=\"text-align: right;\"><strong>I. B.<\/strong> (avec Tap).<\/p>\n","protected":false},"excerpt":{"rendered":"<p>Habib Essid s\u2019est dit profond\u00e9ment, attrist\u00e9 par le crime \u00abodieux\u00bb qui a co\u00fbt\u00e9 la vie, mardi, \u00e0 un pr\u00eatre dans une \u00e9glise de Saint-Etienne-du-Rouvray en France.<\/p>\n","protected":false},"author":8,"featured_media":0,"comment_status":"open","ping_status":"open","sticky":false,"template":"","format":"standard","meta":{"footnotes":""},"categories":[997,2433],"tags":[258,395,435,11902],"class_list":["post-59152","post","type-post","status-publish","format-standard","hentry","category-politique","category-tunisie","tag-daech","tag-france","tag-habib-essid","tag-rouen"],"yoast_head":"<!-- This site is optimized with the Yoast SEO plugin v26.6 - https:\/\/yoast.com\/wordpress\/plugins\/seo\/ -->\n<title>Essid profond\u00e9ment attrist\u00e9 par l\u2019attaque dans une \u00e9glise en France - Kapitalis<\/title>\n<meta name=\"robots\" content=\"index, follow, max-snippet:-1, max-image-preview:large, max-video-preview:-1\" \/>\n<link rel=\"canonical\" href=\"https:\/\/kapitalis.com\/tunisie\/2016\/07\/26\/essid-profondement-attriste-par-lattaque-dans-une-eglise-en-france\/\" \/>\n<meta property=\"og:locale\" content=\"fr_FR\" \/>\n<meta property=\"og:type\" content=\"article\" \/>\n<meta property=\"og:title\" content=\"Essid profond\u00e9ment attrist\u00e9 par l\u2019attaque dans une \u00e9glise en France - Kapitalis\" \/>\n<meta property=\"og:description\" content=\"Habib Essid s\u2019est dit profond\u00e9ment, attrist\u00e9 par le crime \u00abodieux\u00bb qui a co\u00fbt\u00e9 la vie, mardi, \u00e0 un pr\u00eatre dans une \u00e9glise de Saint-Etienne-du-Rouvray en France.\" \/>\n<meta property=\"og:url\" content=\"https:\/\/kapitalis.com\/tunisie\/2016\/07\/26\/essid-profondement-attriste-par-lattaque-dans-une-eglise-en-france\/\" \/>\n<meta property=\"og:site_name\" content=\"Kapitalis\" \/>\n<meta property=\"article:publisher\" content=\"https:\/\/www.facebook.com\/KapitalisInfo\/\" \/>\n<meta property=\"article:published_time\" content=\"2016-07-26T17:32:45+00:00\" \/>\n<meta property=\"article:modified_time\" content=\"2016-07-26T17:40:19+00:00\" \/>\n<meta property=\"og:image\" content=\"http:\/\/kapitalis.com\/tunisie\/wp-content\/uploads\/2016\/01\/Hollande-et-Habib-Essid.jpg\" \/>\n<meta name=\"author\" content=\"webmaster kapitalis\" \/>\n<meta name=\"twitter:card\" content=\"summary_large_image\" \/>\n<meta name=\"twitter:creator\" content=\"@KapitalisInfo\" \/>\n<meta name=\"twitter:site\" content=\"@KapitalisInfo\" \/>\n<meta name=\"twitter:label1\" content=\"\u00c9crit par\" \/>\n\t<meta name=\"twitter:data1\" content=\"webmaster kapitalis\" \/>\n\t<meta name=\"twitter:label2\" content=\"Dur\u00e9e de lecture estim\u00e9e\" \/>\n\t<meta name=\"twitter:data2\" content=\"1 minute\" \/>\n<script type=\"application\/ld+json\" class=\"yoast-schema-graph\">{\"@context\":\"https:\/\/schema.org\",\"@graph\":[{\"@type\":\"Article\",\"@id\":\"https:\/\/kapitalis.com\/tunisie\/2016\/07\/26\/essid-profondement-attriste-par-lattaque-dans-une-eglise-en-france\/#article\",\"isPartOf\":{\"@id\":\"https:\/\/kapitalis.com\/tunisie\/2016\/07\/26\/essid-profondement-attriste-par-lattaque-dans-une-eglise-en-france\/\"},\"author\":{\"name\":\"webmaster kapitalis\",\"@id\":\"https:\/\/kapitalis.com\/tunisie\/#\/schema\/person\/d71f33a9ca44f7bad4698210b480c8e9\"},\"headline\":\"Essid profond\u00e9ment attrist\u00e9 par l\u2019attaque dans une \u00e9glise en France\",\"datePublished\":\"2016-07-26T17:32:45+00:00\",\"dateModified\":\"2016-07-26T17:40:19+00:00\",\"mainEntityOfPage\":{\"@id\":\"https:\/\/kapitalis.com\/tunisie\/2016\/07\/26\/essid-profondement-attriste-par-lattaque-dans-une-eglise-en-france\/\"},\"wordCount\":197,\"commentCount\":18,\"publisher\":{\"@id\":\"https:\/\/kapitalis.com\/tunisie\/#organization\"},\"image\":{\"@id\":\"https:\/\/kapitalis.com\/tunisie\/2016\/07\/26\/essid-profondement-attriste-par-lattaque-dans-une-eglise-en-france\/#primaryimage\"},\"thumbnailUrl\":\"http:\/\/kapitalis.com\/tunisie\/wp-content\/uploads\/2016\/01\/Hollande-et-Habib-Essid.jpg\",\"keywords\":[\"Daech\",\"France\",\"Habib Essid\",\"Rouen\"],\"articleSection\":[\"POLITIQUE\",\"Tunisie\"],\"inLanguage\":\"fr-FR\",\"potentialAction\":[{\"@type\":\"CommentAction\",\"name\":\"Comment\",\"target\":[\"https:\/\/kapitalis.com\/tunisie\/2016\/07\/26\/essid-profondement-attriste-par-lattaque-dans-une-eglise-en-france\/#respond\"]}]},{\"@type\":\"WebPage\",\"@id\":\"https:\/\/kapitalis.com\/tunisie\/2016\/07\/26\/essid-profondement-attriste-par-lattaque-dans-une-eglise-en-france\/\",\"url\":\"https:\/\/kapitalis.com\/tunisie\/2016\/07\/26\/essid-profondement-attriste-par-lattaque-dans-une-eglise-en-france\/\",\"name\":\"Essid profond\u00e9ment attrist\u00e9 par l\u2019attaque dans une \u00e9glise en France - Kapitalis\",\"isPartOf\":{\"@id\":\"https:\/\/kapitalis.com\/tunisie\/#website\"},\"primaryImageOfPage\":{\"@id\":\"https:\/\/kapitalis.com\/tunisie\/2016\/07\/26\/essid-profondement-attriste-par-lattaque-dans-une-eglise-en-france\/#primaryimage\"},\"image\":{\"@id\":\"https:\/\/kapitalis.com\/tunisie\/2016\/07\/26\/essid-profondement-attriste-par-lattaque-dans-une-eglise-en-france\/#primaryimage\"},\"thumbnailUrl\":\"http:\/\/kapitalis.com\/tunisie\/wp-content\/uploads\/2016\/01\/Hollande-et-Habib-Essid.jpg\",\"datePublished\":\"2016-07-26T17:32:45+00:00\",\"dateModified\":\"2016-07-26T17:40:19+00:00\",\"breadcrumb\":{\"@id\":\"https:\/\/kapitalis.com\/tunisie\/2016\/07\/26\/essid-profondement-attriste-par-lattaque-dans-une-eglise-en-france\/#breadcrumb\"},\"inLanguage\":\"fr-FR\",\"potentialAction\":[{\"@type\":\"ReadAction\",\"target\":[\"https:\/\/kapitalis.com\/tunisie\/2016\/07\/26\/essid-profondement-attriste-par-lattaque-dans-une-eglise-en-france\/\"]}]},{\"@type\":\"ImageObject\",\"inLanguage\":\"fr-FR\",\"@id\":\"https:\/\/kapitalis.com\/tunisie\/2016\/07\/26\/essid-profondement-attriste-par-lattaque-dans-une-eglise-en-france\/#primaryimage\",\"url\":\"http:\/\/kapitalis.com\/tunisie\/wp-content\/uploads\/2016\/01\/Hollande-et-Habib-Essid.jpg\",\"contentUrl\":\"http:\/\/kapitalis.com\/tunisie\/wp-content\/uploads\/2016\/01\/Hollande-et-Habib-Essid.jpg\"},{\"@type\":\"BreadcrumbList\",\"@id\":\"https:\/\/kapitalis.com\/tunisie\/2016\/07\/26\/essid-profondement-attriste-par-lattaque-dans-une-eglise-en-france\/#breadcrumb\",\"itemListElement\":[{\"@type\":\"ListItem\",\"position\":1,\"name\":\"Accueil\",\"item\":\"https:\/\/kapitalis.com\/tunisie\/\"},{\"@type\":\"ListItem\",\"position\":2,\"name\":\"Essid profond\u00e9ment attrist\u00e9 par l\u2019attaque dans une \u00e9glise en France\"}]},{\"@type\":\"WebSite\",\"@id\":\"https:\/\/kapitalis.com\/tunisie\/#website\",\"url\":\"https:\/\/kapitalis.com\/tunisie\/\",\"name\":\"Kapitalis\",\"description\":\"L&#039;actualit\u00e9 en Tunisie et dans le monde\",\"publisher\":{\"@id\":\"https:\/\/kapitalis.com\/tunisie\/#organization\"},\"potentialAction\":[{\"@type\":\"SearchAction\",\"target\":{\"@type\":\"EntryPoint\",\"urlTemplate\":\"https:\/\/kapitalis.com\/tunisie\/?s={search_term_string}\"},\"query-input\":{\"@type\":\"PropertyValueSpecification\",\"valueRequired\":true,\"valueName\":\"search_term_string\"}}],\"inLanguage\":\"fr-FR\"},{\"@type\":\"Organization\",\"@id\":\"https:\/\/kapitalis.com\/tunisie\/#organization\",\"name\":\"Kapitalis\",\"url\":\"https:\/\/kapitalis.com\/tunisie\/\",\"logo\":{\"@type\":\"ImageObject\",\"inLanguage\":\"fr-FR\",\"@id\":\"https:\/\/kapitalis.com\/tunisie\/#\/schema\/logo\/image\/\",\"url\":\"https:\/\/kapitalis.com\/tunisie\/wp-content\/uploads\/2022\/05\/Kapitalis-big-size.png\",\"contentUrl\":\"https:\/\/kapitalis.com\/tunisie\/wp-content\/uploads\/2022\/05\/Kapitalis-big-size.png\",\"width\":5000,\"height\":1500,\"caption\":\"Kapitalis\"},\"image\":{\"@id\":\"https:\/\/kapitalis.com\/tunisie\/#\/schema\/logo\/image\/\"},\"sameAs\":[\"https:\/\/www.facebook.com\/KapitalisInfo\/\",\"https:\/\/x.com\/KapitalisInfo\",\"https:\/\/www.youtube.com\/channel\/UC-yDYrHyfFBWWZaOw3FPg9Q\"]},{\"@type\":\"Person\",\"@id\":\"https:\/\/kapitalis.com\/tunisie\/#\/schema\/person\/d71f33a9ca44f7bad4698210b480c8e9\",\"name\":\"webmaster kapitalis\",\"url\":\"https:\/\/kapitalis.com\/tunisie\/author\/webmaster-kapitalis\/\"}]}<\/script>\n<!-- \/ Yoast SEO plugin. -->","yoast_head_json":{"title":"Essid profond\u00e9ment attrist\u00e9 par l\u2019attaque dans une \u00e9glise en France - Kapitalis","robots":{"index":"index","follow":"follow","max-snippet":"max-snippet:-1","max-image-preview":"max-image-preview:large","max-video-preview":"max-video-preview:-1"},"canonical":"https:\/\/kapitalis.com\/tunisie\/2016\/07\/26\/essid-profondement-attriste-par-lattaque-dans-une-eglise-en-france\/","og_locale":"fr_FR","og_type":"article","og_title":"Essid profond\u00e9ment attrist\u00e9 par l\u2019attaque dans une \u00e9glise en France - Kapitalis","og_description":"Habib Essid s\u2019est dit profond\u00e9ment, attrist\u00e9 par le crime \u00abodieux\u00bb qui a co\u00fbt\u00e9 la vie, mardi, \u00e0 un pr\u00eatre dans une \u00e9glise de Saint-Etienne-du-Rouvray en France.","og_url":"https:\/\/kapitalis.com\/tunisie\/2016\/07\/26\/essid-profondement-attriste-par-lattaque-dans-une-eglise-en-france\/","og_site_name":"Kapitalis","article_publisher":"https:\/\/www.facebook.com\/KapitalisInfo\/","article_published_time":"2016-07-26T17:32:45+00:00","article_modified_time":"2016-07-26T17:40:19+00:00","og_image":[{"url":"http:\/\/kapitalis.com\/tunisie\/wp-content\/uploads\/2016\/01\/Hollande-et-Habib-Essid.jpg","type":"","width":"","height":""}],"author":"webmaster kapitalis","twitter_card":"summary_large_image","twitter_creator":"@KapitalisInfo","twitter_site":"@KapitalisInfo","twitter_misc":{"\u00c9crit par":"webmaster kapitalis","Dur\u00e9e de lecture estim\u00e9e":"1 minute"},"schema":{"@context":"https:\/\/schema.org","@graph":[{"@type":"Article","@id":"https:\/\/kapitalis.com\/tunisie\/2016\/07\/26\/essid-profondement-attriste-par-lattaque-dans-une-eglise-en-france\/#article","isPartOf":{"@id":"https:\/\/kapitalis.com\/tunisie\/2016\/07\/26\/essid-profondement-attriste-par-lattaque-dans-une-eglise-en-france\/"},"author":{"name":"webmaster kapitalis","@id":"https:\/\/kapitalis.com\/tunisie\/#\/schema\/person\/d71f33a9ca44f7bad4698210b480c8e9"},"headline":"Essid profond\u00e9ment attrist\u00e9 par l\u2019attaque dans une \u00e9glise en France","datePublished":"2016-07-26T17:32:45+00:00","dateModified":"2016-07-26T17:40:19+00:00","mainEntityOfPage":{"@id":"https:\/\/kapitalis.com\/tunisie\/2016\/07\/26\/essid-profondement-attriste-par-lattaque-dans-une-eglise-en-france\/"},"wordCount":197,"commentCount":18,"publisher":{"@id":"https:\/\/kapitalis.com\/tunisie\/#organization"},"image":{"@id":"https:\/\/kapitalis.com\/tunisie\/2016\/07\/26\/essid-profondement-attriste-par-lattaque-dans-une-eglise-en-france\/#primaryimage"},"thumbnailUrl":"http:\/\/kapitalis.com\/tunisie\/wp-content\/uploads\/2016\/01\/Hollande-et-Habib-Essid.jpg","keywords":["Daech","France","Habib Essid","Rouen"],"articleSection":["POLITIQUE","Tunisie"],"inLanguage":"fr-FR","potentialAction":[{"@type":"CommentAction","name":"Comment","target":["https:\/\/kapitalis.com\/tunisie\/2016\/07\/26\/essid-profondement-attriste-par-lattaque-dans-une-eglise-en-france\/#respond"]}]},{"@type":"WebPage","@id":"https:\/\/kapitalis.com\/tunisie\/2016\/07\/26\/essid-profondement-attriste-par-lattaque-dans-une-eglise-en-france\/","url":"https:\/\/kapitalis.com\/tunisie\/2016\/07\/26\/essid-profondement-attriste-par-lattaque-dans-une-eglise-en-france\/","name":"Essid profond\u00e9ment attrist\u00e9 par l\u2019attaque dans une \u00e9glise en France - Kapitalis","isPartOf":{"@id":"https:\/\/kapitalis.com\/tunisie\/#website"},"primaryImageOfPage":{"@id":"https:\/\/kapitalis.com\/tunisie\/2016\/07\/26\/essid-profondement-attriste-par-lattaque-dans-une-eglise-en-france\/#primaryimage"},"image":{"@id":"https:\/\/kapitalis.com\/tunisie\/2016\/07\/26\/essid-profondement-attriste-par-lattaque-dans-une-eglise-en-france\/#primaryimage"},"thumbnailUrl":"http:\/\/kapitalis.com\/tunisie\/wp-content\/uploads\/2016\/01\/Hollande-et-Habib-Essid.jpg","datePublished":"2016-07-26T17:32:45+00:00","dateModified":"2016-07-26T17:40:19+00:00","breadcrumb":{"@id":"https:\/\/kapitalis.com\/tunisie\/2016\/07\/26\/essid-profondement-attriste-par-lattaque-dans-une-eglise-en-france\/#breadcrumb"},"inLanguage":"fr-FR","potentialAction":[{"@type":"ReadAction","target":["https:\/\/kapitalis.com\/tunisie\/2016\/07\/26\/essid-profondement-attriste-par-lattaque-dans-une-eglise-en-france\/"]}]},{"@type":"ImageObject","inLanguage":"fr-FR","@id":"https:\/\/kapitalis.com\/tunisie\/2016\/07\/26\/essid-profondement-attriste-par-lattaque-dans-une-eglise-en-france\/#primaryimage","url":"http:\/\/kapitalis.com\/tunisie\/wp-content\/uploads\/2016\/01\/Hollande-et-Habib-Essid.jpg","contentUrl":"http:\/\/kapitalis.com\/tunisie\/wp-content\/uploads\/2016\/01\/Hollande-et-Habib-Essid.jpg"},{"@type":"BreadcrumbList","@id":"https:\/\/kapitalis.com\/tunisie\/2016\/07\/26\/essid-profondement-attriste-par-lattaque-dans-une-eglise-en-france\/#breadcrumb","itemListElement":[{"@type":"ListItem","position":1,"name":"Accueil","item":"https:\/\/kapitalis.com\/tunisie\/"},{"@type":"ListItem","position":2,"name":"Essid profond\u00e9ment attrist\u00e9 par l\u2019attaque dans une \u00e9glise en France"}]},{"@type":"WebSite","@id":"https:\/\/kapitalis.com\/tunisie\/#website","url":"https:\/\/kapitalis.com\/tunisie\/","name":"Kapitalis","description":"L&#039;actualit\u00e9 en Tunisie et dans le monde","publisher":{"@id":"https:\/\/kapitalis.com\/tunisie\/#organization"},"potentialAction":[{"@type":"SearchAction","target":{"@type":"EntryPoint","urlTemplate":"https:\/\/kapitalis.com\/tunisie\/?s={search_term_string}"},"query-input":{"@type":"PropertyValueSpecification","valueRequired":true,"valueName":"search_term_string"}}],"inLanguage":"fr-FR"},{"@type":"Organization","@id":"https:\/\/kapitalis.com\/tunisie\/#organization","name":"Kapitalis","url":"https:\/\/kapitalis.com\/tunisie\/","logo":{"@type":"ImageObject","inLanguage":"fr-FR","@id":"https:\/\/kapitalis.com\/tunisie\/#\/schema\/logo\/image\/","url":"https:\/\/kapitalis.com\/tunisie\/wp-content\/uploads\/2022\/05\/Kapitalis-big-size.png","contentUrl":"https:\/\/kapitalis.com\/tunisie\/wp-content\/uploads\/2022\/05\/Kapitalis-big-size.png","width":5000,"height":1500,"caption":"Kapitalis"},"image":{"@id":"https:\/\/kapitalis.com\/tunisie\/#\/schema\/logo\/image\/"},"sameAs":["https:\/\/www.facebook.com\/KapitalisInfo\/","https:\/\/x.com\/KapitalisInfo","https:\/\/www.youtube.com\/channel\/UC-yDYrHyfFBWWZaOw3FPg9Q"]},{"@type":"Person","@id":"https:\/\/kapitalis.com\/tunisie\/#\/schema\/person\/d71f33a9ca44f7bad4698210b480c8e9","name":"webmaster kapitalis","url":"https:\/\/kapitalis.com\/tunisie\/author\/webmaster-kapitalis\/"}]}},"_links":{"self":[{"href":"https:\/\/kapitalis.com\/tunisie\/wp-json\/wp\/v2\/posts\/59152","targetHints":{"allow":["GET"]}}],"collection":[{"href":"https:\/\/kapitalis.com\/tunisie\/wp-json\/wp\/v2\/posts"}],"about":[{"href":"https:\/\/kapitalis.com\/tunisie\/wp-json\/wp\/v2\/types\/post"}],"author":[{"embeddable":true,"href":"https:\/\/kapitalis.com\/tunisie\/wp-json\/wp\/v2\/users\/8"}],"replies":[{"embeddable":true,"href":"https:\/\/kapitalis.com\/tunisie\/wp-json\/wp\/v2\/comments?post=59152"}],"version-history":[{"count":0,"href":"https:\/\/kapitalis.com\/tunisie\/wp-json\/wp\/v2\/posts\/59152\/revisions"}],"wp:attachment":[{"href":"https:\/\/kapitalis.com\/tunisie\/wp-json\/wp\/v2\/media?parent=59152"}],"wp:term":[{"taxonomy":"category","embeddable":true,"href":"https:\/\/kapitalis.com\/tunisie\/wp-json\/wp\/v2\/categories?post=59152"},{"taxonomy":"post_tag","embeddable":true,"href":"https:\/\/kapitalis.com\/tunisie\/wp-json\/wp\/v2\/tags?post=59152"}],"curies":[{"name":"wp","href":"https:\/\/api.w.org\/{rel}","templated":true}]}}