{"id":593,"date":"2015-05-21T15:25:32","date_gmt":"2015-05-21T14:25:32","guid":{"rendered":"http:\/\/www.kapitalis.com\/tunisie\/?p=593"},"modified":"2015-05-21T15:25:32","modified_gmt":"2015-05-21T14:25:32","slug":"affaire-chourabi-et-guetari-taieb-baccouche-nen-sait-pas-plus-que-nous","status":"publish","type":"post","link":"https:\/\/kapitalis.com\/tunisie\/2015\/05\/21\/affaire-chourabi-et-guetari-taieb-baccouche-nen-sait-pas-plus-que-nous\/","title":{"rendered":"Affaire Chourabi et Guetari: Taieb Baccouche n\u2019en sait pas plus que nous!"},"content":{"rendered":"<p><a href=\"http:\/\/kapitalis.net\/wordpress\/wp-content\/uploads\/2015\/05\/Bakkouch.jpg\"><img loading=\"lazy\" decoding=\"async\" class=\"aligncenter size-full wp-image-594\" src=\"http:\/\/kapitalis.net\/wordpress\/wp-content\/uploads\/2015\/05\/Bakkouch.jpg\" alt=\"Bakkouch\" width=\"626\" height=\"380\" \/><\/a><\/p>\n<p><em><strong>Le chef de la diplomatie tunisienne a partag\u00e9, aujourd\u2019hui, avec les d\u00e9put\u00e9s sa perplexit\u00e9 \u00e0 propos des journalistes tunisiens kidnapp\u00e9s en Libye. A quel saint se vouer?<\/strong><\/em><\/p>\n<p>Lors de son audition, mardi 19 mai 2015, \u00e0 l\u2019Assembl\u00e9e des repr\u00e9sentants du peuple (ARP), ministre des Affaires \u00e9trang\u00e8res Taieb Baccouche a d\u00e9clar\u00e9 que le gouvernement ne veut pas donner de d\u00e9claration qui puisse mettre en p\u00e9ril la vie de Sofiane Chourabi et Nadhir Guetari, d\u00e9tenus en Libye depuis le 8 septembre 2014, laissant ainsi (et encore) planer la possibilit\u00e9 qu\u2019ils puissent \u00eatre encore en vie, alors que des sources officielles libyennes avaient affirm\u00e9, il y a quelques semaines, qu\u2019ils avaient \u00e9t\u00e9 ex\u00e9cut\u00e9s par un groupe extr\u00e9miste \u00e0 Derna, dans une zone contr\u00f4l\u00e9e par les jihadistes.<\/p>\n<p>Le ministre a pr\u00e9cis\u00e9 que la Tunisie avait re\u00e7u des promesses de la part du gouvernement de Tripoli (islamiste) que Chourabi et Gu\u00e9tari seraient lib\u00e9r\u00e9s, ajoutant que les informations en provenance de la Libye restent tr\u00e8s contradictoires, ce pays \u00e9tant gouvern\u00e9 par diff\u00e9rentes parties.<\/p>\n<p>L\u2019annonce, par le gouvernement de Tobrouk (lib\u00e9ral), de l\u2019ex\u00e9cution des deux journalistes n\u2019a toujours pas \u00e9t\u00e9 mat\u00e9riellement prouv\u00e9e et les informations obtenues jusque-l\u00e0 ne sont pas tr\u00e8s claires.<\/p>\n<p><em>\u00abPour pouvoir mener \u00e0 bien notre enqu\u00eate, on a d\u00e9cid\u00e9 d&rsquo;envoyer de nouveau un repr\u00e9sentant consulaire et nous esp\u00e9rons connaitre la v\u00e9rit\u00e9 quelle qu&rsquo;elle soit avant la fin de ce mois\u00bb<\/em>, a-t-il conclu.<\/p>\n<p>Cette audition n\u2019aura finalement rien apport\u00e9 de nouveau sur le sort des journalistes tunisiens disparus en Libye, le gouvernement ne donnant pas l\u2019impression d\u2019\u00eatre mieux inform\u00e9 que le commun des citoyens, ni l\u2019actuel ni celui qui l\u2019a pr\u00e9c\u00e9d\u00e9, et qui s\u2019est illustr\u00e9 par son inaction sur ce dossier.<\/p>\n<p style=\"text-align: right;\"><strong>Y. N. M.<\/strong><\/p>\n","protected":false},"excerpt":{"rendered":"<p>Le chef de la diplomatie tunisienne a partag\u00e9, aujourd\u2019hui, avec les d\u00e9put\u00e9s sa perplexit\u00e9 \u00e0 propos des journalistes tunisiens kidnapp\u00e9s en Libye. A quel saint se vouer? Lors de son audition, mardi 19 mai 2015, \u00e0 l\u2019Assembl\u00e9e des repr\u00e9sentants du peuple (ARP), ministre des Affaires \u00e9trang\u00e8res Taieb Baccouche a d\u00e9clar\u00e9 que le gouvernement ne veut&#8230;<\/p>\n","protected":false},"author":1,"featured_media":0,"comment_status":"open","ping_status":"open","sticky":false,"template":"","format":"standard","meta":{"footnotes":""},"categories":[997],"tags":[206,433,877],"class_list":["post-593","post","type-post","status-publish","format-standard","hentry","category-politique","tag-chourabi","tag-guetari","tag-taieb-baccouche"],"yoast_head":"<!-- This site is optimized with the Yoast SEO plugin v26.6 - https:\/\/yoast.com\/wordpress\/plugins\/seo\/ -->\n<title>Affaire Chourabi et Guetari: Taieb Baccouche n\u2019en sait pas plus que nous! - Kapitalis<\/title>\n<meta name=\"robots\" content=\"index, follow, max-snippet:-1, max-image-preview:large, max-video-preview:-1\" \/>\n<link rel=\"canonical\" href=\"https:\/\/kapitalis.com\/tunisie\/2015\/05\/21\/affaire-chourabi-et-guetari-taieb-baccouche-nen-sait-pas-plus-que-nous\/\" \/>\n<meta property=\"og:locale\" content=\"fr_FR\" \/>\n<meta property=\"og:type\" content=\"article\" \/>\n<meta property=\"og:title\" content=\"Affaire Chourabi et Guetari: Taieb Baccouche n\u2019en sait pas plus que nous! - Kapitalis\" \/>\n<meta property=\"og:description\" content=\"Le chef de la diplomatie tunisienne a partag\u00e9, aujourd\u2019hui, avec les d\u00e9put\u00e9s sa perplexit\u00e9 \u00e0 propos des journalistes tunisiens kidnapp\u00e9s en Libye. A quel saint se vouer? Lors de son audition, mardi 19 mai 2015, \u00e0 l\u2019Assembl\u00e9e des repr\u00e9sentants du peuple (ARP), ministre des Affaires \u00e9trang\u00e8res Taieb Baccouche a d\u00e9clar\u00e9 que le gouvernement ne veut...\" \/>\n<meta property=\"og:url\" content=\"https:\/\/kapitalis.com\/tunisie\/2015\/05\/21\/affaire-chourabi-et-guetari-taieb-baccouche-nen-sait-pas-plus-que-nous\/\" \/>\n<meta property=\"og:site_name\" content=\"Kapitalis\" \/>\n<meta property=\"article:publisher\" content=\"https:\/\/www.facebook.com\/KapitalisInfo\/\" \/>\n<meta property=\"article:published_time\" content=\"2015-05-21T14:25:32+00:00\" \/>\n<meta property=\"og:image\" content=\"http:\/\/kapitalis.net\/wordpress\/wp-content\/uploads\/2015\/05\/Bakkouch.jpg\" \/>\n<meta name=\"author\" content=\"mounir\" \/>\n<meta name=\"twitter:card\" content=\"summary_large_image\" \/>\n<meta name=\"twitter:creator\" content=\"@KapitalisInfo\" \/>\n<meta name=\"twitter:site\" content=\"@KapitalisInfo\" \/>\n<meta name=\"twitter:label1\" content=\"\u00c9crit par\" \/>\n\t<meta name=\"twitter:data1\" content=\"mounir\" \/>\n\t<meta name=\"twitter:label2\" content=\"Dur\u00e9e de lecture estim\u00e9e\" \/>\n\t<meta name=\"twitter:data2\" content=\"2 minutes\" \/>\n<script type=\"application\/ld+json\" class=\"yoast-schema-graph\">{\"@context\":\"https:\/\/schema.org\",\"@graph\":[{\"@type\":\"Article\",\"@id\":\"https:\/\/kapitalis.com\/tunisie\/2015\/05\/21\/affaire-chourabi-et-guetari-taieb-baccouche-nen-sait-pas-plus-que-nous\/#article\",\"isPartOf\":{\"@id\":\"https:\/\/kapitalis.com\/tunisie\/2015\/05\/21\/affaire-chourabi-et-guetari-taieb-baccouche-nen-sait-pas-plus-que-nous\/\"},\"author\":{\"name\":\"mounir\",\"@id\":\"https:\/\/kapitalis.com\/tunisie\/#\/schema\/person\/aa55121cdc1c0fa4794a24cff31f746f\"},\"headline\":\"Affaire Chourabi et Guetari: Taieb Baccouche n\u2019en sait pas plus que nous!\",\"datePublished\":\"2015-05-21T14:25:32+00:00\",\"mainEntityOfPage\":{\"@id\":\"https:\/\/kapitalis.com\/tunisie\/2015\/05\/21\/affaire-chourabi-et-guetari-taieb-baccouche-nen-sait-pas-plus-que-nous\/\"},\"wordCount\":331,\"commentCount\":0,\"publisher\":{\"@id\":\"https:\/\/kapitalis.com\/tunisie\/#organization\"},\"image\":{\"@id\":\"https:\/\/kapitalis.com\/tunisie\/2015\/05\/21\/affaire-chourabi-et-guetari-taieb-baccouche-nen-sait-pas-plus-que-nous\/#primaryimage\"},\"thumbnailUrl\":\"http:\/\/kapitalis.net\/wordpress\/wp-content\/uploads\/2015\/05\/Bakkouch.jpg\",\"keywords\":[\"Chourabi\",\"Guetari\",\"Taieb Baccouche\"],\"articleSection\":[\"POLITIQUE\"],\"inLanguage\":\"fr-FR\",\"potentialAction\":[{\"@type\":\"CommentAction\",\"name\":\"Comment\",\"target\":[\"https:\/\/kapitalis.com\/tunisie\/2015\/05\/21\/affaire-chourabi-et-guetari-taieb-baccouche-nen-sait-pas-plus-que-nous\/#respond\"]}]},{\"@type\":\"WebPage\",\"@id\":\"https:\/\/kapitalis.com\/tunisie\/2015\/05\/21\/affaire-chourabi-et-guetari-taieb-baccouche-nen-sait-pas-plus-que-nous\/\",\"url\":\"https:\/\/kapitalis.com\/tunisie\/2015\/05\/21\/affaire-chourabi-et-guetari-taieb-baccouche-nen-sait-pas-plus-que-nous\/\",\"name\":\"Affaire Chourabi et Guetari: Taieb Baccouche n\u2019en sait pas plus que nous! - Kapitalis\",\"isPartOf\":{\"@id\":\"https:\/\/kapitalis.com\/tunisie\/#website\"},\"primaryImageOfPage\":{\"@id\":\"https:\/\/kapitalis.com\/tunisie\/2015\/05\/21\/affaire-chourabi-et-guetari-taieb-baccouche-nen-sait-pas-plus-que-nous\/#primaryimage\"},\"image\":{\"@id\":\"https:\/\/kapitalis.com\/tunisie\/2015\/05\/21\/affaire-chourabi-et-guetari-taieb-baccouche-nen-sait-pas-plus-que-nous\/#primaryimage\"},\"thumbnailUrl\":\"http:\/\/kapitalis.net\/wordpress\/wp-content\/uploads\/2015\/05\/Bakkouch.jpg\",\"datePublished\":\"2015-05-21T14:25:32+00:00\",\"breadcrumb\":{\"@id\":\"https:\/\/kapitalis.com\/tunisie\/2015\/05\/21\/affaire-chourabi-et-guetari-taieb-baccouche-nen-sait-pas-plus-que-nous\/#breadcrumb\"},\"inLanguage\":\"fr-FR\",\"potentialAction\":[{\"@type\":\"ReadAction\",\"target\":[\"https:\/\/kapitalis.com\/tunisie\/2015\/05\/21\/affaire-chourabi-et-guetari-taieb-baccouche-nen-sait-pas-plus-que-nous\/\"]}]},{\"@type\":\"ImageObject\",\"inLanguage\":\"fr-FR\",\"@id\":\"https:\/\/kapitalis.com\/tunisie\/2015\/05\/21\/affaire-chourabi-et-guetari-taieb-baccouche-nen-sait-pas-plus-que-nous\/#primaryimage\",\"url\":\"http:\/\/kapitalis.net\/wordpress\/wp-content\/uploads\/2015\/05\/Bakkouch.jpg\",\"contentUrl\":\"http:\/\/kapitalis.net\/wordpress\/wp-content\/uploads\/2015\/05\/Bakkouch.jpg\"},{\"@type\":\"BreadcrumbList\",\"@id\":\"https:\/\/kapitalis.com\/tunisie\/2015\/05\/21\/affaire-chourabi-et-guetari-taieb-baccouche-nen-sait-pas-plus-que-nous\/#breadcrumb\",\"itemListElement\":[{\"@type\":\"ListItem\",\"position\":1,\"name\":\"Accueil\",\"item\":\"https:\/\/kapitalis.com\/tunisie\/\"},{\"@type\":\"ListItem\",\"position\":2,\"name\":\"Affaire Chourabi et Guetari: Taieb Baccouche n\u2019en sait pas plus que nous!\"}]},{\"@type\":\"WebSite\",\"@id\":\"https:\/\/kapitalis.com\/tunisie\/#website\",\"url\":\"https:\/\/kapitalis.com\/tunisie\/\",\"name\":\"Kapitalis\",\"description\":\"L&#039;actualit\u00e9 en Tunisie et dans le monde\",\"publisher\":{\"@id\":\"https:\/\/kapitalis.com\/tunisie\/#organization\"},\"potentialAction\":[{\"@type\":\"SearchAction\",\"target\":{\"@type\":\"EntryPoint\",\"urlTemplate\":\"https:\/\/kapitalis.com\/tunisie\/?s={search_term_string}\"},\"query-input\":{\"@type\":\"PropertyValueSpecification\",\"valueRequired\":true,\"valueName\":\"search_term_string\"}}],\"inLanguage\":\"fr-FR\"},{\"@type\":\"Organization\",\"@id\":\"https:\/\/kapitalis.com\/tunisie\/#organization\",\"name\":\"Kapitalis\",\"url\":\"https:\/\/kapitalis.com\/tunisie\/\",\"logo\":{\"@type\":\"ImageObject\",\"inLanguage\":\"fr-FR\",\"@id\":\"https:\/\/kapitalis.com\/tunisie\/#\/schema\/logo\/image\/\",\"url\":\"https:\/\/kapitalis.com\/tunisie\/wp-content\/uploads\/2022\/05\/Kapitalis-big-size.png\",\"contentUrl\":\"https:\/\/kapitalis.com\/tunisie\/wp-content\/uploads\/2022\/05\/Kapitalis-big-size.png\",\"width\":5000,\"height\":1500,\"caption\":\"Kapitalis\"},\"image\":{\"@id\":\"https:\/\/kapitalis.com\/tunisie\/#\/schema\/logo\/image\/\"},\"sameAs\":[\"https:\/\/www.facebook.com\/KapitalisInfo\/\",\"https:\/\/x.com\/KapitalisInfo\",\"https:\/\/www.youtube.com\/channel\/UC-yDYrHyfFBWWZaOw3FPg9Q\"]},{\"@type\":\"Person\",\"@id\":\"https:\/\/kapitalis.com\/tunisie\/#\/schema\/person\/aa55121cdc1c0fa4794a24cff31f746f\",\"name\":\"mounir\",\"sameAs\":[\"https:\/\/kapitalis.com\/tunisie\"],\"url\":\"https:\/\/kapitalis.com\/tunisie\/author\/mounir\/\"}]}<\/script>\n<!-- \/ Yoast SEO plugin. -->","yoast_head_json":{"title":"Affaire Chourabi et Guetari: Taieb Baccouche n\u2019en sait pas plus que nous! - Kapitalis","robots":{"index":"index","follow":"follow","max-snippet":"max-snippet:-1","max-image-preview":"max-image-preview:large","max-video-preview":"max-video-preview:-1"},"canonical":"https:\/\/kapitalis.com\/tunisie\/2015\/05\/21\/affaire-chourabi-et-guetari-taieb-baccouche-nen-sait-pas-plus-que-nous\/","og_locale":"fr_FR","og_type":"article","og_title":"Affaire Chourabi et Guetari: Taieb Baccouche n\u2019en sait pas plus que nous! - Kapitalis","og_description":"Le chef de la diplomatie tunisienne a partag\u00e9, aujourd\u2019hui, avec les d\u00e9put\u00e9s sa perplexit\u00e9 \u00e0 propos des journalistes tunisiens kidnapp\u00e9s en Libye. A quel saint se vouer? Lors de son audition, mardi 19 mai 2015, \u00e0 l\u2019Assembl\u00e9e des repr\u00e9sentants du peuple (ARP), ministre des Affaires \u00e9trang\u00e8res Taieb Baccouche a d\u00e9clar\u00e9 que le gouvernement ne veut...","og_url":"https:\/\/kapitalis.com\/tunisie\/2015\/05\/21\/affaire-chourabi-et-guetari-taieb-baccouche-nen-sait-pas-plus-que-nous\/","og_site_name":"Kapitalis","article_publisher":"https:\/\/www.facebook.com\/KapitalisInfo\/","article_published_time":"2015-05-21T14:25:32+00:00","og_image":[{"url":"http:\/\/kapitalis.net\/wordpress\/wp-content\/uploads\/2015\/05\/Bakkouch.jpg","type":"","width":"","height":""}],"author":"mounir","twitter_card":"summary_large_image","twitter_creator":"@KapitalisInfo","twitter_site":"@KapitalisInfo","twitter_misc":{"\u00c9crit par":"mounir","Dur\u00e9e de lecture estim\u00e9e":"2 minutes"},"schema":{"@context":"https:\/\/schema.org","@graph":[{"@type":"Article","@id":"https:\/\/kapitalis.com\/tunisie\/2015\/05\/21\/affaire-chourabi-et-guetari-taieb-baccouche-nen-sait-pas-plus-que-nous\/#article","isPartOf":{"@id":"https:\/\/kapitalis.com\/tunisie\/2015\/05\/21\/affaire-chourabi-et-guetari-taieb-baccouche-nen-sait-pas-plus-que-nous\/"},"author":{"name":"mounir","@id":"https:\/\/kapitalis.com\/tunisie\/#\/schema\/person\/aa55121cdc1c0fa4794a24cff31f746f"},"headline":"Affaire Chourabi et Guetari: Taieb Baccouche n\u2019en sait pas plus que nous!","datePublished":"2015-05-21T14:25:32+00:00","mainEntityOfPage":{"@id":"https:\/\/kapitalis.com\/tunisie\/2015\/05\/21\/affaire-chourabi-et-guetari-taieb-baccouche-nen-sait-pas-plus-que-nous\/"},"wordCount":331,"commentCount":0,"publisher":{"@id":"https:\/\/kapitalis.com\/tunisie\/#organization"},"image":{"@id":"https:\/\/kapitalis.com\/tunisie\/2015\/05\/21\/affaire-chourabi-et-guetari-taieb-baccouche-nen-sait-pas-plus-que-nous\/#primaryimage"},"thumbnailUrl":"http:\/\/kapitalis.net\/wordpress\/wp-content\/uploads\/2015\/05\/Bakkouch.jpg","keywords":["Chourabi","Guetari","Taieb Baccouche"],"articleSection":["POLITIQUE"],"inLanguage":"fr-FR","potentialAction":[{"@type":"CommentAction","name":"Comment","target":["https:\/\/kapitalis.com\/tunisie\/2015\/05\/21\/affaire-chourabi-et-guetari-taieb-baccouche-nen-sait-pas-plus-que-nous\/#respond"]}]},{"@type":"WebPage","@id":"https:\/\/kapitalis.com\/tunisie\/2015\/05\/21\/affaire-chourabi-et-guetari-taieb-baccouche-nen-sait-pas-plus-que-nous\/","url":"https:\/\/kapitalis.com\/tunisie\/2015\/05\/21\/affaire-chourabi-et-guetari-taieb-baccouche-nen-sait-pas-plus-que-nous\/","name":"Affaire Chourabi et Guetari: Taieb Baccouche n\u2019en sait pas plus que nous! - Kapitalis","isPartOf":{"@id":"https:\/\/kapitalis.com\/tunisie\/#website"},"primaryImageOfPage":{"@id":"https:\/\/kapitalis.com\/tunisie\/2015\/05\/21\/affaire-chourabi-et-guetari-taieb-baccouche-nen-sait-pas-plus-que-nous\/#primaryimage"},"image":{"@id":"https:\/\/kapitalis.com\/tunisie\/2015\/05\/21\/affaire-chourabi-et-guetari-taieb-baccouche-nen-sait-pas-plus-que-nous\/#primaryimage"},"thumbnailUrl":"http:\/\/kapitalis.net\/wordpress\/wp-content\/uploads\/2015\/05\/Bakkouch.jpg","datePublished":"2015-05-21T14:25:32+00:00","breadcrumb":{"@id":"https:\/\/kapitalis.com\/tunisie\/2015\/05\/21\/affaire-chourabi-et-guetari-taieb-baccouche-nen-sait-pas-plus-que-nous\/#breadcrumb"},"inLanguage":"fr-FR","potentialAction":[{"@type":"ReadAction","target":["https:\/\/kapitalis.com\/tunisie\/2015\/05\/21\/affaire-chourabi-et-guetari-taieb-baccouche-nen-sait-pas-plus-que-nous\/"]}]},{"@type":"ImageObject","inLanguage":"fr-FR","@id":"https:\/\/kapitalis.com\/tunisie\/2015\/05\/21\/affaire-chourabi-et-guetari-taieb-baccouche-nen-sait-pas-plus-que-nous\/#primaryimage","url":"http:\/\/kapitalis.net\/wordpress\/wp-content\/uploads\/2015\/05\/Bakkouch.jpg","contentUrl":"http:\/\/kapitalis.net\/wordpress\/wp-content\/uploads\/2015\/05\/Bakkouch.jpg"},{"@type":"BreadcrumbList","@id":"https:\/\/kapitalis.com\/tunisie\/2015\/05\/21\/affaire-chourabi-et-guetari-taieb-baccouche-nen-sait-pas-plus-que-nous\/#breadcrumb","itemListElement":[{"@type":"ListItem","position":1,"name":"Accueil","item":"https:\/\/kapitalis.com\/tunisie\/"},{"@type":"ListItem","position":2,"name":"Affaire Chourabi et Guetari: Taieb Baccouche n\u2019en sait pas plus que nous!"}]},{"@type":"WebSite","@id":"https:\/\/kapitalis.com\/tunisie\/#website","url":"https:\/\/kapitalis.com\/tunisie\/","name":"Kapitalis","description":"L&#039;actualit\u00e9 en Tunisie et dans le monde","publisher":{"@id":"https:\/\/kapitalis.com\/tunisie\/#organization"},"potentialAction":[{"@type":"SearchAction","target":{"@type":"EntryPoint","urlTemplate":"https:\/\/kapitalis.com\/tunisie\/?s={search_term_string}"},"query-input":{"@type":"PropertyValueSpecification","valueRequired":true,"valueName":"search_term_string"}}],"inLanguage":"fr-FR"},{"@type":"Organization","@id":"https:\/\/kapitalis.com\/tunisie\/#organization","name":"Kapitalis","url":"https:\/\/kapitalis.com\/tunisie\/","logo":{"@type":"ImageObject","inLanguage":"fr-FR","@id":"https:\/\/kapitalis.com\/tunisie\/#\/schema\/logo\/image\/","url":"https:\/\/kapitalis.com\/tunisie\/wp-content\/uploads\/2022\/05\/Kapitalis-big-size.png","contentUrl":"https:\/\/kapitalis.com\/tunisie\/wp-content\/uploads\/2022\/05\/Kapitalis-big-size.png","width":5000,"height":1500,"caption":"Kapitalis"},"image":{"@id":"https:\/\/kapitalis.com\/tunisie\/#\/schema\/logo\/image\/"},"sameAs":["https:\/\/www.facebook.com\/KapitalisInfo\/","https:\/\/x.com\/KapitalisInfo","https:\/\/www.youtube.com\/channel\/UC-yDYrHyfFBWWZaOw3FPg9Q"]},{"@type":"Person","@id":"https:\/\/kapitalis.com\/tunisie\/#\/schema\/person\/aa55121cdc1c0fa4794a24cff31f746f","name":"mounir","sameAs":["https:\/\/kapitalis.com\/tunisie"],"url":"https:\/\/kapitalis.com\/tunisie\/author\/mounir\/"}]}},"_links":{"self":[{"href":"https:\/\/kapitalis.com\/tunisie\/wp-json\/wp\/v2\/posts\/593","targetHints":{"allow":["GET"]}}],"collection":[{"href":"https:\/\/kapitalis.com\/tunisie\/wp-json\/wp\/v2\/posts"}],"about":[{"href":"https:\/\/kapitalis.com\/tunisie\/wp-json\/wp\/v2\/types\/post"}],"author":[{"embeddable":true,"href":"https:\/\/kapitalis.com\/tunisie\/wp-json\/wp\/v2\/users\/1"}],"replies":[{"embeddable":true,"href":"https:\/\/kapitalis.com\/tunisie\/wp-json\/wp\/v2\/comments?post=593"}],"version-history":[{"count":0,"href":"https:\/\/kapitalis.com\/tunisie\/wp-json\/wp\/v2\/posts\/593\/revisions"}],"wp:attachment":[{"href":"https:\/\/kapitalis.com\/tunisie\/wp-json\/wp\/v2\/media?parent=593"}],"wp:term":[{"taxonomy":"category","embeddable":true,"href":"https:\/\/kapitalis.com\/tunisie\/wp-json\/wp\/v2\/categories?post=593"},{"taxonomy":"post_tag","embeddable":true,"href":"https:\/\/kapitalis.com\/tunisie\/wp-json\/wp\/v2\/tags?post=593"}],"curies":[{"name":"wp","href":"https:\/\/api.w.org\/{rel}","templated":true}]}}