{"id":59369,"date":"2016-07-28T14:20:19","date_gmt":"2016-07-28T13:20:19","guid":{"rendered":"http:\/\/kapitalis.com\/tunisie\/?p=59369"},"modified":"2016-07-28T15:49:18","modified_gmt":"2016-07-28T14:49:18","slug":"attentat-de-leglise-en-france-daech-diffuse-une-video-des-deux-egorgeurs-du-cure","status":"publish","type":"post","link":"https:\/\/kapitalis.com\/tunisie\/2016\/07\/28\/attentat-de-leglise-en-france-daech-diffuse-une-video-des-deux-egorgeurs-du-cure\/","title":{"rendered":"Attentat de l&rsquo;\u00e9glise en France : Daech diffuse une vid\u00e9o des deux \u00e9gorgeurs du cur\u00e9"},"content":{"rendered":"<p style=\"text-align: center;\"><img loading=\"lazy\" decoding=\"async\" class=\"alignnone size-full wp-image-59370\" src=\"http:\/\/kapitalis.com\/tunisie\/wp-content\/uploads\/2016\/07\/Attentat-de-Rouen.jpg\" alt=\"Attentat-de-Rouen\" width=\"626\" height=\"380\" \/><\/p>\n<p style=\"text-align: left;\"><em><strong>Au lendemain de l\u2019attaque terroriste contre l\u2019\u00e9glise de Saint Etienne-du-Rouvray, en France, Daech a diffus\u00e9, hier, un extrait d\u2019une vid\u00e9o montrant les 2 \u00e9gorgeurs du pr\u00eatre.<\/strong> <\/em><\/p>\n<p style=\"text-align: left;\"><!--more--><\/p>\n<p style=\"text-align: left;\">Les 2 assaillants, d\u00e9sormais identifi\u00e9s, ont \u00e9t\u00e9 abattus par les forces s\u00e9curitaires fran\u00e7aises, mardi, devant l\u2019\u00e9glise, o\u00f9 ils venaient d\u2019\u00e9gorger le pr\u00eatre Jacques Hamel et de blesser 3 personnes, dont une gri\u00e8vement.<\/p>\n<p style=\"text-align: left;\">Les auteurs de l\u2019attentat, qui a boulevers\u00e9 les Fran\u00e7ais et suscit\u00e9 une vague d\u2019indignation dans le monde, sont Adel Kermiche et Abdelmalek Nabil Petitjean, tous deux \u00e2g\u00e9s de 19 ans, connus des services antiterroristes fran\u00e7ais et fich\u00e9s \u00abS\u00bb.<\/p>\n<p style=\"text-align: left;\">Mercredi apr\u00e8s-midi, l\u2019agence de presse Amaq, proche de l\u2019organisation de l\u2019Etat islamique (Daech) a diffus\u00e9 un extrait vid\u00e9o montrant Adel Kermiche, tenant la main d\u2019Abdelmalek Nabil Petitjean, le terroriste ayant \u00e9gorg\u00e9 P\u00e8re Jacques Hamel, qui pr\u00eatait all\u00e9geance \u00e0 Abou Bakr Al-Baghdadi, le chef de Daech.<\/p>\n<p style=\"text-align: left;\">La vid\u00e9o a \u00e9t\u00e9 tourn\u00e9e dans un appartement quelque part en France.<\/p>\n<p style=\"text-align: right;\"><strong>Z. A. <\/strong><\/p>\n","protected":false},"excerpt":{"rendered":"<p>Au lendemain de l\u2019attaque terroriste contre l\u2019\u00e9glise de Saint Etienne-du-Rouvray, en France, Daech a diffus\u00e9, hier, un extrait d\u2019une vid\u00e9o montrant les 2 \u00e9gorgeurs du pr\u00eatre.<\/p>\n","protected":false},"author":8,"featured_media":59370,"comment_status":"open","ping_status":"open","sticky":false,"template":"","format":"standard","meta":{"footnotes":""},"categories":[998,2433],"tags":[258,395],"class_list":["post-59369","post","type-post","status-publish","format-standard","has-post-thumbnail","hentry","category-societe","category-tunisie","tag-daech","tag-france"],"yoast_head":"<!-- This site is optimized with the Yoast SEO plugin v26.6 - https:\/\/yoast.com\/wordpress\/plugins\/seo\/ -->\n<title>Attentat de l&#039;\u00e9glise en France : Daech diffuse une vid\u00e9o des deux \u00e9gorgeurs du cur\u00e9 - Kapitalis<\/title>\n<meta name=\"robots\" content=\"index, follow, max-snippet:-1, max-image-preview:large, max-video-preview:-1\" \/>\n<link rel=\"canonical\" href=\"https:\/\/kapitalis.com\/tunisie\/2016\/07\/28\/attentat-de-leglise-en-france-daech-diffuse-une-video-des-deux-egorgeurs-du-cure\/\" \/>\n<meta property=\"og:locale\" content=\"fr_FR\" \/>\n<meta property=\"og:type\" content=\"article\" \/>\n<meta property=\"og:title\" content=\"Attentat de l&#039;\u00e9glise en France : Daech diffuse une vid\u00e9o des deux \u00e9gorgeurs du cur\u00e9 - Kapitalis\" \/>\n<meta property=\"og:description\" content=\"Au lendemain de l\u2019attaque terroriste contre l\u2019\u00e9glise de Saint Etienne-du-Rouvray, en France, Daech a diffus\u00e9, hier, un extrait d\u2019une vid\u00e9o montrant les 2 \u00e9gorgeurs du pr\u00eatre.\" \/>\n<meta property=\"og:url\" content=\"https:\/\/kapitalis.com\/tunisie\/2016\/07\/28\/attentat-de-leglise-en-france-daech-diffuse-une-video-des-deux-egorgeurs-du-cure\/\" \/>\n<meta property=\"og:site_name\" content=\"Kapitalis\" \/>\n<meta property=\"article:publisher\" content=\"https:\/\/www.facebook.com\/KapitalisInfo\/\" \/>\n<meta property=\"article:published_time\" content=\"2016-07-28T13:20:19+00:00\" \/>\n<meta property=\"article:modified_time\" content=\"2016-07-28T14:49:18+00:00\" \/>\n<meta property=\"og:image\" content=\"https:\/\/kapitalis.com\/tunisie\/wp-content\/uploads\/2022\/05\/kapitalis-logo-fb.png\" \/>\n\t<meta property=\"og:image:width\" content=\"1200\" \/>\n\t<meta property=\"og:image:height\" content=\"630\" \/>\n\t<meta property=\"og:image:type\" content=\"image\/png\" \/>\n<meta name=\"author\" content=\"webmaster kapitalis\" \/>\n<meta name=\"twitter:card\" content=\"summary_large_image\" \/>\n<meta name=\"twitter:creator\" content=\"@KapitalisInfo\" \/>\n<meta name=\"twitter:site\" content=\"@KapitalisInfo\" \/>\n<meta name=\"twitter:label1\" content=\"\u00c9crit par\" \/>\n\t<meta name=\"twitter:data1\" content=\"webmaster kapitalis\" \/>\n\t<meta name=\"twitter:label2\" content=\"Dur\u00e9e de lecture estim\u00e9e\" \/>\n\t<meta name=\"twitter:data2\" content=\"1 minute\" \/>\n<script type=\"application\/ld+json\" class=\"yoast-schema-graph\">{\"@context\":\"https:\/\/schema.org\",\"@graph\":[{\"@type\":\"Article\",\"@id\":\"https:\/\/kapitalis.com\/tunisie\/2016\/07\/28\/attentat-de-leglise-en-france-daech-diffuse-une-video-des-deux-egorgeurs-du-cure\/#article\",\"isPartOf\":{\"@id\":\"https:\/\/kapitalis.com\/tunisie\/2016\/07\/28\/attentat-de-leglise-en-france-daech-diffuse-une-video-des-deux-egorgeurs-du-cure\/\"},\"author\":{\"name\":\"webmaster kapitalis\",\"@id\":\"https:\/\/kapitalis.com\/tunisie\/#\/schema\/person\/d71f33a9ca44f7bad4698210b480c8e9\"},\"headline\":\"Attentat de l&rsquo;\u00e9glise en France : Daech diffuse une vid\u00e9o des deux \u00e9gorgeurs du cur\u00e9\",\"datePublished\":\"2016-07-28T13:20:19+00:00\",\"dateModified\":\"2016-07-28T14:49:18+00:00\",\"mainEntityOfPage\":{\"@id\":\"https:\/\/kapitalis.com\/tunisie\/2016\/07\/28\/attentat-de-leglise-en-france-daech-diffuse-une-video-des-deux-egorgeurs-du-cure\/\"},\"wordCount\":196,\"commentCount\":10,\"publisher\":{\"@id\":\"https:\/\/kapitalis.com\/tunisie\/#organization\"},\"image\":{\"@id\":\"https:\/\/kapitalis.com\/tunisie\/2016\/07\/28\/attentat-de-leglise-en-france-daech-diffuse-une-video-des-deux-egorgeurs-du-cure\/#primaryimage\"},\"thumbnailUrl\":\"\",\"keywords\":[\"Daech\",\"France\"],\"articleSection\":[\"SOCIETE\",\"Tunisie\"],\"inLanguage\":\"fr-FR\",\"potentialAction\":[{\"@type\":\"CommentAction\",\"name\":\"Comment\",\"target\":[\"https:\/\/kapitalis.com\/tunisie\/2016\/07\/28\/attentat-de-leglise-en-france-daech-diffuse-une-video-des-deux-egorgeurs-du-cure\/#respond\"]}]},{\"@type\":\"WebPage\",\"@id\":\"https:\/\/kapitalis.com\/tunisie\/2016\/07\/28\/attentat-de-leglise-en-france-daech-diffuse-une-video-des-deux-egorgeurs-du-cure\/\",\"url\":\"https:\/\/kapitalis.com\/tunisie\/2016\/07\/28\/attentat-de-leglise-en-france-daech-diffuse-une-video-des-deux-egorgeurs-du-cure\/\",\"name\":\"Attentat de l'\u00e9glise en France : Daech diffuse une vid\u00e9o des deux \u00e9gorgeurs du cur\u00e9 - Kapitalis\",\"isPartOf\":{\"@id\":\"https:\/\/kapitalis.com\/tunisie\/#website\"},\"primaryImageOfPage\":{\"@id\":\"https:\/\/kapitalis.com\/tunisie\/2016\/07\/28\/attentat-de-leglise-en-france-daech-diffuse-une-video-des-deux-egorgeurs-du-cure\/#primaryimage\"},\"image\":{\"@id\":\"https:\/\/kapitalis.com\/tunisie\/2016\/07\/28\/attentat-de-leglise-en-france-daech-diffuse-une-video-des-deux-egorgeurs-du-cure\/#primaryimage\"},\"thumbnailUrl\":\"\",\"datePublished\":\"2016-07-28T13:20:19+00:00\",\"dateModified\":\"2016-07-28T14:49:18+00:00\",\"breadcrumb\":{\"@id\":\"https:\/\/kapitalis.com\/tunisie\/2016\/07\/28\/attentat-de-leglise-en-france-daech-diffuse-une-video-des-deux-egorgeurs-du-cure\/#breadcrumb\"},\"inLanguage\":\"fr-FR\",\"potentialAction\":[{\"@type\":\"ReadAction\",\"target\":[\"https:\/\/kapitalis.com\/tunisie\/2016\/07\/28\/attentat-de-leglise-en-france-daech-diffuse-une-video-des-deux-egorgeurs-du-cure\/\"]}]},{\"@type\":\"ImageObject\",\"inLanguage\":\"fr-FR\",\"@id\":\"https:\/\/kapitalis.com\/tunisie\/2016\/07\/28\/attentat-de-leglise-en-france-daech-diffuse-une-video-des-deux-egorgeurs-du-cure\/#primaryimage\",\"url\":\"\",\"contentUrl\":\"\"},{\"@type\":\"BreadcrumbList\",\"@id\":\"https:\/\/kapitalis.com\/tunisie\/2016\/07\/28\/attentat-de-leglise-en-france-daech-diffuse-une-video-des-deux-egorgeurs-du-cure\/#breadcrumb\",\"itemListElement\":[{\"@type\":\"ListItem\",\"position\":1,\"name\":\"Accueil\",\"item\":\"https:\/\/kapitalis.com\/tunisie\/\"},{\"@type\":\"ListItem\",\"position\":2,\"name\":\"Attentat de l&rsquo;\u00e9glise en France : Daech diffuse une vid\u00e9o des deux \u00e9gorgeurs du cur\u00e9\"}]},{\"@type\":\"WebSite\",\"@id\":\"https:\/\/kapitalis.com\/tunisie\/#website\",\"url\":\"https:\/\/kapitalis.com\/tunisie\/\",\"name\":\"Kapitalis\",\"description\":\"L&#039;actualit\u00e9 en Tunisie et dans le monde\",\"publisher\":{\"@id\":\"https:\/\/kapitalis.com\/tunisie\/#organization\"},\"potentialAction\":[{\"@type\":\"SearchAction\",\"target\":{\"@type\":\"EntryPoint\",\"urlTemplate\":\"https:\/\/kapitalis.com\/tunisie\/?s={search_term_string}\"},\"query-input\":{\"@type\":\"PropertyValueSpecification\",\"valueRequired\":true,\"valueName\":\"search_term_string\"}}],\"inLanguage\":\"fr-FR\"},{\"@type\":\"Organization\",\"@id\":\"https:\/\/kapitalis.com\/tunisie\/#organization\",\"name\":\"Kapitalis\",\"url\":\"https:\/\/kapitalis.com\/tunisie\/\",\"logo\":{\"@type\":\"ImageObject\",\"inLanguage\":\"fr-FR\",\"@id\":\"https:\/\/kapitalis.com\/tunisie\/#\/schema\/logo\/image\/\",\"url\":\"https:\/\/kapitalis.com\/tunisie\/wp-content\/uploads\/2022\/05\/Kapitalis-big-size.png\",\"contentUrl\":\"https:\/\/kapitalis.com\/tunisie\/wp-content\/uploads\/2022\/05\/Kapitalis-big-size.png\",\"width\":5000,\"height\":1500,\"caption\":\"Kapitalis\"},\"image\":{\"@id\":\"https:\/\/kapitalis.com\/tunisie\/#\/schema\/logo\/image\/\"},\"sameAs\":[\"https:\/\/www.facebook.com\/KapitalisInfo\/\",\"https:\/\/x.com\/KapitalisInfo\",\"https:\/\/www.youtube.com\/channel\/UC-yDYrHyfFBWWZaOw3FPg9Q\"]},{\"@type\":\"Person\",\"@id\":\"https:\/\/kapitalis.com\/tunisie\/#\/schema\/person\/d71f33a9ca44f7bad4698210b480c8e9\",\"name\":\"webmaster kapitalis\",\"url\":\"https:\/\/kapitalis.com\/tunisie\/author\/webmaster-kapitalis\/\"}]}<\/script>\n<!-- \/ Yoast SEO plugin. -->","yoast_head_json":{"title":"Attentat de l'\u00e9glise en France : Daech diffuse une vid\u00e9o des deux \u00e9gorgeurs du cur\u00e9 - Kapitalis","robots":{"index":"index","follow":"follow","max-snippet":"max-snippet:-1","max-image-preview":"max-image-preview:large","max-video-preview":"max-video-preview:-1"},"canonical":"https:\/\/kapitalis.com\/tunisie\/2016\/07\/28\/attentat-de-leglise-en-france-daech-diffuse-une-video-des-deux-egorgeurs-du-cure\/","og_locale":"fr_FR","og_type":"article","og_title":"Attentat de l'\u00e9glise en France : Daech diffuse une vid\u00e9o des deux \u00e9gorgeurs du cur\u00e9 - Kapitalis","og_description":"Au lendemain de l\u2019attaque terroriste contre l\u2019\u00e9glise de Saint Etienne-du-Rouvray, en France, Daech a diffus\u00e9, hier, un extrait d\u2019une vid\u00e9o montrant les 2 \u00e9gorgeurs du pr\u00eatre.","og_url":"https:\/\/kapitalis.com\/tunisie\/2016\/07\/28\/attentat-de-leglise-en-france-daech-diffuse-une-video-des-deux-egorgeurs-du-cure\/","og_site_name":"Kapitalis","article_publisher":"https:\/\/www.facebook.com\/KapitalisInfo\/","article_published_time":"2016-07-28T13:20:19+00:00","article_modified_time":"2016-07-28T14:49:18+00:00","og_image":[{"width":1200,"height":630,"url":"https:\/\/kapitalis.com\/tunisie\/wp-content\/uploads\/2022\/05\/kapitalis-logo-fb.png","type":"image\/png"}],"author":"webmaster kapitalis","twitter_card":"summary_large_image","twitter_creator":"@KapitalisInfo","twitter_site":"@KapitalisInfo","twitter_misc":{"\u00c9crit par":"webmaster kapitalis","Dur\u00e9e de lecture estim\u00e9e":"1 minute"},"schema":{"@context":"https:\/\/schema.org","@graph":[{"@type":"Article","@id":"https:\/\/kapitalis.com\/tunisie\/2016\/07\/28\/attentat-de-leglise-en-france-daech-diffuse-une-video-des-deux-egorgeurs-du-cure\/#article","isPartOf":{"@id":"https:\/\/kapitalis.com\/tunisie\/2016\/07\/28\/attentat-de-leglise-en-france-daech-diffuse-une-video-des-deux-egorgeurs-du-cure\/"},"author":{"name":"webmaster kapitalis","@id":"https:\/\/kapitalis.com\/tunisie\/#\/schema\/person\/d71f33a9ca44f7bad4698210b480c8e9"},"headline":"Attentat de l&rsquo;\u00e9glise en France : Daech diffuse une vid\u00e9o des deux \u00e9gorgeurs du cur\u00e9","datePublished":"2016-07-28T13:20:19+00:00","dateModified":"2016-07-28T14:49:18+00:00","mainEntityOfPage":{"@id":"https:\/\/kapitalis.com\/tunisie\/2016\/07\/28\/attentat-de-leglise-en-france-daech-diffuse-une-video-des-deux-egorgeurs-du-cure\/"},"wordCount":196,"commentCount":10,"publisher":{"@id":"https:\/\/kapitalis.com\/tunisie\/#organization"},"image":{"@id":"https:\/\/kapitalis.com\/tunisie\/2016\/07\/28\/attentat-de-leglise-en-france-daech-diffuse-une-video-des-deux-egorgeurs-du-cure\/#primaryimage"},"thumbnailUrl":"","keywords":["Daech","France"],"articleSection":["SOCIETE","Tunisie"],"inLanguage":"fr-FR","potentialAction":[{"@type":"CommentAction","name":"Comment","target":["https:\/\/kapitalis.com\/tunisie\/2016\/07\/28\/attentat-de-leglise-en-france-daech-diffuse-une-video-des-deux-egorgeurs-du-cure\/#respond"]}]},{"@type":"WebPage","@id":"https:\/\/kapitalis.com\/tunisie\/2016\/07\/28\/attentat-de-leglise-en-france-daech-diffuse-une-video-des-deux-egorgeurs-du-cure\/","url":"https:\/\/kapitalis.com\/tunisie\/2016\/07\/28\/attentat-de-leglise-en-france-daech-diffuse-une-video-des-deux-egorgeurs-du-cure\/","name":"Attentat de l'\u00e9glise en France : Daech diffuse une vid\u00e9o des deux \u00e9gorgeurs du cur\u00e9 - Kapitalis","isPartOf":{"@id":"https:\/\/kapitalis.com\/tunisie\/#website"},"primaryImageOfPage":{"@id":"https:\/\/kapitalis.com\/tunisie\/2016\/07\/28\/attentat-de-leglise-en-france-daech-diffuse-une-video-des-deux-egorgeurs-du-cure\/#primaryimage"},"image":{"@id":"https:\/\/kapitalis.com\/tunisie\/2016\/07\/28\/attentat-de-leglise-en-france-daech-diffuse-une-video-des-deux-egorgeurs-du-cure\/#primaryimage"},"thumbnailUrl":"","datePublished":"2016-07-28T13:20:19+00:00","dateModified":"2016-07-28T14:49:18+00:00","breadcrumb":{"@id":"https:\/\/kapitalis.com\/tunisie\/2016\/07\/28\/attentat-de-leglise-en-france-daech-diffuse-une-video-des-deux-egorgeurs-du-cure\/#breadcrumb"},"inLanguage":"fr-FR","potentialAction":[{"@type":"ReadAction","target":["https:\/\/kapitalis.com\/tunisie\/2016\/07\/28\/attentat-de-leglise-en-france-daech-diffuse-une-video-des-deux-egorgeurs-du-cure\/"]}]},{"@type":"ImageObject","inLanguage":"fr-FR","@id":"https:\/\/kapitalis.com\/tunisie\/2016\/07\/28\/attentat-de-leglise-en-france-daech-diffuse-une-video-des-deux-egorgeurs-du-cure\/#primaryimage","url":"","contentUrl":""},{"@type":"BreadcrumbList","@id":"https:\/\/kapitalis.com\/tunisie\/2016\/07\/28\/attentat-de-leglise-en-france-daech-diffuse-une-video-des-deux-egorgeurs-du-cure\/#breadcrumb","itemListElement":[{"@type":"ListItem","position":1,"name":"Accueil","item":"https:\/\/kapitalis.com\/tunisie\/"},{"@type":"ListItem","position":2,"name":"Attentat de l&rsquo;\u00e9glise en France : Daech diffuse une vid\u00e9o des deux \u00e9gorgeurs du cur\u00e9"}]},{"@type":"WebSite","@id":"https:\/\/kapitalis.com\/tunisie\/#website","url":"https:\/\/kapitalis.com\/tunisie\/","name":"Kapitalis","description":"L&#039;actualit\u00e9 en Tunisie et dans le monde","publisher":{"@id":"https:\/\/kapitalis.com\/tunisie\/#organization"},"potentialAction":[{"@type":"SearchAction","target":{"@type":"EntryPoint","urlTemplate":"https:\/\/kapitalis.com\/tunisie\/?s={search_term_string}"},"query-input":{"@type":"PropertyValueSpecification","valueRequired":true,"valueName":"search_term_string"}}],"inLanguage":"fr-FR"},{"@type":"Organization","@id":"https:\/\/kapitalis.com\/tunisie\/#organization","name":"Kapitalis","url":"https:\/\/kapitalis.com\/tunisie\/","logo":{"@type":"ImageObject","inLanguage":"fr-FR","@id":"https:\/\/kapitalis.com\/tunisie\/#\/schema\/logo\/image\/","url":"https:\/\/kapitalis.com\/tunisie\/wp-content\/uploads\/2022\/05\/Kapitalis-big-size.png","contentUrl":"https:\/\/kapitalis.com\/tunisie\/wp-content\/uploads\/2022\/05\/Kapitalis-big-size.png","width":5000,"height":1500,"caption":"Kapitalis"},"image":{"@id":"https:\/\/kapitalis.com\/tunisie\/#\/schema\/logo\/image\/"},"sameAs":["https:\/\/www.facebook.com\/KapitalisInfo\/","https:\/\/x.com\/KapitalisInfo","https:\/\/www.youtube.com\/channel\/UC-yDYrHyfFBWWZaOw3FPg9Q"]},{"@type":"Person","@id":"https:\/\/kapitalis.com\/tunisie\/#\/schema\/person\/d71f33a9ca44f7bad4698210b480c8e9","name":"webmaster kapitalis","url":"https:\/\/kapitalis.com\/tunisie\/author\/webmaster-kapitalis\/"}]}},"_links":{"self":[{"href":"https:\/\/kapitalis.com\/tunisie\/wp-json\/wp\/v2\/posts\/59369","targetHints":{"allow":["GET"]}}],"collection":[{"href":"https:\/\/kapitalis.com\/tunisie\/wp-json\/wp\/v2\/posts"}],"about":[{"href":"https:\/\/kapitalis.com\/tunisie\/wp-json\/wp\/v2\/types\/post"}],"author":[{"embeddable":true,"href":"https:\/\/kapitalis.com\/tunisie\/wp-json\/wp\/v2\/users\/8"}],"replies":[{"embeddable":true,"href":"https:\/\/kapitalis.com\/tunisie\/wp-json\/wp\/v2\/comments?post=59369"}],"version-history":[{"count":0,"href":"https:\/\/kapitalis.com\/tunisie\/wp-json\/wp\/v2\/posts\/59369\/revisions"}],"wp:featuredmedia":[{"embeddable":true,"href":"https:\/\/kapitalis.com\/tunisie\/wp-json\/wp\/v2\/media\/59370"}],"wp:attachment":[{"href":"https:\/\/kapitalis.com\/tunisie\/wp-json\/wp\/v2\/media?parent=59369"}],"wp:term":[{"taxonomy":"category","embeddable":true,"href":"https:\/\/kapitalis.com\/tunisie\/wp-json\/wp\/v2\/categories?post=59369"},{"taxonomy":"post_tag","embeddable":true,"href":"https:\/\/kapitalis.com\/tunisie\/wp-json\/wp\/v2\/tags?post=59369"}],"curies":[{"name":"wp","href":"https:\/\/api.w.org\/{rel}","templated":true}]}}