{"id":59411,"date":"2016-07-29T07:30:41","date_gmt":"2016-07-29T06:30:41","guid":{"rendered":"http:\/\/kapitalis.com\/tunisie\/?p=59411"},"modified":"2016-07-28T18:36:35","modified_gmt":"2016-07-28T17:36:35","slug":"31e-fifak-les-cineastes-amateurs-se-donnent-rendez-vous-a-kelibia","status":"publish","type":"post","link":"https:\/\/kapitalis.com\/tunisie\/2016\/07\/29\/31e-fifak-les-cineastes-amateurs-se-donnent-rendez-vous-a-kelibia\/","title":{"rendered":"31e Fifak : Les cin\u00e9astes amateurs se donnent rendez-vous \u00e0 K\u00e9libia"},"content":{"rendered":"<p><img loading=\"lazy\" decoding=\"async\" class=\"alignnone size-full wp-image-59412 aligncenter\" src=\"http:\/\/kapitalis.com\/tunisie\/wp-content\/uploads\/2016\/07\/Fifak-2016.jpg\" alt=\"Fifak-2016\" width=\"626\" height=\"380\" \/><\/p>\n<p><em><strong>La 31e \u00e9dition du Festival international du film amateur de K\u00e9libia (Fifak) se tiendra du 7 au 13 ao\u00fbt dans cette station baln\u00e9aire du Cap Bon.<\/strong><\/em><\/p>\n<p>Par <strong>Fawz Ben Ali<\/strong><\/p>\n<p><!--more--><\/p>\n<p>Cette manifestation est organis\u00e9e par la F\u00e9d\u00e9ration tunisienne des cin\u00e9astes amateurs (FTCA), avec le soutien du minist\u00e8re de la Culture et de la Sauvegarde du patrimoine et l\u2019Institut fran\u00e7ais de Tunisie (IFT), en collaboration avec le Centre national du cin\u00e9ma et de l\u2019image (CNCI) et la contribution de la Municipalit\u00e9 de K\u00e9libia.<\/p>\n<p>Le bureau f\u00e9d\u00e9ral de la FTCA, pr\u00e9sid\u00e9 par Ayen Jlili, \u00e9galement directeur du Fifak 2016, a tenu une conf\u00e9rence de presse le jeudi 28 juillet au cin\u00e9-th\u00e9\u00e2tre Le Rio pour pr\u00e9senter les diff\u00e9rents volets de la 31e \u00e9dition de ce festival.<\/p>\n<p style=\"text-align: center;\"><img loading=\"lazy\" decoding=\"async\" class=\"alignnone size-full wp-image-59413\" src=\"http:\/\/kapitalis.com\/tunisie\/wp-content\/uploads\/2016\/07\/Fifak-2016-2.jpg\" alt=\"Fifak-2016-2\" width=\"500\" height=\"300\" \/><\/p>\n<p><strong>P\u00e9pini\u00e8re du cin\u00e9ma tunisien<\/strong><\/p>\n<p>Le plus ancien festival dans son genre en Afrique et dans le monde arabe, le Fifak r\u00e9unit chaque ann\u00e9e plus de 1000 personnes entre participants, professionnels et invit\u00e9s du secteur cin\u00e9matographique.<\/p>\n<p>Berceau de la majorit\u00e9 des cin\u00e9astes et techniciens de la sc\u00e8ne cin\u00e9matographique tunisienne, le festival a toujours \u00e9t\u00e9 un lieu incontournable de rencontre entre jeunes cin\u00e9astes, cin\u00e9philes et \u00e9tudiants des \u00e9coles d\u2019arts.<\/p>\n<p>Cette ann\u00e9e, le festival comprend quatre comp\u00e9tions : une comp\u00e9tition internationale (50 films dont 6 tunisiens et 44 \u00e9trangers), une comp\u00e9tition nationale (26 films), une comp\u00e9tition de sc\u00e9nario et une comp\u00e9tition de photographie.<\/p>\n<p>Le jury international sera compos\u00e9 du r\u00e9alisateur s\u00e9n\u00e9galais Moussa Tour\u00e9, de l\u2019actrice gr\u00e9co-tunisienne H\u00e9l\u00e8ne Catzaras, de la r\u00e9alisatrice libanaise Jocelyne Saab, de la r\u00e9alisatrice argentine Liliana Paolinelli et du photographe kosovar Ferdi Limani.<\/p>\n<p style=\"text-align: center;\"><img loading=\"lazy\" decoding=\"async\" class=\"alignnone size-full wp-image-59414\" src=\"http:\/\/kapitalis.com\/tunisie\/wp-content\/uploads\/2016\/07\/Fifak-2016-3.jpg\" alt=\"Fifak-2016-3\" width=\"500\" height=\"300\" \/><\/p>\n<p>Au comit\u00e9 du jury national, on trouvera la r\u00e9alisatrice Sonia Chamkhi, l\u2019actrice Sabah Bouzouita, le r\u00e9alisateur Ridha Tlili et l\u2019\u00e9crivain Amine El-Ghozzi.<\/p>\n<p>Le festival rendra hommage au cin\u00e9aste iranien Abbas Kiarostami, d\u00e9c\u00e9d\u00e9 il y a un mois, \u00e0 travers la projection de l\u2019un de ses premiers films, <em>\u2018\u2018Le pain et la rue\u2019\u2019<\/em>, sorti en 1970.<\/p>\n<p>Un deuxi\u00e8me hommage sera rendu au po\u00e8te national Sgha\u00efer Ouled Ahmed, d\u00e9c\u00e9d\u00e9 il y a quelques mois, \u00e0 travers un spectacle intitul\u00e9 <em>\u2018\u2018Sarab\u2019\u2019<\/em>.<\/p>\n<p><strong>Ouverture sur d\u2019autres formes artistiques<\/strong><\/p>\n<p>Parall\u00e8lement aux projections, des ateliers, des rencontres, des tables-rondes et des masters class auront lieu pour favoriser les d\u00e9bats et permettre aux cin\u00e9astes amateurs de confronter leurs exp\u00e9riences et d\u2019enrichir leurs connaissances du 7e art.<\/p>\n<p style=\"text-align: center;\"><img loading=\"lazy\" decoding=\"async\" class=\"alignnone size-full wp-image-59415\" src=\"http:\/\/kapitalis.com\/tunisie\/wp-content\/uploads\/2016\/07\/Fifak-2016-4.jpg\" alt=\"Fifak-2016-4\" width=\"500\" height=\"300\" \/><\/p>\n<p>Cette ann\u00e9e, le Fifak ne se limite pas au cin\u00e9ma mais s\u2019ouvre sur d\u2019autres formes artistiques dans sa programmation off, avec le spectacle musical \u2018\u2018El-Banda\u2019\u2019 et le spectacle de danse <em>\u2018\u2018Le noir est une valeur\u2019\u2019<\/em>, produit par El-Teatro.<\/p>\n<p>La soir\u00e9e d\u2019ouverture sera marqu\u00e9e par la projection du film <em>\u2018\u2018Moon in the Skype\u2019\u2019<\/em>, documentaire exp\u00e9rimental du cin\u00e9aste syrien Ghatfan Ghanoum. Le film raconte les diff\u00e9rentes histoires des r\u00e9fugi\u00e9s syriens dans leur chemin vers l\u2019Europe et met l\u2019accent sur leur situation critique. <em>\u2018\u2018Moon in the Skype\u2019\u2019<\/em> a \u00e9t\u00e9 r\u00e9compens\u00e9 par le prix du meilleur documentaire au Hollywood Film Festival.<\/p>\n","protected":false},"excerpt":{"rendered":"<p>La 31e \u00e9dition du Festival international du film amateur de K\u00e9libia (Fifak) se tiendra du 7 au 13 ao\u00fbt dans cette station baln\u00e9aire du Cap Bon. Par Fawz Ben Ali<\/p>\n","protected":false},"author":8,"featured_media":59412,"comment_status":"open","ping_status":"open","sticky":false,"template":"","format":"standard","meta":{"footnotes":""},"categories":[992,994,2433],"tags":[20973,20971,20972,20974,14506],"class_list":["post-59411","post","type-post","status-publish","format-standard","has-post-thumbnail","hentry","category-a-la-une","category-culture","category-tunisie","tag-federation-tunisienne-des-cineastes-amateurs","tag-festival-international-du-film-amateur-de-kelibia","tag-fifak","tag-ftca","tag-sonia-chamkhi"],"yoast_head":"<!-- This site is optimized with the Yoast SEO plugin v26.6 - https:\/\/yoast.com\/wordpress\/plugins\/seo\/ -->\n<title>31e Fifak : Les cin\u00e9astes amateurs se donnent rendez-vous \u00e0 K\u00e9libia - Kapitalis<\/title>\n<meta name=\"robots\" content=\"index, follow, max-snippet:-1, max-image-preview:large, max-video-preview:-1\" \/>\n<link rel=\"canonical\" href=\"https:\/\/kapitalis.com\/tunisie\/2016\/07\/29\/31e-fifak-les-cineastes-amateurs-se-donnent-rendez-vous-a-kelibia\/\" \/>\n<meta property=\"og:locale\" content=\"fr_FR\" \/>\n<meta property=\"og:type\" content=\"article\" \/>\n<meta property=\"og:title\" content=\"31e Fifak : Les cin\u00e9astes amateurs se donnent rendez-vous \u00e0 K\u00e9libia - Kapitalis\" \/>\n<meta property=\"og:description\" content=\"La 31e \u00e9dition du Festival international du film amateur de K\u00e9libia (Fifak) se tiendra du 7 au 13 ao\u00fbt dans cette station baln\u00e9aire du Cap Bon. Par Fawz Ben Ali\" \/>\n<meta property=\"og:url\" content=\"https:\/\/kapitalis.com\/tunisie\/2016\/07\/29\/31e-fifak-les-cineastes-amateurs-se-donnent-rendez-vous-a-kelibia\/\" \/>\n<meta property=\"og:site_name\" content=\"Kapitalis\" \/>\n<meta property=\"article:publisher\" content=\"https:\/\/www.facebook.com\/KapitalisInfo\/\" \/>\n<meta property=\"article:published_time\" content=\"2016-07-29T06:30:41+00:00\" \/>\n<meta property=\"og:image\" content=\"https:\/\/kapitalis.com\/tunisie\/wp-content\/uploads\/2022\/05\/kapitalis-logo-fb.png\" \/>\n\t<meta property=\"og:image:width\" content=\"1200\" \/>\n\t<meta property=\"og:image:height\" content=\"630\" \/>\n\t<meta property=\"og:image:type\" content=\"image\/png\" \/>\n<meta name=\"author\" content=\"webmaster kapitalis\" \/>\n<meta name=\"twitter:card\" content=\"summary_large_image\" \/>\n<meta name=\"twitter:creator\" content=\"@KapitalisInfo\" \/>\n<meta name=\"twitter:site\" content=\"@KapitalisInfo\" \/>\n<meta name=\"twitter:label1\" content=\"\u00c9crit par\" \/>\n\t<meta name=\"twitter:data1\" content=\"webmaster kapitalis\" \/>\n\t<meta name=\"twitter:label2\" content=\"Dur\u00e9e de lecture estim\u00e9e\" \/>\n\t<meta name=\"twitter:data2\" content=\"3 minutes\" \/>\n<script type=\"application\/ld+json\" class=\"yoast-schema-graph\">{\"@context\":\"https:\/\/schema.org\",\"@graph\":[{\"@type\":\"Article\",\"@id\":\"https:\/\/kapitalis.com\/tunisie\/2016\/07\/29\/31e-fifak-les-cineastes-amateurs-se-donnent-rendez-vous-a-kelibia\/#article\",\"isPartOf\":{\"@id\":\"https:\/\/kapitalis.com\/tunisie\/2016\/07\/29\/31e-fifak-les-cineastes-amateurs-se-donnent-rendez-vous-a-kelibia\/\"},\"author\":{\"name\":\"webmaster kapitalis\",\"@id\":\"https:\/\/kapitalis.com\/tunisie\/#\/schema\/person\/d71f33a9ca44f7bad4698210b480c8e9\"},\"headline\":\"31e Fifak : Les cin\u00e9astes amateurs se donnent rendez-vous \u00e0 K\u00e9libia\",\"datePublished\":\"2016-07-29T06:30:41+00:00\",\"mainEntityOfPage\":{\"@id\":\"https:\/\/kapitalis.com\/tunisie\/2016\/07\/29\/31e-fifak-les-cineastes-amateurs-se-donnent-rendez-vous-a-kelibia\/\"},\"wordCount\":553,\"commentCount\":0,\"publisher\":{\"@id\":\"https:\/\/kapitalis.com\/tunisie\/#organization\"},\"image\":{\"@id\":\"https:\/\/kapitalis.com\/tunisie\/2016\/07\/29\/31e-fifak-les-cineastes-amateurs-se-donnent-rendez-vous-a-kelibia\/#primaryimage\"},\"thumbnailUrl\":\"\",\"keywords\":[\"F\u00e9d\u00e9ration tunisienne des cin\u00e9astes amateurs\",\"Festival international du film amateur de K\u00e9libia\",\"Fifak\",\"FTCA\",\"Sonia Chamkhi\"],\"articleSection\":[\"A LA UNE\",\"CULTURE\",\"Tunisie\"],\"inLanguage\":\"fr-FR\",\"potentialAction\":[{\"@type\":\"CommentAction\",\"name\":\"Comment\",\"target\":[\"https:\/\/kapitalis.com\/tunisie\/2016\/07\/29\/31e-fifak-les-cineastes-amateurs-se-donnent-rendez-vous-a-kelibia\/#respond\"]}]},{\"@type\":\"WebPage\",\"@id\":\"https:\/\/kapitalis.com\/tunisie\/2016\/07\/29\/31e-fifak-les-cineastes-amateurs-se-donnent-rendez-vous-a-kelibia\/\",\"url\":\"https:\/\/kapitalis.com\/tunisie\/2016\/07\/29\/31e-fifak-les-cineastes-amateurs-se-donnent-rendez-vous-a-kelibia\/\",\"name\":\"31e Fifak : Les cin\u00e9astes amateurs se donnent rendez-vous \u00e0 K\u00e9libia - Kapitalis\",\"isPartOf\":{\"@id\":\"https:\/\/kapitalis.com\/tunisie\/#website\"},\"primaryImageOfPage\":{\"@id\":\"https:\/\/kapitalis.com\/tunisie\/2016\/07\/29\/31e-fifak-les-cineastes-amateurs-se-donnent-rendez-vous-a-kelibia\/#primaryimage\"},\"image\":{\"@id\":\"https:\/\/kapitalis.com\/tunisie\/2016\/07\/29\/31e-fifak-les-cineastes-amateurs-se-donnent-rendez-vous-a-kelibia\/#primaryimage\"},\"thumbnailUrl\":\"\",\"datePublished\":\"2016-07-29T06:30:41+00:00\",\"breadcrumb\":{\"@id\":\"https:\/\/kapitalis.com\/tunisie\/2016\/07\/29\/31e-fifak-les-cineastes-amateurs-se-donnent-rendez-vous-a-kelibia\/#breadcrumb\"},\"inLanguage\":\"fr-FR\",\"potentialAction\":[{\"@type\":\"ReadAction\",\"target\":[\"https:\/\/kapitalis.com\/tunisie\/2016\/07\/29\/31e-fifak-les-cineastes-amateurs-se-donnent-rendez-vous-a-kelibia\/\"]}]},{\"@type\":\"ImageObject\",\"inLanguage\":\"fr-FR\",\"@id\":\"https:\/\/kapitalis.com\/tunisie\/2016\/07\/29\/31e-fifak-les-cineastes-amateurs-se-donnent-rendez-vous-a-kelibia\/#primaryimage\",\"url\":\"\",\"contentUrl\":\"\"},{\"@type\":\"BreadcrumbList\",\"@id\":\"https:\/\/kapitalis.com\/tunisie\/2016\/07\/29\/31e-fifak-les-cineastes-amateurs-se-donnent-rendez-vous-a-kelibia\/#breadcrumb\",\"itemListElement\":[{\"@type\":\"ListItem\",\"position\":1,\"name\":\"Accueil\",\"item\":\"https:\/\/kapitalis.com\/tunisie\/\"},{\"@type\":\"ListItem\",\"position\":2,\"name\":\"31e Fifak : Les cin\u00e9astes amateurs se donnent rendez-vous \u00e0 K\u00e9libia\"}]},{\"@type\":\"WebSite\",\"@id\":\"https:\/\/kapitalis.com\/tunisie\/#website\",\"url\":\"https:\/\/kapitalis.com\/tunisie\/\",\"name\":\"Kapitalis\",\"description\":\"L&#039;actualit\u00e9 en Tunisie et dans le monde\",\"publisher\":{\"@id\":\"https:\/\/kapitalis.com\/tunisie\/#organization\"},\"potentialAction\":[{\"@type\":\"SearchAction\",\"target\":{\"@type\":\"EntryPoint\",\"urlTemplate\":\"https:\/\/kapitalis.com\/tunisie\/?s={search_term_string}\"},\"query-input\":{\"@type\":\"PropertyValueSpecification\",\"valueRequired\":true,\"valueName\":\"search_term_string\"}}],\"inLanguage\":\"fr-FR\"},{\"@type\":\"Organization\",\"@id\":\"https:\/\/kapitalis.com\/tunisie\/#organization\",\"name\":\"Kapitalis\",\"url\":\"https:\/\/kapitalis.com\/tunisie\/\",\"logo\":{\"@type\":\"ImageObject\",\"inLanguage\":\"fr-FR\",\"@id\":\"https:\/\/kapitalis.com\/tunisie\/#\/schema\/logo\/image\/\",\"url\":\"https:\/\/kapitalis.com\/tunisie\/wp-content\/uploads\/2022\/05\/Kapitalis-big-size.png\",\"contentUrl\":\"https:\/\/kapitalis.com\/tunisie\/wp-content\/uploads\/2022\/05\/Kapitalis-big-size.png\",\"width\":5000,\"height\":1500,\"caption\":\"Kapitalis\"},\"image\":{\"@id\":\"https:\/\/kapitalis.com\/tunisie\/#\/schema\/logo\/image\/\"},\"sameAs\":[\"https:\/\/www.facebook.com\/KapitalisInfo\/\",\"https:\/\/x.com\/KapitalisInfo\",\"https:\/\/www.youtube.com\/channel\/UC-yDYrHyfFBWWZaOw3FPg9Q\"]},{\"@type\":\"Person\",\"@id\":\"https:\/\/kapitalis.com\/tunisie\/#\/schema\/person\/d71f33a9ca44f7bad4698210b480c8e9\",\"name\":\"webmaster kapitalis\",\"url\":\"https:\/\/kapitalis.com\/tunisie\/author\/webmaster-kapitalis\/\"}]}<\/script>\n<!-- \/ Yoast SEO plugin. -->","yoast_head_json":{"title":"31e Fifak : Les cin\u00e9astes amateurs se donnent rendez-vous \u00e0 K\u00e9libia - Kapitalis","robots":{"index":"index","follow":"follow","max-snippet":"max-snippet:-1","max-image-preview":"max-image-preview:large","max-video-preview":"max-video-preview:-1"},"canonical":"https:\/\/kapitalis.com\/tunisie\/2016\/07\/29\/31e-fifak-les-cineastes-amateurs-se-donnent-rendez-vous-a-kelibia\/","og_locale":"fr_FR","og_type":"article","og_title":"31e Fifak : Les cin\u00e9astes amateurs se donnent rendez-vous \u00e0 K\u00e9libia - Kapitalis","og_description":"La 31e \u00e9dition du Festival international du film amateur de K\u00e9libia (Fifak) se tiendra du 7 au 13 ao\u00fbt dans cette station baln\u00e9aire du Cap Bon. Par Fawz Ben Ali","og_url":"https:\/\/kapitalis.com\/tunisie\/2016\/07\/29\/31e-fifak-les-cineastes-amateurs-se-donnent-rendez-vous-a-kelibia\/","og_site_name":"Kapitalis","article_publisher":"https:\/\/www.facebook.com\/KapitalisInfo\/","article_published_time":"2016-07-29T06:30:41+00:00","og_image":[{"width":1200,"height":630,"url":"https:\/\/kapitalis.com\/tunisie\/wp-content\/uploads\/2022\/05\/kapitalis-logo-fb.png","type":"image\/png"}],"author":"webmaster kapitalis","twitter_card":"summary_large_image","twitter_creator":"@KapitalisInfo","twitter_site":"@KapitalisInfo","twitter_misc":{"\u00c9crit par":"webmaster kapitalis","Dur\u00e9e de lecture estim\u00e9e":"3 minutes"},"schema":{"@context":"https:\/\/schema.org","@graph":[{"@type":"Article","@id":"https:\/\/kapitalis.com\/tunisie\/2016\/07\/29\/31e-fifak-les-cineastes-amateurs-se-donnent-rendez-vous-a-kelibia\/#article","isPartOf":{"@id":"https:\/\/kapitalis.com\/tunisie\/2016\/07\/29\/31e-fifak-les-cineastes-amateurs-se-donnent-rendez-vous-a-kelibia\/"},"author":{"name":"webmaster kapitalis","@id":"https:\/\/kapitalis.com\/tunisie\/#\/schema\/person\/d71f33a9ca44f7bad4698210b480c8e9"},"headline":"31e Fifak : Les cin\u00e9astes amateurs se donnent rendez-vous \u00e0 K\u00e9libia","datePublished":"2016-07-29T06:30:41+00:00","mainEntityOfPage":{"@id":"https:\/\/kapitalis.com\/tunisie\/2016\/07\/29\/31e-fifak-les-cineastes-amateurs-se-donnent-rendez-vous-a-kelibia\/"},"wordCount":553,"commentCount":0,"publisher":{"@id":"https:\/\/kapitalis.com\/tunisie\/#organization"},"image":{"@id":"https:\/\/kapitalis.com\/tunisie\/2016\/07\/29\/31e-fifak-les-cineastes-amateurs-se-donnent-rendez-vous-a-kelibia\/#primaryimage"},"thumbnailUrl":"","keywords":["F\u00e9d\u00e9ration tunisienne des cin\u00e9astes amateurs","Festival international du film amateur de K\u00e9libia","Fifak","FTCA","Sonia Chamkhi"],"articleSection":["A LA UNE","CULTURE","Tunisie"],"inLanguage":"fr-FR","potentialAction":[{"@type":"CommentAction","name":"Comment","target":["https:\/\/kapitalis.com\/tunisie\/2016\/07\/29\/31e-fifak-les-cineastes-amateurs-se-donnent-rendez-vous-a-kelibia\/#respond"]}]},{"@type":"WebPage","@id":"https:\/\/kapitalis.com\/tunisie\/2016\/07\/29\/31e-fifak-les-cineastes-amateurs-se-donnent-rendez-vous-a-kelibia\/","url":"https:\/\/kapitalis.com\/tunisie\/2016\/07\/29\/31e-fifak-les-cineastes-amateurs-se-donnent-rendez-vous-a-kelibia\/","name":"31e Fifak : Les cin\u00e9astes amateurs se donnent rendez-vous \u00e0 K\u00e9libia - Kapitalis","isPartOf":{"@id":"https:\/\/kapitalis.com\/tunisie\/#website"},"primaryImageOfPage":{"@id":"https:\/\/kapitalis.com\/tunisie\/2016\/07\/29\/31e-fifak-les-cineastes-amateurs-se-donnent-rendez-vous-a-kelibia\/#primaryimage"},"image":{"@id":"https:\/\/kapitalis.com\/tunisie\/2016\/07\/29\/31e-fifak-les-cineastes-amateurs-se-donnent-rendez-vous-a-kelibia\/#primaryimage"},"thumbnailUrl":"","datePublished":"2016-07-29T06:30:41+00:00","breadcrumb":{"@id":"https:\/\/kapitalis.com\/tunisie\/2016\/07\/29\/31e-fifak-les-cineastes-amateurs-se-donnent-rendez-vous-a-kelibia\/#breadcrumb"},"inLanguage":"fr-FR","potentialAction":[{"@type":"ReadAction","target":["https:\/\/kapitalis.com\/tunisie\/2016\/07\/29\/31e-fifak-les-cineastes-amateurs-se-donnent-rendez-vous-a-kelibia\/"]}]},{"@type":"ImageObject","inLanguage":"fr-FR","@id":"https:\/\/kapitalis.com\/tunisie\/2016\/07\/29\/31e-fifak-les-cineastes-amateurs-se-donnent-rendez-vous-a-kelibia\/#primaryimage","url":"","contentUrl":""},{"@type":"BreadcrumbList","@id":"https:\/\/kapitalis.com\/tunisie\/2016\/07\/29\/31e-fifak-les-cineastes-amateurs-se-donnent-rendez-vous-a-kelibia\/#breadcrumb","itemListElement":[{"@type":"ListItem","position":1,"name":"Accueil","item":"https:\/\/kapitalis.com\/tunisie\/"},{"@type":"ListItem","position":2,"name":"31e Fifak : Les cin\u00e9astes amateurs se donnent rendez-vous \u00e0 K\u00e9libia"}]},{"@type":"WebSite","@id":"https:\/\/kapitalis.com\/tunisie\/#website","url":"https:\/\/kapitalis.com\/tunisie\/","name":"Kapitalis","description":"L&#039;actualit\u00e9 en Tunisie et dans le monde","publisher":{"@id":"https:\/\/kapitalis.com\/tunisie\/#organization"},"potentialAction":[{"@type":"SearchAction","target":{"@type":"EntryPoint","urlTemplate":"https:\/\/kapitalis.com\/tunisie\/?s={search_term_string}"},"query-input":{"@type":"PropertyValueSpecification","valueRequired":true,"valueName":"search_term_string"}}],"inLanguage":"fr-FR"},{"@type":"Organization","@id":"https:\/\/kapitalis.com\/tunisie\/#organization","name":"Kapitalis","url":"https:\/\/kapitalis.com\/tunisie\/","logo":{"@type":"ImageObject","inLanguage":"fr-FR","@id":"https:\/\/kapitalis.com\/tunisie\/#\/schema\/logo\/image\/","url":"https:\/\/kapitalis.com\/tunisie\/wp-content\/uploads\/2022\/05\/Kapitalis-big-size.png","contentUrl":"https:\/\/kapitalis.com\/tunisie\/wp-content\/uploads\/2022\/05\/Kapitalis-big-size.png","width":5000,"height":1500,"caption":"Kapitalis"},"image":{"@id":"https:\/\/kapitalis.com\/tunisie\/#\/schema\/logo\/image\/"},"sameAs":["https:\/\/www.facebook.com\/KapitalisInfo\/","https:\/\/x.com\/KapitalisInfo","https:\/\/www.youtube.com\/channel\/UC-yDYrHyfFBWWZaOw3FPg9Q"]},{"@type":"Person","@id":"https:\/\/kapitalis.com\/tunisie\/#\/schema\/person\/d71f33a9ca44f7bad4698210b480c8e9","name":"webmaster kapitalis","url":"https:\/\/kapitalis.com\/tunisie\/author\/webmaster-kapitalis\/"}]}},"_links":{"self":[{"href":"https:\/\/kapitalis.com\/tunisie\/wp-json\/wp\/v2\/posts\/59411","targetHints":{"allow":["GET"]}}],"collection":[{"href":"https:\/\/kapitalis.com\/tunisie\/wp-json\/wp\/v2\/posts"}],"about":[{"href":"https:\/\/kapitalis.com\/tunisie\/wp-json\/wp\/v2\/types\/post"}],"author":[{"embeddable":true,"href":"https:\/\/kapitalis.com\/tunisie\/wp-json\/wp\/v2\/users\/8"}],"replies":[{"embeddable":true,"href":"https:\/\/kapitalis.com\/tunisie\/wp-json\/wp\/v2\/comments?post=59411"}],"version-history":[{"count":0,"href":"https:\/\/kapitalis.com\/tunisie\/wp-json\/wp\/v2\/posts\/59411\/revisions"}],"wp:featuredmedia":[{"embeddable":true,"href":"https:\/\/kapitalis.com\/tunisie\/wp-json\/wp\/v2\/media\/59412"}],"wp:attachment":[{"href":"https:\/\/kapitalis.com\/tunisie\/wp-json\/wp\/v2\/media?parent=59411"}],"wp:term":[{"taxonomy":"category","embeddable":true,"href":"https:\/\/kapitalis.com\/tunisie\/wp-json\/wp\/v2\/categories?post=59411"},{"taxonomy":"post_tag","embeddable":true,"href":"https:\/\/kapitalis.com\/tunisie\/wp-json\/wp\/v2\/tags?post=59411"}],"curies":[{"name":"wp","href":"https:\/\/api.w.org\/{rel}","templated":true}]}}