{"id":595429,"date":"2022-05-13T11:42:13","date_gmt":"2022-05-13T09:42:13","guid":{"rendered":"https:\/\/kapitalis.com\/tunisie\/?p=595429"},"modified":"2022-05-13T11:42:15","modified_gmt":"2022-05-13T09:42:15","slug":"tunisie-le-projet-biorest-pour-le-developpement-de-lagriculture-bio","status":"publish","type":"post","link":"https:\/\/kapitalis.com\/tunisie\/2022\/05\/13\/tunisie-le-projet-biorest-pour-le-developpement-de-lagriculture-bio\/","title":{"rendered":"Tunisie\u00a0: le projet Biorest pour le d\u00e9veloppement de l&rsquo;agriculture bio"},"content":{"rendered":"\n<p><strong><em>Le minist\u00e8re de l&rsquo;Agriculture, des Ressources hydrauliques et de la P\u00eache et l&rsquo;Organisation des Nations Unies pour l&rsquo;alimentation et l&rsquo;agriculture (FAO) ont sign\u00e9 mercredi 11 mai 2022 \u00e0 Tunis un accord pour lancer le projet Biorest, qui vise \u00e0 soutenir le d\u00e9veloppement d&rsquo;une agriculture biologique durable et r\u00e9siliente en Tunisie dans un contexte de changement climatique.<\/em><\/strong><\/p>\n\n\n\n<!--more-->\n\n\n\n<p>L&rsquo;accord a \u00e9t\u00e9 sign\u00e9 par le ministre de l&rsquo;Agriculture Mahmoud Elyes Hamza et le coordinateur du bureau sous-r\u00e9gional de la FAO en Afrique du Nord Philippe Ankers, au si\u00e8ge du minist\u00e8re.<\/p>\n\n\n\n<p>Soutenu par la direction du d\u00e9veloppement et de la coop\u00e9ration (DDC), ce projet vise \u00e0 d\u00e9velopper le secteur de l&rsquo;agriculture biologique et \u00e0 contribuer \u00e0 la r\u00e9silience des syst\u00e8mes agricoles face au changement climatique, \u00e0 la cr\u00e9ation d&#8217;emplois d\u00e9cents pour la population rurale et \u00e0 la s\u00e9curit\u00e9 alimentaire en Tunisie. Il aspire \u00e9galement \u00e0 \u00e9tablir de bonnes pratiques en agriculture biologique, notamment dans les fili\u00e8res c\u00e9r\u00e9ali\u00e8res, ol\u00e9agineuses et laiti\u00e8res.<\/p>\n\n\n\n<p>Un comit\u00e9 de pilotage sera mis en place dans le cadre de cette convention, compos\u00e9 de repr\u00e9sentants du minist\u00e8re, de la FAO, de la DDC et de l&rsquo;Union europ\u00e9enne.<\/p>\n\n\n\n<p><strong><em>Source<\/em><\/strong>\u00a0: Tap.<\/p>\n","protected":false},"excerpt":{"rendered":"<p>Le projet Biorest, qui vise \u00e0 soutenir le d\u00e9veloppement d&rsquo;une agriculture biologique durable et r\u00e9siliente en Tunisie.<\/p>\n","protected":false},"author":8,"featured_media":595635,"comment_status":"open","ping_status":"open","sticky":false,"template":"","format":"standard","meta":{"footnotes":""},"categories":[995,2433],"tags":[14475,99669,24073,7310,95003,70450,62643],"class_list":["post-595429","post","type-post","status-publish","format-standard","has-post-thumbnail","hentry","category-economie","category-tunisie","tag-agriculture-biologique","tag-biorest","tag-changement-climatique","tag-fao","tag-mahmoud-elyes-hamza","tag-philippe-ankers","tag-tunisie"],"yoast_head":"<!-- This site is optimized with the Yoast SEO plugin v26.6 - https:\/\/yoast.com\/wordpress\/plugins\/seo\/ -->\n<title>Tunisie\u00a0: le projet Biorest pour le d\u00e9veloppement de l&#039;agriculture bio - Kapitalis<\/title>\n<meta name=\"robots\" content=\"index, follow, max-snippet:-1, max-image-preview:large, max-video-preview:-1\" \/>\n<link rel=\"canonical\" href=\"https:\/\/kapitalis.com\/tunisie\/2022\/05\/13\/tunisie-le-projet-biorest-pour-le-developpement-de-lagriculture-bio\/\" \/>\n<meta property=\"og:locale\" content=\"fr_FR\" \/>\n<meta property=\"og:type\" content=\"article\" \/>\n<meta property=\"og:title\" content=\"Tunisie\u00a0: le projet Biorest pour le d\u00e9veloppement de l&#039;agriculture bio - Kapitalis\" \/>\n<meta property=\"og:description\" content=\"Le projet Biorest, qui vise \u00e0 soutenir le d\u00e9veloppement d&#039;une agriculture biologique durable et r\u00e9siliente en Tunisie.\" \/>\n<meta property=\"og:url\" content=\"https:\/\/kapitalis.com\/tunisie\/2022\/05\/13\/tunisie-le-projet-biorest-pour-le-developpement-de-lagriculture-bio\/\" \/>\n<meta property=\"og:site_name\" content=\"Kapitalis\" \/>\n<meta property=\"article:publisher\" content=\"https:\/\/www.facebook.com\/KapitalisInfo\/\" \/>\n<meta property=\"article:published_time\" content=\"2022-05-13T09:42:13+00:00\" \/>\n<meta property=\"article:modified_time\" content=\"2022-05-13T09:42:15+00:00\" \/>\n<meta property=\"og:image\" content=\"https:\/\/kapitalis.com\/tunisie\/wp-content\/uploads\/2022\/05\/Philippe-Ankers-Mahmoud-Elyes-Hamza.jpg\" \/>\n\t<meta property=\"og:image:width\" content=\"1200\" \/>\n\t<meta property=\"og:image:height\" content=\"630\" \/>\n\t<meta property=\"og:image:type\" content=\"image\/jpeg\" \/>\n<meta name=\"author\" content=\"webmaster kapitalis\" \/>\n<meta name=\"twitter:card\" content=\"summary_large_image\" \/>\n<meta name=\"twitter:creator\" content=\"@KapitalisInfo\" \/>\n<meta name=\"twitter:site\" content=\"@KapitalisInfo\" \/>\n<meta name=\"twitter:label1\" content=\"\u00c9crit par\" \/>\n\t<meta name=\"twitter:data1\" content=\"webmaster kapitalis\" \/>\n\t<meta name=\"twitter:label2\" content=\"Dur\u00e9e de lecture estim\u00e9e\" \/>\n\t<meta name=\"twitter:data2\" content=\"1 minute\" \/>\n<script type=\"application\/ld+json\" class=\"yoast-schema-graph\">{\"@context\":\"https:\/\/schema.org\",\"@graph\":[{\"@type\":\"Article\",\"@id\":\"https:\/\/kapitalis.com\/tunisie\/2022\/05\/13\/tunisie-le-projet-biorest-pour-le-developpement-de-lagriculture-bio\/#article\",\"isPartOf\":{\"@id\":\"https:\/\/kapitalis.com\/tunisie\/2022\/05\/13\/tunisie-le-projet-biorest-pour-le-developpement-de-lagriculture-bio\/\"},\"author\":{\"name\":\"webmaster kapitalis\",\"@id\":\"https:\/\/kapitalis.com\/tunisie\/#\/schema\/person\/d71f33a9ca44f7bad4698210b480c8e9\"},\"headline\":\"Tunisie\u00a0: le projet Biorest pour le d\u00e9veloppement de l&rsquo;agriculture bio\",\"datePublished\":\"2022-05-13T09:42:13+00:00\",\"dateModified\":\"2022-05-13T09:42:15+00:00\",\"mainEntityOfPage\":{\"@id\":\"https:\/\/kapitalis.com\/tunisie\/2022\/05\/13\/tunisie-le-projet-biorest-pour-le-developpement-de-lagriculture-bio\/\"},\"wordCount\":212,\"commentCount\":2,\"publisher\":{\"@id\":\"https:\/\/kapitalis.com\/tunisie\/#organization\"},\"image\":{\"@id\":\"https:\/\/kapitalis.com\/tunisie\/2022\/05\/13\/tunisie-le-projet-biorest-pour-le-developpement-de-lagriculture-bio\/#primaryimage\"},\"thumbnailUrl\":\"https:\/\/kapitalis.com\/tunisie\/wp-content\/uploads\/2022\/05\/Philippe-Ankers-Mahmoud-Elyes-Hamza.jpg\",\"keywords\":[\"agriculture biologique\",\"Biorest\",\"changement climatique\",\"FAO\",\"Mahmoud Elyes Hamza\",\"Philippe Ankers\",\"Tunisie\"],\"articleSection\":[\"ECONOMIE\",\"Tunisie\"],\"inLanguage\":\"fr-FR\",\"potentialAction\":[{\"@type\":\"CommentAction\",\"name\":\"Comment\",\"target\":[\"https:\/\/kapitalis.com\/tunisie\/2022\/05\/13\/tunisie-le-projet-biorest-pour-le-developpement-de-lagriculture-bio\/#respond\"]}]},{\"@type\":\"WebPage\",\"@id\":\"https:\/\/kapitalis.com\/tunisie\/2022\/05\/13\/tunisie-le-projet-biorest-pour-le-developpement-de-lagriculture-bio\/\",\"url\":\"https:\/\/kapitalis.com\/tunisie\/2022\/05\/13\/tunisie-le-projet-biorest-pour-le-developpement-de-lagriculture-bio\/\",\"name\":\"Tunisie\u00a0: le projet Biorest pour le d\u00e9veloppement de l'agriculture bio - Kapitalis\",\"isPartOf\":{\"@id\":\"https:\/\/kapitalis.com\/tunisie\/#website\"},\"primaryImageOfPage\":{\"@id\":\"https:\/\/kapitalis.com\/tunisie\/2022\/05\/13\/tunisie-le-projet-biorest-pour-le-developpement-de-lagriculture-bio\/#primaryimage\"},\"image\":{\"@id\":\"https:\/\/kapitalis.com\/tunisie\/2022\/05\/13\/tunisie-le-projet-biorest-pour-le-developpement-de-lagriculture-bio\/#primaryimage\"},\"thumbnailUrl\":\"https:\/\/kapitalis.com\/tunisie\/wp-content\/uploads\/2022\/05\/Philippe-Ankers-Mahmoud-Elyes-Hamza.jpg\",\"datePublished\":\"2022-05-13T09:42:13+00:00\",\"dateModified\":\"2022-05-13T09:42:15+00:00\",\"breadcrumb\":{\"@id\":\"https:\/\/kapitalis.com\/tunisie\/2022\/05\/13\/tunisie-le-projet-biorest-pour-le-developpement-de-lagriculture-bio\/#breadcrumb\"},\"inLanguage\":\"fr-FR\",\"potentialAction\":[{\"@type\":\"ReadAction\",\"target\":[\"https:\/\/kapitalis.com\/tunisie\/2022\/05\/13\/tunisie-le-projet-biorest-pour-le-developpement-de-lagriculture-bio\/\"]}]},{\"@type\":\"ImageObject\",\"inLanguage\":\"fr-FR\",\"@id\":\"https:\/\/kapitalis.com\/tunisie\/2022\/05\/13\/tunisie-le-projet-biorest-pour-le-developpement-de-lagriculture-bio\/#primaryimage\",\"url\":\"https:\/\/kapitalis.com\/tunisie\/wp-content\/uploads\/2022\/05\/Philippe-Ankers-Mahmoud-Elyes-Hamza.jpg\",\"contentUrl\":\"https:\/\/kapitalis.com\/tunisie\/wp-content\/uploads\/2022\/05\/Philippe-Ankers-Mahmoud-Elyes-Hamza.jpg\",\"width\":1200,\"height\":630},{\"@type\":\"BreadcrumbList\",\"@id\":\"https:\/\/kapitalis.com\/tunisie\/2022\/05\/13\/tunisie-le-projet-biorest-pour-le-developpement-de-lagriculture-bio\/#breadcrumb\",\"itemListElement\":[{\"@type\":\"ListItem\",\"position\":1,\"name\":\"Accueil\",\"item\":\"https:\/\/kapitalis.com\/tunisie\/\"},{\"@type\":\"ListItem\",\"position\":2,\"name\":\"Tunisie\u00a0: le projet Biorest pour le d\u00e9veloppement de l&rsquo;agriculture bio\"}]},{\"@type\":\"WebSite\",\"@id\":\"https:\/\/kapitalis.com\/tunisie\/#website\",\"url\":\"https:\/\/kapitalis.com\/tunisie\/\",\"name\":\"Kapitalis\",\"description\":\"L&#039;actualit\u00e9 en Tunisie et dans le monde\",\"publisher\":{\"@id\":\"https:\/\/kapitalis.com\/tunisie\/#organization\"},\"potentialAction\":[{\"@type\":\"SearchAction\",\"target\":{\"@type\":\"EntryPoint\",\"urlTemplate\":\"https:\/\/kapitalis.com\/tunisie\/?s={search_term_string}\"},\"query-input\":{\"@type\":\"PropertyValueSpecification\",\"valueRequired\":true,\"valueName\":\"search_term_string\"}}],\"inLanguage\":\"fr-FR\"},{\"@type\":\"Organization\",\"@id\":\"https:\/\/kapitalis.com\/tunisie\/#organization\",\"name\":\"Kapitalis\",\"url\":\"https:\/\/kapitalis.com\/tunisie\/\",\"logo\":{\"@type\":\"ImageObject\",\"inLanguage\":\"fr-FR\",\"@id\":\"https:\/\/kapitalis.com\/tunisie\/#\/schema\/logo\/image\/\",\"url\":\"https:\/\/kapitalis.com\/tunisie\/wp-content\/uploads\/2022\/05\/Kapitalis-big-size.png\",\"contentUrl\":\"https:\/\/kapitalis.com\/tunisie\/wp-content\/uploads\/2022\/05\/Kapitalis-big-size.png\",\"width\":5000,\"height\":1500,\"caption\":\"Kapitalis\"},\"image\":{\"@id\":\"https:\/\/kapitalis.com\/tunisie\/#\/schema\/logo\/image\/\"},\"sameAs\":[\"https:\/\/www.facebook.com\/KapitalisInfo\/\",\"https:\/\/x.com\/KapitalisInfo\",\"https:\/\/www.youtube.com\/channel\/UC-yDYrHyfFBWWZaOw3FPg9Q\"]},{\"@type\":\"Person\",\"@id\":\"https:\/\/kapitalis.com\/tunisie\/#\/schema\/person\/d71f33a9ca44f7bad4698210b480c8e9\",\"name\":\"webmaster kapitalis\",\"url\":\"https:\/\/kapitalis.com\/tunisie\/author\/webmaster-kapitalis\/\"}]}<\/script>\n<!-- \/ Yoast SEO plugin. -->","yoast_head_json":{"title":"Tunisie\u00a0: le projet Biorest pour le d\u00e9veloppement de l'agriculture bio - Kapitalis","robots":{"index":"index","follow":"follow","max-snippet":"max-snippet:-1","max-image-preview":"max-image-preview:large","max-video-preview":"max-video-preview:-1"},"canonical":"https:\/\/kapitalis.com\/tunisie\/2022\/05\/13\/tunisie-le-projet-biorest-pour-le-developpement-de-lagriculture-bio\/","og_locale":"fr_FR","og_type":"article","og_title":"Tunisie\u00a0: le projet Biorest pour le d\u00e9veloppement de l'agriculture bio - Kapitalis","og_description":"Le projet Biorest, qui vise \u00e0 soutenir le d\u00e9veloppement d'une agriculture biologique durable et r\u00e9siliente en Tunisie.","og_url":"https:\/\/kapitalis.com\/tunisie\/2022\/05\/13\/tunisie-le-projet-biorest-pour-le-developpement-de-lagriculture-bio\/","og_site_name":"Kapitalis","article_publisher":"https:\/\/www.facebook.com\/KapitalisInfo\/","article_published_time":"2022-05-13T09:42:13+00:00","article_modified_time":"2022-05-13T09:42:15+00:00","og_image":[{"width":1200,"height":630,"url":"https:\/\/kapitalis.com\/tunisie\/wp-content\/uploads\/2022\/05\/Philippe-Ankers-Mahmoud-Elyes-Hamza.jpg","type":"image\/jpeg"}],"author":"webmaster kapitalis","twitter_card":"summary_large_image","twitter_creator":"@KapitalisInfo","twitter_site":"@KapitalisInfo","twitter_misc":{"\u00c9crit par":"webmaster kapitalis","Dur\u00e9e de lecture estim\u00e9e":"1 minute"},"schema":{"@context":"https:\/\/schema.org","@graph":[{"@type":"Article","@id":"https:\/\/kapitalis.com\/tunisie\/2022\/05\/13\/tunisie-le-projet-biorest-pour-le-developpement-de-lagriculture-bio\/#article","isPartOf":{"@id":"https:\/\/kapitalis.com\/tunisie\/2022\/05\/13\/tunisie-le-projet-biorest-pour-le-developpement-de-lagriculture-bio\/"},"author":{"name":"webmaster kapitalis","@id":"https:\/\/kapitalis.com\/tunisie\/#\/schema\/person\/d71f33a9ca44f7bad4698210b480c8e9"},"headline":"Tunisie\u00a0: le projet Biorest pour le d\u00e9veloppement de l&rsquo;agriculture bio","datePublished":"2022-05-13T09:42:13+00:00","dateModified":"2022-05-13T09:42:15+00:00","mainEntityOfPage":{"@id":"https:\/\/kapitalis.com\/tunisie\/2022\/05\/13\/tunisie-le-projet-biorest-pour-le-developpement-de-lagriculture-bio\/"},"wordCount":212,"commentCount":2,"publisher":{"@id":"https:\/\/kapitalis.com\/tunisie\/#organization"},"image":{"@id":"https:\/\/kapitalis.com\/tunisie\/2022\/05\/13\/tunisie-le-projet-biorest-pour-le-developpement-de-lagriculture-bio\/#primaryimage"},"thumbnailUrl":"https:\/\/kapitalis.com\/tunisie\/wp-content\/uploads\/2022\/05\/Philippe-Ankers-Mahmoud-Elyes-Hamza.jpg","keywords":["agriculture biologique","Biorest","changement climatique","FAO","Mahmoud Elyes Hamza","Philippe Ankers","Tunisie"],"articleSection":["ECONOMIE","Tunisie"],"inLanguage":"fr-FR","potentialAction":[{"@type":"CommentAction","name":"Comment","target":["https:\/\/kapitalis.com\/tunisie\/2022\/05\/13\/tunisie-le-projet-biorest-pour-le-developpement-de-lagriculture-bio\/#respond"]}]},{"@type":"WebPage","@id":"https:\/\/kapitalis.com\/tunisie\/2022\/05\/13\/tunisie-le-projet-biorest-pour-le-developpement-de-lagriculture-bio\/","url":"https:\/\/kapitalis.com\/tunisie\/2022\/05\/13\/tunisie-le-projet-biorest-pour-le-developpement-de-lagriculture-bio\/","name":"Tunisie\u00a0: le projet Biorest pour le d\u00e9veloppement de l'agriculture bio - Kapitalis","isPartOf":{"@id":"https:\/\/kapitalis.com\/tunisie\/#website"},"primaryImageOfPage":{"@id":"https:\/\/kapitalis.com\/tunisie\/2022\/05\/13\/tunisie-le-projet-biorest-pour-le-developpement-de-lagriculture-bio\/#primaryimage"},"image":{"@id":"https:\/\/kapitalis.com\/tunisie\/2022\/05\/13\/tunisie-le-projet-biorest-pour-le-developpement-de-lagriculture-bio\/#primaryimage"},"thumbnailUrl":"https:\/\/kapitalis.com\/tunisie\/wp-content\/uploads\/2022\/05\/Philippe-Ankers-Mahmoud-Elyes-Hamza.jpg","datePublished":"2022-05-13T09:42:13+00:00","dateModified":"2022-05-13T09:42:15+00:00","breadcrumb":{"@id":"https:\/\/kapitalis.com\/tunisie\/2022\/05\/13\/tunisie-le-projet-biorest-pour-le-developpement-de-lagriculture-bio\/#breadcrumb"},"inLanguage":"fr-FR","potentialAction":[{"@type":"ReadAction","target":["https:\/\/kapitalis.com\/tunisie\/2022\/05\/13\/tunisie-le-projet-biorest-pour-le-developpement-de-lagriculture-bio\/"]}]},{"@type":"ImageObject","inLanguage":"fr-FR","@id":"https:\/\/kapitalis.com\/tunisie\/2022\/05\/13\/tunisie-le-projet-biorest-pour-le-developpement-de-lagriculture-bio\/#primaryimage","url":"https:\/\/kapitalis.com\/tunisie\/wp-content\/uploads\/2022\/05\/Philippe-Ankers-Mahmoud-Elyes-Hamza.jpg","contentUrl":"https:\/\/kapitalis.com\/tunisie\/wp-content\/uploads\/2022\/05\/Philippe-Ankers-Mahmoud-Elyes-Hamza.jpg","width":1200,"height":630},{"@type":"BreadcrumbList","@id":"https:\/\/kapitalis.com\/tunisie\/2022\/05\/13\/tunisie-le-projet-biorest-pour-le-developpement-de-lagriculture-bio\/#breadcrumb","itemListElement":[{"@type":"ListItem","position":1,"name":"Accueil","item":"https:\/\/kapitalis.com\/tunisie\/"},{"@type":"ListItem","position":2,"name":"Tunisie\u00a0: le projet Biorest pour le d\u00e9veloppement de l&rsquo;agriculture bio"}]},{"@type":"WebSite","@id":"https:\/\/kapitalis.com\/tunisie\/#website","url":"https:\/\/kapitalis.com\/tunisie\/","name":"Kapitalis","description":"L&#039;actualit\u00e9 en Tunisie et dans le monde","publisher":{"@id":"https:\/\/kapitalis.com\/tunisie\/#organization"},"potentialAction":[{"@type":"SearchAction","target":{"@type":"EntryPoint","urlTemplate":"https:\/\/kapitalis.com\/tunisie\/?s={search_term_string}"},"query-input":{"@type":"PropertyValueSpecification","valueRequired":true,"valueName":"search_term_string"}}],"inLanguage":"fr-FR"},{"@type":"Organization","@id":"https:\/\/kapitalis.com\/tunisie\/#organization","name":"Kapitalis","url":"https:\/\/kapitalis.com\/tunisie\/","logo":{"@type":"ImageObject","inLanguage":"fr-FR","@id":"https:\/\/kapitalis.com\/tunisie\/#\/schema\/logo\/image\/","url":"https:\/\/kapitalis.com\/tunisie\/wp-content\/uploads\/2022\/05\/Kapitalis-big-size.png","contentUrl":"https:\/\/kapitalis.com\/tunisie\/wp-content\/uploads\/2022\/05\/Kapitalis-big-size.png","width":5000,"height":1500,"caption":"Kapitalis"},"image":{"@id":"https:\/\/kapitalis.com\/tunisie\/#\/schema\/logo\/image\/"},"sameAs":["https:\/\/www.facebook.com\/KapitalisInfo\/","https:\/\/x.com\/KapitalisInfo","https:\/\/www.youtube.com\/channel\/UC-yDYrHyfFBWWZaOw3FPg9Q"]},{"@type":"Person","@id":"https:\/\/kapitalis.com\/tunisie\/#\/schema\/person\/d71f33a9ca44f7bad4698210b480c8e9","name":"webmaster kapitalis","url":"https:\/\/kapitalis.com\/tunisie\/author\/webmaster-kapitalis\/"}]}},"_links":{"self":[{"href":"https:\/\/kapitalis.com\/tunisie\/wp-json\/wp\/v2\/posts\/595429","targetHints":{"allow":["GET"]}}],"collection":[{"href":"https:\/\/kapitalis.com\/tunisie\/wp-json\/wp\/v2\/posts"}],"about":[{"href":"https:\/\/kapitalis.com\/tunisie\/wp-json\/wp\/v2\/types\/post"}],"author":[{"embeddable":true,"href":"https:\/\/kapitalis.com\/tunisie\/wp-json\/wp\/v2\/users\/8"}],"replies":[{"embeddable":true,"href":"https:\/\/kapitalis.com\/tunisie\/wp-json\/wp\/v2\/comments?post=595429"}],"version-history":[{"count":0,"href":"https:\/\/kapitalis.com\/tunisie\/wp-json\/wp\/v2\/posts\/595429\/revisions"}],"wp:featuredmedia":[{"embeddable":true,"href":"https:\/\/kapitalis.com\/tunisie\/wp-json\/wp\/v2\/media\/595635"}],"wp:attachment":[{"href":"https:\/\/kapitalis.com\/tunisie\/wp-json\/wp\/v2\/media?parent=595429"}],"wp:term":[{"taxonomy":"category","embeddable":true,"href":"https:\/\/kapitalis.com\/tunisie\/wp-json\/wp\/v2\/categories?post=595429"},{"taxonomy":"post_tag","embeddable":true,"href":"https:\/\/kapitalis.com\/tunisie\/wp-json\/wp\/v2\/tags?post=595429"}],"curies":[{"name":"wp","href":"https:\/\/api.w.org\/{rel}","templated":true}]}}