{"id":59599,"date":"2016-07-30T14:13:56","date_gmt":"2016-07-30T13:13:56","guid":{"rendered":"http:\/\/kapitalis.com\/tunisie\/?p=59599"},"modified":"2016-07-30T15:19:45","modified_gmt":"2016-07-30T14:19:45","slug":"salem-labiadh-les-ministres-actuels-ne-doivent-pas-etre-reconduits-dans-le-prochain-gouvernement","status":"publish","type":"post","link":"https:\/\/kapitalis.com\/tunisie\/2016\/07\/30\/salem-labiadh-les-ministres-actuels-ne-doivent-pas-etre-reconduits-dans-le-prochain-gouvernement\/","title":{"rendered":"Salem Labiadh : \u00abLes ministres actuels ne doivent pas \u00eatre reconduits dans le prochain gouvernement\u00bb"},"content":{"rendered":"<p style=\"text-align: center;\"><img loading=\"lazy\" decoding=\"async\" class=\"alignnone size-full wp-image-59600\" src=\"http:\/\/kapitalis.com\/tunisie\/wp-content\/uploads\/2016\/07\/Salem-Labiadh.jpg\" alt=\"Salem-Labiadh\" width=\"626\" height=\"380\" \/><\/p>\n<p style=\"text-align: left;\"><em><strong>\u00abCe serait un scandale si on retrouvait dans le prochain gouvernement des ministres issus du gouvernement Essid auquel\u00a0on aurait, entre-temps, retir\u00e9 la confiance\u00bb.<\/strong> <\/em><\/p>\n<p style=\"text-align: left;\"><!--more--><\/p>\n<p style=\"text-align: left;\">C\u2019est ce qu\u2019a d\u00e9clar\u00e9 le d\u00e9put\u00e9 Salem Labiadh, qui s\u2019exprimait, samedi, lors de la pl\u00e9ni\u00e8re \u00e0 l\u2019Assembl\u00e9e des repr\u00e9sentants du peuple (ARP), consacr\u00e9e au renouvellement de la confiance du gouvernement Habib Essid.<\/p>\n<p style=\"text-align: left;\"><em>\u00abLes partis de la coalition gouvernementale voudraient retirer leur confiance au chef du gouvernement mais pas \u00e0 ses ministres\u00bb<\/em>, s\u2019est-il \u00e9tonn\u00e9.<\/p>\n<p style=\"text-align: left;\">D\u00e9plorant le comportement de certains membres du gouvernement sortant, M. Labiadh a rappel\u00e9 l\u2019\u00e9pisode des 5 ministres qui se sont d\u00e9plac\u00e9s ensemble, et sans l\u2019accord du chef du gouvernement, pour assister \u00e0 l\u2019inauguration d\u2019un caf\u00e9 aux Berges du Lac de Tunis, ouvert par un membre de leur parti, Nidaa Tounes en l\u2019occurrence, qui conduit la coalition gouvernementale constitu\u00e9e de 3 autres partis : Ennahdha, UPL et Afek Tounes.<\/p>\n<p style=\"text-align: left;\"><em>\u00abCette mascarade politique souligne l\u2019ampleur de la crise actuelle\u00bb<\/em>, a-t-il ajout\u00e9.<\/p>\n<p style=\"text-align: right;\"><strong>I. B. <\/strong><\/p>\n","protected":false},"excerpt":{"rendered":"<p>\u00abCe serait un scandale si on retrouvait dans le prochain gouvernement des ministres issus du gouvernement Essid auquel\u00a0on aurait, entre-temps, retir\u00e9 la confiance\u00bb.<\/p>\n","protected":false},"author":8,"featured_media":59600,"comment_status":"open","ping_status":"open","sticky":false,"template":"","format":"standard","meta":{"footnotes":""},"categories":[997,2433],"tags":[4638,435,3077],"class_list":["post-59599","post","type-post","status-publish","format-standard","has-post-thumbnail","hentry","category-politique","category-tunisie","tag-assemblee-des-representants-du-peuple","tag-habib-essid","tag-salem-labiadh"],"yoast_head":"<!-- This site is optimized with the Yoast SEO plugin v26.6 - https:\/\/yoast.com\/wordpress\/plugins\/seo\/ -->\n<title>Salem Labiadh : \u00abLes ministres actuels ne doivent pas \u00eatre reconduits dans le prochain gouvernement\u00bb - Kapitalis<\/title>\n<meta name=\"robots\" content=\"index, follow, max-snippet:-1, max-image-preview:large, max-video-preview:-1\" \/>\n<link rel=\"canonical\" href=\"https:\/\/kapitalis.com\/tunisie\/2016\/07\/30\/salem-labiadh-les-ministres-actuels-ne-doivent-pas-etre-reconduits-dans-le-prochain-gouvernement\/\" \/>\n<meta property=\"og:locale\" content=\"fr_FR\" \/>\n<meta property=\"og:type\" content=\"article\" \/>\n<meta property=\"og:title\" content=\"Salem Labiadh : \u00abLes ministres actuels ne doivent pas \u00eatre reconduits dans le prochain gouvernement\u00bb - Kapitalis\" \/>\n<meta property=\"og:description\" content=\"\u00abCe serait un scandale si on retrouvait dans le prochain gouvernement des ministres issus du gouvernement Essid auquel\u00a0on aurait, entre-temps, retir\u00e9 la confiance\u00bb.\" \/>\n<meta property=\"og:url\" content=\"https:\/\/kapitalis.com\/tunisie\/2016\/07\/30\/salem-labiadh-les-ministres-actuels-ne-doivent-pas-etre-reconduits-dans-le-prochain-gouvernement\/\" \/>\n<meta property=\"og:site_name\" content=\"Kapitalis\" \/>\n<meta property=\"article:publisher\" content=\"https:\/\/www.facebook.com\/KapitalisInfo\/\" \/>\n<meta property=\"article:published_time\" content=\"2016-07-30T13:13:56+00:00\" \/>\n<meta property=\"article:modified_time\" content=\"2016-07-30T14:19:45+00:00\" \/>\n<meta property=\"og:image\" content=\"https:\/\/kapitalis.com\/tunisie\/wp-content\/uploads\/2022\/05\/kapitalis-logo-fb.png\" \/>\n\t<meta property=\"og:image:width\" content=\"1200\" \/>\n\t<meta property=\"og:image:height\" content=\"630\" \/>\n\t<meta property=\"og:image:type\" content=\"image\/png\" \/>\n<meta name=\"author\" content=\"webmaster kapitalis\" \/>\n<meta name=\"twitter:card\" content=\"summary_large_image\" \/>\n<meta name=\"twitter:creator\" content=\"@KapitalisInfo\" \/>\n<meta name=\"twitter:site\" content=\"@KapitalisInfo\" \/>\n<meta name=\"twitter:label1\" content=\"\u00c9crit par\" \/>\n\t<meta name=\"twitter:data1\" content=\"webmaster kapitalis\" \/>\n\t<meta name=\"twitter:label2\" content=\"Dur\u00e9e de lecture estim\u00e9e\" \/>\n\t<meta name=\"twitter:data2\" content=\"1 minute\" \/>\n<script type=\"application\/ld+json\" class=\"yoast-schema-graph\">{\"@context\":\"https:\/\/schema.org\",\"@graph\":[{\"@type\":\"Article\",\"@id\":\"https:\/\/kapitalis.com\/tunisie\/2016\/07\/30\/salem-labiadh-les-ministres-actuels-ne-doivent-pas-etre-reconduits-dans-le-prochain-gouvernement\/#article\",\"isPartOf\":{\"@id\":\"https:\/\/kapitalis.com\/tunisie\/2016\/07\/30\/salem-labiadh-les-ministres-actuels-ne-doivent-pas-etre-reconduits-dans-le-prochain-gouvernement\/\"},\"author\":{\"name\":\"webmaster kapitalis\",\"@id\":\"https:\/\/kapitalis.com\/tunisie\/#\/schema\/person\/d71f33a9ca44f7bad4698210b480c8e9\"},\"headline\":\"Salem Labiadh : \u00abLes ministres actuels ne doivent pas \u00eatre reconduits dans le prochain gouvernement\u00bb\",\"datePublished\":\"2016-07-30T13:13:56+00:00\",\"dateModified\":\"2016-07-30T14:19:45+00:00\",\"mainEntityOfPage\":{\"@id\":\"https:\/\/kapitalis.com\/tunisie\/2016\/07\/30\/salem-labiadh-les-ministres-actuels-ne-doivent-pas-etre-reconduits-dans-le-prochain-gouvernement\/\"},\"wordCount\":188,\"commentCount\":5,\"publisher\":{\"@id\":\"https:\/\/kapitalis.com\/tunisie\/#organization\"},\"image\":{\"@id\":\"https:\/\/kapitalis.com\/tunisie\/2016\/07\/30\/salem-labiadh-les-ministres-actuels-ne-doivent-pas-etre-reconduits-dans-le-prochain-gouvernement\/#primaryimage\"},\"thumbnailUrl\":\"\",\"keywords\":[\"Assembl\u00e9e des repr\u00e9sentants du peuple\",\"Habib Essid\",\"Salem Labiadh\"],\"articleSection\":[\"POLITIQUE\",\"Tunisie\"],\"inLanguage\":\"fr-FR\",\"potentialAction\":[{\"@type\":\"CommentAction\",\"name\":\"Comment\",\"target\":[\"https:\/\/kapitalis.com\/tunisie\/2016\/07\/30\/salem-labiadh-les-ministres-actuels-ne-doivent-pas-etre-reconduits-dans-le-prochain-gouvernement\/#respond\"]}]},{\"@type\":\"WebPage\",\"@id\":\"https:\/\/kapitalis.com\/tunisie\/2016\/07\/30\/salem-labiadh-les-ministres-actuels-ne-doivent-pas-etre-reconduits-dans-le-prochain-gouvernement\/\",\"url\":\"https:\/\/kapitalis.com\/tunisie\/2016\/07\/30\/salem-labiadh-les-ministres-actuels-ne-doivent-pas-etre-reconduits-dans-le-prochain-gouvernement\/\",\"name\":\"Salem Labiadh : \u00abLes ministres actuels ne doivent pas \u00eatre reconduits dans le prochain gouvernement\u00bb - Kapitalis\",\"isPartOf\":{\"@id\":\"https:\/\/kapitalis.com\/tunisie\/#website\"},\"primaryImageOfPage\":{\"@id\":\"https:\/\/kapitalis.com\/tunisie\/2016\/07\/30\/salem-labiadh-les-ministres-actuels-ne-doivent-pas-etre-reconduits-dans-le-prochain-gouvernement\/#primaryimage\"},\"image\":{\"@id\":\"https:\/\/kapitalis.com\/tunisie\/2016\/07\/30\/salem-labiadh-les-ministres-actuels-ne-doivent-pas-etre-reconduits-dans-le-prochain-gouvernement\/#primaryimage\"},\"thumbnailUrl\":\"\",\"datePublished\":\"2016-07-30T13:13:56+00:00\",\"dateModified\":\"2016-07-30T14:19:45+00:00\",\"breadcrumb\":{\"@id\":\"https:\/\/kapitalis.com\/tunisie\/2016\/07\/30\/salem-labiadh-les-ministres-actuels-ne-doivent-pas-etre-reconduits-dans-le-prochain-gouvernement\/#breadcrumb\"},\"inLanguage\":\"fr-FR\",\"potentialAction\":[{\"@type\":\"ReadAction\",\"target\":[\"https:\/\/kapitalis.com\/tunisie\/2016\/07\/30\/salem-labiadh-les-ministres-actuels-ne-doivent-pas-etre-reconduits-dans-le-prochain-gouvernement\/\"]}]},{\"@type\":\"ImageObject\",\"inLanguage\":\"fr-FR\",\"@id\":\"https:\/\/kapitalis.com\/tunisie\/2016\/07\/30\/salem-labiadh-les-ministres-actuels-ne-doivent-pas-etre-reconduits-dans-le-prochain-gouvernement\/#primaryimage\",\"url\":\"\",\"contentUrl\":\"\"},{\"@type\":\"BreadcrumbList\",\"@id\":\"https:\/\/kapitalis.com\/tunisie\/2016\/07\/30\/salem-labiadh-les-ministres-actuels-ne-doivent-pas-etre-reconduits-dans-le-prochain-gouvernement\/#breadcrumb\",\"itemListElement\":[{\"@type\":\"ListItem\",\"position\":1,\"name\":\"Accueil\",\"item\":\"https:\/\/kapitalis.com\/tunisie\/\"},{\"@type\":\"ListItem\",\"position\":2,\"name\":\"Salem Labiadh : \u00abLes ministres actuels ne doivent pas \u00eatre reconduits dans le prochain gouvernement\u00bb\"}]},{\"@type\":\"WebSite\",\"@id\":\"https:\/\/kapitalis.com\/tunisie\/#website\",\"url\":\"https:\/\/kapitalis.com\/tunisie\/\",\"name\":\"Kapitalis\",\"description\":\"L&#039;actualit\u00e9 en Tunisie et dans le monde\",\"publisher\":{\"@id\":\"https:\/\/kapitalis.com\/tunisie\/#organization\"},\"potentialAction\":[{\"@type\":\"SearchAction\",\"target\":{\"@type\":\"EntryPoint\",\"urlTemplate\":\"https:\/\/kapitalis.com\/tunisie\/?s={search_term_string}\"},\"query-input\":{\"@type\":\"PropertyValueSpecification\",\"valueRequired\":true,\"valueName\":\"search_term_string\"}}],\"inLanguage\":\"fr-FR\"},{\"@type\":\"Organization\",\"@id\":\"https:\/\/kapitalis.com\/tunisie\/#organization\",\"name\":\"Kapitalis\",\"url\":\"https:\/\/kapitalis.com\/tunisie\/\",\"logo\":{\"@type\":\"ImageObject\",\"inLanguage\":\"fr-FR\",\"@id\":\"https:\/\/kapitalis.com\/tunisie\/#\/schema\/logo\/image\/\",\"url\":\"https:\/\/kapitalis.com\/tunisie\/wp-content\/uploads\/2022\/05\/Kapitalis-big-size.png\",\"contentUrl\":\"https:\/\/kapitalis.com\/tunisie\/wp-content\/uploads\/2022\/05\/Kapitalis-big-size.png\",\"width\":5000,\"height\":1500,\"caption\":\"Kapitalis\"},\"image\":{\"@id\":\"https:\/\/kapitalis.com\/tunisie\/#\/schema\/logo\/image\/\"},\"sameAs\":[\"https:\/\/www.facebook.com\/KapitalisInfo\/\",\"https:\/\/x.com\/KapitalisInfo\",\"https:\/\/www.youtube.com\/channel\/UC-yDYrHyfFBWWZaOw3FPg9Q\"]},{\"@type\":\"Person\",\"@id\":\"https:\/\/kapitalis.com\/tunisie\/#\/schema\/person\/d71f33a9ca44f7bad4698210b480c8e9\",\"name\":\"webmaster kapitalis\",\"url\":\"https:\/\/kapitalis.com\/tunisie\/author\/webmaster-kapitalis\/\"}]}<\/script>\n<!-- \/ Yoast SEO plugin. -->","yoast_head_json":{"title":"Salem Labiadh : \u00abLes ministres actuels ne doivent pas \u00eatre reconduits dans le prochain gouvernement\u00bb - Kapitalis","robots":{"index":"index","follow":"follow","max-snippet":"max-snippet:-1","max-image-preview":"max-image-preview:large","max-video-preview":"max-video-preview:-1"},"canonical":"https:\/\/kapitalis.com\/tunisie\/2016\/07\/30\/salem-labiadh-les-ministres-actuels-ne-doivent-pas-etre-reconduits-dans-le-prochain-gouvernement\/","og_locale":"fr_FR","og_type":"article","og_title":"Salem Labiadh : \u00abLes ministres actuels ne doivent pas \u00eatre reconduits dans le prochain gouvernement\u00bb - Kapitalis","og_description":"\u00abCe serait un scandale si on retrouvait dans le prochain gouvernement des ministres issus du gouvernement Essid auquel\u00a0on aurait, entre-temps, retir\u00e9 la confiance\u00bb.","og_url":"https:\/\/kapitalis.com\/tunisie\/2016\/07\/30\/salem-labiadh-les-ministres-actuels-ne-doivent-pas-etre-reconduits-dans-le-prochain-gouvernement\/","og_site_name":"Kapitalis","article_publisher":"https:\/\/www.facebook.com\/KapitalisInfo\/","article_published_time":"2016-07-30T13:13:56+00:00","article_modified_time":"2016-07-30T14:19:45+00:00","og_image":[{"width":1200,"height":630,"url":"https:\/\/kapitalis.com\/tunisie\/wp-content\/uploads\/2022\/05\/kapitalis-logo-fb.png","type":"image\/png"}],"author":"webmaster kapitalis","twitter_card":"summary_large_image","twitter_creator":"@KapitalisInfo","twitter_site":"@KapitalisInfo","twitter_misc":{"\u00c9crit par":"webmaster kapitalis","Dur\u00e9e de lecture estim\u00e9e":"1 minute"},"schema":{"@context":"https:\/\/schema.org","@graph":[{"@type":"Article","@id":"https:\/\/kapitalis.com\/tunisie\/2016\/07\/30\/salem-labiadh-les-ministres-actuels-ne-doivent-pas-etre-reconduits-dans-le-prochain-gouvernement\/#article","isPartOf":{"@id":"https:\/\/kapitalis.com\/tunisie\/2016\/07\/30\/salem-labiadh-les-ministres-actuels-ne-doivent-pas-etre-reconduits-dans-le-prochain-gouvernement\/"},"author":{"name":"webmaster kapitalis","@id":"https:\/\/kapitalis.com\/tunisie\/#\/schema\/person\/d71f33a9ca44f7bad4698210b480c8e9"},"headline":"Salem Labiadh : \u00abLes ministres actuels ne doivent pas \u00eatre reconduits dans le prochain gouvernement\u00bb","datePublished":"2016-07-30T13:13:56+00:00","dateModified":"2016-07-30T14:19:45+00:00","mainEntityOfPage":{"@id":"https:\/\/kapitalis.com\/tunisie\/2016\/07\/30\/salem-labiadh-les-ministres-actuels-ne-doivent-pas-etre-reconduits-dans-le-prochain-gouvernement\/"},"wordCount":188,"commentCount":5,"publisher":{"@id":"https:\/\/kapitalis.com\/tunisie\/#organization"},"image":{"@id":"https:\/\/kapitalis.com\/tunisie\/2016\/07\/30\/salem-labiadh-les-ministres-actuels-ne-doivent-pas-etre-reconduits-dans-le-prochain-gouvernement\/#primaryimage"},"thumbnailUrl":"","keywords":["Assembl\u00e9e des repr\u00e9sentants du peuple","Habib Essid","Salem Labiadh"],"articleSection":["POLITIQUE","Tunisie"],"inLanguage":"fr-FR","potentialAction":[{"@type":"CommentAction","name":"Comment","target":["https:\/\/kapitalis.com\/tunisie\/2016\/07\/30\/salem-labiadh-les-ministres-actuels-ne-doivent-pas-etre-reconduits-dans-le-prochain-gouvernement\/#respond"]}]},{"@type":"WebPage","@id":"https:\/\/kapitalis.com\/tunisie\/2016\/07\/30\/salem-labiadh-les-ministres-actuels-ne-doivent-pas-etre-reconduits-dans-le-prochain-gouvernement\/","url":"https:\/\/kapitalis.com\/tunisie\/2016\/07\/30\/salem-labiadh-les-ministres-actuels-ne-doivent-pas-etre-reconduits-dans-le-prochain-gouvernement\/","name":"Salem Labiadh : \u00abLes ministres actuels ne doivent pas \u00eatre reconduits dans le prochain gouvernement\u00bb - Kapitalis","isPartOf":{"@id":"https:\/\/kapitalis.com\/tunisie\/#website"},"primaryImageOfPage":{"@id":"https:\/\/kapitalis.com\/tunisie\/2016\/07\/30\/salem-labiadh-les-ministres-actuels-ne-doivent-pas-etre-reconduits-dans-le-prochain-gouvernement\/#primaryimage"},"image":{"@id":"https:\/\/kapitalis.com\/tunisie\/2016\/07\/30\/salem-labiadh-les-ministres-actuels-ne-doivent-pas-etre-reconduits-dans-le-prochain-gouvernement\/#primaryimage"},"thumbnailUrl":"","datePublished":"2016-07-30T13:13:56+00:00","dateModified":"2016-07-30T14:19:45+00:00","breadcrumb":{"@id":"https:\/\/kapitalis.com\/tunisie\/2016\/07\/30\/salem-labiadh-les-ministres-actuels-ne-doivent-pas-etre-reconduits-dans-le-prochain-gouvernement\/#breadcrumb"},"inLanguage":"fr-FR","potentialAction":[{"@type":"ReadAction","target":["https:\/\/kapitalis.com\/tunisie\/2016\/07\/30\/salem-labiadh-les-ministres-actuels-ne-doivent-pas-etre-reconduits-dans-le-prochain-gouvernement\/"]}]},{"@type":"ImageObject","inLanguage":"fr-FR","@id":"https:\/\/kapitalis.com\/tunisie\/2016\/07\/30\/salem-labiadh-les-ministres-actuels-ne-doivent-pas-etre-reconduits-dans-le-prochain-gouvernement\/#primaryimage","url":"","contentUrl":""},{"@type":"BreadcrumbList","@id":"https:\/\/kapitalis.com\/tunisie\/2016\/07\/30\/salem-labiadh-les-ministres-actuels-ne-doivent-pas-etre-reconduits-dans-le-prochain-gouvernement\/#breadcrumb","itemListElement":[{"@type":"ListItem","position":1,"name":"Accueil","item":"https:\/\/kapitalis.com\/tunisie\/"},{"@type":"ListItem","position":2,"name":"Salem Labiadh : \u00abLes ministres actuels ne doivent pas \u00eatre reconduits dans le prochain gouvernement\u00bb"}]},{"@type":"WebSite","@id":"https:\/\/kapitalis.com\/tunisie\/#website","url":"https:\/\/kapitalis.com\/tunisie\/","name":"Kapitalis","description":"L&#039;actualit\u00e9 en Tunisie et dans le monde","publisher":{"@id":"https:\/\/kapitalis.com\/tunisie\/#organization"},"potentialAction":[{"@type":"SearchAction","target":{"@type":"EntryPoint","urlTemplate":"https:\/\/kapitalis.com\/tunisie\/?s={search_term_string}"},"query-input":{"@type":"PropertyValueSpecification","valueRequired":true,"valueName":"search_term_string"}}],"inLanguage":"fr-FR"},{"@type":"Organization","@id":"https:\/\/kapitalis.com\/tunisie\/#organization","name":"Kapitalis","url":"https:\/\/kapitalis.com\/tunisie\/","logo":{"@type":"ImageObject","inLanguage":"fr-FR","@id":"https:\/\/kapitalis.com\/tunisie\/#\/schema\/logo\/image\/","url":"https:\/\/kapitalis.com\/tunisie\/wp-content\/uploads\/2022\/05\/Kapitalis-big-size.png","contentUrl":"https:\/\/kapitalis.com\/tunisie\/wp-content\/uploads\/2022\/05\/Kapitalis-big-size.png","width":5000,"height":1500,"caption":"Kapitalis"},"image":{"@id":"https:\/\/kapitalis.com\/tunisie\/#\/schema\/logo\/image\/"},"sameAs":["https:\/\/www.facebook.com\/KapitalisInfo\/","https:\/\/x.com\/KapitalisInfo","https:\/\/www.youtube.com\/channel\/UC-yDYrHyfFBWWZaOw3FPg9Q"]},{"@type":"Person","@id":"https:\/\/kapitalis.com\/tunisie\/#\/schema\/person\/d71f33a9ca44f7bad4698210b480c8e9","name":"webmaster kapitalis","url":"https:\/\/kapitalis.com\/tunisie\/author\/webmaster-kapitalis\/"}]}},"_links":{"self":[{"href":"https:\/\/kapitalis.com\/tunisie\/wp-json\/wp\/v2\/posts\/59599","targetHints":{"allow":["GET"]}}],"collection":[{"href":"https:\/\/kapitalis.com\/tunisie\/wp-json\/wp\/v2\/posts"}],"about":[{"href":"https:\/\/kapitalis.com\/tunisie\/wp-json\/wp\/v2\/types\/post"}],"author":[{"embeddable":true,"href":"https:\/\/kapitalis.com\/tunisie\/wp-json\/wp\/v2\/users\/8"}],"replies":[{"embeddable":true,"href":"https:\/\/kapitalis.com\/tunisie\/wp-json\/wp\/v2\/comments?post=59599"}],"version-history":[{"count":0,"href":"https:\/\/kapitalis.com\/tunisie\/wp-json\/wp\/v2\/posts\/59599\/revisions"}],"wp:featuredmedia":[{"embeddable":true,"href":"https:\/\/kapitalis.com\/tunisie\/wp-json\/wp\/v2\/media\/59600"}],"wp:attachment":[{"href":"https:\/\/kapitalis.com\/tunisie\/wp-json\/wp\/v2\/media?parent=59599"}],"wp:term":[{"taxonomy":"category","embeddable":true,"href":"https:\/\/kapitalis.com\/tunisie\/wp-json\/wp\/v2\/categories?post=59599"},{"taxonomy":"post_tag","embeddable":true,"href":"https:\/\/kapitalis.com\/tunisie\/wp-json\/wp\/v2\/tags?post=59599"}],"curies":[{"name":"wp","href":"https:\/\/api.w.org\/{rel}","templated":true}]}}