{"id":59737,"date":"2016-08-01T13:06:20","date_gmt":"2016-08-01T12:06:20","guid":{"rendered":"http:\/\/kapitalis.com\/tunisie\/?p=59737"},"modified":"2016-08-01T13:06:20","modified_gmt":"2016-08-01T12:06:20","slug":"essid-devant-lassemblee-mise-a-mort-et-demagogie-populiste","status":"publish","type":"post","link":"https:\/\/kapitalis.com\/tunisie\/2016\/08\/01\/essid-devant-lassemblee-mise-a-mort-et-demagogie-populiste\/","title":{"rendered":"Essid devant l\u2019Assembl\u00e9e : Mise \u00e0 mort et d\u00e9magogie populiste"},"content":{"rendered":"<p style=\"text-align: center;\"><img loading=\"lazy\" decoding=\"async\" class=\"alignnone size-full wp-image-59738\" src=\"http:\/\/kapitalis.com\/tunisie\/wp-content\/uploads\/2016\/08\/Assemblee-Renouvellement-Essid-Ban.jpg\" alt=\"Assemblee-Renouvellement-Essid-Ban\" width=\"626\" height=\"380\" \/><\/p>\n<p style=\"text-align: left;\"><em><strong>A quoi aurait servi le d\u00e9bat parlementaire de ce weekend sinon qu\u2019\u00e0 montrer une \u00e9lite politique engonc\u00e9e dans ses petits calculs partisans, sans vision ni perspective d\u2019avenir ?<\/strong> <\/em><\/p>\n<p style=\"text-align: left;\">Par <strong>Salah El-Gharbi<\/strong><\/p>\n<p style=\"text-align: left;\"><!--more--><\/p>\n<p style=\"text-align: left;\">Samedi dernier, tous ceux qui avaient suivi les d\u00e9bats \u00e0 l\u2019Assembl\u00e9e des repr\u00e9sentants du peuple (ARP) ont d\u00fb comprendre pourquoi Habib Essid avait tenu \u00e0 aller devant la repr\u00e9sentation nationale. Ce choix d\u2019aller \u00e0 l\u2019Assembl\u00e9e, pr\u00e9sent\u00e9 \u00e0 l\u2019opinion publique comment \u00e9tant un acte dict\u00e9 par le souci de l\u2019actuel chef du gouvernement de respecter la constitution, s\u2019av\u00e8re \u00eatre un acte anim\u00e9 par un d\u00e9sir de clarification voire de vengeance.<\/p>\n<p style=\"text-align: left;\"><strong>Une trag\u00e9die grecque<\/strong><\/p>\n<p style=\"text-align: left;\">Ulc\u00e9r\u00e9, l\u2019homme, qui n\u2019\u00e9tait qu\u2019un <em>\u00abMehdi Jom\u00e2a bis\u00bb<\/em>, cherchait, \u00e0 travers son acte, \u00e0 embarrasser le pr\u00e9sident de la r\u00e9publique B\u00e9ji Ca\u00efd Essebsi, le parti au pouvoir (Nidaa Tounes) et ses alli\u00e9s (Ennahdha, UPL et Afek Tounes). Il en voulait au chef de l\u2019Etat de l\u2019avoir nomm\u00e9 Premier ministre en janvier 2015, pour le cong\u00e9dier apr\u00e8s d\u2019un an et demi de <em>\u00abloyaux services\u00bb<\/em>, le privant ainsi du r\u00eave, qu\u2019il commen\u00e7ait \u00e0 caresser (\u00e9chaud\u00e9 par l\u2019indulgence des classes populaires), de terminer en apoth\u00e9ose une carri\u00e8re demeur\u00e9e jusque-l\u00e0 trop lisse.<\/p>\n<p style=\"text-align: left;\">Manifestement, Habib Essid a r\u00e9ussi son coup. Pour s\u2019en apercevoir, il suffisait de suivre le d\u00e9roulement des s\u00e9ances et d\u2019\u00e9couter les interventions des d\u00e9put\u00e9s durant le weekend.<\/p>\n<p style=\"text-align: center;\"><img loading=\"lazy\" decoding=\"async\" class=\"alignnone size-full wp-image-59741\" src=\"http:\/\/kapitalis.com\/tunisie\/wp-content\/uploads\/2016\/08\/Habib-Essid-2.jpg\" alt=\"Habib-Essid-2\" width=\"500\" height=\"300\" \/><\/p>\n<p style=\"text-align: center;\"><em>On retire la confiance au\u00a0gouvernement Essid, en l&rsquo;applaudissant chaleureusement! \u00a0<\/em><\/p>\n<p style=\"text-align: left;\">En effet, le d\u00e9bat sur le renouvellement de la confiance au gouvernement \u00e9tait l\u2019occasion pour les \u00e9lus de la r\u00e9publique de se livrer \u00e0 d\u2019interminables prestations th\u00e9\u00e2trales dignes d\u2019une trag\u00e9die grecque. Ainsi, un simple changement de gouvernement, \u00e9v\u00e9nement banal qui fait partie des r\u00e8gles de jeu d\u00e9mocratique, s\u2019est-il transform\u00e9 en un drame national et les s\u00e9ances de d\u00e9bats en une c\u00e9r\u00e9monie de sacrifice avec sa liturgie et son rituel. On n\u2019avait qu\u2019\u00e0 recenser la fr\u00e9quence des mots <em>\u00absacrifice\u00bb, \u00abvictime\u00bb, \u00abbouc \u00e9missaire\u00bb<\/em> ou <em>\u00abfusible\u00bb<\/em> pour mesurer la port\u00e9e dramatique qu\u2019ont prise les d\u00e9bats.<\/p>\n<p style=\"text-align: left;\">Durant deux jours, les t\u00e9l\u00e9spectateurs ont eu droit \u00e0 une panoplie d\u2019interventions f\u00e9briles, grandiloquentes et th\u00e9\u00e2tralis\u00e9s \u00e0 outrance. L\u2019\u00e9loquence studieuse et presque scolaire de notre \u00e9lite politique nous a \u00e9t\u00e9 donn\u00e9e \u00e0 entendre avec ses interminables redondances et ses envol\u00e9es laborieuses.<\/p>\n<p style=\"text-align: left;\">En fait, ces performances rh\u00e9toriques, in\u00e9gales et g\u00e9n\u00e9ralement attendues car t\u00e9l\u00e9phon\u00e9es, repr\u00e9sentaient des postures variant en fonction de l\u2019ob\u00e9dience de l\u2019\u00e9lu et de la position de son parti dans l\u2019\u00e9chiquier. Ainsi, les d\u00e9put\u00e9s de Nidaa, ob\u00e9issant aux recommandations du Palais de Carthage (comme du reste ceux d\u2019Afek et de l\u2019UPL), sont rest\u00e9s dans la mesure, tenant un discours globalement nuanc\u00e9, m\u00e9nageant Habib Essid tout en justifiant \u00e0 l\u2019avance leur refus de lui renouvelant la confiance.<\/p>\n<p style=\"text-align: left;\">La position des <em>\u00abNahdhaouis\u00bb<\/em> n\u2019a pas \u00e9t\u00e9 diff\u00e9rente : ils ont affich\u00e9 une certaine d\u00e9f\u00e9rence \u00e0 l\u2019\u00e9gard de l\u2019ancien conseiller s\u00e9curitaire de Hamadi Jebali, leur ancien secr\u00e9taire g\u00e9n\u00e9ral et ancien chef de gouvernement provisoire, tout en \u00e9vitant d\u2019insulter l\u2019avenir.<\/p>\n<p style=\"text-align: left;\">Plus tacticiens \u00e9taient les d\u00e9put\u00e9s d\u2019El-Horra, pour lesquels les d\u00e9bats \u00e9taient l\u2019occasion pour se d\u00e9marquer de Nidaa, leur ancien parti, sans tomber dans la d\u00e9magogie populiste de certains \u00e9l\u00e9ments de l\u2019opposition. Il s\u2019agissait de tacler, implicitement, le pr\u00e9sident de la r\u00e9publique et son fils Hafedh Ca\u00efd Essebsi, patron autoproclam\u00e9 de Nidaa, sans pour autant sortir les armes lourdes, \u00e9tant donn\u00e9 que Machrou Tounes reste associ\u00e9 au projet du \u00ab<em>gouvernement d\u2019union nationale<\/em>\u00bb et plaide pour un large front r\u00e9publicain o\u00f9 Nidaa a n\u00e9cessairement encore sa place.<\/p>\n<p style=\"text-align: left;\"><strong>Une catharsis collective <\/strong><\/p>\n<p style=\"text-align: left;\">Pour l\u2019opposition, et ses deux tonalit\u00e9s dominantes, \u00ab<em>marzoukienne<\/em>\u00bb (par allusion \u00e0 l\u2019ancien pr\u00e9sident provisoire Moncef Marzouki) et \u00ab<em>hammamienne<\/em>\u00bb (en r\u00e9f\u00e9rence au porte-parole du Front populaire), le recours de Habib Essid \u00e0 l\u2019Assembl\u00e9e a \u00e9t\u00e9 du pain b\u00e9ni. Ce fut, en effet, une occasion pour ces deux courants de se livrer \u00e0 une d\u00e9bauche verbale, fustigeant, \u00e0 la fois et sans merci, le pr\u00e9sident de la r\u00e9publique, la coalition au pouvoir, mais aussi, les <em>\u00abmafias\u00bb<\/em>, les <em>\u00ablobbies\u00bb<\/em>, les \u00ab<em>r\u00e9seaux de la corruption<\/em>\u00bb\u2026<\/p>\n<p style=\"text-align: left;\">Ainsi, les t\u00e9l\u00e9spectateurs ont eu droit \u00e0 une avalanche de diatribes sommaires, souvent peu argument\u00e9s, visant, plut\u00f4t, \u00e0 gagner la sympathie de l\u2019opinion qu\u2019\u00e0 contribuer \u00e0 enrichir un d\u00e9bat politique et \u00e0 \u00e9clairer l\u2019avenir.<\/p>\n<p style=\"text-align: left;\">En bons tribuns, les d\u00e9put\u00e9s du Front, habitu\u00e9s aux meetings estudiantins, se sont empress\u00e9s d\u2019attaquer sans m\u00e9nagement les autorit\u00e9s tout en exprimant une sorte de compassion feinte \u00e0 l\u2019\u00e9gard de M. Essid, d\u00e9sign\u00e9 comme victime de la strat\u00e9gie de manipulation du chef de l\u2019Etat.<\/p>\n<p style=\"text-align: left;\">Le discours de classe, tr\u00e8s conventionnel, tr\u00e8s clivant, devient outrancier lorsque, l\u2019un des tribuns s\u2019est mis \u00e0 d\u00e9fier l\u2019autorit\u00e9 m\u00eame de l\u2019Etat (<em>\u00abOn n\u2019a pas peur de votre arm\u00e9e\u00bb<\/em>, a-t-il lanc\u00e9), faisant allusion aux rumeurs selon lesquelles le bassin minier de Gafsa, principal fief de la contestation sociale, pourrait \u00eatre proclam\u00e9 zone militaire et sa gestion confi\u00e9e \u00e0 l\u2019arm\u00e9e.<\/p>\n<p style=\"text-align: left;\">De cette joute oratoire, tout le monde est sorti gagnant. Les uns ont quitt\u00e9 l\u2019Assembl\u00e9e, soulag\u00e9s apr\u00e8s s\u2019\u00eatre d\u00e9barrass\u00e9 d\u2019un fardeau encombrant en la personne d\u2019Essid. Les autres, en l\u2019occurrence les d\u00e9put\u00e9s de l\u2019opposition, sont partis fiers d\u2019avoir r\u00e9ussi leurs parades, en attendant la suite des \u00e9v\u00e9nements.<\/p>\n<p style=\"text-align: left;\">En regardant \u00e0 la t\u00e9l\u00e9vision les d\u00e9bats de l\u2019Assembl\u00e9e au cours du weekend, on avait l\u2019impression d\u2019assister \u00e0 une campagne \u00e9lectorale avant la lettre, avec l\u2019\u00e9talage, convenu et sans surprise, des habituels conflits et contradictions animant notre sc\u00e8ne politique. Dans ce contexte, rien de nouveau sous le soleil de la Tunisie.<\/p>\n","protected":false},"excerpt":{"rendered":"<p>A quoi aurait servi le d\u00e9bat parlementaire de ce weekend sinon qu\u2019\u00e0 montrer une \u00e9lite politique engonc\u00e9e dans ses petits calculs partisans, sans vision ni perspective d\u2019avenir ? Par Salah El-Gharbi<\/p>\n","protected":false},"author":8,"featured_media":59738,"comment_status":"open","ping_status":"open","sticky":false,"template":"","format":"standard","meta":{"footnotes":""},"categories":[992,997,2433],"tags":[435,16728],"class_list":["post-59737","post","type-post","status-publish","format-standard","has-post-thumbnail","hentry","category-a-la-une","category-politique","category-tunisie","tag-habib-essid","tag-machrou-tounes"],"yoast_head":"<!-- This site is optimized with the Yoast SEO plugin v26.6 - https:\/\/yoast.com\/wordpress\/plugins\/seo\/ -->\n<title>Essid devant l\u2019Assembl\u00e9e : Mise \u00e0 mort et d\u00e9magogie populiste - Kapitalis<\/title>\n<meta name=\"robots\" content=\"index, follow, max-snippet:-1, max-image-preview:large, max-video-preview:-1\" \/>\n<link rel=\"canonical\" href=\"https:\/\/kapitalis.com\/tunisie\/2016\/08\/01\/essid-devant-lassemblee-mise-a-mort-et-demagogie-populiste\/\" \/>\n<meta property=\"og:locale\" content=\"fr_FR\" \/>\n<meta property=\"og:type\" content=\"article\" \/>\n<meta property=\"og:title\" content=\"Essid devant l\u2019Assembl\u00e9e : Mise \u00e0 mort et d\u00e9magogie populiste - Kapitalis\" \/>\n<meta property=\"og:description\" content=\"A quoi aurait servi le d\u00e9bat parlementaire de ce weekend sinon qu\u2019\u00e0 montrer une \u00e9lite politique engonc\u00e9e dans ses petits calculs partisans, sans vision ni perspective d\u2019avenir ? Par Salah El-Gharbi\" \/>\n<meta property=\"og:url\" content=\"https:\/\/kapitalis.com\/tunisie\/2016\/08\/01\/essid-devant-lassemblee-mise-a-mort-et-demagogie-populiste\/\" \/>\n<meta property=\"og:site_name\" content=\"Kapitalis\" \/>\n<meta property=\"article:publisher\" content=\"https:\/\/www.facebook.com\/KapitalisInfo\/\" \/>\n<meta property=\"article:published_time\" content=\"2016-08-01T12:06:20+00:00\" \/>\n<meta property=\"og:image\" content=\"https:\/\/kapitalis.com\/tunisie\/wp-content\/uploads\/2022\/05\/kapitalis-logo-fb.png\" \/>\n\t<meta property=\"og:image:width\" content=\"1200\" \/>\n\t<meta property=\"og:image:height\" content=\"630\" \/>\n\t<meta property=\"og:image:type\" content=\"image\/png\" \/>\n<meta name=\"author\" content=\"webmaster kapitalis\" \/>\n<meta name=\"twitter:card\" content=\"summary_large_image\" \/>\n<meta name=\"twitter:creator\" content=\"@KapitalisInfo\" \/>\n<meta name=\"twitter:site\" content=\"@KapitalisInfo\" \/>\n<meta name=\"twitter:label1\" content=\"\u00c9crit par\" \/>\n\t<meta name=\"twitter:data1\" content=\"webmaster kapitalis\" \/>\n\t<meta name=\"twitter:label2\" content=\"Dur\u00e9e de lecture estim\u00e9e\" \/>\n\t<meta name=\"twitter:data2\" content=\"5 minutes\" \/>\n<script type=\"application\/ld+json\" class=\"yoast-schema-graph\">{\"@context\":\"https:\/\/schema.org\",\"@graph\":[{\"@type\":\"Article\",\"@id\":\"https:\/\/kapitalis.com\/tunisie\/2016\/08\/01\/essid-devant-lassemblee-mise-a-mort-et-demagogie-populiste\/#article\",\"isPartOf\":{\"@id\":\"https:\/\/kapitalis.com\/tunisie\/2016\/08\/01\/essid-devant-lassemblee-mise-a-mort-et-demagogie-populiste\/\"},\"author\":{\"name\":\"webmaster kapitalis\",\"@id\":\"https:\/\/kapitalis.com\/tunisie\/#\/schema\/person\/d71f33a9ca44f7bad4698210b480c8e9\"},\"headline\":\"Essid devant l\u2019Assembl\u00e9e : Mise \u00e0 mort et d\u00e9magogie populiste\",\"datePublished\":\"2016-08-01T12:06:20+00:00\",\"mainEntityOfPage\":{\"@id\":\"https:\/\/kapitalis.com\/tunisie\/2016\/08\/01\/essid-devant-lassemblee-mise-a-mort-et-demagogie-populiste\/\"},\"wordCount\":1053,\"commentCount\":2,\"publisher\":{\"@id\":\"https:\/\/kapitalis.com\/tunisie\/#organization\"},\"image\":{\"@id\":\"https:\/\/kapitalis.com\/tunisie\/2016\/08\/01\/essid-devant-lassemblee-mise-a-mort-et-demagogie-populiste\/#primaryimage\"},\"thumbnailUrl\":\"\",\"keywords\":[\"Habib Essid\",\"Machrou Tounes\"],\"articleSection\":[\"A LA UNE\",\"POLITIQUE\",\"Tunisie\"],\"inLanguage\":\"fr-FR\",\"potentialAction\":[{\"@type\":\"CommentAction\",\"name\":\"Comment\",\"target\":[\"https:\/\/kapitalis.com\/tunisie\/2016\/08\/01\/essid-devant-lassemblee-mise-a-mort-et-demagogie-populiste\/#respond\"]}]},{\"@type\":\"WebPage\",\"@id\":\"https:\/\/kapitalis.com\/tunisie\/2016\/08\/01\/essid-devant-lassemblee-mise-a-mort-et-demagogie-populiste\/\",\"url\":\"https:\/\/kapitalis.com\/tunisie\/2016\/08\/01\/essid-devant-lassemblee-mise-a-mort-et-demagogie-populiste\/\",\"name\":\"Essid devant l\u2019Assembl\u00e9e : Mise \u00e0 mort et d\u00e9magogie populiste - Kapitalis\",\"isPartOf\":{\"@id\":\"https:\/\/kapitalis.com\/tunisie\/#website\"},\"primaryImageOfPage\":{\"@id\":\"https:\/\/kapitalis.com\/tunisie\/2016\/08\/01\/essid-devant-lassemblee-mise-a-mort-et-demagogie-populiste\/#primaryimage\"},\"image\":{\"@id\":\"https:\/\/kapitalis.com\/tunisie\/2016\/08\/01\/essid-devant-lassemblee-mise-a-mort-et-demagogie-populiste\/#primaryimage\"},\"thumbnailUrl\":\"\",\"datePublished\":\"2016-08-01T12:06:20+00:00\",\"breadcrumb\":{\"@id\":\"https:\/\/kapitalis.com\/tunisie\/2016\/08\/01\/essid-devant-lassemblee-mise-a-mort-et-demagogie-populiste\/#breadcrumb\"},\"inLanguage\":\"fr-FR\",\"potentialAction\":[{\"@type\":\"ReadAction\",\"target\":[\"https:\/\/kapitalis.com\/tunisie\/2016\/08\/01\/essid-devant-lassemblee-mise-a-mort-et-demagogie-populiste\/\"]}]},{\"@type\":\"ImageObject\",\"inLanguage\":\"fr-FR\",\"@id\":\"https:\/\/kapitalis.com\/tunisie\/2016\/08\/01\/essid-devant-lassemblee-mise-a-mort-et-demagogie-populiste\/#primaryimage\",\"url\":\"\",\"contentUrl\":\"\"},{\"@type\":\"BreadcrumbList\",\"@id\":\"https:\/\/kapitalis.com\/tunisie\/2016\/08\/01\/essid-devant-lassemblee-mise-a-mort-et-demagogie-populiste\/#breadcrumb\",\"itemListElement\":[{\"@type\":\"ListItem\",\"position\":1,\"name\":\"Accueil\",\"item\":\"https:\/\/kapitalis.com\/tunisie\/\"},{\"@type\":\"ListItem\",\"position\":2,\"name\":\"Essid devant l\u2019Assembl\u00e9e : Mise \u00e0 mort et d\u00e9magogie populiste\"}]},{\"@type\":\"WebSite\",\"@id\":\"https:\/\/kapitalis.com\/tunisie\/#website\",\"url\":\"https:\/\/kapitalis.com\/tunisie\/\",\"name\":\"Kapitalis\",\"description\":\"L&#039;actualit\u00e9 en Tunisie et dans le monde\",\"publisher\":{\"@id\":\"https:\/\/kapitalis.com\/tunisie\/#organization\"},\"potentialAction\":[{\"@type\":\"SearchAction\",\"target\":{\"@type\":\"EntryPoint\",\"urlTemplate\":\"https:\/\/kapitalis.com\/tunisie\/?s={search_term_string}\"},\"query-input\":{\"@type\":\"PropertyValueSpecification\",\"valueRequired\":true,\"valueName\":\"search_term_string\"}}],\"inLanguage\":\"fr-FR\"},{\"@type\":\"Organization\",\"@id\":\"https:\/\/kapitalis.com\/tunisie\/#organization\",\"name\":\"Kapitalis\",\"url\":\"https:\/\/kapitalis.com\/tunisie\/\",\"logo\":{\"@type\":\"ImageObject\",\"inLanguage\":\"fr-FR\",\"@id\":\"https:\/\/kapitalis.com\/tunisie\/#\/schema\/logo\/image\/\",\"url\":\"https:\/\/kapitalis.com\/tunisie\/wp-content\/uploads\/2022\/05\/Kapitalis-big-size.png\",\"contentUrl\":\"https:\/\/kapitalis.com\/tunisie\/wp-content\/uploads\/2022\/05\/Kapitalis-big-size.png\",\"width\":5000,\"height\":1500,\"caption\":\"Kapitalis\"},\"image\":{\"@id\":\"https:\/\/kapitalis.com\/tunisie\/#\/schema\/logo\/image\/\"},\"sameAs\":[\"https:\/\/www.facebook.com\/KapitalisInfo\/\",\"https:\/\/x.com\/KapitalisInfo\",\"https:\/\/www.youtube.com\/channel\/UC-yDYrHyfFBWWZaOw3FPg9Q\"]},{\"@type\":\"Person\",\"@id\":\"https:\/\/kapitalis.com\/tunisie\/#\/schema\/person\/d71f33a9ca44f7bad4698210b480c8e9\",\"name\":\"webmaster kapitalis\",\"url\":\"https:\/\/kapitalis.com\/tunisie\/author\/webmaster-kapitalis\/\"}]}<\/script>\n<!-- \/ Yoast SEO plugin. -->","yoast_head_json":{"title":"Essid devant l\u2019Assembl\u00e9e : Mise \u00e0 mort et d\u00e9magogie populiste - Kapitalis","robots":{"index":"index","follow":"follow","max-snippet":"max-snippet:-1","max-image-preview":"max-image-preview:large","max-video-preview":"max-video-preview:-1"},"canonical":"https:\/\/kapitalis.com\/tunisie\/2016\/08\/01\/essid-devant-lassemblee-mise-a-mort-et-demagogie-populiste\/","og_locale":"fr_FR","og_type":"article","og_title":"Essid devant l\u2019Assembl\u00e9e : Mise \u00e0 mort et d\u00e9magogie populiste - Kapitalis","og_description":"A quoi aurait servi le d\u00e9bat parlementaire de ce weekend sinon qu\u2019\u00e0 montrer une \u00e9lite politique engonc\u00e9e dans ses petits calculs partisans, sans vision ni perspective d\u2019avenir ? Par Salah El-Gharbi","og_url":"https:\/\/kapitalis.com\/tunisie\/2016\/08\/01\/essid-devant-lassemblee-mise-a-mort-et-demagogie-populiste\/","og_site_name":"Kapitalis","article_publisher":"https:\/\/www.facebook.com\/KapitalisInfo\/","article_published_time":"2016-08-01T12:06:20+00:00","og_image":[{"width":1200,"height":630,"url":"https:\/\/kapitalis.com\/tunisie\/wp-content\/uploads\/2022\/05\/kapitalis-logo-fb.png","type":"image\/png"}],"author":"webmaster kapitalis","twitter_card":"summary_large_image","twitter_creator":"@KapitalisInfo","twitter_site":"@KapitalisInfo","twitter_misc":{"\u00c9crit par":"webmaster kapitalis","Dur\u00e9e de lecture estim\u00e9e":"5 minutes"},"schema":{"@context":"https:\/\/schema.org","@graph":[{"@type":"Article","@id":"https:\/\/kapitalis.com\/tunisie\/2016\/08\/01\/essid-devant-lassemblee-mise-a-mort-et-demagogie-populiste\/#article","isPartOf":{"@id":"https:\/\/kapitalis.com\/tunisie\/2016\/08\/01\/essid-devant-lassemblee-mise-a-mort-et-demagogie-populiste\/"},"author":{"name":"webmaster kapitalis","@id":"https:\/\/kapitalis.com\/tunisie\/#\/schema\/person\/d71f33a9ca44f7bad4698210b480c8e9"},"headline":"Essid devant l\u2019Assembl\u00e9e : Mise \u00e0 mort et d\u00e9magogie populiste","datePublished":"2016-08-01T12:06:20+00:00","mainEntityOfPage":{"@id":"https:\/\/kapitalis.com\/tunisie\/2016\/08\/01\/essid-devant-lassemblee-mise-a-mort-et-demagogie-populiste\/"},"wordCount":1053,"commentCount":2,"publisher":{"@id":"https:\/\/kapitalis.com\/tunisie\/#organization"},"image":{"@id":"https:\/\/kapitalis.com\/tunisie\/2016\/08\/01\/essid-devant-lassemblee-mise-a-mort-et-demagogie-populiste\/#primaryimage"},"thumbnailUrl":"","keywords":["Habib Essid","Machrou Tounes"],"articleSection":["A LA UNE","POLITIQUE","Tunisie"],"inLanguage":"fr-FR","potentialAction":[{"@type":"CommentAction","name":"Comment","target":["https:\/\/kapitalis.com\/tunisie\/2016\/08\/01\/essid-devant-lassemblee-mise-a-mort-et-demagogie-populiste\/#respond"]}]},{"@type":"WebPage","@id":"https:\/\/kapitalis.com\/tunisie\/2016\/08\/01\/essid-devant-lassemblee-mise-a-mort-et-demagogie-populiste\/","url":"https:\/\/kapitalis.com\/tunisie\/2016\/08\/01\/essid-devant-lassemblee-mise-a-mort-et-demagogie-populiste\/","name":"Essid devant l\u2019Assembl\u00e9e : Mise \u00e0 mort et d\u00e9magogie populiste - Kapitalis","isPartOf":{"@id":"https:\/\/kapitalis.com\/tunisie\/#website"},"primaryImageOfPage":{"@id":"https:\/\/kapitalis.com\/tunisie\/2016\/08\/01\/essid-devant-lassemblee-mise-a-mort-et-demagogie-populiste\/#primaryimage"},"image":{"@id":"https:\/\/kapitalis.com\/tunisie\/2016\/08\/01\/essid-devant-lassemblee-mise-a-mort-et-demagogie-populiste\/#primaryimage"},"thumbnailUrl":"","datePublished":"2016-08-01T12:06:20+00:00","breadcrumb":{"@id":"https:\/\/kapitalis.com\/tunisie\/2016\/08\/01\/essid-devant-lassemblee-mise-a-mort-et-demagogie-populiste\/#breadcrumb"},"inLanguage":"fr-FR","potentialAction":[{"@type":"ReadAction","target":["https:\/\/kapitalis.com\/tunisie\/2016\/08\/01\/essid-devant-lassemblee-mise-a-mort-et-demagogie-populiste\/"]}]},{"@type":"ImageObject","inLanguage":"fr-FR","@id":"https:\/\/kapitalis.com\/tunisie\/2016\/08\/01\/essid-devant-lassemblee-mise-a-mort-et-demagogie-populiste\/#primaryimage","url":"","contentUrl":""},{"@type":"BreadcrumbList","@id":"https:\/\/kapitalis.com\/tunisie\/2016\/08\/01\/essid-devant-lassemblee-mise-a-mort-et-demagogie-populiste\/#breadcrumb","itemListElement":[{"@type":"ListItem","position":1,"name":"Accueil","item":"https:\/\/kapitalis.com\/tunisie\/"},{"@type":"ListItem","position":2,"name":"Essid devant l\u2019Assembl\u00e9e : Mise \u00e0 mort et d\u00e9magogie populiste"}]},{"@type":"WebSite","@id":"https:\/\/kapitalis.com\/tunisie\/#website","url":"https:\/\/kapitalis.com\/tunisie\/","name":"Kapitalis","description":"L&#039;actualit\u00e9 en Tunisie et dans le monde","publisher":{"@id":"https:\/\/kapitalis.com\/tunisie\/#organization"},"potentialAction":[{"@type":"SearchAction","target":{"@type":"EntryPoint","urlTemplate":"https:\/\/kapitalis.com\/tunisie\/?s={search_term_string}"},"query-input":{"@type":"PropertyValueSpecification","valueRequired":true,"valueName":"search_term_string"}}],"inLanguage":"fr-FR"},{"@type":"Organization","@id":"https:\/\/kapitalis.com\/tunisie\/#organization","name":"Kapitalis","url":"https:\/\/kapitalis.com\/tunisie\/","logo":{"@type":"ImageObject","inLanguage":"fr-FR","@id":"https:\/\/kapitalis.com\/tunisie\/#\/schema\/logo\/image\/","url":"https:\/\/kapitalis.com\/tunisie\/wp-content\/uploads\/2022\/05\/Kapitalis-big-size.png","contentUrl":"https:\/\/kapitalis.com\/tunisie\/wp-content\/uploads\/2022\/05\/Kapitalis-big-size.png","width":5000,"height":1500,"caption":"Kapitalis"},"image":{"@id":"https:\/\/kapitalis.com\/tunisie\/#\/schema\/logo\/image\/"},"sameAs":["https:\/\/www.facebook.com\/KapitalisInfo\/","https:\/\/x.com\/KapitalisInfo","https:\/\/www.youtube.com\/channel\/UC-yDYrHyfFBWWZaOw3FPg9Q"]},{"@type":"Person","@id":"https:\/\/kapitalis.com\/tunisie\/#\/schema\/person\/d71f33a9ca44f7bad4698210b480c8e9","name":"webmaster kapitalis","url":"https:\/\/kapitalis.com\/tunisie\/author\/webmaster-kapitalis\/"}]}},"_links":{"self":[{"href":"https:\/\/kapitalis.com\/tunisie\/wp-json\/wp\/v2\/posts\/59737","targetHints":{"allow":["GET"]}}],"collection":[{"href":"https:\/\/kapitalis.com\/tunisie\/wp-json\/wp\/v2\/posts"}],"about":[{"href":"https:\/\/kapitalis.com\/tunisie\/wp-json\/wp\/v2\/types\/post"}],"author":[{"embeddable":true,"href":"https:\/\/kapitalis.com\/tunisie\/wp-json\/wp\/v2\/users\/8"}],"replies":[{"embeddable":true,"href":"https:\/\/kapitalis.com\/tunisie\/wp-json\/wp\/v2\/comments?post=59737"}],"version-history":[{"count":0,"href":"https:\/\/kapitalis.com\/tunisie\/wp-json\/wp\/v2\/posts\/59737\/revisions"}],"wp:featuredmedia":[{"embeddable":true,"href":"https:\/\/kapitalis.com\/tunisie\/wp-json\/wp\/v2\/media\/59738"}],"wp:attachment":[{"href":"https:\/\/kapitalis.com\/tunisie\/wp-json\/wp\/v2\/media?parent=59737"}],"wp:term":[{"taxonomy":"category","embeddable":true,"href":"https:\/\/kapitalis.com\/tunisie\/wp-json\/wp\/v2\/categories?post=59737"},{"taxonomy":"post_tag","embeddable":true,"href":"https:\/\/kapitalis.com\/tunisie\/wp-json\/wp\/v2\/tags?post=59737"}],"curies":[{"name":"wp","href":"https:\/\/api.w.org\/{rel}","templated":true}]}}