{"id":597679,"date":"2022-05-13T13:46:45","date_gmt":"2022-05-13T11:46:45","guid":{"rendered":"https:\/\/kapitalis.com\/tunisie\/?p=597679"},"modified":"2022-05-13T13:46:47","modified_gmt":"2022-05-13T11:46:47","slug":"tunisie-kais-saied-reinvente-la-democratie","status":"publish","type":"post","link":"https:\/\/kapitalis.com\/tunisie\/2022\/05\/13\/tunisie-kais-saied-reinvente-la-democratie\/","title":{"rendered":"Tunisie\u00a0: Ka\u00efs Sa\u00efed \u00abr\u00e9invente\u00bb la d\u00e9mocratie"},"content":{"rendered":"\n<p><strong><em>Les Tunisiens, qui seront invit\u00e9s \u00e0 participer activement aux prochains rendez-vous politiques, notamment le r\u00e9f\u00e9rendum sur les r\u00e9formes politiques et les \u00e9lections l\u00e9gislatives, dont les dates son fix\u00e9es au 25 juillet et au 17 d\u00e9cembre, sont tenus de faire une confiance totale au pr\u00e9sident de la r\u00e9publique Ka\u00efs Sa\u00efed, lequel contr\u00f4le toutes ces op\u00e9rations, en amont et en aval. De toute fa\u00e7on, et en vertu du d\u00e9cret pr\u00e9sidentiel du 22 septembre dernier, les d\u00e9cisions du locataire du palais de Carthage ne souffrent aucun recours d&rsquo;aucune sorte. Est-ce ainsi que se construisent les d\u00e9mocraties\u00a0?<\/em><\/strong><\/p>\n\n\n\n<p>Par <strong>Imed Bahri<\/strong><\/p>\n\n\n\n<!--more-->\n\n\n\n<p>En pr\u00e9sidant, jeudi 12 mai 2022, au Palais de Carthage, la c\u00e9r\u00e9monie de prestation de serment des nouveaux membres de l&rsquo;Instance sup\u00e9rieure ind\u00e9pendante pour les \u00e9lections (Isie), le pr\u00e9sident de la r\u00e9publique a, comme \u00e0 son habitude, profit\u00e9 de l&rsquo;occasion pour r\u00e9pondre \u00e0 ses opposants qui estiment que la <em>\u00abnouvelle Isie\u00bb<\/em>, dont les membres ont \u00e9t\u00e9 d\u00e9sign\u00e9s par lui, ne sera pas ind\u00e9pendante et les r\u00e9sultats des prochaines \u00e9lections qu&rsquo;elle supervisera seront sujets \u00e0 caution.<\/p>\n\n\n\n<h2 class=\"wp-block-heading\">Des \u00e9lections qui refl\u00e8tent le vote du peuple<\/h2>\n\n\n\n<p>Le pr\u00e9sident Sa\u00efed a d\u00e9clar\u00e9 que la situation dans le pays sera r\u00e9tablie \u00e0 travers le r\u00e9f\u00e9rendum et les \u00e9lections pour instaurer une nouvelle r\u00e9publique qui r\u00e9ponde aux aspirations des Tunisiens. Il fait ici allusion au r\u00e9f\u00e9rendum sur les r\u00e9formes politiques fix\u00e9 au 25 juillet et aux l\u00e9gislatives anticip\u00e9es devant avoir lieu le 17 d\u00e9cembre avec une nouvelles constitution et une nouvelle loi \u00e9lectorale, qui seraient promulgu\u00e9es entretemps par d\u00e9cret pr\u00e9sidentiel.<\/p>\n\n\n\n<p>Raillant ses opposants, le pr\u00e9sident a d\u00e9clar\u00e9&nbsp;: <em>\u00abIls parlent de ramener des experts de l&rsquo;\u00e9tranger, alors que nous sommes capables, avec nos propres moyens, de surveiller les \u00e9lections. Ils exigent que des observateurs \u00e9trangers soient d\u00e9p\u00each\u00e9s comme si nous \u00e9tions un pays occup\u00e9.\u00bb<\/em><\/p>\n\n\n\n<p>Le pr\u00e9sident de la r\u00e9publique a ajout\u00e9, sur un ton ironique, en parlant des Etats \u00e9trangers : <em>\u00abIls avaient pris l&rsquo;habitude d&rsquo;envoyer des observateurs et des t\u00e9l\u00e9grammes de f\u00e9licitations, tout en sachant que c&rsquo;\u00e9taient de fausses \u00e9lections&#8230; Mais quand nous essayons d&rsquo;organiser de v\u00e9ritables \u00e9lections qui refl\u00e8tent le vote du peuple, ils se mettent \u00e0 parler de dictature.\u00bb<\/em><\/p>\n\n\n\n<p>En fait, ce que les experts juridiques et les analystes politiques, qui ne sont pas n\u00e9cessairement oppos\u00e9s au pr\u00e9sident Sa\u00efed, d\u00e9plorent c&rsquo;est que ce dernier est en train d&rsquo;accaparer tous les pouvoirs, de dissoudre toutes les instances constitutionnelles existantes, de changer leurs membres par d&rsquo;autres qui sont favorables \u00e0 son projet politique et d&rsquo;imposer ainsi son contr\u00f4le, en amont et en aval, sur tout le processus politique en cours depuis la proclamation des mesures exceptionnelles le 25 juillet dernier. Ce qui s\u00e8me le doute sur les r\u00e9elles intentions du pr\u00e9sident de la r\u00e9publique qui est en train de cumuler des pouvoirs (l\u00e9gislatif, ex\u00e9cutif et m\u00eame judiciaire) que m\u00eame Habib Bourguiba et Zine El Abidine Ben Ali, dont les r\u00e9gimes \u00e9taient qualifi\u00e9s d&rsquo;autoritaires voire de dictatoriaux, n&rsquo;ont jamais os\u00e9 s&rsquo;attribuer.<\/p>\n\n\n\n<h2 class=\"wp-block-heading\">Persistance du pr\u00e9sident Sa\u00efed \u00e0 vouloir passer en force<\/h2>\n\n\n\n<p>Ce qui inqui\u00e8te les observateurs, \u00e0 l&rsquo;int\u00e9rieur et \u00e0 l&rsquo;ext\u00e9rieur, c&rsquo;est la persistance du pr\u00e9sident Sa\u00efed \u00e0 vouloir passer en force, fort d&rsquo;un important soutien populaire d\u00e9montr\u00e9 par tous les sondages d&rsquo;opinion, tout en faisant fi des r\u00e8gles \u00e9l\u00e9mentaires du pluralisme et de la d\u00e9mocratie, au point de renier aux partis politiques toute repr\u00e9sentativit\u00e9 et d&rsquo;\u0153uvrer pour leur disparition de la sc\u00e8ne politique.<\/p>\n\n\n\n<p>Pour M. Sa\u00efed, le fait qu&rsquo;il d\u00e9signe lui-m\u00eame, et par d\u00e9crets pr\u00e9sidentiels, tous les membres des instances charg\u00e9es de surveiller la transparence des prochains rendez-vous politiques (notamment le r\u00e9f\u00e9rendum sur les r\u00e9formes politiques et les \u00e9lections l\u00e9gislatives, sans parler de la nouvelle constitution et de la nouvelle loi \u00e9lectorale conform\u00e9ment auxquels ces deux rendez-vous seront organis\u00e9s) ne pose aucun probl\u00e8me. <\/p>\n\n\n\n<p>Les Tunisiennes et les Tunisiens, qui seront invit\u00e9s \u00e0 y participer activement, sont ainsi tenus de faire une confiance totale \u00e0 M. Sa\u00efed dont les d\u00e9cisions, de toute fa\u00e7on, ne souffrent aucun recours d&rsquo;aucune sorte.<\/p>\n\n\n\n<p>Si cette mani\u00e8re de voir les choses n&rsquo;est pas celle d&rsquo;un apprenti dictateur, tous les fondements de la science politique, depuis Platon, doivent \u00eatre remis en question.      <\/p>\n","protected":false},"excerpt":{"rendered":"<p>Les Tunisiens, qui seront invit\u00e9s \u00e0 participer activement aux prochains rendez-vous politiques, Les Tunisiens, qui seront invit\u00e9s \u00e0 participer activement aux prochains rendez-vous politiques, notamment le r\u00e9f\u00e9rendum sur les r\u00e9formes politiques et les \u00e9lections l\u00e9gislatives, dont les dates son fix\u00e9es au 25 juillet et au 17 d\u00e9cembre, sont tenus de faire une confiance totale au pr\u00e9sident Ka\u00efs Sa\u00efed, <\/p>\n","protected":false},"author":8,"featured_media":597865,"comment_status":"open","ping_status":"open","sticky":false,"template":"","format":"standard","meta":{"footnotes":""},"categories":[992,997,2433],"tags":[2358,499,76012,62643,7334],"class_list":["post-597679","post","type-post","status-publish","format-standard","has-post-thumbnail","hentry","category-a-la-une","category-politique","category-tunisie","tag-habib-bourguiba","tag-isie","tag-kais-saied-2","tag-tunisie","tag-zine-el-abidine-ben-ali"],"yoast_head":"<!-- This site is optimized with the Yoast SEO plugin v26.6 - https:\/\/yoast.com\/wordpress\/plugins\/seo\/ -->\n<title>Tunisie\u00a0: Ka\u00efs Sa\u00efed \u00abr\u00e9invente\u00bb la d\u00e9mocratie - Kapitalis<\/title>\n<meta name=\"robots\" content=\"index, follow, max-snippet:-1, max-image-preview:large, max-video-preview:-1\" \/>\n<link rel=\"canonical\" href=\"https:\/\/kapitalis.com\/tunisie\/2022\/05\/13\/tunisie-kais-saied-reinvente-la-democratie\/\" \/>\n<meta property=\"og:locale\" content=\"fr_FR\" \/>\n<meta property=\"og:type\" content=\"article\" \/>\n<meta property=\"og:title\" content=\"Tunisie\u00a0: Ka\u00efs Sa\u00efed \u00abr\u00e9invente\u00bb la d\u00e9mocratie - Kapitalis\" \/>\n<meta property=\"og:description\" content=\"Les Tunisiens, qui seront invit\u00e9s \u00e0 participer activement aux prochains rendez-vous politiques, Les Tunisiens, qui seront invit\u00e9s \u00e0 participer activement aux prochains rendez-vous politiques, notamment le r\u00e9f\u00e9rendum sur les r\u00e9formes politiques et les \u00e9lections l\u00e9gislatives, dont les dates son fix\u00e9es au 25 juillet et au 17 d\u00e9cembre, sont tenus de faire une confiance totale au pr\u00e9sident Ka\u00efs Sa\u00efed,\" \/>\n<meta property=\"og:url\" content=\"https:\/\/kapitalis.com\/tunisie\/2022\/05\/13\/tunisie-kais-saied-reinvente-la-democratie\/\" \/>\n<meta property=\"og:site_name\" content=\"Kapitalis\" \/>\n<meta property=\"article:publisher\" content=\"https:\/\/www.facebook.com\/KapitalisInfo\/\" \/>\n<meta property=\"article:published_time\" content=\"2022-05-13T11:46:45+00:00\" \/>\n<meta property=\"article:modified_time\" content=\"2022-05-13T11:46:47+00:00\" \/>\n<meta property=\"og:image\" content=\"https:\/\/kapitalis.com\/tunisie\/wp-content\/uploads\/2022\/05\/Kais-Saied-Nouvelle-Isie.jpg\" \/>\n\t<meta property=\"og:image:width\" content=\"1200\" \/>\n\t<meta property=\"og:image:height\" content=\"630\" \/>\n\t<meta property=\"og:image:type\" content=\"image\/jpeg\" \/>\n<meta name=\"author\" content=\"webmaster kapitalis\" \/>\n<meta name=\"twitter:card\" content=\"summary_large_image\" \/>\n<meta name=\"twitter:creator\" content=\"@KapitalisInfo\" \/>\n<meta name=\"twitter:site\" content=\"@KapitalisInfo\" \/>\n<meta name=\"twitter:label1\" content=\"\u00c9crit par\" \/>\n\t<meta name=\"twitter:data1\" content=\"webmaster kapitalis\" \/>\n\t<meta name=\"twitter:label2\" content=\"Dur\u00e9e de lecture estim\u00e9e\" \/>\n\t<meta name=\"twitter:data2\" content=\"4 minutes\" \/>\n<script type=\"application\/ld+json\" class=\"yoast-schema-graph\">{\"@context\":\"https:\/\/schema.org\",\"@graph\":[{\"@type\":\"Article\",\"@id\":\"https:\/\/kapitalis.com\/tunisie\/2022\/05\/13\/tunisie-kais-saied-reinvente-la-democratie\/#article\",\"isPartOf\":{\"@id\":\"https:\/\/kapitalis.com\/tunisie\/2022\/05\/13\/tunisie-kais-saied-reinvente-la-democratie\/\"},\"author\":{\"name\":\"webmaster kapitalis\",\"@id\":\"https:\/\/kapitalis.com\/tunisie\/#\/schema\/person\/d71f33a9ca44f7bad4698210b480c8e9\"},\"headline\":\"Tunisie\u00a0: Ka\u00efs Sa\u00efed \u00abr\u00e9invente\u00bb la d\u00e9mocratie\",\"datePublished\":\"2022-05-13T11:46:45+00:00\",\"dateModified\":\"2022-05-13T11:46:47+00:00\",\"mainEntityOfPage\":{\"@id\":\"https:\/\/kapitalis.com\/tunisie\/2022\/05\/13\/tunisie-kais-saied-reinvente-la-democratie\/\"},\"wordCount\":773,\"commentCount\":9,\"publisher\":{\"@id\":\"https:\/\/kapitalis.com\/tunisie\/#organization\"},\"image\":{\"@id\":\"https:\/\/kapitalis.com\/tunisie\/2022\/05\/13\/tunisie-kais-saied-reinvente-la-democratie\/#primaryimage\"},\"thumbnailUrl\":\"https:\/\/kapitalis.com\/tunisie\/wp-content\/uploads\/2022\/05\/Kais-Saied-Nouvelle-Isie.jpg\",\"keywords\":[\"Habib Bourguiba\",\"Isie\",\"Ka\u00efs Sa\u00efed\",\"Tunisie\",\"Zine El Abidine Ben Ali\"],\"articleSection\":[\"A LA UNE\",\"POLITIQUE\",\"Tunisie\"],\"inLanguage\":\"fr-FR\",\"potentialAction\":[{\"@type\":\"CommentAction\",\"name\":\"Comment\",\"target\":[\"https:\/\/kapitalis.com\/tunisie\/2022\/05\/13\/tunisie-kais-saied-reinvente-la-democratie\/#respond\"]}]},{\"@type\":\"WebPage\",\"@id\":\"https:\/\/kapitalis.com\/tunisie\/2022\/05\/13\/tunisie-kais-saied-reinvente-la-democratie\/\",\"url\":\"https:\/\/kapitalis.com\/tunisie\/2022\/05\/13\/tunisie-kais-saied-reinvente-la-democratie\/\",\"name\":\"Tunisie\u00a0: Ka\u00efs Sa\u00efed \u00abr\u00e9invente\u00bb la d\u00e9mocratie - Kapitalis\",\"isPartOf\":{\"@id\":\"https:\/\/kapitalis.com\/tunisie\/#website\"},\"primaryImageOfPage\":{\"@id\":\"https:\/\/kapitalis.com\/tunisie\/2022\/05\/13\/tunisie-kais-saied-reinvente-la-democratie\/#primaryimage\"},\"image\":{\"@id\":\"https:\/\/kapitalis.com\/tunisie\/2022\/05\/13\/tunisie-kais-saied-reinvente-la-democratie\/#primaryimage\"},\"thumbnailUrl\":\"https:\/\/kapitalis.com\/tunisie\/wp-content\/uploads\/2022\/05\/Kais-Saied-Nouvelle-Isie.jpg\",\"datePublished\":\"2022-05-13T11:46:45+00:00\",\"dateModified\":\"2022-05-13T11:46:47+00:00\",\"breadcrumb\":{\"@id\":\"https:\/\/kapitalis.com\/tunisie\/2022\/05\/13\/tunisie-kais-saied-reinvente-la-democratie\/#breadcrumb\"},\"inLanguage\":\"fr-FR\",\"potentialAction\":[{\"@type\":\"ReadAction\",\"target\":[\"https:\/\/kapitalis.com\/tunisie\/2022\/05\/13\/tunisie-kais-saied-reinvente-la-democratie\/\"]}]},{\"@type\":\"ImageObject\",\"inLanguage\":\"fr-FR\",\"@id\":\"https:\/\/kapitalis.com\/tunisie\/2022\/05\/13\/tunisie-kais-saied-reinvente-la-democratie\/#primaryimage\",\"url\":\"https:\/\/kapitalis.com\/tunisie\/wp-content\/uploads\/2022\/05\/Kais-Saied-Nouvelle-Isie.jpg\",\"contentUrl\":\"https:\/\/kapitalis.com\/tunisie\/wp-content\/uploads\/2022\/05\/Kais-Saied-Nouvelle-Isie.jpg\",\"width\":1200,\"height\":630},{\"@type\":\"BreadcrumbList\",\"@id\":\"https:\/\/kapitalis.com\/tunisie\/2022\/05\/13\/tunisie-kais-saied-reinvente-la-democratie\/#breadcrumb\",\"itemListElement\":[{\"@type\":\"ListItem\",\"position\":1,\"name\":\"Accueil\",\"item\":\"https:\/\/kapitalis.com\/tunisie\/\"},{\"@type\":\"ListItem\",\"position\":2,\"name\":\"Tunisie\u00a0: Ka\u00efs Sa\u00efed \u00abr\u00e9invente\u00bb la d\u00e9mocratie\"}]},{\"@type\":\"WebSite\",\"@id\":\"https:\/\/kapitalis.com\/tunisie\/#website\",\"url\":\"https:\/\/kapitalis.com\/tunisie\/\",\"name\":\"Kapitalis\",\"description\":\"L&#039;actualit\u00e9 en Tunisie et dans le monde\",\"publisher\":{\"@id\":\"https:\/\/kapitalis.com\/tunisie\/#organization\"},\"potentialAction\":[{\"@type\":\"SearchAction\",\"target\":{\"@type\":\"EntryPoint\",\"urlTemplate\":\"https:\/\/kapitalis.com\/tunisie\/?s={search_term_string}\"},\"query-input\":{\"@type\":\"PropertyValueSpecification\",\"valueRequired\":true,\"valueName\":\"search_term_string\"}}],\"inLanguage\":\"fr-FR\"},{\"@type\":\"Organization\",\"@id\":\"https:\/\/kapitalis.com\/tunisie\/#organization\",\"name\":\"Kapitalis\",\"url\":\"https:\/\/kapitalis.com\/tunisie\/\",\"logo\":{\"@type\":\"ImageObject\",\"inLanguage\":\"fr-FR\",\"@id\":\"https:\/\/kapitalis.com\/tunisie\/#\/schema\/logo\/image\/\",\"url\":\"https:\/\/kapitalis.com\/tunisie\/wp-content\/uploads\/2022\/05\/Kapitalis-big-size.png\",\"contentUrl\":\"https:\/\/kapitalis.com\/tunisie\/wp-content\/uploads\/2022\/05\/Kapitalis-big-size.png\",\"width\":5000,\"height\":1500,\"caption\":\"Kapitalis\"},\"image\":{\"@id\":\"https:\/\/kapitalis.com\/tunisie\/#\/schema\/logo\/image\/\"},\"sameAs\":[\"https:\/\/www.facebook.com\/KapitalisInfo\/\",\"https:\/\/x.com\/KapitalisInfo\",\"https:\/\/www.youtube.com\/channel\/UC-yDYrHyfFBWWZaOw3FPg9Q\"]},{\"@type\":\"Person\",\"@id\":\"https:\/\/kapitalis.com\/tunisie\/#\/schema\/person\/d71f33a9ca44f7bad4698210b480c8e9\",\"name\":\"webmaster kapitalis\",\"url\":\"https:\/\/kapitalis.com\/tunisie\/author\/webmaster-kapitalis\/\"}]}<\/script>\n<!-- \/ Yoast SEO plugin. -->","yoast_head_json":{"title":"Tunisie\u00a0: Ka\u00efs Sa\u00efed \u00abr\u00e9invente\u00bb la d\u00e9mocratie - Kapitalis","robots":{"index":"index","follow":"follow","max-snippet":"max-snippet:-1","max-image-preview":"max-image-preview:large","max-video-preview":"max-video-preview:-1"},"canonical":"https:\/\/kapitalis.com\/tunisie\/2022\/05\/13\/tunisie-kais-saied-reinvente-la-democratie\/","og_locale":"fr_FR","og_type":"article","og_title":"Tunisie\u00a0: Ka\u00efs Sa\u00efed \u00abr\u00e9invente\u00bb la d\u00e9mocratie - Kapitalis","og_description":"Les Tunisiens, qui seront invit\u00e9s \u00e0 participer activement aux prochains rendez-vous politiques, Les Tunisiens, qui seront invit\u00e9s \u00e0 participer activement aux prochains rendez-vous politiques, notamment le r\u00e9f\u00e9rendum sur les r\u00e9formes politiques et les \u00e9lections l\u00e9gislatives, dont les dates son fix\u00e9es au 25 juillet et au 17 d\u00e9cembre, sont tenus de faire une confiance totale au pr\u00e9sident Ka\u00efs Sa\u00efed,","og_url":"https:\/\/kapitalis.com\/tunisie\/2022\/05\/13\/tunisie-kais-saied-reinvente-la-democratie\/","og_site_name":"Kapitalis","article_publisher":"https:\/\/www.facebook.com\/KapitalisInfo\/","article_published_time":"2022-05-13T11:46:45+00:00","article_modified_time":"2022-05-13T11:46:47+00:00","og_image":[{"width":1200,"height":630,"url":"https:\/\/kapitalis.com\/tunisie\/wp-content\/uploads\/2022\/05\/Kais-Saied-Nouvelle-Isie.jpg","type":"image\/jpeg"}],"author":"webmaster kapitalis","twitter_card":"summary_large_image","twitter_creator":"@KapitalisInfo","twitter_site":"@KapitalisInfo","twitter_misc":{"\u00c9crit par":"webmaster kapitalis","Dur\u00e9e de lecture estim\u00e9e":"4 minutes"},"schema":{"@context":"https:\/\/schema.org","@graph":[{"@type":"Article","@id":"https:\/\/kapitalis.com\/tunisie\/2022\/05\/13\/tunisie-kais-saied-reinvente-la-democratie\/#article","isPartOf":{"@id":"https:\/\/kapitalis.com\/tunisie\/2022\/05\/13\/tunisie-kais-saied-reinvente-la-democratie\/"},"author":{"name":"webmaster kapitalis","@id":"https:\/\/kapitalis.com\/tunisie\/#\/schema\/person\/d71f33a9ca44f7bad4698210b480c8e9"},"headline":"Tunisie\u00a0: Ka\u00efs Sa\u00efed \u00abr\u00e9invente\u00bb la d\u00e9mocratie","datePublished":"2022-05-13T11:46:45+00:00","dateModified":"2022-05-13T11:46:47+00:00","mainEntityOfPage":{"@id":"https:\/\/kapitalis.com\/tunisie\/2022\/05\/13\/tunisie-kais-saied-reinvente-la-democratie\/"},"wordCount":773,"commentCount":9,"publisher":{"@id":"https:\/\/kapitalis.com\/tunisie\/#organization"},"image":{"@id":"https:\/\/kapitalis.com\/tunisie\/2022\/05\/13\/tunisie-kais-saied-reinvente-la-democratie\/#primaryimage"},"thumbnailUrl":"https:\/\/kapitalis.com\/tunisie\/wp-content\/uploads\/2022\/05\/Kais-Saied-Nouvelle-Isie.jpg","keywords":["Habib Bourguiba","Isie","Ka\u00efs Sa\u00efed","Tunisie","Zine El Abidine Ben Ali"],"articleSection":["A LA UNE","POLITIQUE","Tunisie"],"inLanguage":"fr-FR","potentialAction":[{"@type":"CommentAction","name":"Comment","target":["https:\/\/kapitalis.com\/tunisie\/2022\/05\/13\/tunisie-kais-saied-reinvente-la-democratie\/#respond"]}]},{"@type":"WebPage","@id":"https:\/\/kapitalis.com\/tunisie\/2022\/05\/13\/tunisie-kais-saied-reinvente-la-democratie\/","url":"https:\/\/kapitalis.com\/tunisie\/2022\/05\/13\/tunisie-kais-saied-reinvente-la-democratie\/","name":"Tunisie\u00a0: Ka\u00efs Sa\u00efed \u00abr\u00e9invente\u00bb la d\u00e9mocratie - Kapitalis","isPartOf":{"@id":"https:\/\/kapitalis.com\/tunisie\/#website"},"primaryImageOfPage":{"@id":"https:\/\/kapitalis.com\/tunisie\/2022\/05\/13\/tunisie-kais-saied-reinvente-la-democratie\/#primaryimage"},"image":{"@id":"https:\/\/kapitalis.com\/tunisie\/2022\/05\/13\/tunisie-kais-saied-reinvente-la-democratie\/#primaryimage"},"thumbnailUrl":"https:\/\/kapitalis.com\/tunisie\/wp-content\/uploads\/2022\/05\/Kais-Saied-Nouvelle-Isie.jpg","datePublished":"2022-05-13T11:46:45+00:00","dateModified":"2022-05-13T11:46:47+00:00","breadcrumb":{"@id":"https:\/\/kapitalis.com\/tunisie\/2022\/05\/13\/tunisie-kais-saied-reinvente-la-democratie\/#breadcrumb"},"inLanguage":"fr-FR","potentialAction":[{"@type":"ReadAction","target":["https:\/\/kapitalis.com\/tunisie\/2022\/05\/13\/tunisie-kais-saied-reinvente-la-democratie\/"]}]},{"@type":"ImageObject","inLanguage":"fr-FR","@id":"https:\/\/kapitalis.com\/tunisie\/2022\/05\/13\/tunisie-kais-saied-reinvente-la-democratie\/#primaryimage","url":"https:\/\/kapitalis.com\/tunisie\/wp-content\/uploads\/2022\/05\/Kais-Saied-Nouvelle-Isie.jpg","contentUrl":"https:\/\/kapitalis.com\/tunisie\/wp-content\/uploads\/2022\/05\/Kais-Saied-Nouvelle-Isie.jpg","width":1200,"height":630},{"@type":"BreadcrumbList","@id":"https:\/\/kapitalis.com\/tunisie\/2022\/05\/13\/tunisie-kais-saied-reinvente-la-democratie\/#breadcrumb","itemListElement":[{"@type":"ListItem","position":1,"name":"Accueil","item":"https:\/\/kapitalis.com\/tunisie\/"},{"@type":"ListItem","position":2,"name":"Tunisie\u00a0: Ka\u00efs Sa\u00efed \u00abr\u00e9invente\u00bb la d\u00e9mocratie"}]},{"@type":"WebSite","@id":"https:\/\/kapitalis.com\/tunisie\/#website","url":"https:\/\/kapitalis.com\/tunisie\/","name":"Kapitalis","description":"L&#039;actualit\u00e9 en Tunisie et dans le monde","publisher":{"@id":"https:\/\/kapitalis.com\/tunisie\/#organization"},"potentialAction":[{"@type":"SearchAction","target":{"@type":"EntryPoint","urlTemplate":"https:\/\/kapitalis.com\/tunisie\/?s={search_term_string}"},"query-input":{"@type":"PropertyValueSpecification","valueRequired":true,"valueName":"search_term_string"}}],"inLanguage":"fr-FR"},{"@type":"Organization","@id":"https:\/\/kapitalis.com\/tunisie\/#organization","name":"Kapitalis","url":"https:\/\/kapitalis.com\/tunisie\/","logo":{"@type":"ImageObject","inLanguage":"fr-FR","@id":"https:\/\/kapitalis.com\/tunisie\/#\/schema\/logo\/image\/","url":"https:\/\/kapitalis.com\/tunisie\/wp-content\/uploads\/2022\/05\/Kapitalis-big-size.png","contentUrl":"https:\/\/kapitalis.com\/tunisie\/wp-content\/uploads\/2022\/05\/Kapitalis-big-size.png","width":5000,"height":1500,"caption":"Kapitalis"},"image":{"@id":"https:\/\/kapitalis.com\/tunisie\/#\/schema\/logo\/image\/"},"sameAs":["https:\/\/www.facebook.com\/KapitalisInfo\/","https:\/\/x.com\/KapitalisInfo","https:\/\/www.youtube.com\/channel\/UC-yDYrHyfFBWWZaOw3FPg9Q"]},{"@type":"Person","@id":"https:\/\/kapitalis.com\/tunisie\/#\/schema\/person\/d71f33a9ca44f7bad4698210b480c8e9","name":"webmaster kapitalis","url":"https:\/\/kapitalis.com\/tunisie\/author\/webmaster-kapitalis\/"}]}},"_links":{"self":[{"href":"https:\/\/kapitalis.com\/tunisie\/wp-json\/wp\/v2\/posts\/597679","targetHints":{"allow":["GET"]}}],"collection":[{"href":"https:\/\/kapitalis.com\/tunisie\/wp-json\/wp\/v2\/posts"}],"about":[{"href":"https:\/\/kapitalis.com\/tunisie\/wp-json\/wp\/v2\/types\/post"}],"author":[{"embeddable":true,"href":"https:\/\/kapitalis.com\/tunisie\/wp-json\/wp\/v2\/users\/8"}],"replies":[{"embeddable":true,"href":"https:\/\/kapitalis.com\/tunisie\/wp-json\/wp\/v2\/comments?post=597679"}],"version-history":[{"count":0,"href":"https:\/\/kapitalis.com\/tunisie\/wp-json\/wp\/v2\/posts\/597679\/revisions"}],"wp:featuredmedia":[{"embeddable":true,"href":"https:\/\/kapitalis.com\/tunisie\/wp-json\/wp\/v2\/media\/597865"}],"wp:attachment":[{"href":"https:\/\/kapitalis.com\/tunisie\/wp-json\/wp\/v2\/media?parent=597679"}],"wp:term":[{"taxonomy":"category","embeddable":true,"href":"https:\/\/kapitalis.com\/tunisie\/wp-json\/wp\/v2\/categories?post=597679"},{"taxonomy":"post_tag","embeddable":true,"href":"https:\/\/kapitalis.com\/tunisie\/wp-json\/wp\/v2\/tags?post=597679"}],"curies":[{"name":"wp","href":"https:\/\/api.w.org\/{rel}","templated":true}]}}