{"id":60067,"date":"2016-08-04T08:17:52","date_gmt":"2016-08-04T07:17:52","guid":{"rendered":"http:\/\/kapitalis.com\/tunisie\/?p=60067"},"modified":"2016-08-04T08:19:32","modified_gmt":"2016-08-04T07:19:32","slug":"agriculture-difficultes-de-commercialisation-des-tomates","status":"publish","type":"post","link":"https:\/\/kapitalis.com\/tunisie\/2016\/08\/04\/agriculture-difficultes-de-commercialisation-des-tomates\/","title":{"rendered":"Agriculture : Difficult\u00e9s de commercialisation des tomates"},"content":{"rendered":"<p><img loading=\"lazy\" decoding=\"async\" class=\"alignnone size-full wp-image-53872 aligncenter\" src=\"http:\/\/kapitalis.com\/tunisie\/wp-content\/uploads\/2016\/06\/Tomates.jpg\" alt=\"Tomates\" width=\"626\" height=\"380\" \/><\/p>\n<p><em><strong>Le secteur des tomates saisonni\u00e8res souffre de difficult\u00e9s au niveau de la commercialisation, malgr\u00e9 la r\u00e9duction des superficies plant\u00e9es.<\/strong><\/em><\/p>\n<p><!--more--><\/p>\n<p>Tout en admettant ces difficult\u00e9s, le ministre de l\u2019Industrie Zakaria Hamad a, toutefois, soulign\u00e9, lors d\u2019une visite mercredi \u00e0 la d\u00e9l\u00e9gation de Medjez El Bab, \u00e0 B\u00e9ja, l\u2019am\u00e9lioration de la qualit\u00e9 des tomates fra\u00eeches et de leur rentabilit\u00e9 industrielle \u00e9valu\u00e9e \u00e0 5% au cours de la saison actuelle.<\/p>\n<p>Cette am\u00e9lioration est imput\u00e9e \u00e0 la r\u00e9gression des superficies des tomates de 20.000 ha pendant la saison derni\u00e8re \u00e0 15.000 ha actuellement, ce qui a contribu\u00e9 \u00e0 l\u2019am\u00e9lioration de la rentabilit\u00e9, \u00e0 la r\u00e9duction du co\u00fbt de production et de la consommation des eaux d\u2019irrigation.<\/p>\n<p>La strat\u00e9gie du minist\u00e8re table sur la culture de 18.000 ha pour la production de 15 millions de tonnes de tomates au cours de la saison prochaine, a indiqu\u00e9 le ministre, qui a appel\u00e9 \u00e0 diversifier les produits notamment, ceux destin\u00e9s \u00e0 l\u2019exportation, surtout que la Tunisie occupe la 9e position \u00e0 l\u2019\u00e9chelle mondiale au niveau de la production de cette vari\u00e9t\u00e9.<\/p>\n<p>Le ministre de l\u2019Agriculture, des Ressources hydrauliques et de la P\u00eache, S\u00e2ad Seddik, qui visitait \u00e9galement la r\u00e9gion, a d\u00e9clar\u00e9, pour sa part, \u00e0 l\u2019agence Tap, que les minist\u00e8res concern\u00e9s coordonnent leurs efforts pour ouvrir de nouveaux march\u00e9s afin de commercialiser les tomates tunisiennes et surtout le march\u00e9 libyen. Il a affirm\u00e9 que plusieurs mesures ont \u00e9t\u00e9 prises pour d\u00e9velopper cette fili\u00e8re et gagner le pari de la qualit\u00e9 de la production et de la transformation, en r\u00e9duisant les superficies et la consommation de l\u2019eau et en ma\u00eetrisant le processus d\u2019industrialisation.<\/p>\n<p>La saison de la r\u00e9colte des tomates a avanc\u00e9 de 5% au nord et de 95% au centre.<\/p>\n<p style=\"text-align: right;\"><strong>I. B.<\/strong> (avec Tap).<\/p>\n","protected":false},"excerpt":{"rendered":"<p>Le secteur des tomates saisonni\u00e8res souffre de difficult\u00e9s au niveau de la commercialisation, malgr\u00e9 la r\u00e9duction des superficies plant\u00e9es.<\/p>\n","protected":false},"author":8,"featured_media":0,"comment_status":"open","ping_status":"open","sticky":false,"template":"","format":"standard","meta":{"footnotes":""},"categories":[995,2433],"tags":[47,136,7113,2269,1207,974],"class_list":["post-60067","post","type-post","status-publish","format-standard","hentry","category-economie","category-tunisie","tag-agriculture","tag-beja","tag-commercialisation","tag-medjez-el-bab","tag-saad-seddik","tag-zakaria-hamad"],"yoast_head":"<!-- This site is optimized with the Yoast SEO plugin v26.6 - https:\/\/yoast.com\/wordpress\/plugins\/seo\/ -->\n<title>Agriculture : Difficult\u00e9s de commercialisation des tomates - Kapitalis<\/title>\n<meta name=\"robots\" content=\"index, follow, max-snippet:-1, max-image-preview:large, max-video-preview:-1\" \/>\n<link rel=\"canonical\" href=\"https:\/\/kapitalis.com\/tunisie\/2016\/08\/04\/agriculture-difficultes-de-commercialisation-des-tomates\/\" \/>\n<meta property=\"og:locale\" content=\"fr_FR\" \/>\n<meta property=\"og:type\" content=\"article\" \/>\n<meta property=\"og:title\" content=\"Agriculture : Difficult\u00e9s de commercialisation des tomates - Kapitalis\" \/>\n<meta property=\"og:description\" content=\"Le secteur des tomates saisonni\u00e8res souffre de difficult\u00e9s au niveau de la commercialisation, malgr\u00e9 la r\u00e9duction des superficies plant\u00e9es.\" \/>\n<meta property=\"og:url\" content=\"https:\/\/kapitalis.com\/tunisie\/2016\/08\/04\/agriculture-difficultes-de-commercialisation-des-tomates\/\" \/>\n<meta property=\"og:site_name\" content=\"Kapitalis\" \/>\n<meta property=\"article:publisher\" content=\"https:\/\/www.facebook.com\/KapitalisInfo\/\" \/>\n<meta property=\"article:published_time\" content=\"2016-08-04T07:17:52+00:00\" \/>\n<meta property=\"article:modified_time\" content=\"2016-08-04T07:19:32+00:00\" \/>\n<meta property=\"og:image\" content=\"http:\/\/kapitalis.com\/tunisie\/wp-content\/uploads\/2016\/06\/Tomates.jpg\" \/>\n<meta name=\"author\" content=\"webmaster kapitalis\" \/>\n<meta name=\"twitter:card\" content=\"summary_large_image\" \/>\n<meta name=\"twitter:creator\" content=\"@KapitalisInfo\" \/>\n<meta name=\"twitter:site\" content=\"@KapitalisInfo\" \/>\n<meta name=\"twitter:label1\" content=\"\u00c9crit par\" \/>\n\t<meta name=\"twitter:data1\" content=\"webmaster kapitalis\" \/>\n\t<meta name=\"twitter:label2\" content=\"Dur\u00e9e de lecture estim\u00e9e\" \/>\n\t<meta name=\"twitter:data2\" content=\"2 minutes\" \/>\n<script type=\"application\/ld+json\" class=\"yoast-schema-graph\">{\"@context\":\"https:\/\/schema.org\",\"@graph\":[{\"@type\":\"Article\",\"@id\":\"https:\/\/kapitalis.com\/tunisie\/2016\/08\/04\/agriculture-difficultes-de-commercialisation-des-tomates\/#article\",\"isPartOf\":{\"@id\":\"https:\/\/kapitalis.com\/tunisie\/2016\/08\/04\/agriculture-difficultes-de-commercialisation-des-tomates\/\"},\"author\":{\"name\":\"webmaster kapitalis\",\"@id\":\"https:\/\/kapitalis.com\/tunisie\/#\/schema\/person\/d71f33a9ca44f7bad4698210b480c8e9\"},\"headline\":\"Agriculture : Difficult\u00e9s de commercialisation des tomates\",\"datePublished\":\"2016-08-04T07:17:52+00:00\",\"dateModified\":\"2016-08-04T07:19:32+00:00\",\"mainEntityOfPage\":{\"@id\":\"https:\/\/kapitalis.com\/tunisie\/2016\/08\/04\/agriculture-difficultes-de-commercialisation-des-tomates\/\"},\"wordCount\":321,\"commentCount\":3,\"publisher\":{\"@id\":\"https:\/\/kapitalis.com\/tunisie\/#organization\"},\"image\":{\"@id\":\"https:\/\/kapitalis.com\/tunisie\/2016\/08\/04\/agriculture-difficultes-de-commercialisation-des-tomates\/#primaryimage\"},\"thumbnailUrl\":\"http:\/\/kapitalis.com\/tunisie\/wp-content\/uploads\/2016\/06\/Tomates.jpg\",\"keywords\":[\"Agriculture\",\"B\u00e9ja\",\"commercialisation\",\"Medjez El-Bab\",\"Saad Seddik\",\"Zakaria Hamad\"],\"articleSection\":[\"ECONOMIE\",\"Tunisie\"],\"inLanguage\":\"fr-FR\",\"potentialAction\":[{\"@type\":\"CommentAction\",\"name\":\"Comment\",\"target\":[\"https:\/\/kapitalis.com\/tunisie\/2016\/08\/04\/agriculture-difficultes-de-commercialisation-des-tomates\/#respond\"]}]},{\"@type\":\"WebPage\",\"@id\":\"https:\/\/kapitalis.com\/tunisie\/2016\/08\/04\/agriculture-difficultes-de-commercialisation-des-tomates\/\",\"url\":\"https:\/\/kapitalis.com\/tunisie\/2016\/08\/04\/agriculture-difficultes-de-commercialisation-des-tomates\/\",\"name\":\"Agriculture : Difficult\u00e9s de commercialisation des tomates - Kapitalis\",\"isPartOf\":{\"@id\":\"https:\/\/kapitalis.com\/tunisie\/#website\"},\"primaryImageOfPage\":{\"@id\":\"https:\/\/kapitalis.com\/tunisie\/2016\/08\/04\/agriculture-difficultes-de-commercialisation-des-tomates\/#primaryimage\"},\"image\":{\"@id\":\"https:\/\/kapitalis.com\/tunisie\/2016\/08\/04\/agriculture-difficultes-de-commercialisation-des-tomates\/#primaryimage\"},\"thumbnailUrl\":\"http:\/\/kapitalis.com\/tunisie\/wp-content\/uploads\/2016\/06\/Tomates.jpg\",\"datePublished\":\"2016-08-04T07:17:52+00:00\",\"dateModified\":\"2016-08-04T07:19:32+00:00\",\"breadcrumb\":{\"@id\":\"https:\/\/kapitalis.com\/tunisie\/2016\/08\/04\/agriculture-difficultes-de-commercialisation-des-tomates\/#breadcrumb\"},\"inLanguage\":\"fr-FR\",\"potentialAction\":[{\"@type\":\"ReadAction\",\"target\":[\"https:\/\/kapitalis.com\/tunisie\/2016\/08\/04\/agriculture-difficultes-de-commercialisation-des-tomates\/\"]}]},{\"@type\":\"ImageObject\",\"inLanguage\":\"fr-FR\",\"@id\":\"https:\/\/kapitalis.com\/tunisie\/2016\/08\/04\/agriculture-difficultes-de-commercialisation-des-tomates\/#primaryimage\",\"url\":\"http:\/\/kapitalis.com\/tunisie\/wp-content\/uploads\/2016\/06\/Tomates.jpg\",\"contentUrl\":\"http:\/\/kapitalis.com\/tunisie\/wp-content\/uploads\/2016\/06\/Tomates.jpg\"},{\"@type\":\"BreadcrumbList\",\"@id\":\"https:\/\/kapitalis.com\/tunisie\/2016\/08\/04\/agriculture-difficultes-de-commercialisation-des-tomates\/#breadcrumb\",\"itemListElement\":[{\"@type\":\"ListItem\",\"position\":1,\"name\":\"Accueil\",\"item\":\"https:\/\/kapitalis.com\/tunisie\/\"},{\"@type\":\"ListItem\",\"position\":2,\"name\":\"Agriculture : Difficult\u00e9s de commercialisation des tomates\"}]},{\"@type\":\"WebSite\",\"@id\":\"https:\/\/kapitalis.com\/tunisie\/#website\",\"url\":\"https:\/\/kapitalis.com\/tunisie\/\",\"name\":\"Kapitalis\",\"description\":\"L&#039;actualit\u00e9 en Tunisie et dans le monde\",\"publisher\":{\"@id\":\"https:\/\/kapitalis.com\/tunisie\/#organization\"},\"potentialAction\":[{\"@type\":\"SearchAction\",\"target\":{\"@type\":\"EntryPoint\",\"urlTemplate\":\"https:\/\/kapitalis.com\/tunisie\/?s={search_term_string}\"},\"query-input\":{\"@type\":\"PropertyValueSpecification\",\"valueRequired\":true,\"valueName\":\"search_term_string\"}}],\"inLanguage\":\"fr-FR\"},{\"@type\":\"Organization\",\"@id\":\"https:\/\/kapitalis.com\/tunisie\/#organization\",\"name\":\"Kapitalis\",\"url\":\"https:\/\/kapitalis.com\/tunisie\/\",\"logo\":{\"@type\":\"ImageObject\",\"inLanguage\":\"fr-FR\",\"@id\":\"https:\/\/kapitalis.com\/tunisie\/#\/schema\/logo\/image\/\",\"url\":\"https:\/\/kapitalis.com\/tunisie\/wp-content\/uploads\/2022\/05\/Kapitalis-big-size.png\",\"contentUrl\":\"https:\/\/kapitalis.com\/tunisie\/wp-content\/uploads\/2022\/05\/Kapitalis-big-size.png\",\"width\":5000,\"height\":1500,\"caption\":\"Kapitalis\"},\"image\":{\"@id\":\"https:\/\/kapitalis.com\/tunisie\/#\/schema\/logo\/image\/\"},\"sameAs\":[\"https:\/\/www.facebook.com\/KapitalisInfo\/\",\"https:\/\/x.com\/KapitalisInfo\",\"https:\/\/www.youtube.com\/channel\/UC-yDYrHyfFBWWZaOw3FPg9Q\"]},{\"@type\":\"Person\",\"@id\":\"https:\/\/kapitalis.com\/tunisie\/#\/schema\/person\/d71f33a9ca44f7bad4698210b480c8e9\",\"name\":\"webmaster kapitalis\",\"url\":\"https:\/\/kapitalis.com\/tunisie\/author\/webmaster-kapitalis\/\"}]}<\/script>\n<!-- \/ Yoast SEO plugin. -->","yoast_head_json":{"title":"Agriculture : Difficult\u00e9s de commercialisation des tomates - Kapitalis","robots":{"index":"index","follow":"follow","max-snippet":"max-snippet:-1","max-image-preview":"max-image-preview:large","max-video-preview":"max-video-preview:-1"},"canonical":"https:\/\/kapitalis.com\/tunisie\/2016\/08\/04\/agriculture-difficultes-de-commercialisation-des-tomates\/","og_locale":"fr_FR","og_type":"article","og_title":"Agriculture : Difficult\u00e9s de commercialisation des tomates - Kapitalis","og_description":"Le secteur des tomates saisonni\u00e8res souffre de difficult\u00e9s au niveau de la commercialisation, malgr\u00e9 la r\u00e9duction des superficies plant\u00e9es.","og_url":"https:\/\/kapitalis.com\/tunisie\/2016\/08\/04\/agriculture-difficultes-de-commercialisation-des-tomates\/","og_site_name":"Kapitalis","article_publisher":"https:\/\/www.facebook.com\/KapitalisInfo\/","article_published_time":"2016-08-04T07:17:52+00:00","article_modified_time":"2016-08-04T07:19:32+00:00","og_image":[{"url":"http:\/\/kapitalis.com\/tunisie\/wp-content\/uploads\/2016\/06\/Tomates.jpg","type":"","width":"","height":""}],"author":"webmaster kapitalis","twitter_card":"summary_large_image","twitter_creator":"@KapitalisInfo","twitter_site":"@KapitalisInfo","twitter_misc":{"\u00c9crit par":"webmaster kapitalis","Dur\u00e9e de lecture estim\u00e9e":"2 minutes"},"schema":{"@context":"https:\/\/schema.org","@graph":[{"@type":"Article","@id":"https:\/\/kapitalis.com\/tunisie\/2016\/08\/04\/agriculture-difficultes-de-commercialisation-des-tomates\/#article","isPartOf":{"@id":"https:\/\/kapitalis.com\/tunisie\/2016\/08\/04\/agriculture-difficultes-de-commercialisation-des-tomates\/"},"author":{"name":"webmaster kapitalis","@id":"https:\/\/kapitalis.com\/tunisie\/#\/schema\/person\/d71f33a9ca44f7bad4698210b480c8e9"},"headline":"Agriculture : Difficult\u00e9s de commercialisation des tomates","datePublished":"2016-08-04T07:17:52+00:00","dateModified":"2016-08-04T07:19:32+00:00","mainEntityOfPage":{"@id":"https:\/\/kapitalis.com\/tunisie\/2016\/08\/04\/agriculture-difficultes-de-commercialisation-des-tomates\/"},"wordCount":321,"commentCount":3,"publisher":{"@id":"https:\/\/kapitalis.com\/tunisie\/#organization"},"image":{"@id":"https:\/\/kapitalis.com\/tunisie\/2016\/08\/04\/agriculture-difficultes-de-commercialisation-des-tomates\/#primaryimage"},"thumbnailUrl":"http:\/\/kapitalis.com\/tunisie\/wp-content\/uploads\/2016\/06\/Tomates.jpg","keywords":["Agriculture","B\u00e9ja","commercialisation","Medjez El-Bab","Saad Seddik","Zakaria Hamad"],"articleSection":["ECONOMIE","Tunisie"],"inLanguage":"fr-FR","potentialAction":[{"@type":"CommentAction","name":"Comment","target":["https:\/\/kapitalis.com\/tunisie\/2016\/08\/04\/agriculture-difficultes-de-commercialisation-des-tomates\/#respond"]}]},{"@type":"WebPage","@id":"https:\/\/kapitalis.com\/tunisie\/2016\/08\/04\/agriculture-difficultes-de-commercialisation-des-tomates\/","url":"https:\/\/kapitalis.com\/tunisie\/2016\/08\/04\/agriculture-difficultes-de-commercialisation-des-tomates\/","name":"Agriculture : Difficult\u00e9s de commercialisation des tomates - Kapitalis","isPartOf":{"@id":"https:\/\/kapitalis.com\/tunisie\/#website"},"primaryImageOfPage":{"@id":"https:\/\/kapitalis.com\/tunisie\/2016\/08\/04\/agriculture-difficultes-de-commercialisation-des-tomates\/#primaryimage"},"image":{"@id":"https:\/\/kapitalis.com\/tunisie\/2016\/08\/04\/agriculture-difficultes-de-commercialisation-des-tomates\/#primaryimage"},"thumbnailUrl":"http:\/\/kapitalis.com\/tunisie\/wp-content\/uploads\/2016\/06\/Tomates.jpg","datePublished":"2016-08-04T07:17:52+00:00","dateModified":"2016-08-04T07:19:32+00:00","breadcrumb":{"@id":"https:\/\/kapitalis.com\/tunisie\/2016\/08\/04\/agriculture-difficultes-de-commercialisation-des-tomates\/#breadcrumb"},"inLanguage":"fr-FR","potentialAction":[{"@type":"ReadAction","target":["https:\/\/kapitalis.com\/tunisie\/2016\/08\/04\/agriculture-difficultes-de-commercialisation-des-tomates\/"]}]},{"@type":"ImageObject","inLanguage":"fr-FR","@id":"https:\/\/kapitalis.com\/tunisie\/2016\/08\/04\/agriculture-difficultes-de-commercialisation-des-tomates\/#primaryimage","url":"http:\/\/kapitalis.com\/tunisie\/wp-content\/uploads\/2016\/06\/Tomates.jpg","contentUrl":"http:\/\/kapitalis.com\/tunisie\/wp-content\/uploads\/2016\/06\/Tomates.jpg"},{"@type":"BreadcrumbList","@id":"https:\/\/kapitalis.com\/tunisie\/2016\/08\/04\/agriculture-difficultes-de-commercialisation-des-tomates\/#breadcrumb","itemListElement":[{"@type":"ListItem","position":1,"name":"Accueil","item":"https:\/\/kapitalis.com\/tunisie\/"},{"@type":"ListItem","position":2,"name":"Agriculture : Difficult\u00e9s de commercialisation des tomates"}]},{"@type":"WebSite","@id":"https:\/\/kapitalis.com\/tunisie\/#website","url":"https:\/\/kapitalis.com\/tunisie\/","name":"Kapitalis","description":"L&#039;actualit\u00e9 en Tunisie et dans le monde","publisher":{"@id":"https:\/\/kapitalis.com\/tunisie\/#organization"},"potentialAction":[{"@type":"SearchAction","target":{"@type":"EntryPoint","urlTemplate":"https:\/\/kapitalis.com\/tunisie\/?s={search_term_string}"},"query-input":{"@type":"PropertyValueSpecification","valueRequired":true,"valueName":"search_term_string"}}],"inLanguage":"fr-FR"},{"@type":"Organization","@id":"https:\/\/kapitalis.com\/tunisie\/#organization","name":"Kapitalis","url":"https:\/\/kapitalis.com\/tunisie\/","logo":{"@type":"ImageObject","inLanguage":"fr-FR","@id":"https:\/\/kapitalis.com\/tunisie\/#\/schema\/logo\/image\/","url":"https:\/\/kapitalis.com\/tunisie\/wp-content\/uploads\/2022\/05\/Kapitalis-big-size.png","contentUrl":"https:\/\/kapitalis.com\/tunisie\/wp-content\/uploads\/2022\/05\/Kapitalis-big-size.png","width":5000,"height":1500,"caption":"Kapitalis"},"image":{"@id":"https:\/\/kapitalis.com\/tunisie\/#\/schema\/logo\/image\/"},"sameAs":["https:\/\/www.facebook.com\/KapitalisInfo\/","https:\/\/x.com\/KapitalisInfo","https:\/\/www.youtube.com\/channel\/UC-yDYrHyfFBWWZaOw3FPg9Q"]},{"@type":"Person","@id":"https:\/\/kapitalis.com\/tunisie\/#\/schema\/person\/d71f33a9ca44f7bad4698210b480c8e9","name":"webmaster kapitalis","url":"https:\/\/kapitalis.com\/tunisie\/author\/webmaster-kapitalis\/"}]}},"_links":{"self":[{"href":"https:\/\/kapitalis.com\/tunisie\/wp-json\/wp\/v2\/posts\/60067","targetHints":{"allow":["GET"]}}],"collection":[{"href":"https:\/\/kapitalis.com\/tunisie\/wp-json\/wp\/v2\/posts"}],"about":[{"href":"https:\/\/kapitalis.com\/tunisie\/wp-json\/wp\/v2\/types\/post"}],"author":[{"embeddable":true,"href":"https:\/\/kapitalis.com\/tunisie\/wp-json\/wp\/v2\/users\/8"}],"replies":[{"embeddable":true,"href":"https:\/\/kapitalis.com\/tunisie\/wp-json\/wp\/v2\/comments?post=60067"}],"version-history":[{"count":0,"href":"https:\/\/kapitalis.com\/tunisie\/wp-json\/wp\/v2\/posts\/60067\/revisions"}],"wp:attachment":[{"href":"https:\/\/kapitalis.com\/tunisie\/wp-json\/wp\/v2\/media?parent=60067"}],"wp:term":[{"taxonomy":"category","embeddable":true,"href":"https:\/\/kapitalis.com\/tunisie\/wp-json\/wp\/v2\/categories?post=60067"},{"taxonomy":"post_tag","embeddable":true,"href":"https:\/\/kapitalis.com\/tunisie\/wp-json\/wp\/v2\/tags?post=60067"}],"curies":[{"name":"wp","href":"https:\/\/api.w.org\/{rel}","templated":true}]}}