{"id":60073,"date":"2016-08-04T09:16:31","date_gmt":"2016-08-04T08:16:31","guid":{"rendered":"http:\/\/kapitalis.com\/tunisie\/?p=60073"},"modified":"2016-08-04T09:30:21","modified_gmt":"2016-08-04T08:30:21","slug":"youssef-chahed-lhomme-invisible-sous-les-feux-de-la-rampe","status":"publish","type":"post","link":"https:\/\/kapitalis.com\/tunisie\/2016\/08\/04\/youssef-chahed-lhomme-invisible-sous-les-feux-de-la-rampe\/","title":{"rendered":"Youssef Chahed: L&rsquo;homme invisible sous les feux de la rampe"},"content":{"rendered":"<p><img loading=\"lazy\" decoding=\"async\" class=\"alignnone size-full wp-image-59917 aligncenter\" src=\"http:\/\/kapitalis.com\/tunisie\/wp-content\/uploads\/2016\/08\/Youssef-Chahed.jpg\" alt=\"Youssef-Chahed\" width=\"626\" height=\"380\" \/><\/p>\n<p><em><strong>Avec son profil de gendre id\u00e9al, Youssef Chahed reste peu connu des Tunisiens. Avec lui, la sc\u00e8ne politique tunisienne effectue enfin sa transition g\u00e9n\u00e9rationnelle.<\/strong> <\/em><\/p>\n<p><!--more--><\/p>\n<p>Poli, avenant et lisse, ce quadra BCBG a \u00e9t\u00e9 jusque-l\u00e0 presque invisible. Et pour cause : il n\u2019est pas du genre \u00e0 faire des d\u00e9clarations tonitruantes ou \u00e0 s\u2019afficher dans les m\u00e9dias. Et si c\u2019\u00e9tait l\u2019homme qu\u2019il faut et au moment qu\u2019il faut pour provoquer un choc salutaire dans la sc\u00e8ne politique tunisienne jusque-l\u00e0 domin\u00e9e par des dinosaures ?<\/p>\n<p>Officiellement d\u00e9sign\u00e9 mercredi par le pr\u00e9sident de la r\u00e9publique B\u00e9ji Ca\u00efd Essebsi pour former le gouvernement d&rsquo;union nationale, Youssef Chahed est n\u00e9 le 18 septembre 1975 \u00e0 Tunis.<\/p>\n<p>Ministre des Collectivit\u00e9s locales dans le gouvernement Habib Essid depuis 2016, il avait occup\u00e9 auparavant les fonctions de secr\u00e9taire d\u2019Etat \u00e0 la P\u00eache dans le m\u00eame gouvernement depuis f\u00e9vrier 2015.<\/p>\n<p>Ayant entam\u00e9 sa carri\u00e8re politique apr\u00e8s la r\u00e9volution du 14 janvier 2011, il a cofond\u00e9 le Parti R\u00e9publicain (Al-Joumhouri) en 2012 et fait partie de son bureau politique. Ayant rejoint le mouvement Nidaa Tounes en 2013, il est devenu membre de son bureau ex\u00e9cutif charg\u00e9 du programme politique de la campagne \u00e9lectorale pr\u00e9sidentielle en 2014.<\/p>\n<p>Rest\u00e9 \u00e0 l\u2019\u00e9cart des tiraillements et des querelles ayant divis\u00e9 ce parti, c\u2019est lui que le pr\u00e9sident Ca\u00efd Essebsi a choisi, en novembre 2015, pour pr\u00e9sider de la Commission des 13 membres de Nidaa Tounes charg\u00e9e de mettre fin \u00e0 la crise. On ne peut pas dire qu\u2019il a r\u00e9ussi dans cette mission, puisque le parti, v\u00e9ritable panier \u00e0 crabes, a fini par imploser, enregistrant une longue s\u00e9rie de d\u00e9missions. Et la saign\u00e9e ne semble pas pr\u00e8s de s\u2019arr\u00eater\u2026<\/p>\n<p>Youssef Chahed a obtenu en 2003 un doctorat d\u2019Etat en agro-\u00e9conomie \u00e0 l\u2019Institut national agronomique Paris-Grignon en France, apr\u00e8s avoir obtenu en 1999 un dipl\u00f4me d\u2019\u00e9tudes approfondies (DEA) en \u00e9conomie de l\u2019environnement et ressources naturelles.<\/p>\n<p>De 2003 \u00e0 2014, il a travaill\u00e9 comme expert international en agriculture et en politiques agricoles, aupr\u00e8s d\u2019institutions internationales comme l\u2019Union europ\u00e9enne et l\u2019Organisation des Nations Unies pour l\u2019alimentation et l\u2019agriculture (FAO). Il s\u2019est sp\u00e9cialis\u00e9 depuis 2003 dans le suivi des politiques agricoles en Tunisie et au Maroc en coordination avec les minist\u00e8res de l\u2019Agriculture des deux pays. Il a aussi mis en place des politiques de coop\u00e9ration en mati\u00e8re de s\u00e9curit\u00e9 alimentaire et de d\u00e9veloppement du partenariat agricole entre la Tunisie et les Etats-Unis.<\/p>\n<p>Au niveau universitaire, il a travaill\u00e9 comme professeur assistant \u00e0 l\u2019universit\u00e9 de Rennes 1 en France de 2002 \u00e0 2003 et professeur en agro-\u00e9conomie \u00e0 l\u2019Institut sup\u00e9rieur d\u2019agriculture en France de 2003 \u00e0 2009.<\/p>\n<p>Youssef Chahed a \u00e9t\u00e9 \u00e9galement professeur visiteur dans de nombreuses universit\u00e9s dans le monde, comme \u00e0 Tokyo ou \u00e0 Sao Paulo et compte plusieurs publications et contributions dans des manifestations scientifiques mondiales.<\/p>\n<p>Youssef Chahed est mari\u00e9 et p\u00e8re d&rsquo;une fille. Mais si beaucoup de quadras s&rsquo;identifient volontiers \u00e0 lui et estiment que sa nomination est un signe fort\u00a0en direction des jeunes, beaucoup \u00e9mettent des doutes quant \u00e0 ses capacit\u00e9s intrins\u00e8ques de faire \u00e9voluer une administration\u00a0dont l&rsquo;immobilisme rime avec corruption et rente de situation. Son inexp\u00e9rience politique risque aussi d&rsquo;en faire un simple ex\u00e9cutant des instructions venues du Palais de Carthage ou, pire encore, du QG de Nidaa Tounes o\u00f9 s\u00e9vit un Hafedh Ca\u00efd Essebsi\u00a0plus que jamais d\u00e9termin\u00e9 \u00e0 pousser ses pions dans les hautes sph\u00e8res de l&rsquo;Etat.<\/p>\n<p>Pour juger des r\u00e9elles capacit\u00e9s de Youssef Chahed \u00e0 se lib\u00e9rer de l&rsquo;ombre tut\u00e9laire des Ca\u00efd Essebsi, on attendra de voir la composition de son gouvernement: ses membres seront-ils choisis selon une vision des priorit\u00e9s et une volont\u00e9 de changer les\u00a0m\u00e9thodes et les\u00a0process jusque-l\u00e0 en vigueur, ou leurs noms seront-ils dict\u00e9s par les faiseurs de rois habituels?<\/p>\n<p style=\"text-align: right;\"><strong>I. B.<\/strong><\/p>\n","protected":false},"excerpt":{"rendered":"<p>Avec son profil de gendre id\u00e9al, Youssef Chahed reste peu connu des Tunisiens. Avec lui, la sc\u00e8ne politique tunisienne effectue enfin sa transition g\u00e9n\u00e9rationnelle.<\/p>\n","protected":false},"author":8,"featured_media":0,"comment_status":"open","ping_status":"open","sticky":false,"template":"","format":"standard","meta":{"footnotes":""},"categories":[997,2433],"tags":[5559,14260],"class_list":["post-60073","post","type-post","status-publish","format-standard","hentry","category-politique","category-tunisie","tag-al-joumhouri","tag-gouvernement-dunion-nationale"],"yoast_head":"<!-- This site is optimized with the Yoast SEO plugin v26.6 - https:\/\/yoast.com\/wordpress\/plugins\/seo\/ -->\n<title>Youssef Chahed: L&#039;homme invisible sous les feux de la rampe - Kapitalis<\/title>\n<meta name=\"robots\" content=\"index, follow, max-snippet:-1, max-image-preview:large, max-video-preview:-1\" \/>\n<link rel=\"canonical\" href=\"https:\/\/kapitalis.com\/tunisie\/2016\/08\/04\/youssef-chahed-lhomme-invisible-sous-les-feux-de-la-rampe\/\" \/>\n<meta property=\"og:locale\" content=\"fr_FR\" \/>\n<meta property=\"og:type\" content=\"article\" \/>\n<meta property=\"og:title\" content=\"Youssef Chahed: L&#039;homme invisible sous les feux de la rampe - Kapitalis\" \/>\n<meta property=\"og:description\" content=\"Avec son profil de gendre id\u00e9al, Youssef Chahed reste peu connu des Tunisiens. Avec lui, la sc\u00e8ne politique tunisienne effectue enfin sa transition g\u00e9n\u00e9rationnelle.\" \/>\n<meta property=\"og:url\" content=\"https:\/\/kapitalis.com\/tunisie\/2016\/08\/04\/youssef-chahed-lhomme-invisible-sous-les-feux-de-la-rampe\/\" \/>\n<meta property=\"og:site_name\" content=\"Kapitalis\" \/>\n<meta property=\"article:publisher\" content=\"https:\/\/www.facebook.com\/KapitalisInfo\/\" \/>\n<meta property=\"article:published_time\" content=\"2016-08-04T08:16:31+00:00\" \/>\n<meta property=\"article:modified_time\" content=\"2016-08-04T08:30:21+00:00\" \/>\n<meta property=\"og:image\" content=\"http:\/\/kapitalis.com\/tunisie\/wp-content\/uploads\/2016\/08\/Youssef-Chahed.jpg\" \/>\n<meta name=\"author\" content=\"webmaster kapitalis\" \/>\n<meta name=\"twitter:card\" content=\"summary_large_image\" \/>\n<meta name=\"twitter:creator\" content=\"@KapitalisInfo\" \/>\n<meta name=\"twitter:site\" content=\"@KapitalisInfo\" \/>\n<meta name=\"twitter:label1\" content=\"\u00c9crit par\" \/>\n\t<meta name=\"twitter:data1\" content=\"webmaster kapitalis\" \/>\n\t<meta name=\"twitter:label2\" content=\"Dur\u00e9e de lecture estim\u00e9e\" \/>\n\t<meta name=\"twitter:data2\" content=\"3 minutes\" \/>\n<script type=\"application\/ld+json\" class=\"yoast-schema-graph\">{\"@context\":\"https:\/\/schema.org\",\"@graph\":[{\"@type\":\"Article\",\"@id\":\"https:\/\/kapitalis.com\/tunisie\/2016\/08\/04\/youssef-chahed-lhomme-invisible-sous-les-feux-de-la-rampe\/#article\",\"isPartOf\":{\"@id\":\"https:\/\/kapitalis.com\/tunisie\/2016\/08\/04\/youssef-chahed-lhomme-invisible-sous-les-feux-de-la-rampe\/\"},\"author\":{\"name\":\"webmaster kapitalis\",\"@id\":\"https:\/\/kapitalis.com\/tunisie\/#\/schema\/person\/d71f33a9ca44f7bad4698210b480c8e9\"},\"headline\":\"Youssef Chahed: L&rsquo;homme invisible sous les feux de la rampe\",\"datePublished\":\"2016-08-04T08:16:31+00:00\",\"dateModified\":\"2016-08-04T08:30:21+00:00\",\"mainEntityOfPage\":{\"@id\":\"https:\/\/kapitalis.com\/tunisie\/2016\/08\/04\/youssef-chahed-lhomme-invisible-sous-les-feux-de-la-rampe\/\"},\"wordCount\":679,\"commentCount\":6,\"publisher\":{\"@id\":\"https:\/\/kapitalis.com\/tunisie\/#organization\"},\"image\":{\"@id\":\"https:\/\/kapitalis.com\/tunisie\/2016\/08\/04\/youssef-chahed-lhomme-invisible-sous-les-feux-de-la-rampe\/#primaryimage\"},\"thumbnailUrl\":\"http:\/\/kapitalis.com\/tunisie\/wp-content\/uploads\/2016\/08\/Youssef-Chahed.jpg\",\"keywords\":[\"Al-Joumhouri\",\"gouvernement d'union nationale\"],\"articleSection\":[\"POLITIQUE\",\"Tunisie\"],\"inLanguage\":\"fr-FR\",\"potentialAction\":[{\"@type\":\"CommentAction\",\"name\":\"Comment\",\"target\":[\"https:\/\/kapitalis.com\/tunisie\/2016\/08\/04\/youssef-chahed-lhomme-invisible-sous-les-feux-de-la-rampe\/#respond\"]}]},{\"@type\":\"WebPage\",\"@id\":\"https:\/\/kapitalis.com\/tunisie\/2016\/08\/04\/youssef-chahed-lhomme-invisible-sous-les-feux-de-la-rampe\/\",\"url\":\"https:\/\/kapitalis.com\/tunisie\/2016\/08\/04\/youssef-chahed-lhomme-invisible-sous-les-feux-de-la-rampe\/\",\"name\":\"Youssef Chahed: L'homme invisible sous les feux de la rampe - Kapitalis\",\"isPartOf\":{\"@id\":\"https:\/\/kapitalis.com\/tunisie\/#website\"},\"primaryImageOfPage\":{\"@id\":\"https:\/\/kapitalis.com\/tunisie\/2016\/08\/04\/youssef-chahed-lhomme-invisible-sous-les-feux-de-la-rampe\/#primaryimage\"},\"image\":{\"@id\":\"https:\/\/kapitalis.com\/tunisie\/2016\/08\/04\/youssef-chahed-lhomme-invisible-sous-les-feux-de-la-rampe\/#primaryimage\"},\"thumbnailUrl\":\"http:\/\/kapitalis.com\/tunisie\/wp-content\/uploads\/2016\/08\/Youssef-Chahed.jpg\",\"datePublished\":\"2016-08-04T08:16:31+00:00\",\"dateModified\":\"2016-08-04T08:30:21+00:00\",\"breadcrumb\":{\"@id\":\"https:\/\/kapitalis.com\/tunisie\/2016\/08\/04\/youssef-chahed-lhomme-invisible-sous-les-feux-de-la-rampe\/#breadcrumb\"},\"inLanguage\":\"fr-FR\",\"potentialAction\":[{\"@type\":\"ReadAction\",\"target\":[\"https:\/\/kapitalis.com\/tunisie\/2016\/08\/04\/youssef-chahed-lhomme-invisible-sous-les-feux-de-la-rampe\/\"]}]},{\"@type\":\"ImageObject\",\"inLanguage\":\"fr-FR\",\"@id\":\"https:\/\/kapitalis.com\/tunisie\/2016\/08\/04\/youssef-chahed-lhomme-invisible-sous-les-feux-de-la-rampe\/#primaryimage\",\"url\":\"http:\/\/kapitalis.com\/tunisie\/wp-content\/uploads\/2016\/08\/Youssef-Chahed.jpg\",\"contentUrl\":\"http:\/\/kapitalis.com\/tunisie\/wp-content\/uploads\/2016\/08\/Youssef-Chahed.jpg\"},{\"@type\":\"BreadcrumbList\",\"@id\":\"https:\/\/kapitalis.com\/tunisie\/2016\/08\/04\/youssef-chahed-lhomme-invisible-sous-les-feux-de-la-rampe\/#breadcrumb\",\"itemListElement\":[{\"@type\":\"ListItem\",\"position\":1,\"name\":\"Accueil\",\"item\":\"https:\/\/kapitalis.com\/tunisie\/\"},{\"@type\":\"ListItem\",\"position\":2,\"name\":\"Youssef Chahed: L&rsquo;homme invisible sous les feux de la rampe\"}]},{\"@type\":\"WebSite\",\"@id\":\"https:\/\/kapitalis.com\/tunisie\/#website\",\"url\":\"https:\/\/kapitalis.com\/tunisie\/\",\"name\":\"Kapitalis\",\"description\":\"L&#039;actualit\u00e9 en Tunisie et dans le monde\",\"publisher\":{\"@id\":\"https:\/\/kapitalis.com\/tunisie\/#organization\"},\"potentialAction\":[{\"@type\":\"SearchAction\",\"target\":{\"@type\":\"EntryPoint\",\"urlTemplate\":\"https:\/\/kapitalis.com\/tunisie\/?s={search_term_string}\"},\"query-input\":{\"@type\":\"PropertyValueSpecification\",\"valueRequired\":true,\"valueName\":\"search_term_string\"}}],\"inLanguage\":\"fr-FR\"},{\"@type\":\"Organization\",\"@id\":\"https:\/\/kapitalis.com\/tunisie\/#organization\",\"name\":\"Kapitalis\",\"url\":\"https:\/\/kapitalis.com\/tunisie\/\",\"logo\":{\"@type\":\"ImageObject\",\"inLanguage\":\"fr-FR\",\"@id\":\"https:\/\/kapitalis.com\/tunisie\/#\/schema\/logo\/image\/\",\"url\":\"https:\/\/kapitalis.com\/tunisie\/wp-content\/uploads\/2022\/05\/Kapitalis-big-size.png\",\"contentUrl\":\"https:\/\/kapitalis.com\/tunisie\/wp-content\/uploads\/2022\/05\/Kapitalis-big-size.png\",\"width\":5000,\"height\":1500,\"caption\":\"Kapitalis\"},\"image\":{\"@id\":\"https:\/\/kapitalis.com\/tunisie\/#\/schema\/logo\/image\/\"},\"sameAs\":[\"https:\/\/www.facebook.com\/KapitalisInfo\/\",\"https:\/\/x.com\/KapitalisInfo\",\"https:\/\/www.youtube.com\/channel\/UC-yDYrHyfFBWWZaOw3FPg9Q\"]},{\"@type\":\"Person\",\"@id\":\"https:\/\/kapitalis.com\/tunisie\/#\/schema\/person\/d71f33a9ca44f7bad4698210b480c8e9\",\"name\":\"webmaster kapitalis\",\"url\":\"https:\/\/kapitalis.com\/tunisie\/author\/webmaster-kapitalis\/\"}]}<\/script>\n<!-- \/ Yoast SEO plugin. -->","yoast_head_json":{"title":"Youssef Chahed: L'homme invisible sous les feux de la rampe - Kapitalis","robots":{"index":"index","follow":"follow","max-snippet":"max-snippet:-1","max-image-preview":"max-image-preview:large","max-video-preview":"max-video-preview:-1"},"canonical":"https:\/\/kapitalis.com\/tunisie\/2016\/08\/04\/youssef-chahed-lhomme-invisible-sous-les-feux-de-la-rampe\/","og_locale":"fr_FR","og_type":"article","og_title":"Youssef Chahed: L'homme invisible sous les feux de la rampe - Kapitalis","og_description":"Avec son profil de gendre id\u00e9al, Youssef Chahed reste peu connu des Tunisiens. Avec lui, la sc\u00e8ne politique tunisienne effectue enfin sa transition g\u00e9n\u00e9rationnelle.","og_url":"https:\/\/kapitalis.com\/tunisie\/2016\/08\/04\/youssef-chahed-lhomme-invisible-sous-les-feux-de-la-rampe\/","og_site_name":"Kapitalis","article_publisher":"https:\/\/www.facebook.com\/KapitalisInfo\/","article_published_time":"2016-08-04T08:16:31+00:00","article_modified_time":"2016-08-04T08:30:21+00:00","og_image":[{"url":"http:\/\/kapitalis.com\/tunisie\/wp-content\/uploads\/2016\/08\/Youssef-Chahed.jpg","type":"","width":"","height":""}],"author":"webmaster kapitalis","twitter_card":"summary_large_image","twitter_creator":"@KapitalisInfo","twitter_site":"@KapitalisInfo","twitter_misc":{"\u00c9crit par":"webmaster kapitalis","Dur\u00e9e de lecture estim\u00e9e":"3 minutes"},"schema":{"@context":"https:\/\/schema.org","@graph":[{"@type":"Article","@id":"https:\/\/kapitalis.com\/tunisie\/2016\/08\/04\/youssef-chahed-lhomme-invisible-sous-les-feux-de-la-rampe\/#article","isPartOf":{"@id":"https:\/\/kapitalis.com\/tunisie\/2016\/08\/04\/youssef-chahed-lhomme-invisible-sous-les-feux-de-la-rampe\/"},"author":{"name":"webmaster kapitalis","@id":"https:\/\/kapitalis.com\/tunisie\/#\/schema\/person\/d71f33a9ca44f7bad4698210b480c8e9"},"headline":"Youssef Chahed: L&rsquo;homme invisible sous les feux de la rampe","datePublished":"2016-08-04T08:16:31+00:00","dateModified":"2016-08-04T08:30:21+00:00","mainEntityOfPage":{"@id":"https:\/\/kapitalis.com\/tunisie\/2016\/08\/04\/youssef-chahed-lhomme-invisible-sous-les-feux-de-la-rampe\/"},"wordCount":679,"commentCount":6,"publisher":{"@id":"https:\/\/kapitalis.com\/tunisie\/#organization"},"image":{"@id":"https:\/\/kapitalis.com\/tunisie\/2016\/08\/04\/youssef-chahed-lhomme-invisible-sous-les-feux-de-la-rampe\/#primaryimage"},"thumbnailUrl":"http:\/\/kapitalis.com\/tunisie\/wp-content\/uploads\/2016\/08\/Youssef-Chahed.jpg","keywords":["Al-Joumhouri","gouvernement d'union nationale"],"articleSection":["POLITIQUE","Tunisie"],"inLanguage":"fr-FR","potentialAction":[{"@type":"CommentAction","name":"Comment","target":["https:\/\/kapitalis.com\/tunisie\/2016\/08\/04\/youssef-chahed-lhomme-invisible-sous-les-feux-de-la-rampe\/#respond"]}]},{"@type":"WebPage","@id":"https:\/\/kapitalis.com\/tunisie\/2016\/08\/04\/youssef-chahed-lhomme-invisible-sous-les-feux-de-la-rampe\/","url":"https:\/\/kapitalis.com\/tunisie\/2016\/08\/04\/youssef-chahed-lhomme-invisible-sous-les-feux-de-la-rampe\/","name":"Youssef Chahed: L'homme invisible sous les feux de la rampe - Kapitalis","isPartOf":{"@id":"https:\/\/kapitalis.com\/tunisie\/#website"},"primaryImageOfPage":{"@id":"https:\/\/kapitalis.com\/tunisie\/2016\/08\/04\/youssef-chahed-lhomme-invisible-sous-les-feux-de-la-rampe\/#primaryimage"},"image":{"@id":"https:\/\/kapitalis.com\/tunisie\/2016\/08\/04\/youssef-chahed-lhomme-invisible-sous-les-feux-de-la-rampe\/#primaryimage"},"thumbnailUrl":"http:\/\/kapitalis.com\/tunisie\/wp-content\/uploads\/2016\/08\/Youssef-Chahed.jpg","datePublished":"2016-08-04T08:16:31+00:00","dateModified":"2016-08-04T08:30:21+00:00","breadcrumb":{"@id":"https:\/\/kapitalis.com\/tunisie\/2016\/08\/04\/youssef-chahed-lhomme-invisible-sous-les-feux-de-la-rampe\/#breadcrumb"},"inLanguage":"fr-FR","potentialAction":[{"@type":"ReadAction","target":["https:\/\/kapitalis.com\/tunisie\/2016\/08\/04\/youssef-chahed-lhomme-invisible-sous-les-feux-de-la-rampe\/"]}]},{"@type":"ImageObject","inLanguage":"fr-FR","@id":"https:\/\/kapitalis.com\/tunisie\/2016\/08\/04\/youssef-chahed-lhomme-invisible-sous-les-feux-de-la-rampe\/#primaryimage","url":"http:\/\/kapitalis.com\/tunisie\/wp-content\/uploads\/2016\/08\/Youssef-Chahed.jpg","contentUrl":"http:\/\/kapitalis.com\/tunisie\/wp-content\/uploads\/2016\/08\/Youssef-Chahed.jpg"},{"@type":"BreadcrumbList","@id":"https:\/\/kapitalis.com\/tunisie\/2016\/08\/04\/youssef-chahed-lhomme-invisible-sous-les-feux-de-la-rampe\/#breadcrumb","itemListElement":[{"@type":"ListItem","position":1,"name":"Accueil","item":"https:\/\/kapitalis.com\/tunisie\/"},{"@type":"ListItem","position":2,"name":"Youssef Chahed: L&rsquo;homme invisible sous les feux de la rampe"}]},{"@type":"WebSite","@id":"https:\/\/kapitalis.com\/tunisie\/#website","url":"https:\/\/kapitalis.com\/tunisie\/","name":"Kapitalis","description":"L&#039;actualit\u00e9 en Tunisie et dans le monde","publisher":{"@id":"https:\/\/kapitalis.com\/tunisie\/#organization"},"potentialAction":[{"@type":"SearchAction","target":{"@type":"EntryPoint","urlTemplate":"https:\/\/kapitalis.com\/tunisie\/?s={search_term_string}"},"query-input":{"@type":"PropertyValueSpecification","valueRequired":true,"valueName":"search_term_string"}}],"inLanguage":"fr-FR"},{"@type":"Organization","@id":"https:\/\/kapitalis.com\/tunisie\/#organization","name":"Kapitalis","url":"https:\/\/kapitalis.com\/tunisie\/","logo":{"@type":"ImageObject","inLanguage":"fr-FR","@id":"https:\/\/kapitalis.com\/tunisie\/#\/schema\/logo\/image\/","url":"https:\/\/kapitalis.com\/tunisie\/wp-content\/uploads\/2022\/05\/Kapitalis-big-size.png","contentUrl":"https:\/\/kapitalis.com\/tunisie\/wp-content\/uploads\/2022\/05\/Kapitalis-big-size.png","width":5000,"height":1500,"caption":"Kapitalis"},"image":{"@id":"https:\/\/kapitalis.com\/tunisie\/#\/schema\/logo\/image\/"},"sameAs":["https:\/\/www.facebook.com\/KapitalisInfo\/","https:\/\/x.com\/KapitalisInfo","https:\/\/www.youtube.com\/channel\/UC-yDYrHyfFBWWZaOw3FPg9Q"]},{"@type":"Person","@id":"https:\/\/kapitalis.com\/tunisie\/#\/schema\/person\/d71f33a9ca44f7bad4698210b480c8e9","name":"webmaster kapitalis","url":"https:\/\/kapitalis.com\/tunisie\/author\/webmaster-kapitalis\/"}]}},"_links":{"self":[{"href":"https:\/\/kapitalis.com\/tunisie\/wp-json\/wp\/v2\/posts\/60073","targetHints":{"allow":["GET"]}}],"collection":[{"href":"https:\/\/kapitalis.com\/tunisie\/wp-json\/wp\/v2\/posts"}],"about":[{"href":"https:\/\/kapitalis.com\/tunisie\/wp-json\/wp\/v2\/types\/post"}],"author":[{"embeddable":true,"href":"https:\/\/kapitalis.com\/tunisie\/wp-json\/wp\/v2\/users\/8"}],"replies":[{"embeddable":true,"href":"https:\/\/kapitalis.com\/tunisie\/wp-json\/wp\/v2\/comments?post=60073"}],"version-history":[{"count":0,"href":"https:\/\/kapitalis.com\/tunisie\/wp-json\/wp\/v2\/posts\/60073\/revisions"}],"wp:attachment":[{"href":"https:\/\/kapitalis.com\/tunisie\/wp-json\/wp\/v2\/media?parent=60073"}],"wp:term":[{"taxonomy":"category","embeddable":true,"href":"https:\/\/kapitalis.com\/tunisie\/wp-json\/wp\/v2\/categories?post=60073"},{"taxonomy":"post_tag","embeddable":true,"href":"https:\/\/kapitalis.com\/tunisie\/wp-json\/wp\/v2\/tags?post=60073"}],"curies":[{"name":"wp","href":"https:\/\/api.w.org\/{rel}","templated":true}]}}