{"id":60104,"date":"2016-08-04T12:36:03","date_gmt":"2016-08-04T11:36:03","guid":{"rendered":"http:\/\/kapitalis.com\/tunisie\/?p=60104"},"modified":"2016-08-04T12:37:20","modified_gmt":"2016-08-04T11:37:20","slug":"medenine-un-policier-arrete-pour-contrebande","status":"publish","type":"post","link":"https:\/\/kapitalis.com\/tunisie\/2016\/08\/04\/medenine-un-policier-arrete-pour-contrebande\/","title":{"rendered":"M\u00e9denine : Un policier arr\u00eat\u00e9 pour contrebande"},"content":{"rendered":"<p style=\"text-align: center;\"><img loading=\"lazy\" decoding=\"async\" class=\"alignnone size-full wp-image-23732\" src=\"http:\/\/kapitalis.com\/tunisie\/wp-content\/uploads\/2015\/11\/cigarette.jpg\" alt=\"cigarette\" width=\"626\" height=\"380\" \/><\/p>\n<p><em><strong>La garde nationale de M\u00e9denine a arr\u00eat\u00e9, hier soir, un policier en possession de tabac de contrebande.<\/strong><\/em><\/p>\n<p><!--more--><\/p>\n<p>Une voiture sans plaque d\u2019immatriculation, \u00e0 bord de laquelle se trouvaient 5 personnes, a attir\u00e9 les soup\u00e7ons d&rsquo;une\u00a0patrouille de la garde nationale. Le conducteur, policier de son \u00e9tat, travaillant \u00e0 Zarzis, a d\u00e9clin\u00e9 sa profession et demand\u00e9 \u00e0 ses coll\u00e8gues\u00a0de ne pas fouiller la voiture. Ces derniers ont insist\u00e9 pour effectuer la fouille\u00a0et ont d\u00e9couvert\u00a0des sacs dissimul\u00e9s dans des caches am\u00e9nag\u00e9es contenant des cigarettes et du tabac de contrebande import\u00e9s de la Libye.<\/p>\n<p style=\"text-align: left;\">La marchandise a \u00e9t\u00e9 saisie\u00a0et\u00a0les 5 passagers de la voiture arr\u00eat\u00e9s, mais seul le policier de Zarzis a \u00e9t\u00e9 maintenu en d\u00e9tention.<\/p>\n<p style=\"text-align: right;\"><strong>Y. N.\u00a0<\/strong><\/p>\n","protected":false},"excerpt":{"rendered":"<p>La garde nationale de M\u00e9denine a arr\u00eat\u00e9, hier soir, un policier en possession de tabac de contrebande.<\/p>\n","protected":false},"author":6,"featured_media":0,"comment_status":"open","ping_status":"open","sticky":false,"template":"","format":"standard","meta":{"footnotes":""},"categories":[998,2433],"tags":[18052,233,1279,591,2596,5104,975],"class_list":["post-60104","post","type-post","status-publish","format-standard","hentry","category-societe","category-tunisie","tag-cigarettes","tag-contrebande","tag-detention","tag-medenine","tag-policier","tag-tabac","tag-zarzis"],"yoast_head":"<!-- This site is optimized with the Yoast SEO plugin v26.6 - https:\/\/yoast.com\/wordpress\/plugins\/seo\/ -->\n<title>M\u00e9denine : Un policier arr\u00eat\u00e9 pour contrebande - Kapitalis<\/title>\n<meta name=\"robots\" content=\"index, follow, max-snippet:-1, max-image-preview:large, max-video-preview:-1\" \/>\n<link rel=\"canonical\" href=\"https:\/\/kapitalis.com\/tunisie\/2016\/08\/04\/medenine-un-policier-arrete-pour-contrebande\/\" \/>\n<meta property=\"og:locale\" content=\"fr_FR\" \/>\n<meta property=\"og:type\" content=\"article\" \/>\n<meta property=\"og:title\" content=\"M\u00e9denine : Un policier arr\u00eat\u00e9 pour contrebande - Kapitalis\" \/>\n<meta property=\"og:description\" content=\"La garde nationale de M\u00e9denine a arr\u00eat\u00e9, hier soir, un policier en possession de tabac de contrebande.\" \/>\n<meta property=\"og:url\" content=\"https:\/\/kapitalis.com\/tunisie\/2016\/08\/04\/medenine-un-policier-arrete-pour-contrebande\/\" \/>\n<meta property=\"og:site_name\" content=\"Kapitalis\" \/>\n<meta property=\"article:publisher\" content=\"https:\/\/www.facebook.com\/KapitalisInfo\/\" \/>\n<meta property=\"article:published_time\" content=\"2016-08-04T11:36:03+00:00\" \/>\n<meta property=\"article:modified_time\" content=\"2016-08-04T11:37:20+00:00\" \/>\n<meta property=\"og:image\" content=\"http:\/\/kapitalis.com\/tunisie\/wp-content\/uploads\/2015\/11\/cigarette.jpg\" \/>\n<meta name=\"author\" content=\"Yusra NY\" \/>\n<meta name=\"twitter:card\" content=\"summary_large_image\" \/>\n<meta name=\"twitter:creator\" content=\"@KapitalisInfo\" \/>\n<meta name=\"twitter:site\" content=\"@KapitalisInfo\" \/>\n<meta name=\"twitter:label1\" content=\"\u00c9crit par\" \/>\n\t<meta name=\"twitter:data1\" content=\"Yusra NY\" \/>\n\t<meta name=\"twitter:label2\" content=\"Dur\u00e9e de lecture estim\u00e9e\" \/>\n\t<meta name=\"twitter:data2\" content=\"1 minute\" \/>\n<script type=\"application\/ld+json\" class=\"yoast-schema-graph\">{\"@context\":\"https:\/\/schema.org\",\"@graph\":[{\"@type\":\"Article\",\"@id\":\"https:\/\/kapitalis.com\/tunisie\/2016\/08\/04\/medenine-un-policier-arrete-pour-contrebande\/#article\",\"isPartOf\":{\"@id\":\"https:\/\/kapitalis.com\/tunisie\/2016\/08\/04\/medenine-un-policier-arrete-pour-contrebande\/\"},\"author\":{\"name\":\"Yusra NY\",\"@id\":\"https:\/\/kapitalis.com\/tunisie\/#\/schema\/person\/74bbde0154d49d790a92aaeac5bc01d5\"},\"headline\":\"M\u00e9denine : Un policier arr\u00eat\u00e9 pour contrebande\",\"datePublished\":\"2016-08-04T11:36:03+00:00\",\"dateModified\":\"2016-08-04T11:37:20+00:00\",\"mainEntityOfPage\":{\"@id\":\"https:\/\/kapitalis.com\/tunisie\/2016\/08\/04\/medenine-un-policier-arrete-pour-contrebande\/\"},\"wordCount\":137,\"commentCount\":1,\"publisher\":{\"@id\":\"https:\/\/kapitalis.com\/tunisie\/#organization\"},\"image\":{\"@id\":\"https:\/\/kapitalis.com\/tunisie\/2016\/08\/04\/medenine-un-policier-arrete-pour-contrebande\/#primaryimage\"},\"thumbnailUrl\":\"http:\/\/kapitalis.com\/tunisie\/wp-content\/uploads\/2015\/11\/cigarette.jpg\",\"keywords\":[\"cigarettes\",\"contrebande\",\"d\u00e9tention\",\"Medenine\",\"policier\",\"tabac\",\"Zarzis\"],\"articleSection\":[\"SOCIETE\",\"Tunisie\"],\"inLanguage\":\"fr-FR\",\"potentialAction\":[{\"@type\":\"CommentAction\",\"name\":\"Comment\",\"target\":[\"https:\/\/kapitalis.com\/tunisie\/2016\/08\/04\/medenine-un-policier-arrete-pour-contrebande\/#respond\"]}]},{\"@type\":\"WebPage\",\"@id\":\"https:\/\/kapitalis.com\/tunisie\/2016\/08\/04\/medenine-un-policier-arrete-pour-contrebande\/\",\"url\":\"https:\/\/kapitalis.com\/tunisie\/2016\/08\/04\/medenine-un-policier-arrete-pour-contrebande\/\",\"name\":\"M\u00e9denine : Un policier arr\u00eat\u00e9 pour contrebande - Kapitalis\",\"isPartOf\":{\"@id\":\"https:\/\/kapitalis.com\/tunisie\/#website\"},\"primaryImageOfPage\":{\"@id\":\"https:\/\/kapitalis.com\/tunisie\/2016\/08\/04\/medenine-un-policier-arrete-pour-contrebande\/#primaryimage\"},\"image\":{\"@id\":\"https:\/\/kapitalis.com\/tunisie\/2016\/08\/04\/medenine-un-policier-arrete-pour-contrebande\/#primaryimage\"},\"thumbnailUrl\":\"http:\/\/kapitalis.com\/tunisie\/wp-content\/uploads\/2015\/11\/cigarette.jpg\",\"datePublished\":\"2016-08-04T11:36:03+00:00\",\"dateModified\":\"2016-08-04T11:37:20+00:00\",\"breadcrumb\":{\"@id\":\"https:\/\/kapitalis.com\/tunisie\/2016\/08\/04\/medenine-un-policier-arrete-pour-contrebande\/#breadcrumb\"},\"inLanguage\":\"fr-FR\",\"potentialAction\":[{\"@type\":\"ReadAction\",\"target\":[\"https:\/\/kapitalis.com\/tunisie\/2016\/08\/04\/medenine-un-policier-arrete-pour-contrebande\/\"]}]},{\"@type\":\"ImageObject\",\"inLanguage\":\"fr-FR\",\"@id\":\"https:\/\/kapitalis.com\/tunisie\/2016\/08\/04\/medenine-un-policier-arrete-pour-contrebande\/#primaryimage\",\"url\":\"http:\/\/kapitalis.com\/tunisie\/wp-content\/uploads\/2015\/11\/cigarette.jpg\",\"contentUrl\":\"http:\/\/kapitalis.com\/tunisie\/wp-content\/uploads\/2015\/11\/cigarette.jpg\"},{\"@type\":\"BreadcrumbList\",\"@id\":\"https:\/\/kapitalis.com\/tunisie\/2016\/08\/04\/medenine-un-policier-arrete-pour-contrebande\/#breadcrumb\",\"itemListElement\":[{\"@type\":\"ListItem\",\"position\":1,\"name\":\"Accueil\",\"item\":\"https:\/\/kapitalis.com\/tunisie\/\"},{\"@type\":\"ListItem\",\"position\":2,\"name\":\"M\u00e9denine : Un policier arr\u00eat\u00e9 pour contrebande\"}]},{\"@type\":\"WebSite\",\"@id\":\"https:\/\/kapitalis.com\/tunisie\/#website\",\"url\":\"https:\/\/kapitalis.com\/tunisie\/\",\"name\":\"Kapitalis\",\"description\":\"L&#039;actualit\u00e9 en Tunisie et dans le monde\",\"publisher\":{\"@id\":\"https:\/\/kapitalis.com\/tunisie\/#organization\"},\"potentialAction\":[{\"@type\":\"SearchAction\",\"target\":{\"@type\":\"EntryPoint\",\"urlTemplate\":\"https:\/\/kapitalis.com\/tunisie\/?s={search_term_string}\"},\"query-input\":{\"@type\":\"PropertyValueSpecification\",\"valueRequired\":true,\"valueName\":\"search_term_string\"}}],\"inLanguage\":\"fr-FR\"},{\"@type\":\"Organization\",\"@id\":\"https:\/\/kapitalis.com\/tunisie\/#organization\",\"name\":\"Kapitalis\",\"url\":\"https:\/\/kapitalis.com\/tunisie\/\",\"logo\":{\"@type\":\"ImageObject\",\"inLanguage\":\"fr-FR\",\"@id\":\"https:\/\/kapitalis.com\/tunisie\/#\/schema\/logo\/image\/\",\"url\":\"https:\/\/kapitalis.com\/tunisie\/wp-content\/uploads\/2022\/05\/Kapitalis-big-size.png\",\"contentUrl\":\"https:\/\/kapitalis.com\/tunisie\/wp-content\/uploads\/2022\/05\/Kapitalis-big-size.png\",\"width\":5000,\"height\":1500,\"caption\":\"Kapitalis\"},\"image\":{\"@id\":\"https:\/\/kapitalis.com\/tunisie\/#\/schema\/logo\/image\/\"},\"sameAs\":[\"https:\/\/www.facebook.com\/KapitalisInfo\/\",\"https:\/\/x.com\/KapitalisInfo\",\"https:\/\/www.youtube.com\/channel\/UC-yDYrHyfFBWWZaOw3FPg9Q\"]},{\"@type\":\"Person\",\"@id\":\"https:\/\/kapitalis.com\/tunisie\/#\/schema\/person\/74bbde0154d49d790a92aaeac5bc01d5\",\"name\":\"Yusra NY\",\"url\":\"https:\/\/kapitalis.com\/tunisie\/author\/yuza_adam\/\"}]}<\/script>\n<!-- \/ Yoast SEO plugin. -->","yoast_head_json":{"title":"M\u00e9denine : Un policier arr\u00eat\u00e9 pour contrebande - Kapitalis","robots":{"index":"index","follow":"follow","max-snippet":"max-snippet:-1","max-image-preview":"max-image-preview:large","max-video-preview":"max-video-preview:-1"},"canonical":"https:\/\/kapitalis.com\/tunisie\/2016\/08\/04\/medenine-un-policier-arrete-pour-contrebande\/","og_locale":"fr_FR","og_type":"article","og_title":"M\u00e9denine : Un policier arr\u00eat\u00e9 pour contrebande - Kapitalis","og_description":"La garde nationale de M\u00e9denine a arr\u00eat\u00e9, hier soir, un policier en possession de tabac de contrebande.","og_url":"https:\/\/kapitalis.com\/tunisie\/2016\/08\/04\/medenine-un-policier-arrete-pour-contrebande\/","og_site_name":"Kapitalis","article_publisher":"https:\/\/www.facebook.com\/KapitalisInfo\/","article_published_time":"2016-08-04T11:36:03+00:00","article_modified_time":"2016-08-04T11:37:20+00:00","og_image":[{"url":"http:\/\/kapitalis.com\/tunisie\/wp-content\/uploads\/2015\/11\/cigarette.jpg","type":"","width":"","height":""}],"author":"Yusra NY","twitter_card":"summary_large_image","twitter_creator":"@KapitalisInfo","twitter_site":"@KapitalisInfo","twitter_misc":{"\u00c9crit par":"Yusra NY","Dur\u00e9e de lecture estim\u00e9e":"1 minute"},"schema":{"@context":"https:\/\/schema.org","@graph":[{"@type":"Article","@id":"https:\/\/kapitalis.com\/tunisie\/2016\/08\/04\/medenine-un-policier-arrete-pour-contrebande\/#article","isPartOf":{"@id":"https:\/\/kapitalis.com\/tunisie\/2016\/08\/04\/medenine-un-policier-arrete-pour-contrebande\/"},"author":{"name":"Yusra NY","@id":"https:\/\/kapitalis.com\/tunisie\/#\/schema\/person\/74bbde0154d49d790a92aaeac5bc01d5"},"headline":"M\u00e9denine : Un policier arr\u00eat\u00e9 pour contrebande","datePublished":"2016-08-04T11:36:03+00:00","dateModified":"2016-08-04T11:37:20+00:00","mainEntityOfPage":{"@id":"https:\/\/kapitalis.com\/tunisie\/2016\/08\/04\/medenine-un-policier-arrete-pour-contrebande\/"},"wordCount":137,"commentCount":1,"publisher":{"@id":"https:\/\/kapitalis.com\/tunisie\/#organization"},"image":{"@id":"https:\/\/kapitalis.com\/tunisie\/2016\/08\/04\/medenine-un-policier-arrete-pour-contrebande\/#primaryimage"},"thumbnailUrl":"http:\/\/kapitalis.com\/tunisie\/wp-content\/uploads\/2015\/11\/cigarette.jpg","keywords":["cigarettes","contrebande","d\u00e9tention","Medenine","policier","tabac","Zarzis"],"articleSection":["SOCIETE","Tunisie"],"inLanguage":"fr-FR","potentialAction":[{"@type":"CommentAction","name":"Comment","target":["https:\/\/kapitalis.com\/tunisie\/2016\/08\/04\/medenine-un-policier-arrete-pour-contrebande\/#respond"]}]},{"@type":"WebPage","@id":"https:\/\/kapitalis.com\/tunisie\/2016\/08\/04\/medenine-un-policier-arrete-pour-contrebande\/","url":"https:\/\/kapitalis.com\/tunisie\/2016\/08\/04\/medenine-un-policier-arrete-pour-contrebande\/","name":"M\u00e9denine : Un policier arr\u00eat\u00e9 pour contrebande - Kapitalis","isPartOf":{"@id":"https:\/\/kapitalis.com\/tunisie\/#website"},"primaryImageOfPage":{"@id":"https:\/\/kapitalis.com\/tunisie\/2016\/08\/04\/medenine-un-policier-arrete-pour-contrebande\/#primaryimage"},"image":{"@id":"https:\/\/kapitalis.com\/tunisie\/2016\/08\/04\/medenine-un-policier-arrete-pour-contrebande\/#primaryimage"},"thumbnailUrl":"http:\/\/kapitalis.com\/tunisie\/wp-content\/uploads\/2015\/11\/cigarette.jpg","datePublished":"2016-08-04T11:36:03+00:00","dateModified":"2016-08-04T11:37:20+00:00","breadcrumb":{"@id":"https:\/\/kapitalis.com\/tunisie\/2016\/08\/04\/medenine-un-policier-arrete-pour-contrebande\/#breadcrumb"},"inLanguage":"fr-FR","potentialAction":[{"@type":"ReadAction","target":["https:\/\/kapitalis.com\/tunisie\/2016\/08\/04\/medenine-un-policier-arrete-pour-contrebande\/"]}]},{"@type":"ImageObject","inLanguage":"fr-FR","@id":"https:\/\/kapitalis.com\/tunisie\/2016\/08\/04\/medenine-un-policier-arrete-pour-contrebande\/#primaryimage","url":"http:\/\/kapitalis.com\/tunisie\/wp-content\/uploads\/2015\/11\/cigarette.jpg","contentUrl":"http:\/\/kapitalis.com\/tunisie\/wp-content\/uploads\/2015\/11\/cigarette.jpg"},{"@type":"BreadcrumbList","@id":"https:\/\/kapitalis.com\/tunisie\/2016\/08\/04\/medenine-un-policier-arrete-pour-contrebande\/#breadcrumb","itemListElement":[{"@type":"ListItem","position":1,"name":"Accueil","item":"https:\/\/kapitalis.com\/tunisie\/"},{"@type":"ListItem","position":2,"name":"M\u00e9denine : Un policier arr\u00eat\u00e9 pour contrebande"}]},{"@type":"WebSite","@id":"https:\/\/kapitalis.com\/tunisie\/#website","url":"https:\/\/kapitalis.com\/tunisie\/","name":"Kapitalis","description":"L&#039;actualit\u00e9 en Tunisie et dans le monde","publisher":{"@id":"https:\/\/kapitalis.com\/tunisie\/#organization"},"potentialAction":[{"@type":"SearchAction","target":{"@type":"EntryPoint","urlTemplate":"https:\/\/kapitalis.com\/tunisie\/?s={search_term_string}"},"query-input":{"@type":"PropertyValueSpecification","valueRequired":true,"valueName":"search_term_string"}}],"inLanguage":"fr-FR"},{"@type":"Organization","@id":"https:\/\/kapitalis.com\/tunisie\/#organization","name":"Kapitalis","url":"https:\/\/kapitalis.com\/tunisie\/","logo":{"@type":"ImageObject","inLanguage":"fr-FR","@id":"https:\/\/kapitalis.com\/tunisie\/#\/schema\/logo\/image\/","url":"https:\/\/kapitalis.com\/tunisie\/wp-content\/uploads\/2022\/05\/Kapitalis-big-size.png","contentUrl":"https:\/\/kapitalis.com\/tunisie\/wp-content\/uploads\/2022\/05\/Kapitalis-big-size.png","width":5000,"height":1500,"caption":"Kapitalis"},"image":{"@id":"https:\/\/kapitalis.com\/tunisie\/#\/schema\/logo\/image\/"},"sameAs":["https:\/\/www.facebook.com\/KapitalisInfo\/","https:\/\/x.com\/KapitalisInfo","https:\/\/www.youtube.com\/channel\/UC-yDYrHyfFBWWZaOw3FPg9Q"]},{"@type":"Person","@id":"https:\/\/kapitalis.com\/tunisie\/#\/schema\/person\/74bbde0154d49d790a92aaeac5bc01d5","name":"Yusra NY","url":"https:\/\/kapitalis.com\/tunisie\/author\/yuza_adam\/"}]}},"_links":{"self":[{"href":"https:\/\/kapitalis.com\/tunisie\/wp-json\/wp\/v2\/posts\/60104","targetHints":{"allow":["GET"]}}],"collection":[{"href":"https:\/\/kapitalis.com\/tunisie\/wp-json\/wp\/v2\/posts"}],"about":[{"href":"https:\/\/kapitalis.com\/tunisie\/wp-json\/wp\/v2\/types\/post"}],"author":[{"embeddable":true,"href":"https:\/\/kapitalis.com\/tunisie\/wp-json\/wp\/v2\/users\/6"}],"replies":[{"embeddable":true,"href":"https:\/\/kapitalis.com\/tunisie\/wp-json\/wp\/v2\/comments?post=60104"}],"version-history":[{"count":0,"href":"https:\/\/kapitalis.com\/tunisie\/wp-json\/wp\/v2\/posts\/60104\/revisions"}],"wp:attachment":[{"href":"https:\/\/kapitalis.com\/tunisie\/wp-json\/wp\/v2\/media?parent=60104"}],"wp:term":[{"taxonomy":"category","embeddable":true,"href":"https:\/\/kapitalis.com\/tunisie\/wp-json\/wp\/v2\/categories?post=60104"},{"taxonomy":"post_tag","embeddable":true,"href":"https:\/\/kapitalis.com\/tunisie\/wp-json\/wp\/v2\/tags?post=60104"}],"curies":[{"name":"wp","href":"https:\/\/api.w.org\/{rel}","templated":true}]}}