{"id":60129,"date":"2016-08-04T13:31:56","date_gmt":"2016-08-04T12:31:56","guid":{"rendered":"http:\/\/kapitalis.com\/tunisie\/?p=60129"},"modified":"2016-08-04T14:00:32","modified_gmt":"2016-08-04T13:00:32","slug":"al-massar-echaab-ne-participeront-pas-au-gouvernement-chahed","status":"publish","type":"post","link":"https:\/\/kapitalis.com\/tunisie\/2016\/08\/04\/al-massar-echaab-ne-participeront-pas-au-gouvernement-chahed\/","title":{"rendered":"Al-Massar et Echa\u00e2b ne participeront pas au gouvernement Chahed"},"content":{"rendered":"<p style=\"text-align: center;\"><img loading=\"lazy\" decoding=\"async\" class=\"alignnone size-full wp-image-60130\" src=\"http:\/\/kapitalis.com\/tunisie\/wp-content\/uploads\/2016\/08\/Gouvernement-partis-participant-aux-n\u00e9gociations.jpg\" alt=\"Gouvernement partis participant aux n\u00e9gociations\" width=\"626\" height=\"380\" \/><\/p>\n<p style=\"text-align: center;\"><em>R\u00e9union de\u00a0consultation sur le gouvernement d\u2019union nationale.<\/em><\/p>\n<p><em><strong>Al-Massar et le Mouvement Echa\u00e2b se retirent des consultations sur la formation du gouvernement d\u2019union nationale.<\/strong><\/em><\/p>\n<p><!--more--><\/p>\n<p>Alors que Youssef Chahed, le Premier ministre d\u00e9sign\u00e9, a entam\u00e9, ce matin, au palais Dhiafa, \u00e0 Carthage, les consultations avec les repr\u00e9sentants des partis politiques et des personnalit\u00e9s nationales sur la formation du nouveau gouvernement, le parti Al-Massar et le Mouvement Echa\u00e2b ont annonc\u00e9 leur retrait de ces consultations, \u00e0 l\u2019instar de Harakat Machrou Tounes (Mouvement du Projet Tunisie), qui avait annonc\u00e9 son retrait hier.<\/p>\n<p>Le secr\u00e9taire g\u00e9n\u00e9ral d\u2019Al-Massar, Samir Ta\u00efeb, a pr\u00e9cis\u00e9 que son parti\u00a0n\u2019a rien contre la personne de Youssef Chahed, mais il\u00a0aurait pr\u00e9f\u00e9r\u00e9 la d\u00e9signation d\u2019une personnalit\u00e9 ind\u00e9pendante pour la formation du nouveau gouvernement, sachant que\u00a0Youssef Chahed est un dirigeant de Nidaa Tounes, parti dominant la coalition gouvernementale.<\/p>\n<p style=\"text-align: right;\"><strong>Y. N.<\/strong><\/p>\n","protected":false},"excerpt":{"rendered":"<p>R\u00e9union de\u00a0consultation sur le gouvernement d\u2019union nationale. Al-Massar et le Mouvement Echa\u00e2b se retirent des consultations sur la formation du gouvernement d\u2019union nationale.<\/p>\n","protected":false},"author":6,"featured_media":60130,"comment_status":"open","ping_status":"open","sticky":false,"template":"","format":"standard","meta":{"footnotes":""},"categories":[997,2433],"tags":[6803,4770,418,18674,9780,21168],"class_list":["post-60129","post","type-post","status-publish","format-standard","has-post-thumbnail","hentry","category-politique","category-tunisie","tag-al-massar","tag-chef-gouvernement","tag-gouvernement","tag-machrou3-tounes","tag-premier-ministre","tag-union-nationale"],"yoast_head":"<!-- This site is optimized with the Yoast SEO plugin v26.6 - https:\/\/yoast.com\/wordpress\/plugins\/seo\/ -->\n<title>Al-Massar et Echa\u00e2b ne participeront pas au gouvernement Chahed - Kapitalis<\/title>\n<meta name=\"robots\" content=\"index, follow, max-snippet:-1, max-image-preview:large, max-video-preview:-1\" \/>\n<link rel=\"canonical\" href=\"https:\/\/kapitalis.com\/tunisie\/2016\/08\/04\/al-massar-echaab-ne-participeront-pas-au-gouvernement-chahed\/\" \/>\n<meta property=\"og:locale\" content=\"fr_FR\" \/>\n<meta property=\"og:type\" content=\"article\" \/>\n<meta property=\"og:title\" content=\"Al-Massar et Echa\u00e2b ne participeront pas au gouvernement Chahed - Kapitalis\" \/>\n<meta property=\"og:description\" content=\"R\u00e9union de\u00a0consultation sur le gouvernement d\u2019union nationale. Al-Massar et le Mouvement Echa\u00e2b se retirent des consultations sur la formation du gouvernement d\u2019union nationale.\" \/>\n<meta property=\"og:url\" content=\"https:\/\/kapitalis.com\/tunisie\/2016\/08\/04\/al-massar-echaab-ne-participeront-pas-au-gouvernement-chahed\/\" \/>\n<meta property=\"og:site_name\" content=\"Kapitalis\" \/>\n<meta property=\"article:publisher\" content=\"https:\/\/www.facebook.com\/KapitalisInfo\/\" \/>\n<meta property=\"article:published_time\" content=\"2016-08-04T12:31:56+00:00\" \/>\n<meta property=\"article:modified_time\" content=\"2016-08-04T13:00:32+00:00\" \/>\n<meta property=\"og:image\" content=\"https:\/\/kapitalis.com\/tunisie\/wp-content\/uploads\/2022\/05\/kapitalis-logo-fb.png\" \/>\n\t<meta property=\"og:image:width\" content=\"1200\" \/>\n\t<meta property=\"og:image:height\" content=\"630\" \/>\n\t<meta property=\"og:image:type\" content=\"image\/png\" \/>\n<meta name=\"author\" content=\"Yusra NY\" \/>\n<meta name=\"twitter:card\" content=\"summary_large_image\" \/>\n<meta name=\"twitter:creator\" content=\"@KapitalisInfo\" \/>\n<meta name=\"twitter:site\" content=\"@KapitalisInfo\" \/>\n<meta name=\"twitter:label1\" content=\"\u00c9crit par\" \/>\n\t<meta name=\"twitter:data1\" content=\"Yusra NY\" \/>\n\t<meta name=\"twitter:label2\" content=\"Dur\u00e9e de lecture estim\u00e9e\" \/>\n\t<meta name=\"twitter:data2\" content=\"1 minute\" \/>\n<script type=\"application\/ld+json\" class=\"yoast-schema-graph\">{\"@context\":\"https:\/\/schema.org\",\"@graph\":[{\"@type\":\"Article\",\"@id\":\"https:\/\/kapitalis.com\/tunisie\/2016\/08\/04\/al-massar-echaab-ne-participeront-pas-au-gouvernement-chahed\/#article\",\"isPartOf\":{\"@id\":\"https:\/\/kapitalis.com\/tunisie\/2016\/08\/04\/al-massar-echaab-ne-participeront-pas-au-gouvernement-chahed\/\"},\"author\":{\"name\":\"Yusra NY\",\"@id\":\"https:\/\/kapitalis.com\/tunisie\/#\/schema\/person\/74bbde0154d49d790a92aaeac5bc01d5\"},\"headline\":\"Al-Massar et Echa\u00e2b ne participeront pas au gouvernement Chahed\",\"datePublished\":\"2016-08-04T12:31:56+00:00\",\"dateModified\":\"2016-08-04T13:00:32+00:00\",\"mainEntityOfPage\":{\"@id\":\"https:\/\/kapitalis.com\/tunisie\/2016\/08\/04\/al-massar-echaab-ne-participeront-pas-au-gouvernement-chahed\/\"},\"wordCount\":169,\"commentCount\":2,\"publisher\":{\"@id\":\"https:\/\/kapitalis.com\/tunisie\/#organization\"},\"image\":{\"@id\":\"https:\/\/kapitalis.com\/tunisie\/2016\/08\/04\/al-massar-echaab-ne-participeront-pas-au-gouvernement-chahed\/#primaryimage\"},\"thumbnailUrl\":\"\",\"keywords\":[\"Al-Massar\",\"chef gouvernement\",\"gouvernement\",\"Machrou3 Tounes\",\"Premier ministre\",\"union nationale\"],\"articleSection\":[\"POLITIQUE\",\"Tunisie\"],\"inLanguage\":\"fr-FR\",\"potentialAction\":[{\"@type\":\"CommentAction\",\"name\":\"Comment\",\"target\":[\"https:\/\/kapitalis.com\/tunisie\/2016\/08\/04\/al-massar-echaab-ne-participeront-pas-au-gouvernement-chahed\/#respond\"]}]},{\"@type\":\"WebPage\",\"@id\":\"https:\/\/kapitalis.com\/tunisie\/2016\/08\/04\/al-massar-echaab-ne-participeront-pas-au-gouvernement-chahed\/\",\"url\":\"https:\/\/kapitalis.com\/tunisie\/2016\/08\/04\/al-massar-echaab-ne-participeront-pas-au-gouvernement-chahed\/\",\"name\":\"Al-Massar et Echa\u00e2b ne participeront pas au gouvernement Chahed - Kapitalis\",\"isPartOf\":{\"@id\":\"https:\/\/kapitalis.com\/tunisie\/#website\"},\"primaryImageOfPage\":{\"@id\":\"https:\/\/kapitalis.com\/tunisie\/2016\/08\/04\/al-massar-echaab-ne-participeront-pas-au-gouvernement-chahed\/#primaryimage\"},\"image\":{\"@id\":\"https:\/\/kapitalis.com\/tunisie\/2016\/08\/04\/al-massar-echaab-ne-participeront-pas-au-gouvernement-chahed\/#primaryimage\"},\"thumbnailUrl\":\"\",\"datePublished\":\"2016-08-04T12:31:56+00:00\",\"dateModified\":\"2016-08-04T13:00:32+00:00\",\"breadcrumb\":{\"@id\":\"https:\/\/kapitalis.com\/tunisie\/2016\/08\/04\/al-massar-echaab-ne-participeront-pas-au-gouvernement-chahed\/#breadcrumb\"},\"inLanguage\":\"fr-FR\",\"potentialAction\":[{\"@type\":\"ReadAction\",\"target\":[\"https:\/\/kapitalis.com\/tunisie\/2016\/08\/04\/al-massar-echaab-ne-participeront-pas-au-gouvernement-chahed\/\"]}]},{\"@type\":\"ImageObject\",\"inLanguage\":\"fr-FR\",\"@id\":\"https:\/\/kapitalis.com\/tunisie\/2016\/08\/04\/al-massar-echaab-ne-participeront-pas-au-gouvernement-chahed\/#primaryimage\",\"url\":\"\",\"contentUrl\":\"\"},{\"@type\":\"BreadcrumbList\",\"@id\":\"https:\/\/kapitalis.com\/tunisie\/2016\/08\/04\/al-massar-echaab-ne-participeront-pas-au-gouvernement-chahed\/#breadcrumb\",\"itemListElement\":[{\"@type\":\"ListItem\",\"position\":1,\"name\":\"Accueil\",\"item\":\"https:\/\/kapitalis.com\/tunisie\/\"},{\"@type\":\"ListItem\",\"position\":2,\"name\":\"Al-Massar et Echa\u00e2b ne participeront pas au gouvernement Chahed\"}]},{\"@type\":\"WebSite\",\"@id\":\"https:\/\/kapitalis.com\/tunisie\/#website\",\"url\":\"https:\/\/kapitalis.com\/tunisie\/\",\"name\":\"Kapitalis\",\"description\":\"L&#039;actualit\u00e9 en Tunisie et dans le monde\",\"publisher\":{\"@id\":\"https:\/\/kapitalis.com\/tunisie\/#organization\"},\"potentialAction\":[{\"@type\":\"SearchAction\",\"target\":{\"@type\":\"EntryPoint\",\"urlTemplate\":\"https:\/\/kapitalis.com\/tunisie\/?s={search_term_string}\"},\"query-input\":{\"@type\":\"PropertyValueSpecification\",\"valueRequired\":true,\"valueName\":\"search_term_string\"}}],\"inLanguage\":\"fr-FR\"},{\"@type\":\"Organization\",\"@id\":\"https:\/\/kapitalis.com\/tunisie\/#organization\",\"name\":\"Kapitalis\",\"url\":\"https:\/\/kapitalis.com\/tunisie\/\",\"logo\":{\"@type\":\"ImageObject\",\"inLanguage\":\"fr-FR\",\"@id\":\"https:\/\/kapitalis.com\/tunisie\/#\/schema\/logo\/image\/\",\"url\":\"https:\/\/kapitalis.com\/tunisie\/wp-content\/uploads\/2022\/05\/Kapitalis-big-size.png\",\"contentUrl\":\"https:\/\/kapitalis.com\/tunisie\/wp-content\/uploads\/2022\/05\/Kapitalis-big-size.png\",\"width\":5000,\"height\":1500,\"caption\":\"Kapitalis\"},\"image\":{\"@id\":\"https:\/\/kapitalis.com\/tunisie\/#\/schema\/logo\/image\/\"},\"sameAs\":[\"https:\/\/www.facebook.com\/KapitalisInfo\/\",\"https:\/\/x.com\/KapitalisInfo\",\"https:\/\/www.youtube.com\/channel\/UC-yDYrHyfFBWWZaOw3FPg9Q\"]},{\"@type\":\"Person\",\"@id\":\"https:\/\/kapitalis.com\/tunisie\/#\/schema\/person\/74bbde0154d49d790a92aaeac5bc01d5\",\"name\":\"Yusra NY\",\"url\":\"https:\/\/kapitalis.com\/tunisie\/author\/yuza_adam\/\"}]}<\/script>\n<!-- \/ Yoast SEO plugin. -->","yoast_head_json":{"title":"Al-Massar et Echa\u00e2b ne participeront pas au gouvernement Chahed - Kapitalis","robots":{"index":"index","follow":"follow","max-snippet":"max-snippet:-1","max-image-preview":"max-image-preview:large","max-video-preview":"max-video-preview:-1"},"canonical":"https:\/\/kapitalis.com\/tunisie\/2016\/08\/04\/al-massar-echaab-ne-participeront-pas-au-gouvernement-chahed\/","og_locale":"fr_FR","og_type":"article","og_title":"Al-Massar et Echa\u00e2b ne participeront pas au gouvernement Chahed - Kapitalis","og_description":"R\u00e9union de\u00a0consultation sur le gouvernement d\u2019union nationale. Al-Massar et le Mouvement Echa\u00e2b se retirent des consultations sur la formation du gouvernement d\u2019union nationale.","og_url":"https:\/\/kapitalis.com\/tunisie\/2016\/08\/04\/al-massar-echaab-ne-participeront-pas-au-gouvernement-chahed\/","og_site_name":"Kapitalis","article_publisher":"https:\/\/www.facebook.com\/KapitalisInfo\/","article_published_time":"2016-08-04T12:31:56+00:00","article_modified_time":"2016-08-04T13:00:32+00:00","og_image":[{"width":1200,"height":630,"url":"https:\/\/kapitalis.com\/tunisie\/wp-content\/uploads\/2022\/05\/kapitalis-logo-fb.png","type":"image\/png"}],"author":"Yusra NY","twitter_card":"summary_large_image","twitter_creator":"@KapitalisInfo","twitter_site":"@KapitalisInfo","twitter_misc":{"\u00c9crit par":"Yusra NY","Dur\u00e9e de lecture estim\u00e9e":"1 minute"},"schema":{"@context":"https:\/\/schema.org","@graph":[{"@type":"Article","@id":"https:\/\/kapitalis.com\/tunisie\/2016\/08\/04\/al-massar-echaab-ne-participeront-pas-au-gouvernement-chahed\/#article","isPartOf":{"@id":"https:\/\/kapitalis.com\/tunisie\/2016\/08\/04\/al-massar-echaab-ne-participeront-pas-au-gouvernement-chahed\/"},"author":{"name":"Yusra NY","@id":"https:\/\/kapitalis.com\/tunisie\/#\/schema\/person\/74bbde0154d49d790a92aaeac5bc01d5"},"headline":"Al-Massar et Echa\u00e2b ne participeront pas au gouvernement Chahed","datePublished":"2016-08-04T12:31:56+00:00","dateModified":"2016-08-04T13:00:32+00:00","mainEntityOfPage":{"@id":"https:\/\/kapitalis.com\/tunisie\/2016\/08\/04\/al-massar-echaab-ne-participeront-pas-au-gouvernement-chahed\/"},"wordCount":169,"commentCount":2,"publisher":{"@id":"https:\/\/kapitalis.com\/tunisie\/#organization"},"image":{"@id":"https:\/\/kapitalis.com\/tunisie\/2016\/08\/04\/al-massar-echaab-ne-participeront-pas-au-gouvernement-chahed\/#primaryimage"},"thumbnailUrl":"","keywords":["Al-Massar","chef gouvernement","gouvernement","Machrou3 Tounes","Premier ministre","union nationale"],"articleSection":["POLITIQUE","Tunisie"],"inLanguage":"fr-FR","potentialAction":[{"@type":"CommentAction","name":"Comment","target":["https:\/\/kapitalis.com\/tunisie\/2016\/08\/04\/al-massar-echaab-ne-participeront-pas-au-gouvernement-chahed\/#respond"]}]},{"@type":"WebPage","@id":"https:\/\/kapitalis.com\/tunisie\/2016\/08\/04\/al-massar-echaab-ne-participeront-pas-au-gouvernement-chahed\/","url":"https:\/\/kapitalis.com\/tunisie\/2016\/08\/04\/al-massar-echaab-ne-participeront-pas-au-gouvernement-chahed\/","name":"Al-Massar et Echa\u00e2b ne participeront pas au gouvernement Chahed - Kapitalis","isPartOf":{"@id":"https:\/\/kapitalis.com\/tunisie\/#website"},"primaryImageOfPage":{"@id":"https:\/\/kapitalis.com\/tunisie\/2016\/08\/04\/al-massar-echaab-ne-participeront-pas-au-gouvernement-chahed\/#primaryimage"},"image":{"@id":"https:\/\/kapitalis.com\/tunisie\/2016\/08\/04\/al-massar-echaab-ne-participeront-pas-au-gouvernement-chahed\/#primaryimage"},"thumbnailUrl":"","datePublished":"2016-08-04T12:31:56+00:00","dateModified":"2016-08-04T13:00:32+00:00","breadcrumb":{"@id":"https:\/\/kapitalis.com\/tunisie\/2016\/08\/04\/al-massar-echaab-ne-participeront-pas-au-gouvernement-chahed\/#breadcrumb"},"inLanguage":"fr-FR","potentialAction":[{"@type":"ReadAction","target":["https:\/\/kapitalis.com\/tunisie\/2016\/08\/04\/al-massar-echaab-ne-participeront-pas-au-gouvernement-chahed\/"]}]},{"@type":"ImageObject","inLanguage":"fr-FR","@id":"https:\/\/kapitalis.com\/tunisie\/2016\/08\/04\/al-massar-echaab-ne-participeront-pas-au-gouvernement-chahed\/#primaryimage","url":"","contentUrl":""},{"@type":"BreadcrumbList","@id":"https:\/\/kapitalis.com\/tunisie\/2016\/08\/04\/al-massar-echaab-ne-participeront-pas-au-gouvernement-chahed\/#breadcrumb","itemListElement":[{"@type":"ListItem","position":1,"name":"Accueil","item":"https:\/\/kapitalis.com\/tunisie\/"},{"@type":"ListItem","position":2,"name":"Al-Massar et Echa\u00e2b ne participeront pas au gouvernement Chahed"}]},{"@type":"WebSite","@id":"https:\/\/kapitalis.com\/tunisie\/#website","url":"https:\/\/kapitalis.com\/tunisie\/","name":"Kapitalis","description":"L&#039;actualit\u00e9 en Tunisie et dans le monde","publisher":{"@id":"https:\/\/kapitalis.com\/tunisie\/#organization"},"potentialAction":[{"@type":"SearchAction","target":{"@type":"EntryPoint","urlTemplate":"https:\/\/kapitalis.com\/tunisie\/?s={search_term_string}"},"query-input":{"@type":"PropertyValueSpecification","valueRequired":true,"valueName":"search_term_string"}}],"inLanguage":"fr-FR"},{"@type":"Organization","@id":"https:\/\/kapitalis.com\/tunisie\/#organization","name":"Kapitalis","url":"https:\/\/kapitalis.com\/tunisie\/","logo":{"@type":"ImageObject","inLanguage":"fr-FR","@id":"https:\/\/kapitalis.com\/tunisie\/#\/schema\/logo\/image\/","url":"https:\/\/kapitalis.com\/tunisie\/wp-content\/uploads\/2022\/05\/Kapitalis-big-size.png","contentUrl":"https:\/\/kapitalis.com\/tunisie\/wp-content\/uploads\/2022\/05\/Kapitalis-big-size.png","width":5000,"height":1500,"caption":"Kapitalis"},"image":{"@id":"https:\/\/kapitalis.com\/tunisie\/#\/schema\/logo\/image\/"},"sameAs":["https:\/\/www.facebook.com\/KapitalisInfo\/","https:\/\/x.com\/KapitalisInfo","https:\/\/www.youtube.com\/channel\/UC-yDYrHyfFBWWZaOw3FPg9Q"]},{"@type":"Person","@id":"https:\/\/kapitalis.com\/tunisie\/#\/schema\/person\/74bbde0154d49d790a92aaeac5bc01d5","name":"Yusra NY","url":"https:\/\/kapitalis.com\/tunisie\/author\/yuza_adam\/"}]}},"_links":{"self":[{"href":"https:\/\/kapitalis.com\/tunisie\/wp-json\/wp\/v2\/posts\/60129","targetHints":{"allow":["GET"]}}],"collection":[{"href":"https:\/\/kapitalis.com\/tunisie\/wp-json\/wp\/v2\/posts"}],"about":[{"href":"https:\/\/kapitalis.com\/tunisie\/wp-json\/wp\/v2\/types\/post"}],"author":[{"embeddable":true,"href":"https:\/\/kapitalis.com\/tunisie\/wp-json\/wp\/v2\/users\/6"}],"replies":[{"embeddable":true,"href":"https:\/\/kapitalis.com\/tunisie\/wp-json\/wp\/v2\/comments?post=60129"}],"version-history":[{"count":0,"href":"https:\/\/kapitalis.com\/tunisie\/wp-json\/wp\/v2\/posts\/60129\/revisions"}],"wp:featuredmedia":[{"embeddable":true,"href":"https:\/\/kapitalis.com\/tunisie\/wp-json\/wp\/v2\/media\/60130"}],"wp:attachment":[{"href":"https:\/\/kapitalis.com\/tunisie\/wp-json\/wp\/v2\/media?parent=60129"}],"wp:term":[{"taxonomy":"category","embeddable":true,"href":"https:\/\/kapitalis.com\/tunisie\/wp-json\/wp\/v2\/categories?post=60129"},{"taxonomy":"post_tag","embeddable":true,"href":"https:\/\/kapitalis.com\/tunisie\/wp-json\/wp\/v2\/tags?post=60129"}],"curies":[{"name":"wp","href":"https:\/\/api.w.org\/{rel}","templated":true}]}}