{"id":6014288,"date":"2023-01-09T10:23:24","date_gmt":"2023-01-09T09:23:24","guid":{"rendered":"https:\/\/kapitalis.com\/tunisie\/?p=6014288"},"modified":"2023-01-09T10:23:25","modified_gmt":"2023-01-09T09:23:25","slug":"sghaier-zakraoui-kais-saied-a-humilie-les-tunisiens-et-en-fait-la-risee-du-monde","status":"publish","type":"post","link":"https:\/\/kapitalis.com\/tunisie\/2023\/01\/09\/sghaier-zakraoui-kais-saied-a-humilie-les-tunisiens-et-en-fait-la-risee-du-monde\/","title":{"rendered":"Sgha\u00efer Zakraoui : \u00abKa\u00efs Sa\u00efed a humili\u00e9 les Tunisiens et en fait la ris\u00e9e du monde<em>\u00bb<\/em>"},"content":{"rendered":"\n<p><strong><em>Le professeur de droit public, Sgha\u00efer Zakraoui, appelle \u00e0 un dialogue national classique dans lequel le pr\u00e9sident de la r\u00e9publique Ka\u00efs Sa\u00efed si\u00e8ge avec ses adversaires et ceux qui ne sont pas d\u2019accord avec lui. C&rsquo;est le seul moyen pour sortir la Tunisie de la crise multiforme qu&rsquo;elle traverse depuis la proclamation de l&rsquo;\u00e9tat d&rsquo;exception, le 25 juillet 2021, estime-t-il.<\/em><\/strong><\/p>\n\n\n\n<!--more-->\n\n\n\n<p>L\u2019invit\u00e9 de la Matinale de<a href=\"https:\/\/www.shemsfm.net\/ar\/%D8%A7%D9%84%D8%A3%D8%AE%D8%A8%D8%A7%D8%B1_%D8%B4%D9%85%D8%B3-%D8%A7%D9%84%D8%A7%D8%AE%D8%A8%D8%A7%D8%B1\/395825\/%D8%A7%D9%84%D8%B2%D9%83%D8%B1%D8%A7%D9%88%D9%8A-%D9%8A%D8%AF%D8%B9%D9%88-%D8%A5%D9%84%D9%89-%D8%AD%D9%88%D8%A7%D8%B1-%D9%83%D9%84%D8%A7%D8%B3%D9%8A%D9%83%D9%8A-%D9%88%D9%81%D9%82-%D8%A8%D8%B1%D9%86%D8%A7%D9%85%D8%AC-%D9%88%D8%B7%D9%86%D9%8A-%D8%A3%D9%88%D9%84-%D8%A8%D9%86%D9%88%D8%AF%D9%87-%D8%AA%D8%AC%D9%85%D9%8A%D8%AF-%D9%85%D8%B3%D8%A7%D8%B1-%D9%82%D9%8A%D8%B3-%D8%B3%D8%B9%D9%8A%D8%AF\" target=\"_blank\" rel=\"noreferrer noopener\"> Shems FM<\/a>, ce lundi 9 janvier 2023, a d\u00e9clar\u00e9 qu&rsquo;il faut oublier le dialogue national de 2013, car les circonstances et les conditions sont diff\u00e9rentes, et aller vers un dialogue ouvert aux forces vives du pays, organisations nationales et partis politiques.<\/p>\n\n\n\n<p>Au terme de ce dialogue, toutes les parties doivent s\u2019unir autour d\u2019un strict minimum, notamment un programme de sauvetage du pays, dont le premier \u00e9l\u00e9ment serait le gel du processus politique initi\u00e9 par Ka\u00efs Sa\u00efed parce qu&rsquo;il est la principale cause de la crise, d\u2019autant qu\u2019<em>\u00abil s\u2019agit d\u2019une aventure personnel plut\u00f4t que d\u2019un projet politique digne de ce nom\u00bb<\/em>, a-t-il dit.<\/p>\n\n\n\n<p>M. Zakraoui a aussi d\u00e9clar\u00e9 que le dialogue devrait aboutir \u00e0 un gouvernement d\u2019urgence \u00e9conomique en accord avec le pr\u00e9sident de la r\u00e9publique, qui doit d\u00e9l\u00e9guer certaines de ses pr\u00e9rogatives, sinon le cas \u00e9ch\u00e9ant sans son accord, ajoutant que le gouvernement devrait \u00eatre compos\u00e9 de comp\u00e9tences sans all\u00e9geance politique. Et il en existe beaucoup dans le pays. <\/p>\n\n\n\n<figure class=\"wp-block-embed is-type-wp-embed is-provider-kapitalis wp-block-embed-kapitalis\"><div class=\"wp-block-embed__wrapper\">\n<blockquote class=\"wp-embedded-content\" data-secret=\"9DrramFuyD\"><a href=\"https:\/\/kapitalis.com\/tunisie\/2022\/12\/20\/sghaier-zakraoui-la-parenthese-de-kais-saied-doit-etre-fermee\/\">Sghaier Zakraoui\u00a0: \u00abLa parenth\u00e8se de Ka\u00efs Sa\u00efed doit \u00eatre ferm\u00e9e\u00bb<\/a><\/blockquote><iframe loading=\"lazy\" class=\"wp-embedded-content\" sandbox=\"allow-scripts\" security=\"restricted\" style=\"position: absolute; clip: rect(1px, 1px, 1px, 1px);\" title=\"\u00ab\u00a0Sghaier Zakraoui\u00a0: \u00abLa parenth\u00e8se de Ka\u00efs Sa\u00efed doit \u00eatre ferm\u00e9e\u00bb\u00a0\u00bb &#8212; Kapitalis\" src=\"https:\/\/kapitalis.com\/tunisie\/2022\/12\/20\/sghaier-zakraoui-la-parenthese-de-kais-saied-doit-etre-fermee\/embed\/#?secret=jFX67SpsjM#?secret=9DrramFuyD\" data-secret=\"9DrramFuyD\" width=\"600\" height=\"338\" frameborder=\"0\" marginwidth=\"0\" marginheight=\"0\" scrolling=\"no\"><\/iframe>\n<\/div><\/figure>\n\n\n\n<p>Le professeur de droit public estime de <em>\u00abKa\u00efs Sa\u00efed est sous l\u2019emprise d\u2019une id\u00e9e; c\u2019est un id\u00e9aliste; il se prend pour un proph\u00e8te qui apporte un message \u00e0 toute l\u2019humanit\u00e9. C\u2019est en tout cas ce que disent ses partisans.\u00bb<\/em> \u00a0<\/p>\n\n\n\n<p>Selon lui, le pr\u00e9sident doit admettre que son aventure est termin\u00e9e et qu\u2019il a \u00e9chou\u00e9. <em>\u00abIl dirige un Etat et non une entreprise priv\u00e9e. Apr\u00e8s un \u00e9tat d\u2019exception qui aurait d\u00fb se terminer au terme de six mois et qui dure depuis un an et demi, il doit accepter l\u2019id\u00e9e que le processus qu\u2019il a initi\u00e9 a \u00e9chou\u00e9. Car on ne lui a pas demand\u00e9 de mettre en place une nouvelle r\u00e9publique, mais de garantir le pain quotidien des gens. Et c\u2019est l\u00e0 o\u00f9 il a \u00e9chou\u00e9. Le pays vit dans une crise complexe, \u00e0 la fois politique, \u00e9conomique, financi\u00e8re, \u00e9conomique et culturelle. Nous sommes au bord de la guerre civile\u00bb<\/em>, a soulign\u00e9 l\u2019universitaire.<\/p>\n\n\n\n<p><em>\u00abLe pr\u00e9sident de la r\u00e9publique doit reconna\u00eetre l\u2019\u00e9chec de son parcours et avoir le courage d\u2019annoncer son \u00e9chec et d&rsquo;en tirer les cons\u00e9quences\u00bb<\/em>, a insist\u00e9 M. Zakraoui, en affirmant que ni le limogeage de la ministre du Commerce ni m\u00eame le changement du gouvernement Najla Bouden ne constituent la solution, car c\u2019est le pr\u00e9sident Sa\u00efed qui assume en premier la responsabilit\u00e9 de l\u2019\u00e9chec.<\/p>\n\n\n\n<p><em>\u00abLe limogeage de la ministre du Commerce est la preuve de l\u2019\u00e9rosion du syst\u00e8me de Ka\u00efs Sa\u00efed de et un aveu tacite d\u2019\u00e9chec\u00bb<\/em>, a soulign\u00e9 M. Zakraoui.<\/p>\n\n\n\n<p><em>\u00abKa\u00efs Sa\u00efed a humili\u00e9 les Tunisiens. Il nous a tous \u00e9cras\u00e9s. Il nous a dit que nous n\u2019avons pas de place dans son syst\u00e8me.\u00a0Il a fait de nous la ris\u00e9e du monde. Nous lui disons que nous sommes toujours l\u00e0 et que nous n\u2019allons pas le laisser humilier davantage notre pays\u00bb<\/em>, a conclu l\u2019universitaire, en pr\u00e9cisant qu\u2019il n\u2019a aucune ambition politique et ne cherche pas une quelconque nomination. <em>\u00abJe suis un universitaire. J\u2019enseigne le droit et j\u2019\u00e9cris des livres. Cela suffit \u00e0 mon bonheur\u00bb<\/em>, a-t-il ajout\u00e9, en r\u00e9ponse \u00e0 ceux qui disent qu\u2019il s\u2019attaque \u00e0 Ka\u00efs Sa\u00efed parce que ce dernier n\u2019a pas fait appel \u00e0 lui. \u00a0<\/p>\n\n\n\n<p class=\"has-text-align-right\"><strong>I. B.<\/strong><\/p>\n\n\n\n<figure class=\"wp-block-embed is-type-wp-embed is-provider-kapitalis wp-block-embed-kapitalis\"><div class=\"wp-block-embed__wrapper\">\n<blockquote class=\"wp-embedded-content\" data-secret=\"vyY7fZMPjT\"><a href=\"https:\/\/kapitalis.com\/tunisie\/2022\/11\/09\/tunisie-sghaier-zakraoui-appelle-les-tunisiens-a-boycotter-les-legislatives\/\">Tunisie : Sghaier Zakraoui appelle les Tunisiens \u00e0 boycotter les l\u00e9gislatives<\/a><\/blockquote><iframe loading=\"lazy\" class=\"wp-embedded-content\" sandbox=\"allow-scripts\" security=\"restricted\" style=\"position: absolute; clip: rect(1px, 1px, 1px, 1px);\" title=\"\u00ab\u00a0Tunisie : Sghaier Zakraoui appelle les Tunisiens \u00e0 boycotter les l\u00e9gislatives\u00a0\u00bb &#8212; Kapitalis\" src=\"https:\/\/kapitalis.com\/tunisie\/2022\/11\/09\/tunisie-sghaier-zakraoui-appelle-les-tunisiens-a-boycotter-les-legislatives\/embed\/#?secret=y9xA0tm4uk#?secret=vyY7fZMPjT\" data-secret=\"vyY7fZMPjT\" width=\"600\" height=\"338\" frameborder=\"0\" marginwidth=\"0\" marginheight=\"0\" scrolling=\"no\"><\/iframe>\n<\/div><\/figure>\n","protected":false},"excerpt":{"rendered":"<p>Ka\u00efs Sa\u00efed a humili\u00e9 les Tunisiens et doit avouer son \u00e9chec, estime Sghaier Zakraoui. <\/p>\n","protected":false},"author":8,"featured_media":6014408,"comment_status":"open","ping_status":"open","sticky":false,"template":"","format":"standard","meta":{"footnotes":""},"categories":[997,2433],"tags":[76012,93702,97552,62643],"class_list":["post-6014288","post","type-post","status-publish","format-standard","has-post-thumbnail","hentry","category-politique","category-tunisie","tag-kais-saied-2","tag-najla-bouden","tag-sghaier-zakraoui","tag-tunisie"],"yoast_head":"<!-- This site is optimized with the Yoast SEO plugin v26.6 - https:\/\/yoast.com\/wordpress\/plugins\/seo\/ -->\n<title>Sgha\u00efer Zakraoui : \u00abKa\u00efs Sa\u00efed a humili\u00e9 les Tunisiens et en fait la ris\u00e9e du monde\u00bb - Kapitalis<\/title>\n<meta name=\"robots\" content=\"index, follow, max-snippet:-1, max-image-preview:large, max-video-preview:-1\" \/>\n<link rel=\"canonical\" href=\"https:\/\/kapitalis.com\/tunisie\/2023\/01\/09\/sghaier-zakraoui-kais-saied-a-humilie-les-tunisiens-et-en-fait-la-risee-du-monde\/\" \/>\n<meta property=\"og:locale\" content=\"fr_FR\" \/>\n<meta property=\"og:type\" content=\"article\" \/>\n<meta property=\"og:title\" content=\"Sgha\u00efer Zakraoui : \u00abKa\u00efs Sa\u00efed a humili\u00e9 les Tunisiens et en fait la ris\u00e9e du monde\u00bb - Kapitalis\" \/>\n<meta property=\"og:description\" content=\"Ka\u00efs Sa\u00efed a humili\u00e9 les Tunisiens et doit avouer son \u00e9chec, estime Sghaier Zakraoui.\" \/>\n<meta property=\"og:url\" content=\"https:\/\/kapitalis.com\/tunisie\/2023\/01\/09\/sghaier-zakraoui-kais-saied-a-humilie-les-tunisiens-et-en-fait-la-risee-du-monde\/\" \/>\n<meta property=\"og:site_name\" content=\"Kapitalis\" \/>\n<meta property=\"article:publisher\" content=\"https:\/\/www.facebook.com\/KapitalisInfo\/\" \/>\n<meta property=\"article:published_time\" content=\"2023-01-09T09:23:24+00:00\" \/>\n<meta property=\"article:modified_time\" content=\"2023-01-09T09:23:25+00:00\" \/>\n<meta property=\"og:image\" content=\"https:\/\/kapitalis.com\/tunisie\/wp-content\/uploads\/2023\/01\/Sghaier-Zakraoui.jpg\" \/>\n\t<meta property=\"og:image:width\" content=\"1200\" \/>\n\t<meta property=\"og:image:height\" content=\"630\" \/>\n\t<meta property=\"og:image:type\" content=\"image\/jpeg\" \/>\n<meta name=\"author\" content=\"webmaster kapitalis\" \/>\n<meta name=\"twitter:card\" content=\"summary_large_image\" \/>\n<meta name=\"twitter:creator\" content=\"@KapitalisInfo\" \/>\n<meta name=\"twitter:site\" content=\"@KapitalisInfo\" \/>\n<meta name=\"twitter:label1\" content=\"\u00c9crit par\" \/>\n\t<meta name=\"twitter:data1\" content=\"webmaster kapitalis\" \/>\n\t<meta name=\"twitter:label2\" content=\"Dur\u00e9e de lecture estim\u00e9e\" \/>\n\t<meta name=\"twitter:data2\" content=\"3 minutes\" \/>\n<script type=\"application\/ld+json\" class=\"yoast-schema-graph\">{\"@context\":\"https:\/\/schema.org\",\"@graph\":[{\"@type\":\"Article\",\"@id\":\"https:\/\/kapitalis.com\/tunisie\/2023\/01\/09\/sghaier-zakraoui-kais-saied-a-humilie-les-tunisiens-et-en-fait-la-risee-du-monde\/#article\",\"isPartOf\":{\"@id\":\"https:\/\/kapitalis.com\/tunisie\/2023\/01\/09\/sghaier-zakraoui-kais-saied-a-humilie-les-tunisiens-et-en-fait-la-risee-du-monde\/\"},\"author\":{\"name\":\"webmaster kapitalis\",\"@id\":\"https:\/\/kapitalis.com\/tunisie\/#\/schema\/person\/d71f33a9ca44f7bad4698210b480c8e9\"},\"headline\":\"Sgha\u00efer Zakraoui : \u00abKa\u00efs Sa\u00efed a humili\u00e9 les Tunisiens et en fait la ris\u00e9e du monde\u00bb\",\"datePublished\":\"2023-01-09T09:23:24+00:00\",\"dateModified\":\"2023-01-09T09:23:25+00:00\",\"mainEntityOfPage\":{\"@id\":\"https:\/\/kapitalis.com\/tunisie\/2023\/01\/09\/sghaier-zakraoui-kais-saied-a-humilie-les-tunisiens-et-en-fait-la-risee-du-monde\/\"},\"wordCount\":683,\"commentCount\":6,\"publisher\":{\"@id\":\"https:\/\/kapitalis.com\/tunisie\/#organization\"},\"image\":{\"@id\":\"https:\/\/kapitalis.com\/tunisie\/2023\/01\/09\/sghaier-zakraoui-kais-saied-a-humilie-les-tunisiens-et-en-fait-la-risee-du-monde\/#primaryimage\"},\"thumbnailUrl\":\"https:\/\/kapitalis.com\/tunisie\/wp-content\/uploads\/2023\/01\/Sghaier-Zakraoui.jpg\",\"keywords\":[\"Ka\u00efs Sa\u00efed\",\"Najla Bouden\",\"Sghaier Zakraoui\",\"Tunisie\"],\"articleSection\":[\"POLITIQUE\",\"Tunisie\"],\"inLanguage\":\"fr-FR\",\"potentialAction\":[{\"@type\":\"CommentAction\",\"name\":\"Comment\",\"target\":[\"https:\/\/kapitalis.com\/tunisie\/2023\/01\/09\/sghaier-zakraoui-kais-saied-a-humilie-les-tunisiens-et-en-fait-la-risee-du-monde\/#respond\"]}]},{\"@type\":\"WebPage\",\"@id\":\"https:\/\/kapitalis.com\/tunisie\/2023\/01\/09\/sghaier-zakraoui-kais-saied-a-humilie-les-tunisiens-et-en-fait-la-risee-du-monde\/\",\"url\":\"https:\/\/kapitalis.com\/tunisie\/2023\/01\/09\/sghaier-zakraoui-kais-saied-a-humilie-les-tunisiens-et-en-fait-la-risee-du-monde\/\",\"name\":\"Sgha\u00efer Zakraoui : \u00abKa\u00efs Sa\u00efed a humili\u00e9 les Tunisiens et en fait la ris\u00e9e du monde\u00bb - Kapitalis\",\"isPartOf\":{\"@id\":\"https:\/\/kapitalis.com\/tunisie\/#website\"},\"primaryImageOfPage\":{\"@id\":\"https:\/\/kapitalis.com\/tunisie\/2023\/01\/09\/sghaier-zakraoui-kais-saied-a-humilie-les-tunisiens-et-en-fait-la-risee-du-monde\/#primaryimage\"},\"image\":{\"@id\":\"https:\/\/kapitalis.com\/tunisie\/2023\/01\/09\/sghaier-zakraoui-kais-saied-a-humilie-les-tunisiens-et-en-fait-la-risee-du-monde\/#primaryimage\"},\"thumbnailUrl\":\"https:\/\/kapitalis.com\/tunisie\/wp-content\/uploads\/2023\/01\/Sghaier-Zakraoui.jpg\",\"datePublished\":\"2023-01-09T09:23:24+00:00\",\"dateModified\":\"2023-01-09T09:23:25+00:00\",\"breadcrumb\":{\"@id\":\"https:\/\/kapitalis.com\/tunisie\/2023\/01\/09\/sghaier-zakraoui-kais-saied-a-humilie-les-tunisiens-et-en-fait-la-risee-du-monde\/#breadcrumb\"},\"inLanguage\":\"fr-FR\",\"potentialAction\":[{\"@type\":\"ReadAction\",\"target\":[\"https:\/\/kapitalis.com\/tunisie\/2023\/01\/09\/sghaier-zakraoui-kais-saied-a-humilie-les-tunisiens-et-en-fait-la-risee-du-monde\/\"]}]},{\"@type\":\"ImageObject\",\"inLanguage\":\"fr-FR\",\"@id\":\"https:\/\/kapitalis.com\/tunisie\/2023\/01\/09\/sghaier-zakraoui-kais-saied-a-humilie-les-tunisiens-et-en-fait-la-risee-du-monde\/#primaryimage\",\"url\":\"https:\/\/kapitalis.com\/tunisie\/wp-content\/uploads\/2023\/01\/Sghaier-Zakraoui.jpg\",\"contentUrl\":\"https:\/\/kapitalis.com\/tunisie\/wp-content\/uploads\/2023\/01\/Sghaier-Zakraoui.jpg\",\"width\":1200,\"height\":630},{\"@type\":\"BreadcrumbList\",\"@id\":\"https:\/\/kapitalis.com\/tunisie\/2023\/01\/09\/sghaier-zakraoui-kais-saied-a-humilie-les-tunisiens-et-en-fait-la-risee-du-monde\/#breadcrumb\",\"itemListElement\":[{\"@type\":\"ListItem\",\"position\":1,\"name\":\"Accueil\",\"item\":\"https:\/\/kapitalis.com\/tunisie\/\"},{\"@type\":\"ListItem\",\"position\":2,\"name\":\"Sgha\u00efer Zakraoui : \u00abKa\u00efs Sa\u00efed a humili\u00e9 les Tunisiens et en fait la ris\u00e9e du monde\u00bb\"}]},{\"@type\":\"WebSite\",\"@id\":\"https:\/\/kapitalis.com\/tunisie\/#website\",\"url\":\"https:\/\/kapitalis.com\/tunisie\/\",\"name\":\"Kapitalis\",\"description\":\"L&#039;actualit\u00e9 en Tunisie et dans le monde\",\"publisher\":{\"@id\":\"https:\/\/kapitalis.com\/tunisie\/#organization\"},\"potentialAction\":[{\"@type\":\"SearchAction\",\"target\":{\"@type\":\"EntryPoint\",\"urlTemplate\":\"https:\/\/kapitalis.com\/tunisie\/?s={search_term_string}\"},\"query-input\":{\"@type\":\"PropertyValueSpecification\",\"valueRequired\":true,\"valueName\":\"search_term_string\"}}],\"inLanguage\":\"fr-FR\"},{\"@type\":\"Organization\",\"@id\":\"https:\/\/kapitalis.com\/tunisie\/#organization\",\"name\":\"Kapitalis\",\"url\":\"https:\/\/kapitalis.com\/tunisie\/\",\"logo\":{\"@type\":\"ImageObject\",\"inLanguage\":\"fr-FR\",\"@id\":\"https:\/\/kapitalis.com\/tunisie\/#\/schema\/logo\/image\/\",\"url\":\"https:\/\/kapitalis.com\/tunisie\/wp-content\/uploads\/2022\/05\/Kapitalis-big-size.png\",\"contentUrl\":\"https:\/\/kapitalis.com\/tunisie\/wp-content\/uploads\/2022\/05\/Kapitalis-big-size.png\",\"width\":5000,\"height\":1500,\"caption\":\"Kapitalis\"},\"image\":{\"@id\":\"https:\/\/kapitalis.com\/tunisie\/#\/schema\/logo\/image\/\"},\"sameAs\":[\"https:\/\/www.facebook.com\/KapitalisInfo\/\",\"https:\/\/x.com\/KapitalisInfo\",\"https:\/\/www.youtube.com\/channel\/UC-yDYrHyfFBWWZaOw3FPg9Q\"]},{\"@type\":\"Person\",\"@id\":\"https:\/\/kapitalis.com\/tunisie\/#\/schema\/person\/d71f33a9ca44f7bad4698210b480c8e9\",\"name\":\"webmaster kapitalis\",\"url\":\"https:\/\/kapitalis.com\/tunisie\/author\/webmaster-kapitalis\/\"}]}<\/script>\n<!-- \/ Yoast SEO plugin. -->","yoast_head_json":{"title":"Sgha\u00efer Zakraoui : \u00abKa\u00efs Sa\u00efed a humili\u00e9 les Tunisiens et en fait la ris\u00e9e du monde\u00bb - Kapitalis","robots":{"index":"index","follow":"follow","max-snippet":"max-snippet:-1","max-image-preview":"max-image-preview:large","max-video-preview":"max-video-preview:-1"},"canonical":"https:\/\/kapitalis.com\/tunisie\/2023\/01\/09\/sghaier-zakraoui-kais-saied-a-humilie-les-tunisiens-et-en-fait-la-risee-du-monde\/","og_locale":"fr_FR","og_type":"article","og_title":"Sgha\u00efer Zakraoui : \u00abKa\u00efs Sa\u00efed a humili\u00e9 les Tunisiens et en fait la ris\u00e9e du monde\u00bb - Kapitalis","og_description":"Ka\u00efs Sa\u00efed a humili\u00e9 les Tunisiens et doit avouer son \u00e9chec, estime Sghaier Zakraoui.","og_url":"https:\/\/kapitalis.com\/tunisie\/2023\/01\/09\/sghaier-zakraoui-kais-saied-a-humilie-les-tunisiens-et-en-fait-la-risee-du-monde\/","og_site_name":"Kapitalis","article_publisher":"https:\/\/www.facebook.com\/KapitalisInfo\/","article_published_time":"2023-01-09T09:23:24+00:00","article_modified_time":"2023-01-09T09:23:25+00:00","og_image":[{"width":1200,"height":630,"url":"https:\/\/kapitalis.com\/tunisie\/wp-content\/uploads\/2023\/01\/Sghaier-Zakraoui.jpg","type":"image\/jpeg"}],"author":"webmaster kapitalis","twitter_card":"summary_large_image","twitter_creator":"@KapitalisInfo","twitter_site":"@KapitalisInfo","twitter_misc":{"\u00c9crit par":"webmaster kapitalis","Dur\u00e9e de lecture estim\u00e9e":"3 minutes"},"schema":{"@context":"https:\/\/schema.org","@graph":[{"@type":"Article","@id":"https:\/\/kapitalis.com\/tunisie\/2023\/01\/09\/sghaier-zakraoui-kais-saied-a-humilie-les-tunisiens-et-en-fait-la-risee-du-monde\/#article","isPartOf":{"@id":"https:\/\/kapitalis.com\/tunisie\/2023\/01\/09\/sghaier-zakraoui-kais-saied-a-humilie-les-tunisiens-et-en-fait-la-risee-du-monde\/"},"author":{"name":"webmaster kapitalis","@id":"https:\/\/kapitalis.com\/tunisie\/#\/schema\/person\/d71f33a9ca44f7bad4698210b480c8e9"},"headline":"Sgha\u00efer Zakraoui : \u00abKa\u00efs Sa\u00efed a humili\u00e9 les Tunisiens et en fait la ris\u00e9e du monde\u00bb","datePublished":"2023-01-09T09:23:24+00:00","dateModified":"2023-01-09T09:23:25+00:00","mainEntityOfPage":{"@id":"https:\/\/kapitalis.com\/tunisie\/2023\/01\/09\/sghaier-zakraoui-kais-saied-a-humilie-les-tunisiens-et-en-fait-la-risee-du-monde\/"},"wordCount":683,"commentCount":6,"publisher":{"@id":"https:\/\/kapitalis.com\/tunisie\/#organization"},"image":{"@id":"https:\/\/kapitalis.com\/tunisie\/2023\/01\/09\/sghaier-zakraoui-kais-saied-a-humilie-les-tunisiens-et-en-fait-la-risee-du-monde\/#primaryimage"},"thumbnailUrl":"https:\/\/kapitalis.com\/tunisie\/wp-content\/uploads\/2023\/01\/Sghaier-Zakraoui.jpg","keywords":["Ka\u00efs Sa\u00efed","Najla Bouden","Sghaier Zakraoui","Tunisie"],"articleSection":["POLITIQUE","Tunisie"],"inLanguage":"fr-FR","potentialAction":[{"@type":"CommentAction","name":"Comment","target":["https:\/\/kapitalis.com\/tunisie\/2023\/01\/09\/sghaier-zakraoui-kais-saied-a-humilie-les-tunisiens-et-en-fait-la-risee-du-monde\/#respond"]}]},{"@type":"WebPage","@id":"https:\/\/kapitalis.com\/tunisie\/2023\/01\/09\/sghaier-zakraoui-kais-saied-a-humilie-les-tunisiens-et-en-fait-la-risee-du-monde\/","url":"https:\/\/kapitalis.com\/tunisie\/2023\/01\/09\/sghaier-zakraoui-kais-saied-a-humilie-les-tunisiens-et-en-fait-la-risee-du-monde\/","name":"Sgha\u00efer Zakraoui : \u00abKa\u00efs Sa\u00efed a humili\u00e9 les Tunisiens et en fait la ris\u00e9e du monde\u00bb - Kapitalis","isPartOf":{"@id":"https:\/\/kapitalis.com\/tunisie\/#website"},"primaryImageOfPage":{"@id":"https:\/\/kapitalis.com\/tunisie\/2023\/01\/09\/sghaier-zakraoui-kais-saied-a-humilie-les-tunisiens-et-en-fait-la-risee-du-monde\/#primaryimage"},"image":{"@id":"https:\/\/kapitalis.com\/tunisie\/2023\/01\/09\/sghaier-zakraoui-kais-saied-a-humilie-les-tunisiens-et-en-fait-la-risee-du-monde\/#primaryimage"},"thumbnailUrl":"https:\/\/kapitalis.com\/tunisie\/wp-content\/uploads\/2023\/01\/Sghaier-Zakraoui.jpg","datePublished":"2023-01-09T09:23:24+00:00","dateModified":"2023-01-09T09:23:25+00:00","breadcrumb":{"@id":"https:\/\/kapitalis.com\/tunisie\/2023\/01\/09\/sghaier-zakraoui-kais-saied-a-humilie-les-tunisiens-et-en-fait-la-risee-du-monde\/#breadcrumb"},"inLanguage":"fr-FR","potentialAction":[{"@type":"ReadAction","target":["https:\/\/kapitalis.com\/tunisie\/2023\/01\/09\/sghaier-zakraoui-kais-saied-a-humilie-les-tunisiens-et-en-fait-la-risee-du-monde\/"]}]},{"@type":"ImageObject","inLanguage":"fr-FR","@id":"https:\/\/kapitalis.com\/tunisie\/2023\/01\/09\/sghaier-zakraoui-kais-saied-a-humilie-les-tunisiens-et-en-fait-la-risee-du-monde\/#primaryimage","url":"https:\/\/kapitalis.com\/tunisie\/wp-content\/uploads\/2023\/01\/Sghaier-Zakraoui.jpg","contentUrl":"https:\/\/kapitalis.com\/tunisie\/wp-content\/uploads\/2023\/01\/Sghaier-Zakraoui.jpg","width":1200,"height":630},{"@type":"BreadcrumbList","@id":"https:\/\/kapitalis.com\/tunisie\/2023\/01\/09\/sghaier-zakraoui-kais-saied-a-humilie-les-tunisiens-et-en-fait-la-risee-du-monde\/#breadcrumb","itemListElement":[{"@type":"ListItem","position":1,"name":"Accueil","item":"https:\/\/kapitalis.com\/tunisie\/"},{"@type":"ListItem","position":2,"name":"Sgha\u00efer Zakraoui : \u00abKa\u00efs Sa\u00efed a humili\u00e9 les Tunisiens et en fait la ris\u00e9e du monde\u00bb"}]},{"@type":"WebSite","@id":"https:\/\/kapitalis.com\/tunisie\/#website","url":"https:\/\/kapitalis.com\/tunisie\/","name":"Kapitalis","description":"L&#039;actualit\u00e9 en Tunisie et dans le monde","publisher":{"@id":"https:\/\/kapitalis.com\/tunisie\/#organization"},"potentialAction":[{"@type":"SearchAction","target":{"@type":"EntryPoint","urlTemplate":"https:\/\/kapitalis.com\/tunisie\/?s={search_term_string}"},"query-input":{"@type":"PropertyValueSpecification","valueRequired":true,"valueName":"search_term_string"}}],"inLanguage":"fr-FR"},{"@type":"Organization","@id":"https:\/\/kapitalis.com\/tunisie\/#organization","name":"Kapitalis","url":"https:\/\/kapitalis.com\/tunisie\/","logo":{"@type":"ImageObject","inLanguage":"fr-FR","@id":"https:\/\/kapitalis.com\/tunisie\/#\/schema\/logo\/image\/","url":"https:\/\/kapitalis.com\/tunisie\/wp-content\/uploads\/2022\/05\/Kapitalis-big-size.png","contentUrl":"https:\/\/kapitalis.com\/tunisie\/wp-content\/uploads\/2022\/05\/Kapitalis-big-size.png","width":5000,"height":1500,"caption":"Kapitalis"},"image":{"@id":"https:\/\/kapitalis.com\/tunisie\/#\/schema\/logo\/image\/"},"sameAs":["https:\/\/www.facebook.com\/KapitalisInfo\/","https:\/\/x.com\/KapitalisInfo","https:\/\/www.youtube.com\/channel\/UC-yDYrHyfFBWWZaOw3FPg9Q"]},{"@type":"Person","@id":"https:\/\/kapitalis.com\/tunisie\/#\/schema\/person\/d71f33a9ca44f7bad4698210b480c8e9","name":"webmaster kapitalis","url":"https:\/\/kapitalis.com\/tunisie\/author\/webmaster-kapitalis\/"}]}},"_links":{"self":[{"href":"https:\/\/kapitalis.com\/tunisie\/wp-json\/wp\/v2\/posts\/6014288","targetHints":{"allow":["GET"]}}],"collection":[{"href":"https:\/\/kapitalis.com\/tunisie\/wp-json\/wp\/v2\/posts"}],"about":[{"href":"https:\/\/kapitalis.com\/tunisie\/wp-json\/wp\/v2\/types\/post"}],"author":[{"embeddable":true,"href":"https:\/\/kapitalis.com\/tunisie\/wp-json\/wp\/v2\/users\/8"}],"replies":[{"embeddable":true,"href":"https:\/\/kapitalis.com\/tunisie\/wp-json\/wp\/v2\/comments?post=6014288"}],"version-history":[{"count":1,"href":"https:\/\/kapitalis.com\/tunisie\/wp-json\/wp\/v2\/posts\/6014288\/revisions"}],"predecessor-version":[{"id":6014428,"href":"https:\/\/kapitalis.com\/tunisie\/wp-json\/wp\/v2\/posts\/6014288\/revisions\/6014428"}],"wp:featuredmedia":[{"embeddable":true,"href":"https:\/\/kapitalis.com\/tunisie\/wp-json\/wp\/v2\/media\/6014408"}],"wp:attachment":[{"href":"https:\/\/kapitalis.com\/tunisie\/wp-json\/wp\/v2\/media?parent=6014288"}],"wp:term":[{"taxonomy":"category","embeddable":true,"href":"https:\/\/kapitalis.com\/tunisie\/wp-json\/wp\/v2\/categories?post=6014288"},{"taxonomy":"post_tag","embeddable":true,"href":"https:\/\/kapitalis.com\/tunisie\/wp-json\/wp\/v2\/tags?post=6014288"}],"curies":[{"name":"wp","href":"https:\/\/api.w.org\/{rel}","templated":true}]}}