{"id":6025518,"date":"2023-01-10T08:35:04","date_gmt":"2023-01-10T07:35:04","guid":{"rendered":"https:\/\/kapitalis.com\/tunisie\/?p=6025518"},"modified":"2023-01-10T08:38:04","modified_gmt":"2023-01-10T07:38:04","slug":"samir-cheffi-lugtt-ne-restera-pas-indifferente-a-la-crise-qui-secoue-la-tunisie","status":"publish","type":"post","link":"https:\/\/kapitalis.com\/tunisie\/2023\/01\/10\/samir-cheffi-lugtt-ne-restera-pas-indifferente-a-la-crise-qui-secoue-la-tunisie\/","title":{"rendered":"Samir Cheffi : \u00abL&rsquo;UGTT ne restera pas indiff\u00e9rente \u00e0 la crise qui secoue la Tunisie\u00bb"},"content":{"rendered":"\n<p><strong><em>La Tunisie traverse une profonde crise sociale, \u00e9conomique et politique, a d\u00e9clar\u00e9 le secr\u00e9taire g\u00e9n\u00e9ral adjoint de l\u2019Union g\u00e9n\u00e9rale tunisienne du travail (UGTT), Samir Cheffi.<\/em><\/strong><\/p>\n\n\n\n<!--more-->\n\n\n\n<p>Cela menace les droits \u00e9conomiques et sociaux des gens, et l\u2019UGTT sera toujours aux c\u00f4t\u00e9s du peuple et d\u00e9fendra l\u2019\u00c9tat tunisien, a-t-il ajout\u00e9 \u00e0 l\u2019issue d&rsquo;une r\u00e9union syndicale locale \u00e0 Bizerte, lundi 9 janvier 2023.<\/p>\n\n\n\n<p><em>\u00abEn cette p\u00e9riode critique, tous les champions d\u2019un \u00c9tat civil et d\u00e9mocratique doivent se rassembler et sauver le pays politiquement, \u00e9conomiquement et socialement. Le syndicat ne restera pas indiff\u00e9rent \u00e0 la crise qui secoue le pays\u00bb<\/em>, a insist\u00e9 Cheffi, ajoutant que l&rsquo;UGTT travaille actuellement avec un certain nombre d\u2019organisations sur l\u2019\u00e9laboration d&rsquo;une initiative nationale pour sortir le pays de l&rsquo;orni\u00e8re, par allusion \u00e0 la Ligue tunisienne de d\u00e9fense des droits de l\u2019homme (LTDH) et le Conseil de l\u2019ordre des avocats de Tunisie (Coat).<\/p>\n\n\n\n<p><em>\u00abL\u2019union cherche \u00e0 d\u00e9velopper une approche strat\u00e9gique dans laquelle l\u2019Etat assume pleinement sa responsabilit\u00e9 pour d\u00e9velopper les infrastructures dans toutes les r\u00e9gions, cr\u00e9er des p\u00f4les \u00e9conomiques, selon les sp\u00e9cificit\u00e9s de chaque r\u00e9gion, et prendre des mesures pour am\u00e9liorer le climat des investissements\u00bb<\/em>, a-t-il ajout\u00e9.<\/p>\n\n\n\n<p><strong><em>D&rsquo;apr\u00e8s Tap.<\/em><\/strong><\/p>\n\n\n\n<figure class=\"wp-block-embed is-type-wp-embed is-provider-kapitalis wp-block-embed-kapitalis\"><div class=\"wp-block-embed__wrapper\">\n<blockquote class=\"wp-embedded-content\" data-secret=\"RxmxR62hkJ\"><a href=\"https:\/\/kapitalis.com\/tunisie\/2023\/01\/08\/tunisie-lugtt-fourbit-ses-armes-mais-evite-la-confrontation\/\">Tunisie\u00a0: l\u2019UGTT fourbit ses armes, mais \u00e9vite la confrontation \u00a0<\/a><\/blockquote><iframe loading=\"lazy\" class=\"wp-embedded-content\" sandbox=\"allow-scripts\" security=\"restricted\" style=\"position: absolute; clip: rect(1px, 1px, 1px, 1px);\" title=\"\u00ab\u00a0Tunisie\u00a0: l\u2019UGTT fourbit ses armes, mais \u00e9vite la confrontation \u00a0\u00a0\u00bb &#8212; Kapitalis\" src=\"https:\/\/kapitalis.com\/tunisie\/2023\/01\/08\/tunisie-lugtt-fourbit-ses-armes-mais-evite-la-confrontation\/embed\/#?secret=lLOEiT2bsp#?secret=RxmxR62hkJ\" data-secret=\"RxmxR62hkJ\" width=\"600\" height=\"338\" frameborder=\"0\" marginwidth=\"0\" marginheight=\"0\" scrolling=\"no\"><\/iframe>\n<\/div><\/figure>\n","protected":false},"excerpt":{"rendered":"<p>L\u2019UGTT sera toujours aux c\u00f4t\u00e9s du peuple et d\u00e9fendra l\u2019\u00c9tat tunisien, a d\u00e9clar\u00e9 Samir Cheffi. <\/p>\n","protected":false},"author":8,"featured_media":6025600,"comment_status":"open","ping_status":"open","sticky":false,"template":"","format":"standard","meta":{"footnotes":""},"categories":[997,998,2433],"tags":[148,3137,84956,4696,62643,936],"class_list":["post-6025518","post","type-post","status-publish","format-standard","has-post-thumbnail","hentry","category-politique","category-societe","category-tunisie","tag-bizerte","tag-ltdh","tag-mansour-cheffi","tag-ordre-des-avocats","tag-tunisie","tag-ugtt"],"yoast_head":"<!-- This site is optimized with the Yoast SEO plugin v26.6 - https:\/\/yoast.com\/wordpress\/plugins\/seo\/ -->\n<title>Samir Cheffi : \u00abL&#039;UGTT ne restera pas indiff\u00e9rente \u00e0 la crise qui secoue la Tunisie\u00bb - Kapitalis<\/title>\n<meta name=\"robots\" content=\"index, follow, max-snippet:-1, max-image-preview:large, max-video-preview:-1\" \/>\n<link rel=\"canonical\" href=\"https:\/\/kapitalis.com\/tunisie\/2023\/01\/10\/samir-cheffi-lugtt-ne-restera-pas-indifferente-a-la-crise-qui-secoue-la-tunisie\/\" \/>\n<meta property=\"og:locale\" content=\"fr_FR\" \/>\n<meta property=\"og:type\" content=\"article\" \/>\n<meta property=\"og:title\" content=\"Samir Cheffi : \u00abL&#039;UGTT ne restera pas indiff\u00e9rente \u00e0 la crise qui secoue la Tunisie\u00bb - Kapitalis\" \/>\n<meta property=\"og:description\" content=\"L\u2019UGTT sera toujours aux c\u00f4t\u00e9s du peuple et d\u00e9fendra l\u2019\u00c9tat tunisien, a d\u00e9clar\u00e9 Samir Cheffi.\" \/>\n<meta property=\"og:url\" content=\"https:\/\/kapitalis.com\/tunisie\/2023\/01\/10\/samir-cheffi-lugtt-ne-restera-pas-indifferente-a-la-crise-qui-secoue-la-tunisie\/\" \/>\n<meta property=\"og:site_name\" content=\"Kapitalis\" \/>\n<meta property=\"article:publisher\" content=\"https:\/\/www.facebook.com\/KapitalisInfo\/\" \/>\n<meta property=\"article:published_time\" content=\"2023-01-10T07:35:04+00:00\" \/>\n<meta property=\"article:modified_time\" content=\"2023-01-10T07:38:04+00:00\" \/>\n<meta property=\"og:image\" content=\"https:\/\/kapitalis.com\/tunisie\/wp-content\/uploads\/2023\/01\/Mansour-Cheffi.jpg\" \/>\n\t<meta property=\"og:image:width\" content=\"1200\" \/>\n\t<meta property=\"og:image:height\" content=\"630\" \/>\n\t<meta property=\"og:image:type\" content=\"image\/jpeg\" \/>\n<meta name=\"author\" content=\"webmaster kapitalis\" \/>\n<meta name=\"twitter:card\" content=\"summary_large_image\" \/>\n<meta name=\"twitter:creator\" content=\"@KapitalisInfo\" \/>\n<meta name=\"twitter:site\" content=\"@KapitalisInfo\" \/>\n<meta name=\"twitter:label1\" content=\"\u00c9crit par\" \/>\n\t<meta name=\"twitter:data1\" content=\"webmaster kapitalis\" \/>\n\t<meta name=\"twitter:label2\" content=\"Dur\u00e9e de lecture estim\u00e9e\" \/>\n\t<meta name=\"twitter:data2\" content=\"1 minute\" \/>\n<script type=\"application\/ld+json\" class=\"yoast-schema-graph\">{\"@context\":\"https:\/\/schema.org\",\"@graph\":[{\"@type\":\"Article\",\"@id\":\"https:\/\/kapitalis.com\/tunisie\/2023\/01\/10\/samir-cheffi-lugtt-ne-restera-pas-indifferente-a-la-crise-qui-secoue-la-tunisie\/#article\",\"isPartOf\":{\"@id\":\"https:\/\/kapitalis.com\/tunisie\/2023\/01\/10\/samir-cheffi-lugtt-ne-restera-pas-indifferente-a-la-crise-qui-secoue-la-tunisie\/\"},\"author\":{\"name\":\"webmaster kapitalis\",\"@id\":\"https:\/\/kapitalis.com\/tunisie\/#\/schema\/person\/d71f33a9ca44f7bad4698210b480c8e9\"},\"headline\":\"Samir Cheffi : \u00abL&rsquo;UGTT ne restera pas indiff\u00e9rente \u00e0 la crise qui secoue la Tunisie\u00bb\",\"datePublished\":\"2023-01-10T07:35:04+00:00\",\"dateModified\":\"2023-01-10T07:38:04+00:00\",\"mainEntityOfPage\":{\"@id\":\"https:\/\/kapitalis.com\/tunisie\/2023\/01\/10\/samir-cheffi-lugtt-ne-restera-pas-indifferente-a-la-crise-qui-secoue-la-tunisie\/\"},\"wordCount\":238,\"commentCount\":4,\"publisher\":{\"@id\":\"https:\/\/kapitalis.com\/tunisie\/#organization\"},\"image\":{\"@id\":\"https:\/\/kapitalis.com\/tunisie\/2023\/01\/10\/samir-cheffi-lugtt-ne-restera-pas-indifferente-a-la-crise-qui-secoue-la-tunisie\/#primaryimage\"},\"thumbnailUrl\":\"https:\/\/kapitalis.com\/tunisie\/wp-content\/uploads\/2023\/01\/Mansour-Cheffi.jpg\",\"keywords\":[\"Bizerte\",\"LTDH\",\"Mansour Cheffi\",\"Ordre des avocats\",\"Tunisie\",\"UGTT\"],\"articleSection\":[\"POLITIQUE\",\"SOCIETE\",\"Tunisie\"],\"inLanguage\":\"fr-FR\",\"potentialAction\":[{\"@type\":\"CommentAction\",\"name\":\"Comment\",\"target\":[\"https:\/\/kapitalis.com\/tunisie\/2023\/01\/10\/samir-cheffi-lugtt-ne-restera-pas-indifferente-a-la-crise-qui-secoue-la-tunisie\/#respond\"]}]},{\"@type\":\"WebPage\",\"@id\":\"https:\/\/kapitalis.com\/tunisie\/2023\/01\/10\/samir-cheffi-lugtt-ne-restera-pas-indifferente-a-la-crise-qui-secoue-la-tunisie\/\",\"url\":\"https:\/\/kapitalis.com\/tunisie\/2023\/01\/10\/samir-cheffi-lugtt-ne-restera-pas-indifferente-a-la-crise-qui-secoue-la-tunisie\/\",\"name\":\"Samir Cheffi : \u00abL'UGTT ne restera pas indiff\u00e9rente \u00e0 la crise qui secoue la Tunisie\u00bb - Kapitalis\",\"isPartOf\":{\"@id\":\"https:\/\/kapitalis.com\/tunisie\/#website\"},\"primaryImageOfPage\":{\"@id\":\"https:\/\/kapitalis.com\/tunisie\/2023\/01\/10\/samir-cheffi-lugtt-ne-restera-pas-indifferente-a-la-crise-qui-secoue-la-tunisie\/#primaryimage\"},\"image\":{\"@id\":\"https:\/\/kapitalis.com\/tunisie\/2023\/01\/10\/samir-cheffi-lugtt-ne-restera-pas-indifferente-a-la-crise-qui-secoue-la-tunisie\/#primaryimage\"},\"thumbnailUrl\":\"https:\/\/kapitalis.com\/tunisie\/wp-content\/uploads\/2023\/01\/Mansour-Cheffi.jpg\",\"datePublished\":\"2023-01-10T07:35:04+00:00\",\"dateModified\":\"2023-01-10T07:38:04+00:00\",\"breadcrumb\":{\"@id\":\"https:\/\/kapitalis.com\/tunisie\/2023\/01\/10\/samir-cheffi-lugtt-ne-restera-pas-indifferente-a-la-crise-qui-secoue-la-tunisie\/#breadcrumb\"},\"inLanguage\":\"fr-FR\",\"potentialAction\":[{\"@type\":\"ReadAction\",\"target\":[\"https:\/\/kapitalis.com\/tunisie\/2023\/01\/10\/samir-cheffi-lugtt-ne-restera-pas-indifferente-a-la-crise-qui-secoue-la-tunisie\/\"]}]},{\"@type\":\"ImageObject\",\"inLanguage\":\"fr-FR\",\"@id\":\"https:\/\/kapitalis.com\/tunisie\/2023\/01\/10\/samir-cheffi-lugtt-ne-restera-pas-indifferente-a-la-crise-qui-secoue-la-tunisie\/#primaryimage\",\"url\":\"https:\/\/kapitalis.com\/tunisie\/wp-content\/uploads\/2023\/01\/Mansour-Cheffi.jpg\",\"contentUrl\":\"https:\/\/kapitalis.com\/tunisie\/wp-content\/uploads\/2023\/01\/Mansour-Cheffi.jpg\",\"width\":1200,\"height\":630},{\"@type\":\"BreadcrumbList\",\"@id\":\"https:\/\/kapitalis.com\/tunisie\/2023\/01\/10\/samir-cheffi-lugtt-ne-restera-pas-indifferente-a-la-crise-qui-secoue-la-tunisie\/#breadcrumb\",\"itemListElement\":[{\"@type\":\"ListItem\",\"position\":1,\"name\":\"Accueil\",\"item\":\"https:\/\/kapitalis.com\/tunisie\/\"},{\"@type\":\"ListItem\",\"position\":2,\"name\":\"Samir Cheffi : \u00abL&rsquo;UGTT ne restera pas indiff\u00e9rente \u00e0 la crise qui secoue la Tunisie\u00bb\"}]},{\"@type\":\"WebSite\",\"@id\":\"https:\/\/kapitalis.com\/tunisie\/#website\",\"url\":\"https:\/\/kapitalis.com\/tunisie\/\",\"name\":\"Kapitalis\",\"description\":\"L&#039;actualit\u00e9 en Tunisie et dans le monde\",\"publisher\":{\"@id\":\"https:\/\/kapitalis.com\/tunisie\/#organization\"},\"potentialAction\":[{\"@type\":\"SearchAction\",\"target\":{\"@type\":\"EntryPoint\",\"urlTemplate\":\"https:\/\/kapitalis.com\/tunisie\/?s={search_term_string}\"},\"query-input\":{\"@type\":\"PropertyValueSpecification\",\"valueRequired\":true,\"valueName\":\"search_term_string\"}}],\"inLanguage\":\"fr-FR\"},{\"@type\":\"Organization\",\"@id\":\"https:\/\/kapitalis.com\/tunisie\/#organization\",\"name\":\"Kapitalis\",\"url\":\"https:\/\/kapitalis.com\/tunisie\/\",\"logo\":{\"@type\":\"ImageObject\",\"inLanguage\":\"fr-FR\",\"@id\":\"https:\/\/kapitalis.com\/tunisie\/#\/schema\/logo\/image\/\",\"url\":\"https:\/\/kapitalis.com\/tunisie\/wp-content\/uploads\/2022\/05\/Kapitalis-big-size.png\",\"contentUrl\":\"https:\/\/kapitalis.com\/tunisie\/wp-content\/uploads\/2022\/05\/Kapitalis-big-size.png\",\"width\":5000,\"height\":1500,\"caption\":\"Kapitalis\"},\"image\":{\"@id\":\"https:\/\/kapitalis.com\/tunisie\/#\/schema\/logo\/image\/\"},\"sameAs\":[\"https:\/\/www.facebook.com\/KapitalisInfo\/\",\"https:\/\/x.com\/KapitalisInfo\",\"https:\/\/www.youtube.com\/channel\/UC-yDYrHyfFBWWZaOw3FPg9Q\"]},{\"@type\":\"Person\",\"@id\":\"https:\/\/kapitalis.com\/tunisie\/#\/schema\/person\/d71f33a9ca44f7bad4698210b480c8e9\",\"name\":\"webmaster kapitalis\",\"url\":\"https:\/\/kapitalis.com\/tunisie\/author\/webmaster-kapitalis\/\"}]}<\/script>\n<!-- \/ Yoast SEO plugin. -->","yoast_head_json":{"title":"Samir Cheffi : \u00abL'UGTT ne restera pas indiff\u00e9rente \u00e0 la crise qui secoue la Tunisie\u00bb - Kapitalis","robots":{"index":"index","follow":"follow","max-snippet":"max-snippet:-1","max-image-preview":"max-image-preview:large","max-video-preview":"max-video-preview:-1"},"canonical":"https:\/\/kapitalis.com\/tunisie\/2023\/01\/10\/samir-cheffi-lugtt-ne-restera-pas-indifferente-a-la-crise-qui-secoue-la-tunisie\/","og_locale":"fr_FR","og_type":"article","og_title":"Samir Cheffi : \u00abL'UGTT ne restera pas indiff\u00e9rente \u00e0 la crise qui secoue la Tunisie\u00bb - Kapitalis","og_description":"L\u2019UGTT sera toujours aux c\u00f4t\u00e9s du peuple et d\u00e9fendra l\u2019\u00c9tat tunisien, a d\u00e9clar\u00e9 Samir Cheffi.","og_url":"https:\/\/kapitalis.com\/tunisie\/2023\/01\/10\/samir-cheffi-lugtt-ne-restera-pas-indifferente-a-la-crise-qui-secoue-la-tunisie\/","og_site_name":"Kapitalis","article_publisher":"https:\/\/www.facebook.com\/KapitalisInfo\/","article_published_time":"2023-01-10T07:35:04+00:00","article_modified_time":"2023-01-10T07:38:04+00:00","og_image":[{"width":1200,"height":630,"url":"https:\/\/kapitalis.com\/tunisie\/wp-content\/uploads\/2023\/01\/Mansour-Cheffi.jpg","type":"image\/jpeg"}],"author":"webmaster kapitalis","twitter_card":"summary_large_image","twitter_creator":"@KapitalisInfo","twitter_site":"@KapitalisInfo","twitter_misc":{"\u00c9crit par":"webmaster kapitalis","Dur\u00e9e de lecture estim\u00e9e":"1 minute"},"schema":{"@context":"https:\/\/schema.org","@graph":[{"@type":"Article","@id":"https:\/\/kapitalis.com\/tunisie\/2023\/01\/10\/samir-cheffi-lugtt-ne-restera-pas-indifferente-a-la-crise-qui-secoue-la-tunisie\/#article","isPartOf":{"@id":"https:\/\/kapitalis.com\/tunisie\/2023\/01\/10\/samir-cheffi-lugtt-ne-restera-pas-indifferente-a-la-crise-qui-secoue-la-tunisie\/"},"author":{"name":"webmaster kapitalis","@id":"https:\/\/kapitalis.com\/tunisie\/#\/schema\/person\/d71f33a9ca44f7bad4698210b480c8e9"},"headline":"Samir Cheffi : \u00abL&rsquo;UGTT ne restera pas indiff\u00e9rente \u00e0 la crise qui secoue la Tunisie\u00bb","datePublished":"2023-01-10T07:35:04+00:00","dateModified":"2023-01-10T07:38:04+00:00","mainEntityOfPage":{"@id":"https:\/\/kapitalis.com\/tunisie\/2023\/01\/10\/samir-cheffi-lugtt-ne-restera-pas-indifferente-a-la-crise-qui-secoue-la-tunisie\/"},"wordCount":238,"commentCount":4,"publisher":{"@id":"https:\/\/kapitalis.com\/tunisie\/#organization"},"image":{"@id":"https:\/\/kapitalis.com\/tunisie\/2023\/01\/10\/samir-cheffi-lugtt-ne-restera-pas-indifferente-a-la-crise-qui-secoue-la-tunisie\/#primaryimage"},"thumbnailUrl":"https:\/\/kapitalis.com\/tunisie\/wp-content\/uploads\/2023\/01\/Mansour-Cheffi.jpg","keywords":["Bizerte","LTDH","Mansour Cheffi","Ordre des avocats","Tunisie","UGTT"],"articleSection":["POLITIQUE","SOCIETE","Tunisie"],"inLanguage":"fr-FR","potentialAction":[{"@type":"CommentAction","name":"Comment","target":["https:\/\/kapitalis.com\/tunisie\/2023\/01\/10\/samir-cheffi-lugtt-ne-restera-pas-indifferente-a-la-crise-qui-secoue-la-tunisie\/#respond"]}]},{"@type":"WebPage","@id":"https:\/\/kapitalis.com\/tunisie\/2023\/01\/10\/samir-cheffi-lugtt-ne-restera-pas-indifferente-a-la-crise-qui-secoue-la-tunisie\/","url":"https:\/\/kapitalis.com\/tunisie\/2023\/01\/10\/samir-cheffi-lugtt-ne-restera-pas-indifferente-a-la-crise-qui-secoue-la-tunisie\/","name":"Samir Cheffi : \u00abL'UGTT ne restera pas indiff\u00e9rente \u00e0 la crise qui secoue la Tunisie\u00bb - Kapitalis","isPartOf":{"@id":"https:\/\/kapitalis.com\/tunisie\/#website"},"primaryImageOfPage":{"@id":"https:\/\/kapitalis.com\/tunisie\/2023\/01\/10\/samir-cheffi-lugtt-ne-restera-pas-indifferente-a-la-crise-qui-secoue-la-tunisie\/#primaryimage"},"image":{"@id":"https:\/\/kapitalis.com\/tunisie\/2023\/01\/10\/samir-cheffi-lugtt-ne-restera-pas-indifferente-a-la-crise-qui-secoue-la-tunisie\/#primaryimage"},"thumbnailUrl":"https:\/\/kapitalis.com\/tunisie\/wp-content\/uploads\/2023\/01\/Mansour-Cheffi.jpg","datePublished":"2023-01-10T07:35:04+00:00","dateModified":"2023-01-10T07:38:04+00:00","breadcrumb":{"@id":"https:\/\/kapitalis.com\/tunisie\/2023\/01\/10\/samir-cheffi-lugtt-ne-restera-pas-indifferente-a-la-crise-qui-secoue-la-tunisie\/#breadcrumb"},"inLanguage":"fr-FR","potentialAction":[{"@type":"ReadAction","target":["https:\/\/kapitalis.com\/tunisie\/2023\/01\/10\/samir-cheffi-lugtt-ne-restera-pas-indifferente-a-la-crise-qui-secoue-la-tunisie\/"]}]},{"@type":"ImageObject","inLanguage":"fr-FR","@id":"https:\/\/kapitalis.com\/tunisie\/2023\/01\/10\/samir-cheffi-lugtt-ne-restera-pas-indifferente-a-la-crise-qui-secoue-la-tunisie\/#primaryimage","url":"https:\/\/kapitalis.com\/tunisie\/wp-content\/uploads\/2023\/01\/Mansour-Cheffi.jpg","contentUrl":"https:\/\/kapitalis.com\/tunisie\/wp-content\/uploads\/2023\/01\/Mansour-Cheffi.jpg","width":1200,"height":630},{"@type":"BreadcrumbList","@id":"https:\/\/kapitalis.com\/tunisie\/2023\/01\/10\/samir-cheffi-lugtt-ne-restera-pas-indifferente-a-la-crise-qui-secoue-la-tunisie\/#breadcrumb","itemListElement":[{"@type":"ListItem","position":1,"name":"Accueil","item":"https:\/\/kapitalis.com\/tunisie\/"},{"@type":"ListItem","position":2,"name":"Samir Cheffi : \u00abL&rsquo;UGTT ne restera pas indiff\u00e9rente \u00e0 la crise qui secoue la Tunisie\u00bb"}]},{"@type":"WebSite","@id":"https:\/\/kapitalis.com\/tunisie\/#website","url":"https:\/\/kapitalis.com\/tunisie\/","name":"Kapitalis","description":"L&#039;actualit\u00e9 en Tunisie et dans le monde","publisher":{"@id":"https:\/\/kapitalis.com\/tunisie\/#organization"},"potentialAction":[{"@type":"SearchAction","target":{"@type":"EntryPoint","urlTemplate":"https:\/\/kapitalis.com\/tunisie\/?s={search_term_string}"},"query-input":{"@type":"PropertyValueSpecification","valueRequired":true,"valueName":"search_term_string"}}],"inLanguage":"fr-FR"},{"@type":"Organization","@id":"https:\/\/kapitalis.com\/tunisie\/#organization","name":"Kapitalis","url":"https:\/\/kapitalis.com\/tunisie\/","logo":{"@type":"ImageObject","inLanguage":"fr-FR","@id":"https:\/\/kapitalis.com\/tunisie\/#\/schema\/logo\/image\/","url":"https:\/\/kapitalis.com\/tunisie\/wp-content\/uploads\/2022\/05\/Kapitalis-big-size.png","contentUrl":"https:\/\/kapitalis.com\/tunisie\/wp-content\/uploads\/2022\/05\/Kapitalis-big-size.png","width":5000,"height":1500,"caption":"Kapitalis"},"image":{"@id":"https:\/\/kapitalis.com\/tunisie\/#\/schema\/logo\/image\/"},"sameAs":["https:\/\/www.facebook.com\/KapitalisInfo\/","https:\/\/x.com\/KapitalisInfo","https:\/\/www.youtube.com\/channel\/UC-yDYrHyfFBWWZaOw3FPg9Q"]},{"@type":"Person","@id":"https:\/\/kapitalis.com\/tunisie\/#\/schema\/person\/d71f33a9ca44f7bad4698210b480c8e9","name":"webmaster kapitalis","url":"https:\/\/kapitalis.com\/tunisie\/author\/webmaster-kapitalis\/"}]}},"_links":{"self":[{"href":"https:\/\/kapitalis.com\/tunisie\/wp-json\/wp\/v2\/posts\/6025518","targetHints":{"allow":["GET"]}}],"collection":[{"href":"https:\/\/kapitalis.com\/tunisie\/wp-json\/wp\/v2\/posts"}],"about":[{"href":"https:\/\/kapitalis.com\/tunisie\/wp-json\/wp\/v2\/types\/post"}],"author":[{"embeddable":true,"href":"https:\/\/kapitalis.com\/tunisie\/wp-json\/wp\/v2\/users\/8"}],"replies":[{"embeddable":true,"href":"https:\/\/kapitalis.com\/tunisie\/wp-json\/wp\/v2\/comments?post=6025518"}],"version-history":[{"count":2,"href":"https:\/\/kapitalis.com\/tunisie\/wp-json\/wp\/v2\/posts\/6025518\/revisions"}],"predecessor-version":[{"id":6025645,"href":"https:\/\/kapitalis.com\/tunisie\/wp-json\/wp\/v2\/posts\/6025518\/revisions\/6025645"}],"wp:featuredmedia":[{"embeddable":true,"href":"https:\/\/kapitalis.com\/tunisie\/wp-json\/wp\/v2\/media\/6025600"}],"wp:attachment":[{"href":"https:\/\/kapitalis.com\/tunisie\/wp-json\/wp\/v2\/media?parent=6025518"}],"wp:term":[{"taxonomy":"category","embeddable":true,"href":"https:\/\/kapitalis.com\/tunisie\/wp-json\/wp\/v2\/categories?post=6025518"},{"taxonomy":"post_tag","embeddable":true,"href":"https:\/\/kapitalis.com\/tunisie\/wp-json\/wp\/v2\/tags?post=6025518"}],"curies":[{"name":"wp","href":"https:\/\/api.w.org\/{rel}","templated":true}]}}