{"id":6033431,"date":"2023-01-11T08:38:49","date_gmt":"2023-01-11T07:38:49","guid":{"rendered":"https:\/\/kapitalis.com\/tunisie\/?p=6033431"},"modified":"2023-01-11T08:42:56","modified_gmt":"2023-01-11T07:42:56","slug":"litalie-appelle-la-tunisie-a-bloquer-le-depart-des-migrants-de-ses-cotes","status":"publish","type":"post","link":"https:\/\/kapitalis.com\/tunisie\/2023\/01\/11\/litalie-appelle-la-tunisie-a-bloquer-le-depart-des-migrants-de-ses-cotes\/","title":{"rendered":"L\u2019Italie appelle la Tunisie \u00e0 bloquer le d\u00e9part des migrants de ses c\u00f4tes"},"content":{"rendered":"\n<p><strong><em>Les autorit\u00e9s italiennes multiplient depuis quelques jours les contacts avec leurs homologues tunisiennes pour leur demander de renforcer leurs efforts en vue de bloquer les d\u00e9parts des barques de migrants clandestins \u00e0 partir de leurs c\u00f4tes, dont l&rsquo;afflux s&rsquo;est \u00e0 nouveau accentu\u00e9, profitant d&rsquo;un hiver plut\u00f4t cl\u00e9ment. <\/em><\/strong>   <\/p>\n\n\n\n<!--more-->\n\n\n\n<p><em>\u00abAppel au ministre tunisien des Affaires \u00e9trang\u00e8res Othman Jerandi. J\u2019ai demand\u00e9 un engagement fort du gouvernement tunisien pour contrer les d\u00e9parts irr\u00e9guliers de migrants et encourager un plus grand nombre de rapatriements. Je serai bient\u00f4t \u00e0 Tunis : le gouvernement italien travaille \u00e0 r\u00e9soudre l\u2019urgence migratoire\u00bb<\/em>, a \u00e9crit le ministre des Affaires \u00e9trang\u00e8res italien Antonio Tajani sur Twitter, hier, mardi 10 janvier 2023.<\/p>\n\n\n\n<p>Dans un discours sur Radio Anch&rsquo;io, rapporte l\u2019agence <a href=\"https:\/\/www.ansamed.info\/ansamed\/it\/notizie\/stati\/europa\/2023\/01\/10\/tajani-a-tunisi-contrastare-partenze-irregolari-migranti_b42dcaa0-21eb-43cd-86b6-470717ea1d77.html\" target=\"_blank\" rel=\"noreferrer noopener\">Ansamed<\/a>, le ministre italien a d\u00e9clar\u00e9 qu\u2019<em>\u00aben ce qui concerne le d\u00e9cret sur les flux 2022, un quota de r\u00e9compense d\u2019immigrants r\u00e9guliers a \u00e9t\u00e9 laiss\u00e9 pour \u00eatre accueilli en Italie en provenance des pays d\u2019Afrique du Nord\u00bb<\/em>. <em>\u00abLa n\u00e9gociation est compliqu\u00e9e; nous travaillons non seulement avec la Tunisie mais aussi avec la Libye\u00bb<\/em>, a-t-il soulign\u00e9.<\/p>\n\n\n\n<p>Evoquant le contenu de cet entretien t\u00e9l\u00e9phonique dans un communiqu\u00e9 publi\u00e9 hier, le minist\u00e8re tunisien des Affaires \u00e9trang\u00e8res a indiqu\u00e9 qu\u2019il a port\u00e9 sur <em>\u00abla promotion des relations tuniso-italiennes dans les domaines d\u2019int\u00e9r\u00eat commun et la question de la migration irr\u00e9guli\u00e8re\u00bb,<\/em> ajoutant que les deux ministres ont<em> \u00abr\u00e9affirm\u00e9 la n\u00e9cessit\u00e9 d\u2019adopter une approche globale et de mettre en place des m\u00e9canismes appropri\u00e9s pour encourager la migration r\u00e9guli\u00e8re.\u00bb<\/em><\/p>\n\n\n\n<p><em>\u00abCela dit<\/em>, a soulign\u00e9 de son c\u00f4t\u00e9 le chef de la diplomatie italienne cit\u00e9 par les m\u00e9dias italiens,<em> nous devons penser \u00e0 accueillir et \u00e0 d\u00e9fendre les fronti\u00e8res contre l\u2019immigration clandestine. Le gouvernement travaille \u00e9galement dur pour r\u00e9soudre le probl\u00e8me avec le ministre des Affaires \u00e9trang\u00e8res de la Tunisie, j\u2019inviterai ce gouvernement \u00e0 bloquer les d\u00e9parts\u00bb<\/em>.<\/p>\n\n\n\n<p>Sur le front de l\u2019Union europ\u00e9enne (UE), Tajani affirme que <em>\u00abla question de la migration doit \u00eatre abord\u00e9e sur plusieurs fronts, une action au niveau europ\u00e9en est n\u00e9cessaire. C\u2019est la principale solution. Cette question inqui\u00e8te le pays. Nous avons besoin de plus d\u2019unit\u00e9. La rencontre d\u2019hier (lundi, Ndlr) entre Ursula von der Leyen et Giorgia Meloni \u00e9taient tr\u00e8s positifs car le pr\u00e9sident de la Commission europ\u00e9enne a fait des pas en avant dans le sens d\u2019une action europ\u00e9enne\u00bb<\/em>.<\/p>\n\n\n\n<p class=\"has-text-align-right\"><strong>I. B.<\/strong><\/p>\n\n\n\n<figure class=\"wp-block-embed is-type-wp-embed is-provider-kapitalis wp-block-embed-kapitalis\"><div class=\"wp-block-embed__wrapper\">\n<blockquote class=\"wp-embedded-content\" data-secret=\"YYNEsEPTRY\"><a href=\"https:\/\/kapitalis.com\/tunisie\/2023\/01\/10\/lors-de-sa-rencontre-avec-bouden-lambassadeur-saggio-reaffirme-le-soutien-de-litalie-a-la-tunisie\/\">Lors de sa rencontre avec Bouden, l&rsquo;ambassadeur Saggio r\u00e9affirme le soutien de l&rsquo;Italie \u00e0 la Tunisie<\/a><\/blockquote><iframe loading=\"lazy\" class=\"wp-embedded-content\" sandbox=\"allow-scripts\" security=\"restricted\" style=\"position: absolute; clip: rect(1px, 1px, 1px, 1px);\" title=\"\u00ab\u00a0Lors de sa rencontre avec Bouden, l&rsquo;ambassadeur Saggio r\u00e9affirme le soutien de l&rsquo;Italie \u00e0 la Tunisie\u00a0\u00bb &#8212; Kapitalis\" src=\"https:\/\/kapitalis.com\/tunisie\/2023\/01\/10\/lors-de-sa-rencontre-avec-bouden-lambassadeur-saggio-reaffirme-le-soutien-de-litalie-a-la-tunisie\/embed\/#?secret=n793cM2CGQ#?secret=YYNEsEPTRY\" data-secret=\"YYNEsEPTRY\" width=\"600\" height=\"338\" frameborder=\"0\" marginwidth=\"0\" marginheight=\"0\" scrolling=\"no\"><\/iframe>\n<\/div><\/figure>\n","protected":false},"excerpt":{"rendered":"<p>L&rsquo;Italie demande \u00e0 la Tunisie de mieux surveiller ses c\u00f4tes et de bloquer les barques des migrants clandestins. <\/p>\n","protected":false},"author":8,"featured_media":6033472,"comment_status":"open","ping_status":"open","sticky":false,"template":"","format":"standard","meta":{"footnotes":""},"categories":[997,2433],"tags":[105773,103508,505,2843,81850,62643,90832],"class_list":["post-6033431","post","type-post","status-publish","format-standard","has-post-thumbnail","hentry","category-politique","category-tunisie","tag-antonio-tajani","tag-giorgia-meloni","tag-italie","tag-migration-clandestine","tag-othman-jerandi","tag-tunisie","tag-ursula-von-der-leyen"],"yoast_head":"<!-- This site is optimized with the Yoast SEO plugin v26.6 - https:\/\/yoast.com\/wordpress\/plugins\/seo\/ -->\n<title>L\u2019Italie appelle la Tunisie \u00e0 bloquer le d\u00e9part des migrants de ses c\u00f4tes - Kapitalis<\/title>\n<meta name=\"robots\" content=\"index, follow, max-snippet:-1, max-image-preview:large, max-video-preview:-1\" \/>\n<link rel=\"canonical\" href=\"https:\/\/kapitalis.com\/tunisie\/2023\/01\/11\/litalie-appelle-la-tunisie-a-bloquer-le-depart-des-migrants-de-ses-cotes\/\" \/>\n<meta property=\"og:locale\" content=\"fr_FR\" \/>\n<meta property=\"og:type\" content=\"article\" \/>\n<meta property=\"og:title\" content=\"L\u2019Italie appelle la Tunisie \u00e0 bloquer le d\u00e9part des migrants de ses c\u00f4tes - Kapitalis\" \/>\n<meta property=\"og:description\" content=\"L&#039;Italie demande \u00e0 la Tunisie de mieux surveiller ses c\u00f4tes et de bloquer les barques des migrants clandestins.\" \/>\n<meta property=\"og:url\" content=\"https:\/\/kapitalis.com\/tunisie\/2023\/01\/11\/litalie-appelle-la-tunisie-a-bloquer-le-depart-des-migrants-de-ses-cotes\/\" \/>\n<meta property=\"og:site_name\" content=\"Kapitalis\" \/>\n<meta property=\"article:publisher\" content=\"https:\/\/www.facebook.com\/KapitalisInfo\/\" \/>\n<meta property=\"article:published_time\" content=\"2023-01-11T07:38:49+00:00\" \/>\n<meta property=\"article:modified_time\" content=\"2023-01-11T07:42:56+00:00\" \/>\n<meta property=\"og:image\" content=\"https:\/\/kapitalis.com\/tunisie\/wp-content\/uploads\/2023\/01\/Antonio-Tajani-Othman-Jerandi.jpg\" \/>\n\t<meta property=\"og:image:width\" content=\"1200\" \/>\n\t<meta property=\"og:image:height\" content=\"630\" \/>\n\t<meta property=\"og:image:type\" content=\"image\/jpeg\" \/>\n<meta name=\"author\" content=\"webmaster kapitalis\" \/>\n<meta name=\"twitter:card\" content=\"summary_large_image\" \/>\n<meta name=\"twitter:creator\" content=\"@KapitalisInfo\" \/>\n<meta name=\"twitter:site\" content=\"@KapitalisInfo\" \/>\n<meta name=\"twitter:label1\" content=\"\u00c9crit par\" \/>\n\t<meta name=\"twitter:data1\" content=\"webmaster kapitalis\" \/>\n\t<meta name=\"twitter:label2\" content=\"Dur\u00e9e de lecture estim\u00e9e\" \/>\n\t<meta name=\"twitter:data2\" content=\"2 minutes\" \/>\n<script type=\"application\/ld+json\" class=\"yoast-schema-graph\">{\"@context\":\"https:\/\/schema.org\",\"@graph\":[{\"@type\":\"Article\",\"@id\":\"https:\/\/kapitalis.com\/tunisie\/2023\/01\/11\/litalie-appelle-la-tunisie-a-bloquer-le-depart-des-migrants-de-ses-cotes\/#article\",\"isPartOf\":{\"@id\":\"https:\/\/kapitalis.com\/tunisie\/2023\/01\/11\/litalie-appelle-la-tunisie-a-bloquer-le-depart-des-migrants-de-ses-cotes\/\"},\"author\":{\"name\":\"webmaster kapitalis\",\"@id\":\"https:\/\/kapitalis.com\/tunisie\/#\/schema\/person\/d71f33a9ca44f7bad4698210b480c8e9\"},\"headline\":\"L\u2019Italie appelle la Tunisie \u00e0 bloquer le d\u00e9part des migrants de ses c\u00f4tes\",\"datePublished\":\"2023-01-11T07:38:49+00:00\",\"dateModified\":\"2023-01-11T07:42:56+00:00\",\"mainEntityOfPage\":{\"@id\":\"https:\/\/kapitalis.com\/tunisie\/2023\/01\/11\/litalie-appelle-la-tunisie-a-bloquer-le-depart-des-migrants-de-ses-cotes\/\"},\"wordCount\":449,\"commentCount\":5,\"publisher\":{\"@id\":\"https:\/\/kapitalis.com\/tunisie\/#organization\"},\"image\":{\"@id\":\"https:\/\/kapitalis.com\/tunisie\/2023\/01\/11\/litalie-appelle-la-tunisie-a-bloquer-le-depart-des-migrants-de-ses-cotes\/#primaryimage\"},\"thumbnailUrl\":\"https:\/\/kapitalis.com\/tunisie\/wp-content\/uploads\/2023\/01\/Antonio-Tajani-Othman-Jerandi.jpg\",\"keywords\":[\"Antonio Tajani\",\"Giorgia Meloni\",\"Italie\",\"migration clandestine\",\"Othman Jerandi\",\"Tunisie\",\"Ursula von der Leyen\"],\"articleSection\":[\"POLITIQUE\",\"Tunisie\"],\"inLanguage\":\"fr-FR\",\"potentialAction\":[{\"@type\":\"CommentAction\",\"name\":\"Comment\",\"target\":[\"https:\/\/kapitalis.com\/tunisie\/2023\/01\/11\/litalie-appelle-la-tunisie-a-bloquer-le-depart-des-migrants-de-ses-cotes\/#respond\"]}]},{\"@type\":\"WebPage\",\"@id\":\"https:\/\/kapitalis.com\/tunisie\/2023\/01\/11\/litalie-appelle-la-tunisie-a-bloquer-le-depart-des-migrants-de-ses-cotes\/\",\"url\":\"https:\/\/kapitalis.com\/tunisie\/2023\/01\/11\/litalie-appelle-la-tunisie-a-bloquer-le-depart-des-migrants-de-ses-cotes\/\",\"name\":\"L\u2019Italie appelle la Tunisie \u00e0 bloquer le d\u00e9part des migrants de ses c\u00f4tes - Kapitalis\",\"isPartOf\":{\"@id\":\"https:\/\/kapitalis.com\/tunisie\/#website\"},\"primaryImageOfPage\":{\"@id\":\"https:\/\/kapitalis.com\/tunisie\/2023\/01\/11\/litalie-appelle-la-tunisie-a-bloquer-le-depart-des-migrants-de-ses-cotes\/#primaryimage\"},\"image\":{\"@id\":\"https:\/\/kapitalis.com\/tunisie\/2023\/01\/11\/litalie-appelle-la-tunisie-a-bloquer-le-depart-des-migrants-de-ses-cotes\/#primaryimage\"},\"thumbnailUrl\":\"https:\/\/kapitalis.com\/tunisie\/wp-content\/uploads\/2023\/01\/Antonio-Tajani-Othman-Jerandi.jpg\",\"datePublished\":\"2023-01-11T07:38:49+00:00\",\"dateModified\":\"2023-01-11T07:42:56+00:00\",\"breadcrumb\":{\"@id\":\"https:\/\/kapitalis.com\/tunisie\/2023\/01\/11\/litalie-appelle-la-tunisie-a-bloquer-le-depart-des-migrants-de-ses-cotes\/#breadcrumb\"},\"inLanguage\":\"fr-FR\",\"potentialAction\":[{\"@type\":\"ReadAction\",\"target\":[\"https:\/\/kapitalis.com\/tunisie\/2023\/01\/11\/litalie-appelle-la-tunisie-a-bloquer-le-depart-des-migrants-de-ses-cotes\/\"]}]},{\"@type\":\"ImageObject\",\"inLanguage\":\"fr-FR\",\"@id\":\"https:\/\/kapitalis.com\/tunisie\/2023\/01\/11\/litalie-appelle-la-tunisie-a-bloquer-le-depart-des-migrants-de-ses-cotes\/#primaryimage\",\"url\":\"https:\/\/kapitalis.com\/tunisie\/wp-content\/uploads\/2023\/01\/Antonio-Tajani-Othman-Jerandi.jpg\",\"contentUrl\":\"https:\/\/kapitalis.com\/tunisie\/wp-content\/uploads\/2023\/01\/Antonio-Tajani-Othman-Jerandi.jpg\",\"width\":1200,\"height\":630},{\"@type\":\"BreadcrumbList\",\"@id\":\"https:\/\/kapitalis.com\/tunisie\/2023\/01\/11\/litalie-appelle-la-tunisie-a-bloquer-le-depart-des-migrants-de-ses-cotes\/#breadcrumb\",\"itemListElement\":[{\"@type\":\"ListItem\",\"position\":1,\"name\":\"Accueil\",\"item\":\"https:\/\/kapitalis.com\/tunisie\/\"},{\"@type\":\"ListItem\",\"position\":2,\"name\":\"L\u2019Italie appelle la Tunisie \u00e0 bloquer le d\u00e9part des migrants de ses c\u00f4tes\"}]},{\"@type\":\"WebSite\",\"@id\":\"https:\/\/kapitalis.com\/tunisie\/#website\",\"url\":\"https:\/\/kapitalis.com\/tunisie\/\",\"name\":\"Kapitalis\",\"description\":\"L&#039;actualit\u00e9 en Tunisie et dans le monde\",\"publisher\":{\"@id\":\"https:\/\/kapitalis.com\/tunisie\/#organization\"},\"potentialAction\":[{\"@type\":\"SearchAction\",\"target\":{\"@type\":\"EntryPoint\",\"urlTemplate\":\"https:\/\/kapitalis.com\/tunisie\/?s={search_term_string}\"},\"query-input\":{\"@type\":\"PropertyValueSpecification\",\"valueRequired\":true,\"valueName\":\"search_term_string\"}}],\"inLanguage\":\"fr-FR\"},{\"@type\":\"Organization\",\"@id\":\"https:\/\/kapitalis.com\/tunisie\/#organization\",\"name\":\"Kapitalis\",\"url\":\"https:\/\/kapitalis.com\/tunisie\/\",\"logo\":{\"@type\":\"ImageObject\",\"inLanguage\":\"fr-FR\",\"@id\":\"https:\/\/kapitalis.com\/tunisie\/#\/schema\/logo\/image\/\",\"url\":\"https:\/\/kapitalis.com\/tunisie\/wp-content\/uploads\/2022\/05\/Kapitalis-big-size.png\",\"contentUrl\":\"https:\/\/kapitalis.com\/tunisie\/wp-content\/uploads\/2022\/05\/Kapitalis-big-size.png\",\"width\":5000,\"height\":1500,\"caption\":\"Kapitalis\"},\"image\":{\"@id\":\"https:\/\/kapitalis.com\/tunisie\/#\/schema\/logo\/image\/\"},\"sameAs\":[\"https:\/\/www.facebook.com\/KapitalisInfo\/\",\"https:\/\/x.com\/KapitalisInfo\",\"https:\/\/www.youtube.com\/channel\/UC-yDYrHyfFBWWZaOw3FPg9Q\"]},{\"@type\":\"Person\",\"@id\":\"https:\/\/kapitalis.com\/tunisie\/#\/schema\/person\/d71f33a9ca44f7bad4698210b480c8e9\",\"name\":\"webmaster kapitalis\",\"url\":\"https:\/\/kapitalis.com\/tunisie\/author\/webmaster-kapitalis\/\"}]}<\/script>\n<!-- \/ Yoast SEO plugin. -->","yoast_head_json":{"title":"L\u2019Italie appelle la Tunisie \u00e0 bloquer le d\u00e9part des migrants de ses c\u00f4tes - Kapitalis","robots":{"index":"index","follow":"follow","max-snippet":"max-snippet:-1","max-image-preview":"max-image-preview:large","max-video-preview":"max-video-preview:-1"},"canonical":"https:\/\/kapitalis.com\/tunisie\/2023\/01\/11\/litalie-appelle-la-tunisie-a-bloquer-le-depart-des-migrants-de-ses-cotes\/","og_locale":"fr_FR","og_type":"article","og_title":"L\u2019Italie appelle la Tunisie \u00e0 bloquer le d\u00e9part des migrants de ses c\u00f4tes - Kapitalis","og_description":"L'Italie demande \u00e0 la Tunisie de mieux surveiller ses c\u00f4tes et de bloquer les barques des migrants clandestins.","og_url":"https:\/\/kapitalis.com\/tunisie\/2023\/01\/11\/litalie-appelle-la-tunisie-a-bloquer-le-depart-des-migrants-de-ses-cotes\/","og_site_name":"Kapitalis","article_publisher":"https:\/\/www.facebook.com\/KapitalisInfo\/","article_published_time":"2023-01-11T07:38:49+00:00","article_modified_time":"2023-01-11T07:42:56+00:00","og_image":[{"width":1200,"height":630,"url":"https:\/\/kapitalis.com\/tunisie\/wp-content\/uploads\/2023\/01\/Antonio-Tajani-Othman-Jerandi.jpg","type":"image\/jpeg"}],"author":"webmaster kapitalis","twitter_card":"summary_large_image","twitter_creator":"@KapitalisInfo","twitter_site":"@KapitalisInfo","twitter_misc":{"\u00c9crit par":"webmaster kapitalis","Dur\u00e9e de lecture estim\u00e9e":"2 minutes"},"schema":{"@context":"https:\/\/schema.org","@graph":[{"@type":"Article","@id":"https:\/\/kapitalis.com\/tunisie\/2023\/01\/11\/litalie-appelle-la-tunisie-a-bloquer-le-depart-des-migrants-de-ses-cotes\/#article","isPartOf":{"@id":"https:\/\/kapitalis.com\/tunisie\/2023\/01\/11\/litalie-appelle-la-tunisie-a-bloquer-le-depart-des-migrants-de-ses-cotes\/"},"author":{"name":"webmaster kapitalis","@id":"https:\/\/kapitalis.com\/tunisie\/#\/schema\/person\/d71f33a9ca44f7bad4698210b480c8e9"},"headline":"L\u2019Italie appelle la Tunisie \u00e0 bloquer le d\u00e9part des migrants de ses c\u00f4tes","datePublished":"2023-01-11T07:38:49+00:00","dateModified":"2023-01-11T07:42:56+00:00","mainEntityOfPage":{"@id":"https:\/\/kapitalis.com\/tunisie\/2023\/01\/11\/litalie-appelle-la-tunisie-a-bloquer-le-depart-des-migrants-de-ses-cotes\/"},"wordCount":449,"commentCount":5,"publisher":{"@id":"https:\/\/kapitalis.com\/tunisie\/#organization"},"image":{"@id":"https:\/\/kapitalis.com\/tunisie\/2023\/01\/11\/litalie-appelle-la-tunisie-a-bloquer-le-depart-des-migrants-de-ses-cotes\/#primaryimage"},"thumbnailUrl":"https:\/\/kapitalis.com\/tunisie\/wp-content\/uploads\/2023\/01\/Antonio-Tajani-Othman-Jerandi.jpg","keywords":["Antonio Tajani","Giorgia Meloni","Italie","migration clandestine","Othman Jerandi","Tunisie","Ursula von der Leyen"],"articleSection":["POLITIQUE","Tunisie"],"inLanguage":"fr-FR","potentialAction":[{"@type":"CommentAction","name":"Comment","target":["https:\/\/kapitalis.com\/tunisie\/2023\/01\/11\/litalie-appelle-la-tunisie-a-bloquer-le-depart-des-migrants-de-ses-cotes\/#respond"]}]},{"@type":"WebPage","@id":"https:\/\/kapitalis.com\/tunisie\/2023\/01\/11\/litalie-appelle-la-tunisie-a-bloquer-le-depart-des-migrants-de-ses-cotes\/","url":"https:\/\/kapitalis.com\/tunisie\/2023\/01\/11\/litalie-appelle-la-tunisie-a-bloquer-le-depart-des-migrants-de-ses-cotes\/","name":"L\u2019Italie appelle la Tunisie \u00e0 bloquer le d\u00e9part des migrants de ses c\u00f4tes - Kapitalis","isPartOf":{"@id":"https:\/\/kapitalis.com\/tunisie\/#website"},"primaryImageOfPage":{"@id":"https:\/\/kapitalis.com\/tunisie\/2023\/01\/11\/litalie-appelle-la-tunisie-a-bloquer-le-depart-des-migrants-de-ses-cotes\/#primaryimage"},"image":{"@id":"https:\/\/kapitalis.com\/tunisie\/2023\/01\/11\/litalie-appelle-la-tunisie-a-bloquer-le-depart-des-migrants-de-ses-cotes\/#primaryimage"},"thumbnailUrl":"https:\/\/kapitalis.com\/tunisie\/wp-content\/uploads\/2023\/01\/Antonio-Tajani-Othman-Jerandi.jpg","datePublished":"2023-01-11T07:38:49+00:00","dateModified":"2023-01-11T07:42:56+00:00","breadcrumb":{"@id":"https:\/\/kapitalis.com\/tunisie\/2023\/01\/11\/litalie-appelle-la-tunisie-a-bloquer-le-depart-des-migrants-de-ses-cotes\/#breadcrumb"},"inLanguage":"fr-FR","potentialAction":[{"@type":"ReadAction","target":["https:\/\/kapitalis.com\/tunisie\/2023\/01\/11\/litalie-appelle-la-tunisie-a-bloquer-le-depart-des-migrants-de-ses-cotes\/"]}]},{"@type":"ImageObject","inLanguage":"fr-FR","@id":"https:\/\/kapitalis.com\/tunisie\/2023\/01\/11\/litalie-appelle-la-tunisie-a-bloquer-le-depart-des-migrants-de-ses-cotes\/#primaryimage","url":"https:\/\/kapitalis.com\/tunisie\/wp-content\/uploads\/2023\/01\/Antonio-Tajani-Othman-Jerandi.jpg","contentUrl":"https:\/\/kapitalis.com\/tunisie\/wp-content\/uploads\/2023\/01\/Antonio-Tajani-Othman-Jerandi.jpg","width":1200,"height":630},{"@type":"BreadcrumbList","@id":"https:\/\/kapitalis.com\/tunisie\/2023\/01\/11\/litalie-appelle-la-tunisie-a-bloquer-le-depart-des-migrants-de-ses-cotes\/#breadcrumb","itemListElement":[{"@type":"ListItem","position":1,"name":"Accueil","item":"https:\/\/kapitalis.com\/tunisie\/"},{"@type":"ListItem","position":2,"name":"L\u2019Italie appelle la Tunisie \u00e0 bloquer le d\u00e9part des migrants de ses c\u00f4tes"}]},{"@type":"WebSite","@id":"https:\/\/kapitalis.com\/tunisie\/#website","url":"https:\/\/kapitalis.com\/tunisie\/","name":"Kapitalis","description":"L&#039;actualit\u00e9 en Tunisie et dans le monde","publisher":{"@id":"https:\/\/kapitalis.com\/tunisie\/#organization"},"potentialAction":[{"@type":"SearchAction","target":{"@type":"EntryPoint","urlTemplate":"https:\/\/kapitalis.com\/tunisie\/?s={search_term_string}"},"query-input":{"@type":"PropertyValueSpecification","valueRequired":true,"valueName":"search_term_string"}}],"inLanguage":"fr-FR"},{"@type":"Organization","@id":"https:\/\/kapitalis.com\/tunisie\/#organization","name":"Kapitalis","url":"https:\/\/kapitalis.com\/tunisie\/","logo":{"@type":"ImageObject","inLanguage":"fr-FR","@id":"https:\/\/kapitalis.com\/tunisie\/#\/schema\/logo\/image\/","url":"https:\/\/kapitalis.com\/tunisie\/wp-content\/uploads\/2022\/05\/Kapitalis-big-size.png","contentUrl":"https:\/\/kapitalis.com\/tunisie\/wp-content\/uploads\/2022\/05\/Kapitalis-big-size.png","width":5000,"height":1500,"caption":"Kapitalis"},"image":{"@id":"https:\/\/kapitalis.com\/tunisie\/#\/schema\/logo\/image\/"},"sameAs":["https:\/\/www.facebook.com\/KapitalisInfo\/","https:\/\/x.com\/KapitalisInfo","https:\/\/www.youtube.com\/channel\/UC-yDYrHyfFBWWZaOw3FPg9Q"]},{"@type":"Person","@id":"https:\/\/kapitalis.com\/tunisie\/#\/schema\/person\/d71f33a9ca44f7bad4698210b480c8e9","name":"webmaster kapitalis","url":"https:\/\/kapitalis.com\/tunisie\/author\/webmaster-kapitalis\/"}]}},"_links":{"self":[{"href":"https:\/\/kapitalis.com\/tunisie\/wp-json\/wp\/v2\/posts\/6033431","targetHints":{"allow":["GET"]}}],"collection":[{"href":"https:\/\/kapitalis.com\/tunisie\/wp-json\/wp\/v2\/posts"}],"about":[{"href":"https:\/\/kapitalis.com\/tunisie\/wp-json\/wp\/v2\/types\/post"}],"author":[{"embeddable":true,"href":"https:\/\/kapitalis.com\/tunisie\/wp-json\/wp\/v2\/users\/8"}],"replies":[{"embeddable":true,"href":"https:\/\/kapitalis.com\/tunisie\/wp-json\/wp\/v2\/comments?post=6033431"}],"version-history":[{"count":2,"href":"https:\/\/kapitalis.com\/tunisie\/wp-json\/wp\/v2\/posts\/6033431\/revisions"}],"predecessor-version":[{"id":6033516,"href":"https:\/\/kapitalis.com\/tunisie\/wp-json\/wp\/v2\/posts\/6033431\/revisions\/6033516"}],"wp:featuredmedia":[{"embeddable":true,"href":"https:\/\/kapitalis.com\/tunisie\/wp-json\/wp\/v2\/media\/6033472"}],"wp:attachment":[{"href":"https:\/\/kapitalis.com\/tunisie\/wp-json\/wp\/v2\/media?parent=6033431"}],"wp:term":[{"taxonomy":"category","embeddable":true,"href":"https:\/\/kapitalis.com\/tunisie\/wp-json\/wp\/v2\/categories?post=6033431"},{"taxonomy":"post_tag","embeddable":true,"href":"https:\/\/kapitalis.com\/tunisie\/wp-json\/wp\/v2\/tags?post=6033431"}],"curies":[{"name":"wp","href":"https:\/\/api.w.org\/{rel}","templated":true}]}}