{"id":6041311,"date":"2023-01-12T08:48:30","date_gmt":"2023-01-12T07:48:30","guid":{"rendered":"https:\/\/kapitalis.com\/tunisie\/?p=6041311"},"modified":"2023-01-12T08:48:32","modified_gmt":"2023-01-12T07:48:32","slug":"tunisie-deficit-commercial-record-en-2022-25-000-mdt","status":"publish","type":"post","link":"https:\/\/kapitalis.com\/tunisie\/2023\/01\/12\/tunisie-deficit-commercial-record-en-2022-25-000-mdt\/","title":{"rendered":"Tunisie&nbsp;: d\u00e9ficit commercial record en 2022 (+25 000 MDT)"},"content":{"rendered":"\n<p><strong><em>Au terme de l\u2019ann\u00e9e 2022, le solde de la balance commerciale de la Tunisie a enregistr\u00e9 un d\u00e9ficit record de 25 216 millions de dinars tunisiens (MDT), contre \u00a016 210,7\u00a0MDT,\u00a0durant l\u2019ann\u00e9e 2021.<\/em><\/strong><\/p>\n\n\n\n<!--more-->\n\n\n\n<p>C\u2019est ce qu\u2019a fait savoir, mercredi 11 janvier 2023, l&rsquo;Institut national de la statistique (INS), dans sa publication mensuelle sur le \u00abCommerce ext\u00e9rieur aux prix courants, d\u00e9cembre 2022\u00bb, ajoutant que le taux de couverture a perdu&nbsp;4,7 points en une ann\u00e9e pour s\u2019\u00e9tablir \u00e0 69,5%.<\/p>\n\n\n\n<p>L\u2019INS a not\u00e9 que le d\u00e9ficit provient principalement du d\u00e9ficit enregistr\u00e9 avec les m\u00eames pays, \u00e0 savoir la Chine (-8 532,5 MDT), la Turquie (-3 958,8 MDT), l\u2019Alg\u00e9rie (-3 908,4 MDT), la Russie (-2 758,9 MDT), ainsi que l\u2019Italie (-2 302 MDT) et l\u2019Espagne (-772,3 MDT).<\/p>\n\n\n\n<p>En revanche, le solde de la balance commerciale des biens a enregistr\u00e9 un exc\u00e9dent avec d\u2019autres pays, principalement la France (4 432,7 MDT), l\u2019Allemagne (2 944 MDT) et la Libye (1 899 MDT).<\/p>\n\n\n\n<p>D\u2019autre part, les r\u00e9sultats montrent que le d\u00e9ficit de la balance commerciale hors \u00e9nergie s\u2019est r\u00e9duit \u00e0 -14 649,2 MDT et celui de la balance \u00e9nerg\u00e9tique s\u2019est \u00e9tabli \u00e0 \u2013 10 566,8 MDT (41,9% du d\u00e9ficit total), contre 5 219,2 MDT, durant l\u2019ann\u00e9e 2021<\/p>\n\n\n\n<h2 class=\"wp-block-heading\">Progression des exportations de 23,4% en 2022<\/h2>\n\n\n\n<p>En 2022, les exportations ont progress\u00e9\u00a0de 23,4%, contre 20,5% durant l\u2019ann\u00e9e 2021. Elles ont atteint le niveau de 57 573,2 MDT contre 46 654,2 MDT, durant l\u2019ann\u00e9e 2021.<\/p>\n\n\n\n<p>La hausse observ\u00e9e concerne plusieurs secteurs. Les exportations de l\u2019\u00e9nergie ont augment\u00e9 de 49,9%, celles des mines, phosphates et d\u00e9riv\u00e9s de 56,1%, celles des industries agro-alimentaires de 34,1%, celles des textiles, habillement et cuirs de 21% et celles des industries m\u00e9caniques et \u00e9lectriques de 14,5%.<\/p>\n\n\n\n<p>Les exportations vers l\u2019Union europ\u00e9enne (67,5% du total des exportations) ont augment\u00e9 de 18,7%. Cette \u00e9volution est expliqu\u00e9e par la hausse des exportations vers plusieurs partenaires, tels que la France (14%), l\u2019Italie (12,9%), l\u2019Allemagne (24,6%), l\u2019Espagne (36,1%), la Belgique (21,3%) et la Gr\u00e8ce (15,2%).<\/p>\n\n\n\n<p>S\u2019agissant des pays arabes, les exportations ont augment\u00e9 avec l\u2019Alg\u00e9rie (54,4%) et avec la Libye (36,5%).<\/p>\n\n\n\n<h2 class=\"wp-block-heading\">Evolution plus rapide des importations<\/h2>\n\n\n\n<p>Pour ce qui est des importations, elles ont enregistr\u00e9 une \u00e9volution plus rapide avec un taux de 31,7%, contre 22% durant l\u2019ann\u00e9e 2021. En valeur, les importations ont atteint 82 789,2 MDT contre 62 864,9 MDT durant l\u2019ann\u00e9e 2021.<\/p>\n\n\n\n<p>L\u2019augmentation des importations provient de la hausse enregistr\u00e9e au niveau des importations des produits \u00e9nerg\u00e9tiques (+83,1), des mati\u00e8res premi\u00e8res et demi produits (+33%), des biens d\u2019\u00e9quipement (+12%), ainsi que des biens de consommation (+13,8%).<\/p>\n\n\n\n<p>Pour ce qui est des importations de l\u2019UE (44,2% du total des importations), elles ont enregistr\u00e9 une hausse de 21,9% pour s\u2019\u00e9tablir \u00e0 36 584 MDT. Elles ont augment\u00e9 de 15,9% depuis la France, de 41,3% depuis l\u2019Italie et de 9,3% depuis l\u2019Allemagne, souligne l\u2019INS.<\/p>\n\n\n\n<p><strong><em>D&rsquo;apr\u00e8s Tap.<\/em><\/strong><br>\u00a0<\/p>\n","protected":false},"excerpt":{"rendered":"<p>Le taux de couverture des importations par les exportations en Tunisie a perdu\u00a04,7 points en 2022. <\/p>\n","protected":false},"author":8,"featured_media":3978610,"comment_status":"open","ping_status":"open","sticky":false,"template":"","format":"standard","meta":{"footnotes":""},"categories":[995,2433],"tags":[3390,1874,365,469,62643],"class_list":["post-6041311","post","type-post","status-publish","format-standard","has-post-thumbnail","hentry","category-economie","category-tunisie","tag-balance-commerciale","tag-deficit-commercial","tag-exportations","tag-importations","tag-tunisie"],"yoast_head":"<!-- This site is optimized with the Yoast SEO plugin v26.6 - https:\/\/yoast.com\/wordpress\/plugins\/seo\/ -->\n<title>Tunisie&nbsp;: d\u00e9ficit commercial record en 2022 (+25 000 MDT) - Kapitalis<\/title>\n<meta name=\"robots\" content=\"index, follow, max-snippet:-1, max-image-preview:large, max-video-preview:-1\" \/>\n<link rel=\"canonical\" href=\"https:\/\/kapitalis.com\/tunisie\/2023\/01\/12\/tunisie-deficit-commercial-record-en-2022-25-000-mdt\/\" \/>\n<meta property=\"og:locale\" content=\"fr_FR\" \/>\n<meta property=\"og:type\" content=\"article\" \/>\n<meta property=\"og:title\" content=\"Tunisie&nbsp;: d\u00e9ficit commercial record en 2022 (+25 000 MDT) - Kapitalis\" \/>\n<meta property=\"og:description\" content=\"Le taux de couverture des importations par les exportations en Tunisie a perdu\u00a04,7 points en 2022.\" \/>\n<meta property=\"og:url\" content=\"https:\/\/kapitalis.com\/tunisie\/2023\/01\/12\/tunisie-deficit-commercial-record-en-2022-25-000-mdt\/\" \/>\n<meta property=\"og:site_name\" content=\"Kapitalis\" \/>\n<meta property=\"article:publisher\" content=\"https:\/\/www.facebook.com\/KapitalisInfo\/\" \/>\n<meta property=\"article:published_time\" content=\"2023-01-12T07:48:30+00:00\" \/>\n<meta property=\"article:modified_time\" content=\"2023-01-12T07:48:32+00:00\" \/>\n<meta property=\"og:image\" content=\"https:\/\/kapitalis.com\/tunisie\/wp-content\/uploads\/2022\/09\/Port-de-Rades.jpg\" \/>\n\t<meta property=\"og:image:width\" content=\"1200\" \/>\n\t<meta property=\"og:image:height\" content=\"630\" \/>\n\t<meta property=\"og:image:type\" content=\"image\/jpeg\" \/>\n<meta name=\"author\" content=\"webmaster kapitalis\" \/>\n<meta name=\"twitter:card\" content=\"summary_large_image\" \/>\n<meta name=\"twitter:creator\" content=\"@KapitalisInfo\" \/>\n<meta name=\"twitter:site\" content=\"@KapitalisInfo\" \/>\n<meta name=\"twitter:label1\" content=\"\u00c9crit par\" \/>\n\t<meta name=\"twitter:data1\" content=\"webmaster kapitalis\" \/>\n\t<meta name=\"twitter:label2\" content=\"Dur\u00e9e de lecture estim\u00e9e\" \/>\n\t<meta name=\"twitter:data2\" content=\"3 minutes\" \/>\n<script type=\"application\/ld+json\" class=\"yoast-schema-graph\">{\"@context\":\"https:\/\/schema.org\",\"@graph\":[{\"@type\":\"Article\",\"@id\":\"https:\/\/kapitalis.com\/tunisie\/2023\/01\/12\/tunisie-deficit-commercial-record-en-2022-25-000-mdt\/#article\",\"isPartOf\":{\"@id\":\"https:\/\/kapitalis.com\/tunisie\/2023\/01\/12\/tunisie-deficit-commercial-record-en-2022-25-000-mdt\/\"},\"author\":{\"name\":\"webmaster kapitalis\",\"@id\":\"https:\/\/kapitalis.com\/tunisie\/#\/schema\/person\/d71f33a9ca44f7bad4698210b480c8e9\"},\"headline\":\"Tunisie&nbsp;: d\u00e9ficit commercial record en 2022 (+25 000 MDT)\",\"datePublished\":\"2023-01-12T07:48:30+00:00\",\"dateModified\":\"2023-01-12T07:48:32+00:00\",\"mainEntityOfPage\":{\"@id\":\"https:\/\/kapitalis.com\/tunisie\/2023\/01\/12\/tunisie-deficit-commercial-record-en-2022-25-000-mdt\/\"},\"wordCount\":464,\"commentCount\":0,\"publisher\":{\"@id\":\"https:\/\/kapitalis.com\/tunisie\/#organization\"},\"image\":{\"@id\":\"https:\/\/kapitalis.com\/tunisie\/2023\/01\/12\/tunisie-deficit-commercial-record-en-2022-25-000-mdt\/#primaryimage\"},\"thumbnailUrl\":\"https:\/\/kapitalis.com\/tunisie\/wp-content\/uploads\/2022\/09\/Port-de-Rades.jpg\",\"keywords\":[\"balance commerciale\",\"d\u00e9ficit commercial\",\"exportations\",\"importations\",\"Tunisie\"],\"articleSection\":[\"ECONOMIE\",\"Tunisie\"],\"inLanguage\":\"fr-FR\",\"potentialAction\":[{\"@type\":\"CommentAction\",\"name\":\"Comment\",\"target\":[\"https:\/\/kapitalis.com\/tunisie\/2023\/01\/12\/tunisie-deficit-commercial-record-en-2022-25-000-mdt\/#respond\"]}]},{\"@type\":\"WebPage\",\"@id\":\"https:\/\/kapitalis.com\/tunisie\/2023\/01\/12\/tunisie-deficit-commercial-record-en-2022-25-000-mdt\/\",\"url\":\"https:\/\/kapitalis.com\/tunisie\/2023\/01\/12\/tunisie-deficit-commercial-record-en-2022-25-000-mdt\/\",\"name\":\"Tunisie&nbsp;: d\u00e9ficit commercial record en 2022 (+25 000 MDT) - Kapitalis\",\"isPartOf\":{\"@id\":\"https:\/\/kapitalis.com\/tunisie\/#website\"},\"primaryImageOfPage\":{\"@id\":\"https:\/\/kapitalis.com\/tunisie\/2023\/01\/12\/tunisie-deficit-commercial-record-en-2022-25-000-mdt\/#primaryimage\"},\"image\":{\"@id\":\"https:\/\/kapitalis.com\/tunisie\/2023\/01\/12\/tunisie-deficit-commercial-record-en-2022-25-000-mdt\/#primaryimage\"},\"thumbnailUrl\":\"https:\/\/kapitalis.com\/tunisie\/wp-content\/uploads\/2022\/09\/Port-de-Rades.jpg\",\"datePublished\":\"2023-01-12T07:48:30+00:00\",\"dateModified\":\"2023-01-12T07:48:32+00:00\",\"breadcrumb\":{\"@id\":\"https:\/\/kapitalis.com\/tunisie\/2023\/01\/12\/tunisie-deficit-commercial-record-en-2022-25-000-mdt\/#breadcrumb\"},\"inLanguage\":\"fr-FR\",\"potentialAction\":[{\"@type\":\"ReadAction\",\"target\":[\"https:\/\/kapitalis.com\/tunisie\/2023\/01\/12\/tunisie-deficit-commercial-record-en-2022-25-000-mdt\/\"]}]},{\"@type\":\"ImageObject\",\"inLanguage\":\"fr-FR\",\"@id\":\"https:\/\/kapitalis.com\/tunisie\/2023\/01\/12\/tunisie-deficit-commercial-record-en-2022-25-000-mdt\/#primaryimage\",\"url\":\"https:\/\/kapitalis.com\/tunisie\/wp-content\/uploads\/2022\/09\/Port-de-Rades.jpg\",\"contentUrl\":\"https:\/\/kapitalis.com\/tunisie\/wp-content\/uploads\/2022\/09\/Port-de-Rades.jpg\",\"width\":1200,\"height\":630},{\"@type\":\"BreadcrumbList\",\"@id\":\"https:\/\/kapitalis.com\/tunisie\/2023\/01\/12\/tunisie-deficit-commercial-record-en-2022-25-000-mdt\/#breadcrumb\",\"itemListElement\":[{\"@type\":\"ListItem\",\"position\":1,\"name\":\"Accueil\",\"item\":\"https:\/\/kapitalis.com\/tunisie\/\"},{\"@type\":\"ListItem\",\"position\":2,\"name\":\"Tunisie&nbsp;: d\u00e9ficit commercial record en 2022 (+25 000 MDT)\"}]},{\"@type\":\"WebSite\",\"@id\":\"https:\/\/kapitalis.com\/tunisie\/#website\",\"url\":\"https:\/\/kapitalis.com\/tunisie\/\",\"name\":\"Kapitalis\",\"description\":\"L&#039;actualit\u00e9 en Tunisie et dans le monde\",\"publisher\":{\"@id\":\"https:\/\/kapitalis.com\/tunisie\/#organization\"},\"potentialAction\":[{\"@type\":\"SearchAction\",\"target\":{\"@type\":\"EntryPoint\",\"urlTemplate\":\"https:\/\/kapitalis.com\/tunisie\/?s={search_term_string}\"},\"query-input\":{\"@type\":\"PropertyValueSpecification\",\"valueRequired\":true,\"valueName\":\"search_term_string\"}}],\"inLanguage\":\"fr-FR\"},{\"@type\":\"Organization\",\"@id\":\"https:\/\/kapitalis.com\/tunisie\/#organization\",\"name\":\"Kapitalis\",\"url\":\"https:\/\/kapitalis.com\/tunisie\/\",\"logo\":{\"@type\":\"ImageObject\",\"inLanguage\":\"fr-FR\",\"@id\":\"https:\/\/kapitalis.com\/tunisie\/#\/schema\/logo\/image\/\",\"url\":\"https:\/\/kapitalis.com\/tunisie\/wp-content\/uploads\/2022\/05\/Kapitalis-big-size.png\",\"contentUrl\":\"https:\/\/kapitalis.com\/tunisie\/wp-content\/uploads\/2022\/05\/Kapitalis-big-size.png\",\"width\":5000,\"height\":1500,\"caption\":\"Kapitalis\"},\"image\":{\"@id\":\"https:\/\/kapitalis.com\/tunisie\/#\/schema\/logo\/image\/\"},\"sameAs\":[\"https:\/\/www.facebook.com\/KapitalisInfo\/\",\"https:\/\/x.com\/KapitalisInfo\",\"https:\/\/www.youtube.com\/channel\/UC-yDYrHyfFBWWZaOw3FPg9Q\"]},{\"@type\":\"Person\",\"@id\":\"https:\/\/kapitalis.com\/tunisie\/#\/schema\/person\/d71f33a9ca44f7bad4698210b480c8e9\",\"name\":\"webmaster kapitalis\",\"url\":\"https:\/\/kapitalis.com\/tunisie\/author\/webmaster-kapitalis\/\"}]}<\/script>\n<!-- \/ Yoast SEO plugin. -->","yoast_head_json":{"title":"Tunisie&nbsp;: d\u00e9ficit commercial record en 2022 (+25 000 MDT) - Kapitalis","robots":{"index":"index","follow":"follow","max-snippet":"max-snippet:-1","max-image-preview":"max-image-preview:large","max-video-preview":"max-video-preview:-1"},"canonical":"https:\/\/kapitalis.com\/tunisie\/2023\/01\/12\/tunisie-deficit-commercial-record-en-2022-25-000-mdt\/","og_locale":"fr_FR","og_type":"article","og_title":"Tunisie&nbsp;: d\u00e9ficit commercial record en 2022 (+25 000 MDT) - Kapitalis","og_description":"Le taux de couverture des importations par les exportations en Tunisie a perdu\u00a04,7 points en 2022.","og_url":"https:\/\/kapitalis.com\/tunisie\/2023\/01\/12\/tunisie-deficit-commercial-record-en-2022-25-000-mdt\/","og_site_name":"Kapitalis","article_publisher":"https:\/\/www.facebook.com\/KapitalisInfo\/","article_published_time":"2023-01-12T07:48:30+00:00","article_modified_time":"2023-01-12T07:48:32+00:00","og_image":[{"width":1200,"height":630,"url":"https:\/\/kapitalis.com\/tunisie\/wp-content\/uploads\/2022\/09\/Port-de-Rades.jpg","type":"image\/jpeg"}],"author":"webmaster kapitalis","twitter_card":"summary_large_image","twitter_creator":"@KapitalisInfo","twitter_site":"@KapitalisInfo","twitter_misc":{"\u00c9crit par":"webmaster kapitalis","Dur\u00e9e de lecture estim\u00e9e":"3 minutes"},"schema":{"@context":"https:\/\/schema.org","@graph":[{"@type":"Article","@id":"https:\/\/kapitalis.com\/tunisie\/2023\/01\/12\/tunisie-deficit-commercial-record-en-2022-25-000-mdt\/#article","isPartOf":{"@id":"https:\/\/kapitalis.com\/tunisie\/2023\/01\/12\/tunisie-deficit-commercial-record-en-2022-25-000-mdt\/"},"author":{"name":"webmaster kapitalis","@id":"https:\/\/kapitalis.com\/tunisie\/#\/schema\/person\/d71f33a9ca44f7bad4698210b480c8e9"},"headline":"Tunisie&nbsp;: d\u00e9ficit commercial record en 2022 (+25 000 MDT)","datePublished":"2023-01-12T07:48:30+00:00","dateModified":"2023-01-12T07:48:32+00:00","mainEntityOfPage":{"@id":"https:\/\/kapitalis.com\/tunisie\/2023\/01\/12\/tunisie-deficit-commercial-record-en-2022-25-000-mdt\/"},"wordCount":464,"commentCount":0,"publisher":{"@id":"https:\/\/kapitalis.com\/tunisie\/#organization"},"image":{"@id":"https:\/\/kapitalis.com\/tunisie\/2023\/01\/12\/tunisie-deficit-commercial-record-en-2022-25-000-mdt\/#primaryimage"},"thumbnailUrl":"https:\/\/kapitalis.com\/tunisie\/wp-content\/uploads\/2022\/09\/Port-de-Rades.jpg","keywords":["balance commerciale","d\u00e9ficit commercial","exportations","importations","Tunisie"],"articleSection":["ECONOMIE","Tunisie"],"inLanguage":"fr-FR","potentialAction":[{"@type":"CommentAction","name":"Comment","target":["https:\/\/kapitalis.com\/tunisie\/2023\/01\/12\/tunisie-deficit-commercial-record-en-2022-25-000-mdt\/#respond"]}]},{"@type":"WebPage","@id":"https:\/\/kapitalis.com\/tunisie\/2023\/01\/12\/tunisie-deficit-commercial-record-en-2022-25-000-mdt\/","url":"https:\/\/kapitalis.com\/tunisie\/2023\/01\/12\/tunisie-deficit-commercial-record-en-2022-25-000-mdt\/","name":"Tunisie&nbsp;: d\u00e9ficit commercial record en 2022 (+25 000 MDT) - Kapitalis","isPartOf":{"@id":"https:\/\/kapitalis.com\/tunisie\/#website"},"primaryImageOfPage":{"@id":"https:\/\/kapitalis.com\/tunisie\/2023\/01\/12\/tunisie-deficit-commercial-record-en-2022-25-000-mdt\/#primaryimage"},"image":{"@id":"https:\/\/kapitalis.com\/tunisie\/2023\/01\/12\/tunisie-deficit-commercial-record-en-2022-25-000-mdt\/#primaryimage"},"thumbnailUrl":"https:\/\/kapitalis.com\/tunisie\/wp-content\/uploads\/2022\/09\/Port-de-Rades.jpg","datePublished":"2023-01-12T07:48:30+00:00","dateModified":"2023-01-12T07:48:32+00:00","breadcrumb":{"@id":"https:\/\/kapitalis.com\/tunisie\/2023\/01\/12\/tunisie-deficit-commercial-record-en-2022-25-000-mdt\/#breadcrumb"},"inLanguage":"fr-FR","potentialAction":[{"@type":"ReadAction","target":["https:\/\/kapitalis.com\/tunisie\/2023\/01\/12\/tunisie-deficit-commercial-record-en-2022-25-000-mdt\/"]}]},{"@type":"ImageObject","inLanguage":"fr-FR","@id":"https:\/\/kapitalis.com\/tunisie\/2023\/01\/12\/tunisie-deficit-commercial-record-en-2022-25-000-mdt\/#primaryimage","url":"https:\/\/kapitalis.com\/tunisie\/wp-content\/uploads\/2022\/09\/Port-de-Rades.jpg","contentUrl":"https:\/\/kapitalis.com\/tunisie\/wp-content\/uploads\/2022\/09\/Port-de-Rades.jpg","width":1200,"height":630},{"@type":"BreadcrumbList","@id":"https:\/\/kapitalis.com\/tunisie\/2023\/01\/12\/tunisie-deficit-commercial-record-en-2022-25-000-mdt\/#breadcrumb","itemListElement":[{"@type":"ListItem","position":1,"name":"Accueil","item":"https:\/\/kapitalis.com\/tunisie\/"},{"@type":"ListItem","position":2,"name":"Tunisie&nbsp;: d\u00e9ficit commercial record en 2022 (+25 000 MDT)"}]},{"@type":"WebSite","@id":"https:\/\/kapitalis.com\/tunisie\/#website","url":"https:\/\/kapitalis.com\/tunisie\/","name":"Kapitalis","description":"L&#039;actualit\u00e9 en Tunisie et dans le monde","publisher":{"@id":"https:\/\/kapitalis.com\/tunisie\/#organization"},"potentialAction":[{"@type":"SearchAction","target":{"@type":"EntryPoint","urlTemplate":"https:\/\/kapitalis.com\/tunisie\/?s={search_term_string}"},"query-input":{"@type":"PropertyValueSpecification","valueRequired":true,"valueName":"search_term_string"}}],"inLanguage":"fr-FR"},{"@type":"Organization","@id":"https:\/\/kapitalis.com\/tunisie\/#organization","name":"Kapitalis","url":"https:\/\/kapitalis.com\/tunisie\/","logo":{"@type":"ImageObject","inLanguage":"fr-FR","@id":"https:\/\/kapitalis.com\/tunisie\/#\/schema\/logo\/image\/","url":"https:\/\/kapitalis.com\/tunisie\/wp-content\/uploads\/2022\/05\/Kapitalis-big-size.png","contentUrl":"https:\/\/kapitalis.com\/tunisie\/wp-content\/uploads\/2022\/05\/Kapitalis-big-size.png","width":5000,"height":1500,"caption":"Kapitalis"},"image":{"@id":"https:\/\/kapitalis.com\/tunisie\/#\/schema\/logo\/image\/"},"sameAs":["https:\/\/www.facebook.com\/KapitalisInfo\/","https:\/\/x.com\/KapitalisInfo","https:\/\/www.youtube.com\/channel\/UC-yDYrHyfFBWWZaOw3FPg9Q"]},{"@type":"Person","@id":"https:\/\/kapitalis.com\/tunisie\/#\/schema\/person\/d71f33a9ca44f7bad4698210b480c8e9","name":"webmaster kapitalis","url":"https:\/\/kapitalis.com\/tunisie\/author\/webmaster-kapitalis\/"}]}},"_links":{"self":[{"href":"https:\/\/kapitalis.com\/tunisie\/wp-json\/wp\/v2\/posts\/6041311","targetHints":{"allow":["GET"]}}],"collection":[{"href":"https:\/\/kapitalis.com\/tunisie\/wp-json\/wp\/v2\/posts"}],"about":[{"href":"https:\/\/kapitalis.com\/tunisie\/wp-json\/wp\/v2\/types\/post"}],"author":[{"embeddable":true,"href":"https:\/\/kapitalis.com\/tunisie\/wp-json\/wp\/v2\/users\/8"}],"replies":[{"embeddable":true,"href":"https:\/\/kapitalis.com\/tunisie\/wp-json\/wp\/v2\/comments?post=6041311"}],"version-history":[{"count":1,"href":"https:\/\/kapitalis.com\/tunisie\/wp-json\/wp\/v2\/posts\/6041311\/revisions"}],"predecessor-version":[{"id":6041331,"href":"https:\/\/kapitalis.com\/tunisie\/wp-json\/wp\/v2\/posts\/6041311\/revisions\/6041331"}],"wp:featuredmedia":[{"embeddable":true,"href":"https:\/\/kapitalis.com\/tunisie\/wp-json\/wp\/v2\/media\/3978610"}],"wp:attachment":[{"href":"https:\/\/kapitalis.com\/tunisie\/wp-json\/wp\/v2\/media?parent=6041311"}],"wp:term":[{"taxonomy":"category","embeddable":true,"href":"https:\/\/kapitalis.com\/tunisie\/wp-json\/wp\/v2\/categories?post=6041311"},{"taxonomy":"post_tag","embeddable":true,"href":"https:\/\/kapitalis.com\/tunisie\/wp-json\/wp\/v2\/tags?post=6041311"}],"curies":[{"name":"wp","href":"https:\/\/api.w.org\/{rel}","templated":true}]}}