{"id":6041877,"date":"2023-01-12T10:23:50","date_gmt":"2023-01-12T09:23:50","guid":{"rendered":"https:\/\/kapitalis.com\/tunisie\/?p=6041877"},"modified":"2023-01-12T10:23:52","modified_gmt":"2023-01-12T09:23:52","slug":"les-risques-auxquels-la-tunisie-sera-confrontee-entre-2023-et-2025","status":"publish","type":"post","link":"https:\/\/kapitalis.com\/tunisie\/2023\/01\/12\/les-risques-auxquels-la-tunisie-sera-confrontee-entre-2023-et-2025\/","title":{"rendered":"Les risques auxquels la Tunisie sera confront\u00e9e entre 2023 et 2025"},"content":{"rendered":"\n<p><strong><em>Les rapports internationaux sur la situation \u00e9conomique en Tunisie sont plus alarmistes les uns que les autres, alors que le gouvernement continue de s\u2019auto-f\u00e9liciter en broyant du vent et en tirant des plans sur la com\u00e8te. La derni\u00e8re sonnette d\u2019alarme a \u00e9t\u00e9 lanc\u00e9e par le Forum \u00e9conomique mondial (FEM).<\/em><\/strong><\/p>\n\n\n\n<!--more-->\n\n\n\n<p>Dans la 18e \u00e9dition de son Global Rapport sur les risques 2023, publi\u00e9 mercredi 11 janvier, le FEM estime que <em>\u00abla crise de la dette, l\u2019effondrement de l\u2019\u00c9tat, les graves crises d\u2019approvisionnement en mati\u00e8res premi\u00e8res, la crise du co\u00fbt de la vie et l\u2019inflation rapide et\/ou soutenue\u00bb<\/em> sont les principaux risques auxquels la Tunisie sera confront\u00e9e au cours de la p\u00e9riode 2023-2025, celle couverte par son dernier Plan de d\u00e9veloppement publi\u00e9 r\u00e9cemment. &nbsp;&nbsp;<\/p>\n\n\n\n<p>Ces risques ont \u00e9t\u00e9 identifi\u00e9s gr\u00e2ce \u00e0 une enqu\u00eate aupr\u00e8s des chefs d\u2019entreprise men\u00e9e , en septembre 2022 par l\u2019Institut arabe des chefs d\u2019entreprise (IACE), en sa qualit\u00e9 de partenaire officiel du Forum.<\/p>\n\n\n\n<p>L\u2019\u00e9dition 2022 du rapport avait mis l\u2019accent sur <em>\u00abl\u2019effondrement de l\u2019\u00c9tat, la crise de la dette, le ch\u00f4mage, la stagnation \u00e9conomique prolong\u00e9e et la prolif\u00e9ration de l\u2019activit\u00e9 \u00e9conomique illicite\u00bb<\/em> comme principaux risques auxquels la Tunisie est confront\u00e9e.<\/p>\n\n\n\n<p>Le rapport du FEM est bas\u00e9 sur l&rsquo;enqu\u00eate annuelle sur la perception des risques mondiaux (GRPS), qui recueille des informations cl\u00e9s aupr\u00e8s de plus de 1 200 experts du r\u00e9seau du Forum.<\/p>\n\n\n\n<h2 class=\"wp-block-heading\">Un point d\u2019inflexion critique<\/h2>\n\n\n\n<p>La 18e \u00e9dition du Rapport sur les risques mondiaux met en lumi\u00e8re les nombreux domaines o\u00f9 le monde se trouve \u00e0 un point d\u2019inflexion critique. Il consid\u00e8re ce contexte de tensions g\u00e9opolitiques latentes et de confluence de risques socio-\u00e9conomiques. Il identifie les risques per\u00e7us les plus graves pour les \u00e9conomies et les soci\u00e9t\u00e9s au cours des deux prochaines ann\u00e9es. L\u2019attention collective mondiale est canalis\u00e9e vers la <em>\u00absurvie\u00bb<\/em> des crises d\u2019aujourd\u2019hui : co\u00fbt de la vie, polarisation sociale et politique, approvisionnements alimentaires et \u00e9nerg\u00e9tiques, croissance timide et confrontation g\u00e9opolitique, entre autres.<\/p>\n\n\n\n<p>Il souligne \u00e9galement que <em>\u00abl\u2019attention et les ressources indispensables sont d\u00e9tourn\u00e9es des risques \u00e9mergents ou en acc\u00e9l\u00e9ration rapide pour les \u00e9cosyst\u00e8mes naturels, la sant\u00e9 humaine, la s\u00e9curit\u00e9, les droits num\u00e9riques et la stabilit\u00e9 \u00e9conomique qui pourraient devenir des crises et des catastrophes au cours de la prochaine d\u00e9cennie\u00bb<\/em>.<\/p>\n\n\n\n<p class=\"has-text-align-right\"><strong>I. B.<\/strong><\/p>\n","protected":false},"excerpt":{"rendered":"<p>Les principaux risques auxquels la Tunisie sera confront\u00e9e au cours de la p\u00e9riode 2023-2025.<\/p>\n","protected":false},"author":8,"featured_media":6041910,"comment_status":"open","ping_status":"open","sticky":false,"template":"","format":"standard","meta":{"footnotes":""},"categories":[995,2433],"tags":[103189,274,80950,460,478,96202,62643],"class_list":["post-6041877","post","type-post","status-publish","format-standard","has-post-thumbnail","hentry","category-economie","category-tunisie","tag-cout-de-la-vie","tag-dette","tag-forum-economique-mondial","tag-iace","tag-inflation","tag-matieres-premieres","tag-tunisie"],"yoast_head":"<!-- This site is optimized with the Yoast SEO plugin v26.6 - https:\/\/yoast.com\/wordpress\/plugins\/seo\/ -->\n<title>Les risques auxquels la Tunisie sera confront\u00e9e entre 2023 et 2025 - Kapitalis<\/title>\n<meta name=\"robots\" content=\"index, follow, max-snippet:-1, max-image-preview:large, max-video-preview:-1\" \/>\n<link rel=\"canonical\" href=\"https:\/\/kapitalis.com\/tunisie\/2023\/01\/12\/les-risques-auxquels-la-tunisie-sera-confrontee-entre-2023-et-2025\/\" \/>\n<meta property=\"og:locale\" content=\"fr_FR\" \/>\n<meta property=\"og:type\" content=\"article\" \/>\n<meta property=\"og:title\" content=\"Les risques auxquels la Tunisie sera confront\u00e9e entre 2023 et 2025 - Kapitalis\" \/>\n<meta property=\"og:description\" content=\"Les principaux risques auxquels la Tunisie sera confront\u00e9e au cours de la p\u00e9riode 2023-2025.\" \/>\n<meta property=\"og:url\" content=\"https:\/\/kapitalis.com\/tunisie\/2023\/01\/12\/les-risques-auxquels-la-tunisie-sera-confrontee-entre-2023-et-2025\/\" \/>\n<meta property=\"og:site_name\" content=\"Kapitalis\" \/>\n<meta property=\"article:publisher\" content=\"https:\/\/www.facebook.com\/KapitalisInfo\/\" \/>\n<meta property=\"article:published_time\" content=\"2023-01-12T09:23:50+00:00\" \/>\n<meta property=\"article:modified_time\" content=\"2023-01-12T09:23:52+00:00\" \/>\n<meta property=\"og:image\" content=\"https:\/\/kapitalis.com\/tunisie\/wp-content\/uploads\/2023\/01\/World-Economic-Forum.jpg\" \/>\n\t<meta property=\"og:image:width\" content=\"1200\" \/>\n\t<meta property=\"og:image:height\" content=\"630\" \/>\n\t<meta property=\"og:image:type\" content=\"image\/jpeg\" \/>\n<meta name=\"author\" content=\"webmaster kapitalis\" \/>\n<meta name=\"twitter:card\" content=\"summary_large_image\" \/>\n<meta name=\"twitter:creator\" content=\"@KapitalisInfo\" \/>\n<meta name=\"twitter:site\" content=\"@KapitalisInfo\" \/>\n<meta name=\"twitter:label1\" content=\"\u00c9crit par\" \/>\n\t<meta name=\"twitter:data1\" content=\"webmaster kapitalis\" \/>\n\t<meta name=\"twitter:label2\" content=\"Dur\u00e9e de lecture estim\u00e9e\" \/>\n\t<meta name=\"twitter:data2\" content=\"2 minutes\" \/>\n<script type=\"application\/ld+json\" class=\"yoast-schema-graph\">{\"@context\":\"https:\/\/schema.org\",\"@graph\":[{\"@type\":\"Article\",\"@id\":\"https:\/\/kapitalis.com\/tunisie\/2023\/01\/12\/les-risques-auxquels-la-tunisie-sera-confrontee-entre-2023-et-2025\/#article\",\"isPartOf\":{\"@id\":\"https:\/\/kapitalis.com\/tunisie\/2023\/01\/12\/les-risques-auxquels-la-tunisie-sera-confrontee-entre-2023-et-2025\/\"},\"author\":{\"name\":\"webmaster kapitalis\",\"@id\":\"https:\/\/kapitalis.com\/tunisie\/#\/schema\/person\/d71f33a9ca44f7bad4698210b480c8e9\"},\"headline\":\"Les risques auxquels la Tunisie sera confront\u00e9e entre 2023 et 2025\",\"datePublished\":\"2023-01-12T09:23:50+00:00\",\"dateModified\":\"2023-01-12T09:23:52+00:00\",\"mainEntityOfPage\":{\"@id\":\"https:\/\/kapitalis.com\/tunisie\/2023\/01\/12\/les-risques-auxquels-la-tunisie-sera-confrontee-entre-2023-et-2025\/\"},\"wordCount\":434,\"commentCount\":0,\"publisher\":{\"@id\":\"https:\/\/kapitalis.com\/tunisie\/#organization\"},\"image\":{\"@id\":\"https:\/\/kapitalis.com\/tunisie\/2023\/01\/12\/les-risques-auxquels-la-tunisie-sera-confrontee-entre-2023-et-2025\/#primaryimage\"},\"thumbnailUrl\":\"https:\/\/kapitalis.com\/tunisie\/wp-content\/uploads\/2023\/01\/World-Economic-Forum.jpg\",\"keywords\":[\"co\u00fbt de la vie\",\"dette\",\"Forum \u00e9conomique mondial\",\"IACE\",\"inflation\",\"mati\u00e8res premi\u00e8res\",\"Tunisie\"],\"articleSection\":[\"ECONOMIE\",\"Tunisie\"],\"inLanguage\":\"fr-FR\",\"potentialAction\":[{\"@type\":\"CommentAction\",\"name\":\"Comment\",\"target\":[\"https:\/\/kapitalis.com\/tunisie\/2023\/01\/12\/les-risques-auxquels-la-tunisie-sera-confrontee-entre-2023-et-2025\/#respond\"]}]},{\"@type\":\"WebPage\",\"@id\":\"https:\/\/kapitalis.com\/tunisie\/2023\/01\/12\/les-risques-auxquels-la-tunisie-sera-confrontee-entre-2023-et-2025\/\",\"url\":\"https:\/\/kapitalis.com\/tunisie\/2023\/01\/12\/les-risques-auxquels-la-tunisie-sera-confrontee-entre-2023-et-2025\/\",\"name\":\"Les risques auxquels la Tunisie sera confront\u00e9e entre 2023 et 2025 - Kapitalis\",\"isPartOf\":{\"@id\":\"https:\/\/kapitalis.com\/tunisie\/#website\"},\"primaryImageOfPage\":{\"@id\":\"https:\/\/kapitalis.com\/tunisie\/2023\/01\/12\/les-risques-auxquels-la-tunisie-sera-confrontee-entre-2023-et-2025\/#primaryimage\"},\"image\":{\"@id\":\"https:\/\/kapitalis.com\/tunisie\/2023\/01\/12\/les-risques-auxquels-la-tunisie-sera-confrontee-entre-2023-et-2025\/#primaryimage\"},\"thumbnailUrl\":\"https:\/\/kapitalis.com\/tunisie\/wp-content\/uploads\/2023\/01\/World-Economic-Forum.jpg\",\"datePublished\":\"2023-01-12T09:23:50+00:00\",\"dateModified\":\"2023-01-12T09:23:52+00:00\",\"breadcrumb\":{\"@id\":\"https:\/\/kapitalis.com\/tunisie\/2023\/01\/12\/les-risques-auxquels-la-tunisie-sera-confrontee-entre-2023-et-2025\/#breadcrumb\"},\"inLanguage\":\"fr-FR\",\"potentialAction\":[{\"@type\":\"ReadAction\",\"target\":[\"https:\/\/kapitalis.com\/tunisie\/2023\/01\/12\/les-risques-auxquels-la-tunisie-sera-confrontee-entre-2023-et-2025\/\"]}]},{\"@type\":\"ImageObject\",\"inLanguage\":\"fr-FR\",\"@id\":\"https:\/\/kapitalis.com\/tunisie\/2023\/01\/12\/les-risques-auxquels-la-tunisie-sera-confrontee-entre-2023-et-2025\/#primaryimage\",\"url\":\"https:\/\/kapitalis.com\/tunisie\/wp-content\/uploads\/2023\/01\/World-Economic-Forum.jpg\",\"contentUrl\":\"https:\/\/kapitalis.com\/tunisie\/wp-content\/uploads\/2023\/01\/World-Economic-Forum.jpg\",\"width\":1200,\"height\":630},{\"@type\":\"BreadcrumbList\",\"@id\":\"https:\/\/kapitalis.com\/tunisie\/2023\/01\/12\/les-risques-auxquels-la-tunisie-sera-confrontee-entre-2023-et-2025\/#breadcrumb\",\"itemListElement\":[{\"@type\":\"ListItem\",\"position\":1,\"name\":\"Accueil\",\"item\":\"https:\/\/kapitalis.com\/tunisie\/\"},{\"@type\":\"ListItem\",\"position\":2,\"name\":\"Les risques auxquels la Tunisie sera confront\u00e9e entre 2023 et 2025\"}]},{\"@type\":\"WebSite\",\"@id\":\"https:\/\/kapitalis.com\/tunisie\/#website\",\"url\":\"https:\/\/kapitalis.com\/tunisie\/\",\"name\":\"Kapitalis\",\"description\":\"L&#039;actualit\u00e9 en Tunisie et dans le monde\",\"publisher\":{\"@id\":\"https:\/\/kapitalis.com\/tunisie\/#organization\"},\"potentialAction\":[{\"@type\":\"SearchAction\",\"target\":{\"@type\":\"EntryPoint\",\"urlTemplate\":\"https:\/\/kapitalis.com\/tunisie\/?s={search_term_string}\"},\"query-input\":{\"@type\":\"PropertyValueSpecification\",\"valueRequired\":true,\"valueName\":\"search_term_string\"}}],\"inLanguage\":\"fr-FR\"},{\"@type\":\"Organization\",\"@id\":\"https:\/\/kapitalis.com\/tunisie\/#organization\",\"name\":\"Kapitalis\",\"url\":\"https:\/\/kapitalis.com\/tunisie\/\",\"logo\":{\"@type\":\"ImageObject\",\"inLanguage\":\"fr-FR\",\"@id\":\"https:\/\/kapitalis.com\/tunisie\/#\/schema\/logo\/image\/\",\"url\":\"https:\/\/kapitalis.com\/tunisie\/wp-content\/uploads\/2022\/05\/Kapitalis-big-size.png\",\"contentUrl\":\"https:\/\/kapitalis.com\/tunisie\/wp-content\/uploads\/2022\/05\/Kapitalis-big-size.png\",\"width\":5000,\"height\":1500,\"caption\":\"Kapitalis\"},\"image\":{\"@id\":\"https:\/\/kapitalis.com\/tunisie\/#\/schema\/logo\/image\/\"},\"sameAs\":[\"https:\/\/www.facebook.com\/KapitalisInfo\/\",\"https:\/\/x.com\/KapitalisInfo\",\"https:\/\/www.youtube.com\/channel\/UC-yDYrHyfFBWWZaOw3FPg9Q\"]},{\"@type\":\"Person\",\"@id\":\"https:\/\/kapitalis.com\/tunisie\/#\/schema\/person\/d71f33a9ca44f7bad4698210b480c8e9\",\"name\":\"webmaster kapitalis\",\"url\":\"https:\/\/kapitalis.com\/tunisie\/author\/webmaster-kapitalis\/\"}]}<\/script>\n<!-- \/ Yoast SEO plugin. -->","yoast_head_json":{"title":"Les risques auxquels la Tunisie sera confront\u00e9e entre 2023 et 2025 - Kapitalis","robots":{"index":"index","follow":"follow","max-snippet":"max-snippet:-1","max-image-preview":"max-image-preview:large","max-video-preview":"max-video-preview:-1"},"canonical":"https:\/\/kapitalis.com\/tunisie\/2023\/01\/12\/les-risques-auxquels-la-tunisie-sera-confrontee-entre-2023-et-2025\/","og_locale":"fr_FR","og_type":"article","og_title":"Les risques auxquels la Tunisie sera confront\u00e9e entre 2023 et 2025 - Kapitalis","og_description":"Les principaux risques auxquels la Tunisie sera confront\u00e9e au cours de la p\u00e9riode 2023-2025.","og_url":"https:\/\/kapitalis.com\/tunisie\/2023\/01\/12\/les-risques-auxquels-la-tunisie-sera-confrontee-entre-2023-et-2025\/","og_site_name":"Kapitalis","article_publisher":"https:\/\/www.facebook.com\/KapitalisInfo\/","article_published_time":"2023-01-12T09:23:50+00:00","article_modified_time":"2023-01-12T09:23:52+00:00","og_image":[{"width":1200,"height":630,"url":"https:\/\/kapitalis.com\/tunisie\/wp-content\/uploads\/2023\/01\/World-Economic-Forum.jpg","type":"image\/jpeg"}],"author":"webmaster kapitalis","twitter_card":"summary_large_image","twitter_creator":"@KapitalisInfo","twitter_site":"@KapitalisInfo","twitter_misc":{"\u00c9crit par":"webmaster kapitalis","Dur\u00e9e de lecture estim\u00e9e":"2 minutes"},"schema":{"@context":"https:\/\/schema.org","@graph":[{"@type":"Article","@id":"https:\/\/kapitalis.com\/tunisie\/2023\/01\/12\/les-risques-auxquels-la-tunisie-sera-confrontee-entre-2023-et-2025\/#article","isPartOf":{"@id":"https:\/\/kapitalis.com\/tunisie\/2023\/01\/12\/les-risques-auxquels-la-tunisie-sera-confrontee-entre-2023-et-2025\/"},"author":{"name":"webmaster kapitalis","@id":"https:\/\/kapitalis.com\/tunisie\/#\/schema\/person\/d71f33a9ca44f7bad4698210b480c8e9"},"headline":"Les risques auxquels la Tunisie sera confront\u00e9e entre 2023 et 2025","datePublished":"2023-01-12T09:23:50+00:00","dateModified":"2023-01-12T09:23:52+00:00","mainEntityOfPage":{"@id":"https:\/\/kapitalis.com\/tunisie\/2023\/01\/12\/les-risques-auxquels-la-tunisie-sera-confrontee-entre-2023-et-2025\/"},"wordCount":434,"commentCount":0,"publisher":{"@id":"https:\/\/kapitalis.com\/tunisie\/#organization"},"image":{"@id":"https:\/\/kapitalis.com\/tunisie\/2023\/01\/12\/les-risques-auxquels-la-tunisie-sera-confrontee-entre-2023-et-2025\/#primaryimage"},"thumbnailUrl":"https:\/\/kapitalis.com\/tunisie\/wp-content\/uploads\/2023\/01\/World-Economic-Forum.jpg","keywords":["co\u00fbt de la vie","dette","Forum \u00e9conomique mondial","IACE","inflation","mati\u00e8res premi\u00e8res","Tunisie"],"articleSection":["ECONOMIE","Tunisie"],"inLanguage":"fr-FR","potentialAction":[{"@type":"CommentAction","name":"Comment","target":["https:\/\/kapitalis.com\/tunisie\/2023\/01\/12\/les-risques-auxquels-la-tunisie-sera-confrontee-entre-2023-et-2025\/#respond"]}]},{"@type":"WebPage","@id":"https:\/\/kapitalis.com\/tunisie\/2023\/01\/12\/les-risques-auxquels-la-tunisie-sera-confrontee-entre-2023-et-2025\/","url":"https:\/\/kapitalis.com\/tunisie\/2023\/01\/12\/les-risques-auxquels-la-tunisie-sera-confrontee-entre-2023-et-2025\/","name":"Les risques auxquels la Tunisie sera confront\u00e9e entre 2023 et 2025 - Kapitalis","isPartOf":{"@id":"https:\/\/kapitalis.com\/tunisie\/#website"},"primaryImageOfPage":{"@id":"https:\/\/kapitalis.com\/tunisie\/2023\/01\/12\/les-risques-auxquels-la-tunisie-sera-confrontee-entre-2023-et-2025\/#primaryimage"},"image":{"@id":"https:\/\/kapitalis.com\/tunisie\/2023\/01\/12\/les-risques-auxquels-la-tunisie-sera-confrontee-entre-2023-et-2025\/#primaryimage"},"thumbnailUrl":"https:\/\/kapitalis.com\/tunisie\/wp-content\/uploads\/2023\/01\/World-Economic-Forum.jpg","datePublished":"2023-01-12T09:23:50+00:00","dateModified":"2023-01-12T09:23:52+00:00","breadcrumb":{"@id":"https:\/\/kapitalis.com\/tunisie\/2023\/01\/12\/les-risques-auxquels-la-tunisie-sera-confrontee-entre-2023-et-2025\/#breadcrumb"},"inLanguage":"fr-FR","potentialAction":[{"@type":"ReadAction","target":["https:\/\/kapitalis.com\/tunisie\/2023\/01\/12\/les-risques-auxquels-la-tunisie-sera-confrontee-entre-2023-et-2025\/"]}]},{"@type":"ImageObject","inLanguage":"fr-FR","@id":"https:\/\/kapitalis.com\/tunisie\/2023\/01\/12\/les-risques-auxquels-la-tunisie-sera-confrontee-entre-2023-et-2025\/#primaryimage","url":"https:\/\/kapitalis.com\/tunisie\/wp-content\/uploads\/2023\/01\/World-Economic-Forum.jpg","contentUrl":"https:\/\/kapitalis.com\/tunisie\/wp-content\/uploads\/2023\/01\/World-Economic-Forum.jpg","width":1200,"height":630},{"@type":"BreadcrumbList","@id":"https:\/\/kapitalis.com\/tunisie\/2023\/01\/12\/les-risques-auxquels-la-tunisie-sera-confrontee-entre-2023-et-2025\/#breadcrumb","itemListElement":[{"@type":"ListItem","position":1,"name":"Accueil","item":"https:\/\/kapitalis.com\/tunisie\/"},{"@type":"ListItem","position":2,"name":"Les risques auxquels la Tunisie sera confront\u00e9e entre 2023 et 2025"}]},{"@type":"WebSite","@id":"https:\/\/kapitalis.com\/tunisie\/#website","url":"https:\/\/kapitalis.com\/tunisie\/","name":"Kapitalis","description":"L&#039;actualit\u00e9 en Tunisie et dans le monde","publisher":{"@id":"https:\/\/kapitalis.com\/tunisie\/#organization"},"potentialAction":[{"@type":"SearchAction","target":{"@type":"EntryPoint","urlTemplate":"https:\/\/kapitalis.com\/tunisie\/?s={search_term_string}"},"query-input":{"@type":"PropertyValueSpecification","valueRequired":true,"valueName":"search_term_string"}}],"inLanguage":"fr-FR"},{"@type":"Organization","@id":"https:\/\/kapitalis.com\/tunisie\/#organization","name":"Kapitalis","url":"https:\/\/kapitalis.com\/tunisie\/","logo":{"@type":"ImageObject","inLanguage":"fr-FR","@id":"https:\/\/kapitalis.com\/tunisie\/#\/schema\/logo\/image\/","url":"https:\/\/kapitalis.com\/tunisie\/wp-content\/uploads\/2022\/05\/Kapitalis-big-size.png","contentUrl":"https:\/\/kapitalis.com\/tunisie\/wp-content\/uploads\/2022\/05\/Kapitalis-big-size.png","width":5000,"height":1500,"caption":"Kapitalis"},"image":{"@id":"https:\/\/kapitalis.com\/tunisie\/#\/schema\/logo\/image\/"},"sameAs":["https:\/\/www.facebook.com\/KapitalisInfo\/","https:\/\/x.com\/KapitalisInfo","https:\/\/www.youtube.com\/channel\/UC-yDYrHyfFBWWZaOw3FPg9Q"]},{"@type":"Person","@id":"https:\/\/kapitalis.com\/tunisie\/#\/schema\/person\/d71f33a9ca44f7bad4698210b480c8e9","name":"webmaster kapitalis","url":"https:\/\/kapitalis.com\/tunisie\/author\/webmaster-kapitalis\/"}]}},"_links":{"self":[{"href":"https:\/\/kapitalis.com\/tunisie\/wp-json\/wp\/v2\/posts\/6041877","targetHints":{"allow":["GET"]}}],"collection":[{"href":"https:\/\/kapitalis.com\/tunisie\/wp-json\/wp\/v2\/posts"}],"about":[{"href":"https:\/\/kapitalis.com\/tunisie\/wp-json\/wp\/v2\/types\/post"}],"author":[{"embeddable":true,"href":"https:\/\/kapitalis.com\/tunisie\/wp-json\/wp\/v2\/users\/8"}],"replies":[{"embeddable":true,"href":"https:\/\/kapitalis.com\/tunisie\/wp-json\/wp\/v2\/comments?post=6041877"}],"version-history":[{"count":1,"href":"https:\/\/kapitalis.com\/tunisie\/wp-json\/wp\/v2\/posts\/6041877\/revisions"}],"predecessor-version":[{"id":6041941,"href":"https:\/\/kapitalis.com\/tunisie\/wp-json\/wp\/v2\/posts\/6041877\/revisions\/6041941"}],"wp:featuredmedia":[{"embeddable":true,"href":"https:\/\/kapitalis.com\/tunisie\/wp-json\/wp\/v2\/media\/6041910"}],"wp:attachment":[{"href":"https:\/\/kapitalis.com\/tunisie\/wp-json\/wp\/v2\/media?parent=6041877"}],"wp:term":[{"taxonomy":"category","embeddable":true,"href":"https:\/\/kapitalis.com\/tunisie\/wp-json\/wp\/v2\/categories?post=6041877"},{"taxonomy":"post_tag","embeddable":true,"href":"https:\/\/kapitalis.com\/tunisie\/wp-json\/wp\/v2\/tags?post=6041877"}],"curies":[{"name":"wp","href":"https:\/\/api.w.org\/{rel}","templated":true}]}}