{"id":60422,"date":"2016-08-06T14:18:44","date_gmt":"2016-08-06T13:18:44","guid":{"rendered":"http:\/\/kapitalis.com\/tunisie\/?p=60422"},"modified":"2016-08-06T14:18:44","modified_gmt":"2016-08-06T13:18:44","slug":"les-destouriens-organisent-leur-1er-congres-dans-lancien-siege-du-psd","status":"publish","type":"post","link":"https:\/\/kapitalis.com\/tunisie\/2016\/08\/06\/les-destouriens-organisent-leur-1er-congres-dans-lancien-siege-du-psd\/","title":{"rendered":"Les Destouriens organisent leur 1er congr\u00e8s dans l\u2019ancien si\u00e8ge du PSD"},"content":{"rendered":"<p style=\"text-align: center;\"><img loading=\"lazy\" decoding=\"async\" class=\"alignnone size-full wp-image-60438\" src=\"http:\/\/kapitalis.com\/tunisie\/wp-content\/uploads\/2016\/08\/Hamed-Karoui.jpg\" alt=\"Hamed-Karoui\" width=\"626\" height=\"380\" \/><\/p>\n<p><em><strong>Hamed Karoui c\u00e9dera la pr\u00e9sidence du\u00a0Mouvement national Destourien (MND)\u00a0\u00e0\u00a0l&rsquo;issue de son 1er congr\u00e8s, pr\u00e9vu le 13 ao\u00fbt courant, \u00e0 Tunis.<\/strong><\/em><\/p>\n<p><!--more--><\/p>\n<p>Ce congr\u00e8s se tiendra \u00e0 la Kasbah, dans la grande salle de l\u2019ancien si\u00e8ge du Parti socialiste destourien PSD), rebaptis\u00e9,\u00a0\u00e0 partir de\u00a01988,\u00a0Rassemblement \u00a0constitutionnel d\u00e9mocratique (RCD), le parti au pouvoir sous la\u00a0dictature de l&rsquo;ancien pr\u00e9sident Ben Ali.<\/p>\n<p>Ce b\u00e2timent, rappelons-le, a \u00e9t\u00e9\u00a0converti en espace culturel\u00a0apr\u00e8s le transfert du si\u00e8ge du RCD dans un autre b\u00e2timent, une tour de verre, sise \u00e0\u00a0l&rsquo;avenue Mohamed V, au centre-ville de Tunis, aujourd&rsquo;hui \u00e0 l&rsquo;abandon.<\/p>\n<p>On apprend aussi que Hamed Karoui (89 ans), figure embl\u00e9matique du PSD et du RCD, dont il a \u00e9t\u00e9 directeur du\u00a017 octobre 1987\u00a0au\u00a027 f\u00e9vrier 1988,\u00a0et ancien Premier ministre de Ben Ali du\u00a027 septembre 1989 au\u00a017 novembre 1999, qui a fond\u00e9 le MND en 2013, a d\u00e9cid\u00e9 d&rsquo;en\u00a0c\u00e9der la pr\u00e9sidence \u00e0 une autre personnalit\u00e9 qui serait \u00e9lue lors du congr\u00e8s.<\/p>\n<p>Le MND, qui s&#8217;emploie \u00e0 rajeunir ses effectifs, a entam\u00e9, depuis le 18 juillet dernier, les travaux des commissions nationales charg\u00e9es de\u00a0pr\u00e9parer les motions du\u00a0congr\u00e8s.<\/p>\n<p style=\"text-align: right;\"><strong>Z.A.<\/strong><\/p>\n","protected":false},"excerpt":{"rendered":"<p>Hamed Karoui c\u00e9dera la pr\u00e9sidence du\u00a0Mouvement national Destourien (MND)\u00a0\u00e0\u00a0l&rsquo;issue de son 1er congr\u00e8s, pr\u00e9vu le 13 ao\u00fbt courant, \u00e0 Tunis.<\/p>\n","protected":false},"author":7,"featured_media":60438,"comment_status":"open","ping_status":"open","sticky":false,"template":"","format":"standard","meta":{"footnotes":""},"categories":[997,2433],"tags":[10316,140,225,15145,6245,9780,769],"class_list":["post-60422","post","type-post","status-publish","format-standard","has-post-thumbnail","hentry","category-politique","category-tunisie","tag-avenue-mohamed-v","tag-ben-ali","tag-congres","tag-hamed-karoui","tag-kasbah","tag-premier-ministre","tag-rcd"],"yoast_head":"<!-- This site is optimized with the Yoast SEO plugin v26.6 - https:\/\/yoast.com\/wordpress\/plugins\/seo\/ -->\n<title>Les Destouriens organisent leur 1er congr\u00e8s dans l\u2019ancien si\u00e8ge du PSD - Kapitalis<\/title>\n<meta name=\"robots\" content=\"index, follow, max-snippet:-1, max-image-preview:large, max-video-preview:-1\" \/>\n<link rel=\"canonical\" href=\"https:\/\/kapitalis.com\/tunisie\/2016\/08\/06\/les-destouriens-organisent-leur-1er-congres-dans-lancien-siege-du-psd\/\" \/>\n<meta property=\"og:locale\" content=\"fr_FR\" \/>\n<meta property=\"og:type\" content=\"article\" \/>\n<meta property=\"og:title\" content=\"Les Destouriens organisent leur 1er congr\u00e8s dans l\u2019ancien si\u00e8ge du PSD - Kapitalis\" \/>\n<meta property=\"og:description\" content=\"Hamed Karoui c\u00e9dera la pr\u00e9sidence du\u00a0Mouvement national Destourien (MND)\u00a0\u00e0\u00a0l&rsquo;issue de son 1er congr\u00e8s, pr\u00e9vu le 13 ao\u00fbt courant, \u00e0 Tunis.\" \/>\n<meta property=\"og:url\" content=\"https:\/\/kapitalis.com\/tunisie\/2016\/08\/06\/les-destouriens-organisent-leur-1er-congres-dans-lancien-siege-du-psd\/\" \/>\n<meta property=\"og:site_name\" content=\"Kapitalis\" \/>\n<meta property=\"article:publisher\" content=\"https:\/\/www.facebook.com\/KapitalisInfo\/\" \/>\n<meta property=\"article:published_time\" content=\"2016-08-06T13:18:44+00:00\" \/>\n<meta property=\"og:image\" content=\"https:\/\/kapitalis.com\/tunisie\/wp-content\/uploads\/2022\/05\/kapitalis-logo-fb.png\" \/>\n\t<meta property=\"og:image:width\" content=\"1200\" \/>\n\t<meta property=\"og:image:height\" content=\"630\" \/>\n\t<meta property=\"og:image:type\" content=\"image\/png\" \/>\n<meta name=\"author\" content=\"zohra abid\" \/>\n<meta name=\"twitter:card\" content=\"summary_large_image\" \/>\n<meta name=\"twitter:creator\" content=\"@KapitalisInfo\" \/>\n<meta name=\"twitter:site\" content=\"@KapitalisInfo\" \/>\n<meta name=\"twitter:label1\" content=\"\u00c9crit par\" \/>\n\t<meta name=\"twitter:data1\" content=\"zohra abid\" \/>\n\t<meta name=\"twitter:label2\" content=\"Dur\u00e9e de lecture estim\u00e9e\" \/>\n\t<meta name=\"twitter:data2\" content=\"1 minute\" \/>\n<script type=\"application\/ld+json\" class=\"yoast-schema-graph\">{\"@context\":\"https:\/\/schema.org\",\"@graph\":[{\"@type\":\"Article\",\"@id\":\"https:\/\/kapitalis.com\/tunisie\/2016\/08\/06\/les-destouriens-organisent-leur-1er-congres-dans-lancien-siege-du-psd\/#article\",\"isPartOf\":{\"@id\":\"https:\/\/kapitalis.com\/tunisie\/2016\/08\/06\/les-destouriens-organisent-leur-1er-congres-dans-lancien-siege-du-psd\/\"},\"author\":{\"name\":\"zohra abid\",\"@id\":\"https:\/\/kapitalis.com\/tunisie\/#\/schema\/person\/6fc2988ceb6eacf6836db1d8360b4912\"},\"headline\":\"Les Destouriens organisent leur 1er congr\u00e8s dans l\u2019ancien si\u00e8ge du PSD\",\"datePublished\":\"2016-08-06T13:18:44+00:00\",\"mainEntityOfPage\":{\"@id\":\"https:\/\/kapitalis.com\/tunisie\/2016\/08\/06\/les-destouriens-organisent-leur-1er-congres-dans-lancien-siege-du-psd\/\"},\"wordCount\":210,\"commentCount\":0,\"publisher\":{\"@id\":\"https:\/\/kapitalis.com\/tunisie\/#organization\"},\"image\":{\"@id\":\"https:\/\/kapitalis.com\/tunisie\/2016\/08\/06\/les-destouriens-organisent-leur-1er-congres-dans-lancien-siege-du-psd\/#primaryimage\"},\"thumbnailUrl\":\"\",\"keywords\":[\"avenue Mohamed V\",\"Ben Ali\",\"congr\u00e8s\",\"Hamed Karoui\",\"Kasbah\",\"Premier ministre\",\"RCD\"],\"articleSection\":[\"POLITIQUE\",\"Tunisie\"],\"inLanguage\":\"fr-FR\",\"potentialAction\":[{\"@type\":\"CommentAction\",\"name\":\"Comment\",\"target\":[\"https:\/\/kapitalis.com\/tunisie\/2016\/08\/06\/les-destouriens-organisent-leur-1er-congres-dans-lancien-siege-du-psd\/#respond\"]}]},{\"@type\":\"WebPage\",\"@id\":\"https:\/\/kapitalis.com\/tunisie\/2016\/08\/06\/les-destouriens-organisent-leur-1er-congres-dans-lancien-siege-du-psd\/\",\"url\":\"https:\/\/kapitalis.com\/tunisie\/2016\/08\/06\/les-destouriens-organisent-leur-1er-congres-dans-lancien-siege-du-psd\/\",\"name\":\"Les Destouriens organisent leur 1er congr\u00e8s dans l\u2019ancien si\u00e8ge du PSD - Kapitalis\",\"isPartOf\":{\"@id\":\"https:\/\/kapitalis.com\/tunisie\/#website\"},\"primaryImageOfPage\":{\"@id\":\"https:\/\/kapitalis.com\/tunisie\/2016\/08\/06\/les-destouriens-organisent-leur-1er-congres-dans-lancien-siege-du-psd\/#primaryimage\"},\"image\":{\"@id\":\"https:\/\/kapitalis.com\/tunisie\/2016\/08\/06\/les-destouriens-organisent-leur-1er-congres-dans-lancien-siege-du-psd\/#primaryimage\"},\"thumbnailUrl\":\"\",\"datePublished\":\"2016-08-06T13:18:44+00:00\",\"breadcrumb\":{\"@id\":\"https:\/\/kapitalis.com\/tunisie\/2016\/08\/06\/les-destouriens-organisent-leur-1er-congres-dans-lancien-siege-du-psd\/#breadcrumb\"},\"inLanguage\":\"fr-FR\",\"potentialAction\":[{\"@type\":\"ReadAction\",\"target\":[\"https:\/\/kapitalis.com\/tunisie\/2016\/08\/06\/les-destouriens-organisent-leur-1er-congres-dans-lancien-siege-du-psd\/\"]}]},{\"@type\":\"ImageObject\",\"inLanguage\":\"fr-FR\",\"@id\":\"https:\/\/kapitalis.com\/tunisie\/2016\/08\/06\/les-destouriens-organisent-leur-1er-congres-dans-lancien-siege-du-psd\/#primaryimage\",\"url\":\"\",\"contentUrl\":\"\"},{\"@type\":\"BreadcrumbList\",\"@id\":\"https:\/\/kapitalis.com\/tunisie\/2016\/08\/06\/les-destouriens-organisent-leur-1er-congres-dans-lancien-siege-du-psd\/#breadcrumb\",\"itemListElement\":[{\"@type\":\"ListItem\",\"position\":1,\"name\":\"Accueil\",\"item\":\"https:\/\/kapitalis.com\/tunisie\/\"},{\"@type\":\"ListItem\",\"position\":2,\"name\":\"Les Destouriens organisent leur 1er congr\u00e8s dans l\u2019ancien si\u00e8ge du PSD\"}]},{\"@type\":\"WebSite\",\"@id\":\"https:\/\/kapitalis.com\/tunisie\/#website\",\"url\":\"https:\/\/kapitalis.com\/tunisie\/\",\"name\":\"Kapitalis\",\"description\":\"L&#039;actualit\u00e9 en Tunisie et dans le monde\",\"publisher\":{\"@id\":\"https:\/\/kapitalis.com\/tunisie\/#organization\"},\"potentialAction\":[{\"@type\":\"SearchAction\",\"target\":{\"@type\":\"EntryPoint\",\"urlTemplate\":\"https:\/\/kapitalis.com\/tunisie\/?s={search_term_string}\"},\"query-input\":{\"@type\":\"PropertyValueSpecification\",\"valueRequired\":true,\"valueName\":\"search_term_string\"}}],\"inLanguage\":\"fr-FR\"},{\"@type\":\"Organization\",\"@id\":\"https:\/\/kapitalis.com\/tunisie\/#organization\",\"name\":\"Kapitalis\",\"url\":\"https:\/\/kapitalis.com\/tunisie\/\",\"logo\":{\"@type\":\"ImageObject\",\"inLanguage\":\"fr-FR\",\"@id\":\"https:\/\/kapitalis.com\/tunisie\/#\/schema\/logo\/image\/\",\"url\":\"https:\/\/kapitalis.com\/tunisie\/wp-content\/uploads\/2022\/05\/Kapitalis-big-size.png\",\"contentUrl\":\"https:\/\/kapitalis.com\/tunisie\/wp-content\/uploads\/2022\/05\/Kapitalis-big-size.png\",\"width\":5000,\"height\":1500,\"caption\":\"Kapitalis\"},\"image\":{\"@id\":\"https:\/\/kapitalis.com\/tunisie\/#\/schema\/logo\/image\/\"},\"sameAs\":[\"https:\/\/www.facebook.com\/KapitalisInfo\/\",\"https:\/\/x.com\/KapitalisInfo\",\"https:\/\/www.youtube.com\/channel\/UC-yDYrHyfFBWWZaOw3FPg9Q\"]},{\"@type\":\"Person\",\"@id\":\"https:\/\/kapitalis.com\/tunisie\/#\/schema\/person\/6fc2988ceb6eacf6836db1d8360b4912\",\"name\":\"zohra abid\",\"url\":\"https:\/\/kapitalis.com\/tunisie\/author\/zohra-abid-2015\/\"}]}<\/script>\n<!-- \/ Yoast SEO plugin. -->","yoast_head_json":{"title":"Les Destouriens organisent leur 1er congr\u00e8s dans l\u2019ancien si\u00e8ge du PSD - Kapitalis","robots":{"index":"index","follow":"follow","max-snippet":"max-snippet:-1","max-image-preview":"max-image-preview:large","max-video-preview":"max-video-preview:-1"},"canonical":"https:\/\/kapitalis.com\/tunisie\/2016\/08\/06\/les-destouriens-organisent-leur-1er-congres-dans-lancien-siege-du-psd\/","og_locale":"fr_FR","og_type":"article","og_title":"Les Destouriens organisent leur 1er congr\u00e8s dans l\u2019ancien si\u00e8ge du PSD - Kapitalis","og_description":"Hamed Karoui c\u00e9dera la pr\u00e9sidence du\u00a0Mouvement national Destourien (MND)\u00a0\u00e0\u00a0l&rsquo;issue de son 1er congr\u00e8s, pr\u00e9vu le 13 ao\u00fbt courant, \u00e0 Tunis.","og_url":"https:\/\/kapitalis.com\/tunisie\/2016\/08\/06\/les-destouriens-organisent-leur-1er-congres-dans-lancien-siege-du-psd\/","og_site_name":"Kapitalis","article_publisher":"https:\/\/www.facebook.com\/KapitalisInfo\/","article_published_time":"2016-08-06T13:18:44+00:00","og_image":[{"width":1200,"height":630,"url":"https:\/\/kapitalis.com\/tunisie\/wp-content\/uploads\/2022\/05\/kapitalis-logo-fb.png","type":"image\/png"}],"author":"zohra abid","twitter_card":"summary_large_image","twitter_creator":"@KapitalisInfo","twitter_site":"@KapitalisInfo","twitter_misc":{"\u00c9crit par":"zohra abid","Dur\u00e9e de lecture estim\u00e9e":"1 minute"},"schema":{"@context":"https:\/\/schema.org","@graph":[{"@type":"Article","@id":"https:\/\/kapitalis.com\/tunisie\/2016\/08\/06\/les-destouriens-organisent-leur-1er-congres-dans-lancien-siege-du-psd\/#article","isPartOf":{"@id":"https:\/\/kapitalis.com\/tunisie\/2016\/08\/06\/les-destouriens-organisent-leur-1er-congres-dans-lancien-siege-du-psd\/"},"author":{"name":"zohra abid","@id":"https:\/\/kapitalis.com\/tunisie\/#\/schema\/person\/6fc2988ceb6eacf6836db1d8360b4912"},"headline":"Les Destouriens organisent leur 1er congr\u00e8s dans l\u2019ancien si\u00e8ge du PSD","datePublished":"2016-08-06T13:18:44+00:00","mainEntityOfPage":{"@id":"https:\/\/kapitalis.com\/tunisie\/2016\/08\/06\/les-destouriens-organisent-leur-1er-congres-dans-lancien-siege-du-psd\/"},"wordCount":210,"commentCount":0,"publisher":{"@id":"https:\/\/kapitalis.com\/tunisie\/#organization"},"image":{"@id":"https:\/\/kapitalis.com\/tunisie\/2016\/08\/06\/les-destouriens-organisent-leur-1er-congres-dans-lancien-siege-du-psd\/#primaryimage"},"thumbnailUrl":"","keywords":["avenue Mohamed V","Ben Ali","congr\u00e8s","Hamed Karoui","Kasbah","Premier ministre","RCD"],"articleSection":["POLITIQUE","Tunisie"],"inLanguage":"fr-FR","potentialAction":[{"@type":"CommentAction","name":"Comment","target":["https:\/\/kapitalis.com\/tunisie\/2016\/08\/06\/les-destouriens-organisent-leur-1er-congres-dans-lancien-siege-du-psd\/#respond"]}]},{"@type":"WebPage","@id":"https:\/\/kapitalis.com\/tunisie\/2016\/08\/06\/les-destouriens-organisent-leur-1er-congres-dans-lancien-siege-du-psd\/","url":"https:\/\/kapitalis.com\/tunisie\/2016\/08\/06\/les-destouriens-organisent-leur-1er-congres-dans-lancien-siege-du-psd\/","name":"Les Destouriens organisent leur 1er congr\u00e8s dans l\u2019ancien si\u00e8ge du PSD - Kapitalis","isPartOf":{"@id":"https:\/\/kapitalis.com\/tunisie\/#website"},"primaryImageOfPage":{"@id":"https:\/\/kapitalis.com\/tunisie\/2016\/08\/06\/les-destouriens-organisent-leur-1er-congres-dans-lancien-siege-du-psd\/#primaryimage"},"image":{"@id":"https:\/\/kapitalis.com\/tunisie\/2016\/08\/06\/les-destouriens-organisent-leur-1er-congres-dans-lancien-siege-du-psd\/#primaryimage"},"thumbnailUrl":"","datePublished":"2016-08-06T13:18:44+00:00","breadcrumb":{"@id":"https:\/\/kapitalis.com\/tunisie\/2016\/08\/06\/les-destouriens-organisent-leur-1er-congres-dans-lancien-siege-du-psd\/#breadcrumb"},"inLanguage":"fr-FR","potentialAction":[{"@type":"ReadAction","target":["https:\/\/kapitalis.com\/tunisie\/2016\/08\/06\/les-destouriens-organisent-leur-1er-congres-dans-lancien-siege-du-psd\/"]}]},{"@type":"ImageObject","inLanguage":"fr-FR","@id":"https:\/\/kapitalis.com\/tunisie\/2016\/08\/06\/les-destouriens-organisent-leur-1er-congres-dans-lancien-siege-du-psd\/#primaryimage","url":"","contentUrl":""},{"@type":"BreadcrumbList","@id":"https:\/\/kapitalis.com\/tunisie\/2016\/08\/06\/les-destouriens-organisent-leur-1er-congres-dans-lancien-siege-du-psd\/#breadcrumb","itemListElement":[{"@type":"ListItem","position":1,"name":"Accueil","item":"https:\/\/kapitalis.com\/tunisie\/"},{"@type":"ListItem","position":2,"name":"Les Destouriens organisent leur 1er congr\u00e8s dans l\u2019ancien si\u00e8ge du PSD"}]},{"@type":"WebSite","@id":"https:\/\/kapitalis.com\/tunisie\/#website","url":"https:\/\/kapitalis.com\/tunisie\/","name":"Kapitalis","description":"L&#039;actualit\u00e9 en Tunisie et dans le monde","publisher":{"@id":"https:\/\/kapitalis.com\/tunisie\/#organization"},"potentialAction":[{"@type":"SearchAction","target":{"@type":"EntryPoint","urlTemplate":"https:\/\/kapitalis.com\/tunisie\/?s={search_term_string}"},"query-input":{"@type":"PropertyValueSpecification","valueRequired":true,"valueName":"search_term_string"}}],"inLanguage":"fr-FR"},{"@type":"Organization","@id":"https:\/\/kapitalis.com\/tunisie\/#organization","name":"Kapitalis","url":"https:\/\/kapitalis.com\/tunisie\/","logo":{"@type":"ImageObject","inLanguage":"fr-FR","@id":"https:\/\/kapitalis.com\/tunisie\/#\/schema\/logo\/image\/","url":"https:\/\/kapitalis.com\/tunisie\/wp-content\/uploads\/2022\/05\/Kapitalis-big-size.png","contentUrl":"https:\/\/kapitalis.com\/tunisie\/wp-content\/uploads\/2022\/05\/Kapitalis-big-size.png","width":5000,"height":1500,"caption":"Kapitalis"},"image":{"@id":"https:\/\/kapitalis.com\/tunisie\/#\/schema\/logo\/image\/"},"sameAs":["https:\/\/www.facebook.com\/KapitalisInfo\/","https:\/\/x.com\/KapitalisInfo","https:\/\/www.youtube.com\/channel\/UC-yDYrHyfFBWWZaOw3FPg9Q"]},{"@type":"Person","@id":"https:\/\/kapitalis.com\/tunisie\/#\/schema\/person\/6fc2988ceb6eacf6836db1d8360b4912","name":"zohra abid","url":"https:\/\/kapitalis.com\/tunisie\/author\/zohra-abid-2015\/"}]}},"_links":{"self":[{"href":"https:\/\/kapitalis.com\/tunisie\/wp-json\/wp\/v2\/posts\/60422","targetHints":{"allow":["GET"]}}],"collection":[{"href":"https:\/\/kapitalis.com\/tunisie\/wp-json\/wp\/v2\/posts"}],"about":[{"href":"https:\/\/kapitalis.com\/tunisie\/wp-json\/wp\/v2\/types\/post"}],"author":[{"embeddable":true,"href":"https:\/\/kapitalis.com\/tunisie\/wp-json\/wp\/v2\/users\/7"}],"replies":[{"embeddable":true,"href":"https:\/\/kapitalis.com\/tunisie\/wp-json\/wp\/v2\/comments?post=60422"}],"version-history":[{"count":0,"href":"https:\/\/kapitalis.com\/tunisie\/wp-json\/wp\/v2\/posts\/60422\/revisions"}],"wp:featuredmedia":[{"embeddable":true,"href":"https:\/\/kapitalis.com\/tunisie\/wp-json\/wp\/v2\/media\/60438"}],"wp:attachment":[{"href":"https:\/\/kapitalis.com\/tunisie\/wp-json\/wp\/v2\/media?parent=60422"}],"wp:term":[{"taxonomy":"category","embeddable":true,"href":"https:\/\/kapitalis.com\/tunisie\/wp-json\/wp\/v2\/categories?post=60422"},{"taxonomy":"post_tag","embeddable":true,"href":"https:\/\/kapitalis.com\/tunisie\/wp-json\/wp\/v2\/tags?post=60422"}],"curies":[{"name":"wp","href":"https:\/\/api.w.org\/{rel}","templated":true}]}}