{"id":6044256,"date":"2023-01-13T07:57:47","date_gmt":"2023-01-13T06:57:47","guid":{"rendered":"https:\/\/kapitalis.com\/tunisie\/?p=6044256"},"modified":"2023-01-13T07:57:48","modified_gmt":"2023-01-13T06:57:48","slug":"tunisie-42-mdt-en-2023-au-profit-de-familles-vulnerables","status":"publish","type":"post","link":"https:\/\/kapitalis.com\/tunisie\/2023\/01\/13\/tunisie-42-mdt-en-2023-au-profit-de-familles-vulnerables\/","title":{"rendered":"Tunisie : 4,2 MDT en 2023 au profit de familles vuln\u00e9rables"},"content":{"rendered":"\n<p><strong><em>Dans le cadre du programme d\u2019autonomisation \u00e9conomique des familles vuln\u00e9rables vivant dans des situations particuli\u00e8res lanc\u00e9 d\u00e9j\u00e0 en 2012, une enveloppe de 4,2 millions de dinars tunisiens <strong><em><strong><em><strong><em>(<\/em><\/strong><\/em><\/strong>MDT<\/em><\/strong>) sera vers\u00e9e \u00e0 1000 familles en 2023, dont le nombre augmentera progressivement au cours du Plan de d\u00e9veloppement 2023-2025, de m\u00eame que l&rsquo;enveloppe qui leur sera allou\u00e9e, bien qu&rsquo;elle reste relativement faible. <\/em><\/strong><\/p>\n\n\n\n<!--more-->\n\n\n\n<p>Cette annonce a \u00e9t\u00e9 faite le 12 janvier 2023 par le minist\u00e8re de la Femme, la Famille, les Enfants et  la Population \u00c2g\u00e9e, qui pr\u00e9cise qu&rsquo;en 2024, l&rsquo;enveloppe allou\u00e9e atteindra les 5,8 MDT pour 1200 familles, et 7 MDT pour 1400 familles en 2025.<\/p>\n\n\n\n<p>L&rsquo;objet de ce soutien financier est d&rsquo;aider ces familles \u00e0 faire face aux difficult\u00e9s \u00e9conomiques,  renforcer leur r\u00e9silience face \u00e0 la baisse du pouvoir d&rsquo;achat et \u00e0 la hausse des prix, et les aider \u00e0 assurer les \u00e9quipements et les mati\u00e8res premi\u00e8res n\u00e9cessaires \u00e0 la cr\u00e9ation de micro et petits projets.<\/p>\n\n\n\n<p>Le programme cit\u00e9 cible notamment les familles monoparentales, les familles pauvres, celles \u00e0 revenu limit\u00e9 bien que compos\u00e9es de membres dipl\u00f4m\u00e9s ou ayant une exp\u00e9rience professionnelle, les ch\u00f4meurs, et les familles en situation de grand danger.<\/p>\n\n\n\n<p class=\"has-text-align-right\"><strong>A. M. <\/strong><\/p>\n","protected":false},"excerpt":{"rendered":"<p>Une enveloppe de 4,2 millions de dinars tunisiens sera vers\u00e9e \u00e0 1000 familles en 2023.<\/p>\n","protected":false},"author":22,"featured_media":4727859,"comment_status":"open","ping_status":"open","sticky":false,"template":"","format":"standard","meta":{"footnotes":""},"categories":[998,2433],"tags":[2874,105549],"class_list":["post-6044256","post","type-post","status-publish","format-standard","has-post-thumbnail","hentry","category-societe","category-tunisie","tag-ministere-de-la-femme","tag-plan-de-developpement-2023-25"],"yoast_head":"<!-- This site is optimized with the Yoast SEO plugin v26.6 - https:\/\/yoast.com\/wordpress\/plugins\/seo\/ -->\n<title>Tunisie : 4,2 MDT en 2023 au profit de familles vuln\u00e9rables - Kapitalis<\/title>\n<meta name=\"description\" content=\"Dans le cadre du programme d\u2019autonomisation \u00e9conomique des familles vuln\u00e9rables vivant dans des situations particuli\u00e8res lanc\u00e9 d\u00e8j\u00e0 en 2012, une enveloppe de 4,2 millions DT sera vers\u00e9e en 2023 aux b\u00e9n\u00e9ficiaires, dont le nombre augmentera progressivement au cours du Plan de D\u00e9veloppement 2023-2025, de m\u00eame que l&#039;enveloppe qui leur sera allou\u00e9e.\" \/>\n<meta name=\"robots\" content=\"index, follow, max-snippet:-1, max-image-preview:large, max-video-preview:-1\" \/>\n<link rel=\"canonical\" href=\"https:\/\/kapitalis.com\/tunisie\/2023\/01\/13\/tunisie-42-mdt-en-2023-au-profit-de-familles-vulnerables\/\" \/>\n<meta property=\"og:locale\" content=\"fr_FR\" \/>\n<meta property=\"og:type\" content=\"article\" \/>\n<meta property=\"og:title\" content=\"Tunisie : 4,2 MDT en 2023 au profit de familles vuln\u00e9rables - Kapitalis\" \/>\n<meta property=\"og:description\" content=\"Dans le cadre du programme d\u2019autonomisation \u00e9conomique des familles vuln\u00e9rables vivant dans des situations particuli\u00e8res lanc\u00e9 d\u00e8j\u00e0 en 2012, une enveloppe de 4,2 millions DT sera vers\u00e9e en 2023 aux b\u00e9n\u00e9ficiaires, dont le nombre augmentera progressivement au cours du Plan de D\u00e9veloppement 2023-2025, de m\u00eame que l&#039;enveloppe qui leur sera allou\u00e9e.\" \/>\n<meta property=\"og:url\" content=\"https:\/\/kapitalis.com\/tunisie\/2023\/01\/13\/tunisie-42-mdt-en-2023-au-profit-de-familles-vulnerables\/\" \/>\n<meta property=\"og:site_name\" content=\"Kapitalis\" \/>\n<meta property=\"article:publisher\" content=\"https:\/\/www.facebook.com\/KapitalisInfo\/\" \/>\n<meta property=\"article:published_time\" content=\"2023-01-13T06:57:47+00:00\" \/>\n<meta property=\"article:modified_time\" content=\"2023-01-13T06:57:48+00:00\" \/>\n<meta property=\"og:image\" content=\"https:\/\/kapitalis.com\/tunisie\/wp-content\/uploads\/2022\/11\/Enfants-pauvres.jpg\" \/>\n\t<meta property=\"og:image:width\" content=\"1200\" \/>\n\t<meta property=\"og:image:height\" content=\"630\" \/>\n\t<meta property=\"og:image:type\" content=\"image\/jpeg\" \/>\n<meta name=\"author\" content=\"Amina Mkada\" \/>\n<meta name=\"twitter:card\" content=\"summary_large_image\" \/>\n<meta name=\"twitter:creator\" content=\"@KapitalisInfo\" \/>\n<meta name=\"twitter:site\" content=\"@KapitalisInfo\" \/>\n<meta name=\"twitter:label1\" content=\"\u00c9crit par\" \/>\n\t<meta name=\"twitter:data1\" content=\"Amina Mkada\" \/>\n\t<meta name=\"twitter:label2\" content=\"Dur\u00e9e de lecture estim\u00e9e\" \/>\n\t<meta name=\"twitter:data2\" content=\"1 minute\" \/>\n<script type=\"application\/ld+json\" class=\"yoast-schema-graph\">{\"@context\":\"https:\/\/schema.org\",\"@graph\":[{\"@type\":\"Article\",\"@id\":\"https:\/\/kapitalis.com\/tunisie\/2023\/01\/13\/tunisie-42-mdt-en-2023-au-profit-de-familles-vulnerables\/#article\",\"isPartOf\":{\"@id\":\"https:\/\/kapitalis.com\/tunisie\/2023\/01\/13\/tunisie-42-mdt-en-2023-au-profit-de-familles-vulnerables\/\"},\"author\":{\"name\":\"Amina Mkada\",\"@id\":\"https:\/\/kapitalis.com\/tunisie\/#\/schema\/person\/093913313d3017554cb3ad077fff3fbd\"},\"headline\":\"Tunisie : 4,2 MDT en 2023 au profit de familles vuln\u00e9rables\",\"datePublished\":\"2023-01-13T06:57:47+00:00\",\"dateModified\":\"2023-01-13T06:57:48+00:00\",\"mainEntityOfPage\":{\"@id\":\"https:\/\/kapitalis.com\/tunisie\/2023\/01\/13\/tunisie-42-mdt-en-2023-au-profit-de-familles-vulnerables\/\"},\"wordCount\":206,\"commentCount\":0,\"publisher\":{\"@id\":\"https:\/\/kapitalis.com\/tunisie\/#organization\"},\"image\":{\"@id\":\"https:\/\/kapitalis.com\/tunisie\/2023\/01\/13\/tunisie-42-mdt-en-2023-au-profit-de-familles-vulnerables\/#primaryimage\"},\"thumbnailUrl\":\"https:\/\/kapitalis.com\/tunisie\/wp-content\/uploads\/2022\/11\/Enfants-pauvres.jpg\",\"keywords\":[\"minist\u00e8re de la Femme\",\"Plan de d\u00e9veloppement 2023-25\"],\"articleSection\":[\"SOCIETE\",\"Tunisie\"],\"inLanguage\":\"fr-FR\",\"potentialAction\":[{\"@type\":\"CommentAction\",\"name\":\"Comment\",\"target\":[\"https:\/\/kapitalis.com\/tunisie\/2023\/01\/13\/tunisie-42-mdt-en-2023-au-profit-de-familles-vulnerables\/#respond\"]}]},{\"@type\":\"WebPage\",\"@id\":\"https:\/\/kapitalis.com\/tunisie\/2023\/01\/13\/tunisie-42-mdt-en-2023-au-profit-de-familles-vulnerables\/\",\"url\":\"https:\/\/kapitalis.com\/tunisie\/2023\/01\/13\/tunisie-42-mdt-en-2023-au-profit-de-familles-vulnerables\/\",\"name\":\"Tunisie : 4,2 MDT en 2023 au profit de familles vuln\u00e9rables - Kapitalis\",\"isPartOf\":{\"@id\":\"https:\/\/kapitalis.com\/tunisie\/#website\"},\"primaryImageOfPage\":{\"@id\":\"https:\/\/kapitalis.com\/tunisie\/2023\/01\/13\/tunisie-42-mdt-en-2023-au-profit-de-familles-vulnerables\/#primaryimage\"},\"image\":{\"@id\":\"https:\/\/kapitalis.com\/tunisie\/2023\/01\/13\/tunisie-42-mdt-en-2023-au-profit-de-familles-vulnerables\/#primaryimage\"},\"thumbnailUrl\":\"https:\/\/kapitalis.com\/tunisie\/wp-content\/uploads\/2022\/11\/Enfants-pauvres.jpg\",\"datePublished\":\"2023-01-13T06:57:47+00:00\",\"dateModified\":\"2023-01-13T06:57:48+00:00\",\"description\":\"Dans le cadre du programme d\u2019autonomisation \u00e9conomique des familles vuln\u00e9rables vivant dans des situations particuli\u00e8res lanc\u00e9 d\u00e8j\u00e0 en 2012, une enveloppe de 4,2 millions DT sera vers\u00e9e en 2023 aux b\u00e9n\u00e9ficiaires, dont le nombre augmentera progressivement au cours du Plan de D\u00e9veloppement 2023-2025, de m\u00eame que l'enveloppe qui leur sera allou\u00e9e.\",\"breadcrumb\":{\"@id\":\"https:\/\/kapitalis.com\/tunisie\/2023\/01\/13\/tunisie-42-mdt-en-2023-au-profit-de-familles-vulnerables\/#breadcrumb\"},\"inLanguage\":\"fr-FR\",\"potentialAction\":[{\"@type\":\"ReadAction\",\"target\":[\"https:\/\/kapitalis.com\/tunisie\/2023\/01\/13\/tunisie-42-mdt-en-2023-au-profit-de-familles-vulnerables\/\"]}]},{\"@type\":\"ImageObject\",\"inLanguage\":\"fr-FR\",\"@id\":\"https:\/\/kapitalis.com\/tunisie\/2023\/01\/13\/tunisie-42-mdt-en-2023-au-profit-de-familles-vulnerables\/#primaryimage\",\"url\":\"https:\/\/kapitalis.com\/tunisie\/wp-content\/uploads\/2022\/11\/Enfants-pauvres.jpg\",\"contentUrl\":\"https:\/\/kapitalis.com\/tunisie\/wp-content\/uploads\/2022\/11\/Enfants-pauvres.jpg\",\"width\":1200,\"height\":630},{\"@type\":\"BreadcrumbList\",\"@id\":\"https:\/\/kapitalis.com\/tunisie\/2023\/01\/13\/tunisie-42-mdt-en-2023-au-profit-de-familles-vulnerables\/#breadcrumb\",\"itemListElement\":[{\"@type\":\"ListItem\",\"position\":1,\"name\":\"Accueil\",\"item\":\"https:\/\/kapitalis.com\/tunisie\/\"},{\"@type\":\"ListItem\",\"position\":2,\"name\":\"Tunisie : 4,2 MDT en 2023 au profit de familles vuln\u00e9rables\"}]},{\"@type\":\"WebSite\",\"@id\":\"https:\/\/kapitalis.com\/tunisie\/#website\",\"url\":\"https:\/\/kapitalis.com\/tunisie\/\",\"name\":\"Kapitalis\",\"description\":\"L&#039;actualit\u00e9 en Tunisie et dans le monde\",\"publisher\":{\"@id\":\"https:\/\/kapitalis.com\/tunisie\/#organization\"},\"potentialAction\":[{\"@type\":\"SearchAction\",\"target\":{\"@type\":\"EntryPoint\",\"urlTemplate\":\"https:\/\/kapitalis.com\/tunisie\/?s={search_term_string}\"},\"query-input\":{\"@type\":\"PropertyValueSpecification\",\"valueRequired\":true,\"valueName\":\"search_term_string\"}}],\"inLanguage\":\"fr-FR\"},{\"@type\":\"Organization\",\"@id\":\"https:\/\/kapitalis.com\/tunisie\/#organization\",\"name\":\"Kapitalis\",\"url\":\"https:\/\/kapitalis.com\/tunisie\/\",\"logo\":{\"@type\":\"ImageObject\",\"inLanguage\":\"fr-FR\",\"@id\":\"https:\/\/kapitalis.com\/tunisie\/#\/schema\/logo\/image\/\",\"url\":\"https:\/\/kapitalis.com\/tunisie\/wp-content\/uploads\/2022\/05\/Kapitalis-big-size.png\",\"contentUrl\":\"https:\/\/kapitalis.com\/tunisie\/wp-content\/uploads\/2022\/05\/Kapitalis-big-size.png\",\"width\":5000,\"height\":1500,\"caption\":\"Kapitalis\"},\"image\":{\"@id\":\"https:\/\/kapitalis.com\/tunisie\/#\/schema\/logo\/image\/\"},\"sameAs\":[\"https:\/\/www.facebook.com\/KapitalisInfo\/\",\"https:\/\/x.com\/KapitalisInfo\",\"https:\/\/www.youtube.com\/channel\/UC-yDYrHyfFBWWZaOw3FPg9Q\"]},{\"@type\":\"Person\",\"@id\":\"https:\/\/kapitalis.com\/tunisie\/#\/schema\/person\/093913313d3017554cb3ad077fff3fbd\",\"name\":\"Amina Mkada\",\"url\":\"https:\/\/kapitalis.com\/tunisie\/author\/amina\/\"}]}<\/script>\n<!-- \/ Yoast SEO plugin. -->","yoast_head_json":{"title":"Tunisie : 4,2 MDT en 2023 au profit de familles vuln\u00e9rables - Kapitalis","description":"Dans le cadre du programme d\u2019autonomisation \u00e9conomique des familles vuln\u00e9rables vivant dans des situations particuli\u00e8res lanc\u00e9 d\u00e8j\u00e0 en 2012, une enveloppe de 4,2 millions DT sera vers\u00e9e en 2023 aux b\u00e9n\u00e9ficiaires, dont le nombre augmentera progressivement au cours du Plan de D\u00e9veloppement 2023-2025, de m\u00eame que l'enveloppe qui leur sera allou\u00e9e.","robots":{"index":"index","follow":"follow","max-snippet":"max-snippet:-1","max-image-preview":"max-image-preview:large","max-video-preview":"max-video-preview:-1"},"canonical":"https:\/\/kapitalis.com\/tunisie\/2023\/01\/13\/tunisie-42-mdt-en-2023-au-profit-de-familles-vulnerables\/","og_locale":"fr_FR","og_type":"article","og_title":"Tunisie : 4,2 MDT en 2023 au profit de familles vuln\u00e9rables - Kapitalis","og_description":"Dans le cadre du programme d\u2019autonomisation \u00e9conomique des familles vuln\u00e9rables vivant dans des situations particuli\u00e8res lanc\u00e9 d\u00e8j\u00e0 en 2012, une enveloppe de 4,2 millions DT sera vers\u00e9e en 2023 aux b\u00e9n\u00e9ficiaires, dont le nombre augmentera progressivement au cours du Plan de D\u00e9veloppement 2023-2025, de m\u00eame que l'enveloppe qui leur sera allou\u00e9e.","og_url":"https:\/\/kapitalis.com\/tunisie\/2023\/01\/13\/tunisie-42-mdt-en-2023-au-profit-de-familles-vulnerables\/","og_site_name":"Kapitalis","article_publisher":"https:\/\/www.facebook.com\/KapitalisInfo\/","article_published_time":"2023-01-13T06:57:47+00:00","article_modified_time":"2023-01-13T06:57:48+00:00","og_image":[{"width":1200,"height":630,"url":"https:\/\/kapitalis.com\/tunisie\/wp-content\/uploads\/2022\/11\/Enfants-pauvres.jpg","type":"image\/jpeg"}],"author":"Amina Mkada","twitter_card":"summary_large_image","twitter_creator":"@KapitalisInfo","twitter_site":"@KapitalisInfo","twitter_misc":{"\u00c9crit par":"Amina Mkada","Dur\u00e9e de lecture estim\u00e9e":"1 minute"},"schema":{"@context":"https:\/\/schema.org","@graph":[{"@type":"Article","@id":"https:\/\/kapitalis.com\/tunisie\/2023\/01\/13\/tunisie-42-mdt-en-2023-au-profit-de-familles-vulnerables\/#article","isPartOf":{"@id":"https:\/\/kapitalis.com\/tunisie\/2023\/01\/13\/tunisie-42-mdt-en-2023-au-profit-de-familles-vulnerables\/"},"author":{"name":"Amina Mkada","@id":"https:\/\/kapitalis.com\/tunisie\/#\/schema\/person\/093913313d3017554cb3ad077fff3fbd"},"headline":"Tunisie : 4,2 MDT en 2023 au profit de familles vuln\u00e9rables","datePublished":"2023-01-13T06:57:47+00:00","dateModified":"2023-01-13T06:57:48+00:00","mainEntityOfPage":{"@id":"https:\/\/kapitalis.com\/tunisie\/2023\/01\/13\/tunisie-42-mdt-en-2023-au-profit-de-familles-vulnerables\/"},"wordCount":206,"commentCount":0,"publisher":{"@id":"https:\/\/kapitalis.com\/tunisie\/#organization"},"image":{"@id":"https:\/\/kapitalis.com\/tunisie\/2023\/01\/13\/tunisie-42-mdt-en-2023-au-profit-de-familles-vulnerables\/#primaryimage"},"thumbnailUrl":"https:\/\/kapitalis.com\/tunisie\/wp-content\/uploads\/2022\/11\/Enfants-pauvres.jpg","keywords":["minist\u00e8re de la Femme","Plan de d\u00e9veloppement 2023-25"],"articleSection":["SOCIETE","Tunisie"],"inLanguage":"fr-FR","potentialAction":[{"@type":"CommentAction","name":"Comment","target":["https:\/\/kapitalis.com\/tunisie\/2023\/01\/13\/tunisie-42-mdt-en-2023-au-profit-de-familles-vulnerables\/#respond"]}]},{"@type":"WebPage","@id":"https:\/\/kapitalis.com\/tunisie\/2023\/01\/13\/tunisie-42-mdt-en-2023-au-profit-de-familles-vulnerables\/","url":"https:\/\/kapitalis.com\/tunisie\/2023\/01\/13\/tunisie-42-mdt-en-2023-au-profit-de-familles-vulnerables\/","name":"Tunisie : 4,2 MDT en 2023 au profit de familles vuln\u00e9rables - Kapitalis","isPartOf":{"@id":"https:\/\/kapitalis.com\/tunisie\/#website"},"primaryImageOfPage":{"@id":"https:\/\/kapitalis.com\/tunisie\/2023\/01\/13\/tunisie-42-mdt-en-2023-au-profit-de-familles-vulnerables\/#primaryimage"},"image":{"@id":"https:\/\/kapitalis.com\/tunisie\/2023\/01\/13\/tunisie-42-mdt-en-2023-au-profit-de-familles-vulnerables\/#primaryimage"},"thumbnailUrl":"https:\/\/kapitalis.com\/tunisie\/wp-content\/uploads\/2022\/11\/Enfants-pauvres.jpg","datePublished":"2023-01-13T06:57:47+00:00","dateModified":"2023-01-13T06:57:48+00:00","description":"Dans le cadre du programme d\u2019autonomisation \u00e9conomique des familles vuln\u00e9rables vivant dans des situations particuli\u00e8res lanc\u00e9 d\u00e8j\u00e0 en 2012, une enveloppe de 4,2 millions DT sera vers\u00e9e en 2023 aux b\u00e9n\u00e9ficiaires, dont le nombre augmentera progressivement au cours du Plan de D\u00e9veloppement 2023-2025, de m\u00eame que l'enveloppe qui leur sera allou\u00e9e.","breadcrumb":{"@id":"https:\/\/kapitalis.com\/tunisie\/2023\/01\/13\/tunisie-42-mdt-en-2023-au-profit-de-familles-vulnerables\/#breadcrumb"},"inLanguage":"fr-FR","potentialAction":[{"@type":"ReadAction","target":["https:\/\/kapitalis.com\/tunisie\/2023\/01\/13\/tunisie-42-mdt-en-2023-au-profit-de-familles-vulnerables\/"]}]},{"@type":"ImageObject","inLanguage":"fr-FR","@id":"https:\/\/kapitalis.com\/tunisie\/2023\/01\/13\/tunisie-42-mdt-en-2023-au-profit-de-familles-vulnerables\/#primaryimage","url":"https:\/\/kapitalis.com\/tunisie\/wp-content\/uploads\/2022\/11\/Enfants-pauvres.jpg","contentUrl":"https:\/\/kapitalis.com\/tunisie\/wp-content\/uploads\/2022\/11\/Enfants-pauvres.jpg","width":1200,"height":630},{"@type":"BreadcrumbList","@id":"https:\/\/kapitalis.com\/tunisie\/2023\/01\/13\/tunisie-42-mdt-en-2023-au-profit-de-familles-vulnerables\/#breadcrumb","itemListElement":[{"@type":"ListItem","position":1,"name":"Accueil","item":"https:\/\/kapitalis.com\/tunisie\/"},{"@type":"ListItem","position":2,"name":"Tunisie : 4,2 MDT en 2023 au profit de familles vuln\u00e9rables"}]},{"@type":"WebSite","@id":"https:\/\/kapitalis.com\/tunisie\/#website","url":"https:\/\/kapitalis.com\/tunisie\/","name":"Kapitalis","description":"L&#039;actualit\u00e9 en Tunisie et dans le monde","publisher":{"@id":"https:\/\/kapitalis.com\/tunisie\/#organization"},"potentialAction":[{"@type":"SearchAction","target":{"@type":"EntryPoint","urlTemplate":"https:\/\/kapitalis.com\/tunisie\/?s={search_term_string}"},"query-input":{"@type":"PropertyValueSpecification","valueRequired":true,"valueName":"search_term_string"}}],"inLanguage":"fr-FR"},{"@type":"Organization","@id":"https:\/\/kapitalis.com\/tunisie\/#organization","name":"Kapitalis","url":"https:\/\/kapitalis.com\/tunisie\/","logo":{"@type":"ImageObject","inLanguage":"fr-FR","@id":"https:\/\/kapitalis.com\/tunisie\/#\/schema\/logo\/image\/","url":"https:\/\/kapitalis.com\/tunisie\/wp-content\/uploads\/2022\/05\/Kapitalis-big-size.png","contentUrl":"https:\/\/kapitalis.com\/tunisie\/wp-content\/uploads\/2022\/05\/Kapitalis-big-size.png","width":5000,"height":1500,"caption":"Kapitalis"},"image":{"@id":"https:\/\/kapitalis.com\/tunisie\/#\/schema\/logo\/image\/"},"sameAs":["https:\/\/www.facebook.com\/KapitalisInfo\/","https:\/\/x.com\/KapitalisInfo","https:\/\/www.youtube.com\/channel\/UC-yDYrHyfFBWWZaOw3FPg9Q"]},{"@type":"Person","@id":"https:\/\/kapitalis.com\/tunisie\/#\/schema\/person\/093913313d3017554cb3ad077fff3fbd","name":"Amina Mkada","url":"https:\/\/kapitalis.com\/tunisie\/author\/amina\/"}]}},"_links":{"self":[{"href":"https:\/\/kapitalis.com\/tunisie\/wp-json\/wp\/v2\/posts\/6044256","targetHints":{"allow":["GET"]}}],"collection":[{"href":"https:\/\/kapitalis.com\/tunisie\/wp-json\/wp\/v2\/posts"}],"about":[{"href":"https:\/\/kapitalis.com\/tunisie\/wp-json\/wp\/v2\/types\/post"}],"author":[{"embeddable":true,"href":"https:\/\/kapitalis.com\/tunisie\/wp-json\/wp\/v2\/users\/22"}],"replies":[{"embeddable":true,"href":"https:\/\/kapitalis.com\/tunisie\/wp-json\/wp\/v2\/comments?post=6044256"}],"version-history":[{"count":13,"href":"https:\/\/kapitalis.com\/tunisie\/wp-json\/wp\/v2\/posts\/6044256\/revisions"}],"predecessor-version":[{"id":6048777,"href":"https:\/\/kapitalis.com\/tunisie\/wp-json\/wp\/v2\/posts\/6044256\/revisions\/6048777"}],"wp:featuredmedia":[{"embeddable":true,"href":"https:\/\/kapitalis.com\/tunisie\/wp-json\/wp\/v2\/media\/4727859"}],"wp:attachment":[{"href":"https:\/\/kapitalis.com\/tunisie\/wp-json\/wp\/v2\/media?parent=6044256"}],"wp:term":[{"taxonomy":"category","embeddable":true,"href":"https:\/\/kapitalis.com\/tunisie\/wp-json\/wp\/v2\/categories?post=6044256"},{"taxonomy":"post_tag","embeddable":true,"href":"https:\/\/kapitalis.com\/tunisie\/wp-json\/wp\/v2\/tags?post=6044256"}],"curies":[{"name":"wp","href":"https:\/\/api.w.org\/{rel}","templated":true}]}}