{"id":6046264,"date":"2023-01-12T20:38:54","date_gmt":"2023-01-12T19:38:54","guid":{"rendered":"https:\/\/kapitalis.com\/tunisie\/?p=6046264"},"modified":"2023-01-12T20:41:49","modified_gmt":"2023-01-12T19:41:49","slug":"tunisie-kalthoum-ben-rejeb-nommee-a-la-tete-du-ministere-du-commerce","status":"publish","type":"post","link":"https:\/\/kapitalis.com\/tunisie\/2023\/01\/12\/tunisie-kalthoum-ben-rejeb-nommee-a-la-tete-du-ministere-du-commerce\/","title":{"rendered":"Tunisie : Kalthoum Ben Rejeb nomm\u00e9e \u00e0 la t\u00eate du minist\u00e8re du Commerce"},"content":{"rendered":"\n<p><em><strong>La pr\u00e9sidence de la R\u00e9publique a annonc\u00e9, dans la soir\u00e9e de ce jeudi 12 janvier 2023, la nomination de Kalthoum Ben Rejeb Gazzah au poste de ministre du Commerce et de la Promotion des exportations.<\/strong><\/em><\/p>\n\n\n\n<!--more-->\n\n\n\n<p>La nouvelle ministre a pr\u00eat\u00e9 serment lors d&rsquo;une c\u00e9r\u00e9monie pr\u00e9sid\u00e9e par Ka\u00efs Sa\u00efed au Palais de Carthage, indique le communiqu\u00e9 de la pr\u00e9sidence.<\/p>\n\n\n\n<figure class=\"wp-block-gallery aligncenter has-nested-images columns-default is-cropped wp-block-gallery-1 is-layout-flex wp-block-gallery-is-layout-flex\">\n<figure class=\"wp-block-image size-large\"><img loading=\"lazy\" decoding=\"async\" width=\"1024\" height=\"740\" data-id=\"6046284\" src=\"https:\/\/kapitalis.com\/tunisie\/wp-content\/uploads\/2023\/01\/p3-1024x740.jpg\" alt=\"\" class=\"wp-image-6046284\" srcset=\"https:\/\/kapitalis.com\/tunisie\/wp-content\/uploads\/2023\/01\/p3-1024x740.jpg 1024w, https:\/\/kapitalis.com\/tunisie\/wp-content\/uploads\/2023\/01\/p3-300x217.jpg 300w, https:\/\/kapitalis.com\/tunisie\/wp-content\/uploads\/2023\/01\/p3-768x555.jpg 768w, https:\/\/kapitalis.com\/tunisie\/wp-content\/uploads\/2023\/01\/p3-1536x1110.jpg 1536w, https:\/\/kapitalis.com\/tunisie\/wp-content\/uploads\/2023\/01\/p3-580x419.jpg 580w, https:\/\/kapitalis.com\/tunisie\/wp-content\/uploads\/2023\/01\/p3-860x621.jpg 860w, https:\/\/kapitalis.com\/tunisie\/wp-content\/uploads\/2023\/01\/p3-1160x838.jpg 1160w, https:\/\/kapitalis.com\/tunisie\/wp-content\/uploads\/2023\/01\/p3.jpg 2048w\" sizes=\"auto, (max-width: 1024px) 100vw, 1024px\" \/><\/figure>\n\n\n\n<figure class=\"wp-block-image size-large\"><img loading=\"lazy\" decoding=\"async\" width=\"1024\" height=\"638\" data-id=\"6046288\" src=\"https:\/\/kapitalis.com\/tunisie\/wp-content\/uploads\/2023\/01\/p2-1024x638.jpg\" alt=\"\" class=\"wp-image-6046288\" srcset=\"https:\/\/kapitalis.com\/tunisie\/wp-content\/uploads\/2023\/01\/p2-1024x638.jpg 1024w, https:\/\/kapitalis.com\/tunisie\/wp-content\/uploads\/2023\/01\/p2-300x187.jpg 300w, https:\/\/kapitalis.com\/tunisie\/wp-content\/uploads\/2023\/01\/p2-768x478.jpg 768w, https:\/\/kapitalis.com\/tunisie\/wp-content\/uploads\/2023\/01\/p2-1536x956.jpg 1536w, https:\/\/kapitalis.com\/tunisie\/wp-content\/uploads\/2023\/01\/p2-580x361.jpg 580w, https:\/\/kapitalis.com\/tunisie\/wp-content\/uploads\/2023\/01\/p2-860x535.jpg 860w, https:\/\/kapitalis.com\/tunisie\/wp-content\/uploads\/2023\/01\/p2-1160x722.jpg 1160w, https:\/\/kapitalis.com\/tunisie\/wp-content\/uploads\/2023\/01\/p2.jpg 2048w\" sizes=\"auto, (max-width: 1024px) 100vw, 1024px\" \/><\/figure>\n<\/figure>\n\n\n\n<p>Kalthoum Ben Rejeb succ\u00e8de ainsi \u00e0 Fadhila Rebhi qui a \u00e9t\u00e9 limog\u00e9e par le chef de l&rsquo;Etat le 6 janvier courant, date \u00e0 laquelle le gouverneur de Sfax Fakher Fakhfakh avait \u00e9galement \u00e9t\u00e9 d\u00e9mis de ses fonctions.<\/p>\n\n\n\n<p class=\"has-text-align-right\"><strong>Y. N.<\/strong><\/p>\n\n\n\n<figure class=\"wp-block-embed is-type-wp-embed is-provider-kapitalis wp-block-embed-kapitalis\"><div class=\"wp-block-embed__wrapper\">\n<blockquote class=\"wp-embedded-content\" data-secret=\"EeDdSMFP3G\"><a href=\"https:\/\/kapitalis.com\/tunisie\/2023\/01\/06\/tunisie-la-presidence-annonce-le-limogeage-de-la-ministre-du-commerce-et-du-gouverneur-de-sfax\/\">Tunisie : La pr\u00e9sidence annonce le limogeage de la ministre du Commerce et du gouverneur de Sfax<\/a><\/blockquote><iframe loading=\"lazy\" class=\"wp-embedded-content\" sandbox=\"allow-scripts\" security=\"restricted\" style=\"position: absolute; clip: rect(1px, 1px, 1px, 1px);\" title=\"\u00ab\u00a0Tunisie : La pr\u00e9sidence annonce le limogeage de la ministre du Commerce et du gouverneur de Sfax\u00a0\u00bb &#8212; Kapitalis\" src=\"https:\/\/kapitalis.com\/tunisie\/2023\/01\/06\/tunisie-la-presidence-annonce-le-limogeage-de-la-ministre-du-commerce-et-du-gouverneur-de-sfax\/embed\/#?secret=d9g5o3o6Um#?secret=EeDdSMFP3G\" data-secret=\"EeDdSMFP3G\" width=\"600\" height=\"338\" frameborder=\"0\" marginwidth=\"0\" marginheight=\"0\" scrolling=\"no\"><\/iframe>\n<\/div><\/figure>\n","protected":false},"excerpt":{"rendered":"<p>Tunisie : Kalthoum Ben Rejeb nomm\u00e9e \u00e0 la t\u00eate du minist\u00e8re du Commerce<\/p>\n","protected":false},"author":6,"featured_media":6046293,"comment_status":"open","ping_status":"open","sticky":false,"template":"","format":"standard","meta":{"footnotes":""},"categories":[997,2433],"tags":[105853,76012,105852,78202,105854,1158,62643],"class_list":["post-6046264","post","type-post","status-publish","format-standard","has-post-thumbnail","hentry","category-politique","category-tunisie","tag-gazzah","tag-kais-saied-2","tag-kalthoum-ben-rejeb","tag-ministre-commerce","tag-nominayion","tag-presidence","tag-tunisie"],"yoast_head":"<!-- This site is optimized with the Yoast SEO plugin v26.6 - https:\/\/yoast.com\/wordpress\/plugins\/seo\/ -->\n<title>Tunisie : Kalthoum Ben Rejeb nomm\u00e9e \u00e0 la t\u00eate du minist\u00e8re du Commerce - Kapitalis<\/title>\n<meta name=\"description\" content=\"La pr\u00e9sidence de la R\u00e9publique a annonc\u00e9, dans la soir\u00e9e de ce jeudi 12 janvier 2023, la nomination de Kalthoum Ben Rejeb au poste de ministre du Commerce et de la Promotion des exportations.\" \/>\n<meta name=\"robots\" content=\"index, follow, max-snippet:-1, max-image-preview:large, max-video-preview:-1\" \/>\n<link rel=\"canonical\" href=\"https:\/\/kapitalis.com\/tunisie\/2023\/01\/12\/tunisie-kalthoum-ben-rejeb-nommee-a-la-tete-du-ministere-du-commerce\/\" \/>\n<meta property=\"og:locale\" content=\"fr_FR\" \/>\n<meta property=\"og:type\" content=\"article\" \/>\n<meta property=\"og:title\" content=\"Tunisie : Kalthoum Ben Rejeb nomm\u00e9e \u00e0 la t\u00eate du minist\u00e8re du Commerce - Kapitalis\" \/>\n<meta property=\"og:description\" content=\"La pr\u00e9sidence de la R\u00e9publique a annonc\u00e9, dans la soir\u00e9e de ce jeudi 12 janvier 2023, la nomination de Kalthoum Ben Rejeb au poste de ministre du Commerce et de la Promotion des exportations.\" \/>\n<meta property=\"og:url\" content=\"https:\/\/kapitalis.com\/tunisie\/2023\/01\/12\/tunisie-kalthoum-ben-rejeb-nommee-a-la-tete-du-ministere-du-commerce\/\" \/>\n<meta property=\"og:site_name\" content=\"Kapitalis\" \/>\n<meta property=\"article:publisher\" content=\"https:\/\/www.facebook.com\/KapitalisInfo\/\" \/>\n<meta property=\"article:published_time\" content=\"2023-01-12T19:38:54+00:00\" \/>\n<meta property=\"article:modified_time\" content=\"2023-01-12T19:41:49+00:00\" \/>\n<meta property=\"og:image\" content=\"https:\/\/kapitalis.com\/tunisie\/wp-content\/uploads\/2023\/01\/Kalthoum-Ben-Rejeb-ministre-Commerce.jpg\" \/>\n\t<meta property=\"og:image:width\" content=\"1200\" \/>\n\t<meta property=\"og:image:height\" content=\"630\" \/>\n\t<meta property=\"og:image:type\" content=\"image\/jpeg\" \/>\n<meta name=\"author\" content=\"Yusra NY\" \/>\n<meta name=\"twitter:card\" content=\"summary_large_image\" \/>\n<meta name=\"twitter:creator\" content=\"@KapitalisInfo\" \/>\n<meta name=\"twitter:site\" content=\"@KapitalisInfo\" \/>\n<meta name=\"twitter:label1\" content=\"\u00c9crit par\" \/>\n\t<meta name=\"twitter:data1\" content=\"Yusra NY\" \/>\n\t<meta name=\"twitter:label2\" content=\"Dur\u00e9e de lecture estim\u00e9e\" \/>\n\t<meta name=\"twitter:data2\" content=\"1 minute\" \/>\n<script type=\"application\/ld+json\" class=\"yoast-schema-graph\">{\"@context\":\"https:\/\/schema.org\",\"@graph\":[{\"@type\":\"Article\",\"@id\":\"https:\/\/kapitalis.com\/tunisie\/2023\/01\/12\/tunisie-kalthoum-ben-rejeb-nommee-a-la-tete-du-ministere-du-commerce\/#article\",\"isPartOf\":{\"@id\":\"https:\/\/kapitalis.com\/tunisie\/2023\/01\/12\/tunisie-kalthoum-ben-rejeb-nommee-a-la-tete-du-ministere-du-commerce\/\"},\"author\":{\"name\":\"Yusra NY\",\"@id\":\"https:\/\/kapitalis.com\/tunisie\/#\/schema\/person\/74bbde0154d49d790a92aaeac5bc01d5\"},\"headline\":\"Tunisie : Kalthoum Ben Rejeb nomm\u00e9e \u00e0 la t\u00eate du minist\u00e8re du Commerce\",\"datePublished\":\"2023-01-12T19:38:54+00:00\",\"dateModified\":\"2023-01-12T19:41:49+00:00\",\"mainEntityOfPage\":{\"@id\":\"https:\/\/kapitalis.com\/tunisie\/2023\/01\/12\/tunisie-kalthoum-ben-rejeb-nommee-a-la-tete-du-ministere-du-commerce\/\"},\"wordCount\":125,\"commentCount\":0,\"publisher\":{\"@id\":\"https:\/\/kapitalis.com\/tunisie\/#organization\"},\"image\":{\"@id\":\"https:\/\/kapitalis.com\/tunisie\/2023\/01\/12\/tunisie-kalthoum-ben-rejeb-nommee-a-la-tete-du-ministere-du-commerce\/#primaryimage\"},\"thumbnailUrl\":\"https:\/\/kapitalis.com\/tunisie\/wp-content\/uploads\/2023\/01\/Kalthoum-Ben-Rejeb-ministre-Commerce.jpg\",\"keywords\":[\"Gazzah\",\"Ka\u00efs Sa\u00efed\",\"Kalthoum Ben Rejeb\",\"ministre Commerce\",\"nominayion\",\"pr\u00e9sidence\",\"Tunisie\"],\"articleSection\":[\"POLITIQUE\",\"Tunisie\"],\"inLanguage\":\"fr-FR\",\"potentialAction\":[{\"@type\":\"CommentAction\",\"name\":\"Comment\",\"target\":[\"https:\/\/kapitalis.com\/tunisie\/2023\/01\/12\/tunisie-kalthoum-ben-rejeb-nommee-a-la-tete-du-ministere-du-commerce\/#respond\"]}]},{\"@type\":\"WebPage\",\"@id\":\"https:\/\/kapitalis.com\/tunisie\/2023\/01\/12\/tunisie-kalthoum-ben-rejeb-nommee-a-la-tete-du-ministere-du-commerce\/\",\"url\":\"https:\/\/kapitalis.com\/tunisie\/2023\/01\/12\/tunisie-kalthoum-ben-rejeb-nommee-a-la-tete-du-ministere-du-commerce\/\",\"name\":\"Tunisie : Kalthoum Ben Rejeb nomm\u00e9e \u00e0 la t\u00eate du minist\u00e8re du Commerce - Kapitalis\",\"isPartOf\":{\"@id\":\"https:\/\/kapitalis.com\/tunisie\/#website\"},\"primaryImageOfPage\":{\"@id\":\"https:\/\/kapitalis.com\/tunisie\/2023\/01\/12\/tunisie-kalthoum-ben-rejeb-nommee-a-la-tete-du-ministere-du-commerce\/#primaryimage\"},\"image\":{\"@id\":\"https:\/\/kapitalis.com\/tunisie\/2023\/01\/12\/tunisie-kalthoum-ben-rejeb-nommee-a-la-tete-du-ministere-du-commerce\/#primaryimage\"},\"thumbnailUrl\":\"https:\/\/kapitalis.com\/tunisie\/wp-content\/uploads\/2023\/01\/Kalthoum-Ben-Rejeb-ministre-Commerce.jpg\",\"datePublished\":\"2023-01-12T19:38:54+00:00\",\"dateModified\":\"2023-01-12T19:41:49+00:00\",\"description\":\"La pr\u00e9sidence de la R\u00e9publique a annonc\u00e9, dans la soir\u00e9e de ce jeudi 12 janvier 2023, la nomination de Kalthoum Ben Rejeb au poste de ministre du Commerce et de la Promotion des exportations.\",\"breadcrumb\":{\"@id\":\"https:\/\/kapitalis.com\/tunisie\/2023\/01\/12\/tunisie-kalthoum-ben-rejeb-nommee-a-la-tete-du-ministere-du-commerce\/#breadcrumb\"},\"inLanguage\":\"fr-FR\",\"potentialAction\":[{\"@type\":\"ReadAction\",\"target\":[\"https:\/\/kapitalis.com\/tunisie\/2023\/01\/12\/tunisie-kalthoum-ben-rejeb-nommee-a-la-tete-du-ministere-du-commerce\/\"]}]},{\"@type\":\"ImageObject\",\"inLanguage\":\"fr-FR\",\"@id\":\"https:\/\/kapitalis.com\/tunisie\/2023\/01\/12\/tunisie-kalthoum-ben-rejeb-nommee-a-la-tete-du-ministere-du-commerce\/#primaryimage\",\"url\":\"https:\/\/kapitalis.com\/tunisie\/wp-content\/uploads\/2023\/01\/Kalthoum-Ben-Rejeb-ministre-Commerce.jpg\",\"contentUrl\":\"https:\/\/kapitalis.com\/tunisie\/wp-content\/uploads\/2023\/01\/Kalthoum-Ben-Rejeb-ministre-Commerce.jpg\",\"width\":1200,\"height\":630},{\"@type\":\"BreadcrumbList\",\"@id\":\"https:\/\/kapitalis.com\/tunisie\/2023\/01\/12\/tunisie-kalthoum-ben-rejeb-nommee-a-la-tete-du-ministere-du-commerce\/#breadcrumb\",\"itemListElement\":[{\"@type\":\"ListItem\",\"position\":1,\"name\":\"Accueil\",\"item\":\"https:\/\/kapitalis.com\/tunisie\/\"},{\"@type\":\"ListItem\",\"position\":2,\"name\":\"Tunisie : Kalthoum Ben Rejeb nomm\u00e9e \u00e0 la t\u00eate du minist\u00e8re du Commerce\"}]},{\"@type\":\"WebSite\",\"@id\":\"https:\/\/kapitalis.com\/tunisie\/#website\",\"url\":\"https:\/\/kapitalis.com\/tunisie\/\",\"name\":\"Kapitalis\",\"description\":\"L&#039;actualit\u00e9 en Tunisie et dans le monde\",\"publisher\":{\"@id\":\"https:\/\/kapitalis.com\/tunisie\/#organization\"},\"potentialAction\":[{\"@type\":\"SearchAction\",\"target\":{\"@type\":\"EntryPoint\",\"urlTemplate\":\"https:\/\/kapitalis.com\/tunisie\/?s={search_term_string}\"},\"query-input\":{\"@type\":\"PropertyValueSpecification\",\"valueRequired\":true,\"valueName\":\"search_term_string\"}}],\"inLanguage\":\"fr-FR\"},{\"@type\":\"Organization\",\"@id\":\"https:\/\/kapitalis.com\/tunisie\/#organization\",\"name\":\"Kapitalis\",\"url\":\"https:\/\/kapitalis.com\/tunisie\/\",\"logo\":{\"@type\":\"ImageObject\",\"inLanguage\":\"fr-FR\",\"@id\":\"https:\/\/kapitalis.com\/tunisie\/#\/schema\/logo\/image\/\",\"url\":\"https:\/\/kapitalis.com\/tunisie\/wp-content\/uploads\/2022\/05\/Kapitalis-big-size.png\",\"contentUrl\":\"https:\/\/kapitalis.com\/tunisie\/wp-content\/uploads\/2022\/05\/Kapitalis-big-size.png\",\"width\":5000,\"height\":1500,\"caption\":\"Kapitalis\"},\"image\":{\"@id\":\"https:\/\/kapitalis.com\/tunisie\/#\/schema\/logo\/image\/\"},\"sameAs\":[\"https:\/\/www.facebook.com\/KapitalisInfo\/\",\"https:\/\/x.com\/KapitalisInfo\",\"https:\/\/www.youtube.com\/channel\/UC-yDYrHyfFBWWZaOw3FPg9Q\"]},{\"@type\":\"Person\",\"@id\":\"https:\/\/kapitalis.com\/tunisie\/#\/schema\/person\/74bbde0154d49d790a92aaeac5bc01d5\",\"name\":\"Yusra NY\",\"url\":\"https:\/\/kapitalis.com\/tunisie\/author\/yuza_adam\/\"}]}<\/script>\n<!-- \/ Yoast SEO plugin. -->","yoast_head_json":{"title":"Tunisie : Kalthoum Ben Rejeb nomm\u00e9e \u00e0 la t\u00eate du minist\u00e8re du Commerce - Kapitalis","description":"La pr\u00e9sidence de la R\u00e9publique a annonc\u00e9, dans la soir\u00e9e de ce jeudi 12 janvier 2023, la nomination de Kalthoum Ben Rejeb au poste de ministre du Commerce et de la Promotion des exportations.","robots":{"index":"index","follow":"follow","max-snippet":"max-snippet:-1","max-image-preview":"max-image-preview:large","max-video-preview":"max-video-preview:-1"},"canonical":"https:\/\/kapitalis.com\/tunisie\/2023\/01\/12\/tunisie-kalthoum-ben-rejeb-nommee-a-la-tete-du-ministere-du-commerce\/","og_locale":"fr_FR","og_type":"article","og_title":"Tunisie : Kalthoum Ben Rejeb nomm\u00e9e \u00e0 la t\u00eate du minist\u00e8re du Commerce - Kapitalis","og_description":"La pr\u00e9sidence de la R\u00e9publique a annonc\u00e9, dans la soir\u00e9e de ce jeudi 12 janvier 2023, la nomination de Kalthoum Ben Rejeb au poste de ministre du Commerce et de la Promotion des exportations.","og_url":"https:\/\/kapitalis.com\/tunisie\/2023\/01\/12\/tunisie-kalthoum-ben-rejeb-nommee-a-la-tete-du-ministere-du-commerce\/","og_site_name":"Kapitalis","article_publisher":"https:\/\/www.facebook.com\/KapitalisInfo\/","article_published_time":"2023-01-12T19:38:54+00:00","article_modified_time":"2023-01-12T19:41:49+00:00","og_image":[{"width":1200,"height":630,"url":"https:\/\/kapitalis.com\/tunisie\/wp-content\/uploads\/2023\/01\/Kalthoum-Ben-Rejeb-ministre-Commerce.jpg","type":"image\/jpeg"}],"author":"Yusra NY","twitter_card":"summary_large_image","twitter_creator":"@KapitalisInfo","twitter_site":"@KapitalisInfo","twitter_misc":{"\u00c9crit par":"Yusra NY","Dur\u00e9e de lecture estim\u00e9e":"1 minute"},"schema":{"@context":"https:\/\/schema.org","@graph":[{"@type":"Article","@id":"https:\/\/kapitalis.com\/tunisie\/2023\/01\/12\/tunisie-kalthoum-ben-rejeb-nommee-a-la-tete-du-ministere-du-commerce\/#article","isPartOf":{"@id":"https:\/\/kapitalis.com\/tunisie\/2023\/01\/12\/tunisie-kalthoum-ben-rejeb-nommee-a-la-tete-du-ministere-du-commerce\/"},"author":{"name":"Yusra NY","@id":"https:\/\/kapitalis.com\/tunisie\/#\/schema\/person\/74bbde0154d49d790a92aaeac5bc01d5"},"headline":"Tunisie : Kalthoum Ben Rejeb nomm\u00e9e \u00e0 la t\u00eate du minist\u00e8re du Commerce","datePublished":"2023-01-12T19:38:54+00:00","dateModified":"2023-01-12T19:41:49+00:00","mainEntityOfPage":{"@id":"https:\/\/kapitalis.com\/tunisie\/2023\/01\/12\/tunisie-kalthoum-ben-rejeb-nommee-a-la-tete-du-ministere-du-commerce\/"},"wordCount":125,"commentCount":0,"publisher":{"@id":"https:\/\/kapitalis.com\/tunisie\/#organization"},"image":{"@id":"https:\/\/kapitalis.com\/tunisie\/2023\/01\/12\/tunisie-kalthoum-ben-rejeb-nommee-a-la-tete-du-ministere-du-commerce\/#primaryimage"},"thumbnailUrl":"https:\/\/kapitalis.com\/tunisie\/wp-content\/uploads\/2023\/01\/Kalthoum-Ben-Rejeb-ministre-Commerce.jpg","keywords":["Gazzah","Ka\u00efs Sa\u00efed","Kalthoum Ben Rejeb","ministre Commerce","nominayion","pr\u00e9sidence","Tunisie"],"articleSection":["POLITIQUE","Tunisie"],"inLanguage":"fr-FR","potentialAction":[{"@type":"CommentAction","name":"Comment","target":["https:\/\/kapitalis.com\/tunisie\/2023\/01\/12\/tunisie-kalthoum-ben-rejeb-nommee-a-la-tete-du-ministere-du-commerce\/#respond"]}]},{"@type":"WebPage","@id":"https:\/\/kapitalis.com\/tunisie\/2023\/01\/12\/tunisie-kalthoum-ben-rejeb-nommee-a-la-tete-du-ministere-du-commerce\/","url":"https:\/\/kapitalis.com\/tunisie\/2023\/01\/12\/tunisie-kalthoum-ben-rejeb-nommee-a-la-tete-du-ministere-du-commerce\/","name":"Tunisie : Kalthoum Ben Rejeb nomm\u00e9e \u00e0 la t\u00eate du minist\u00e8re du Commerce - Kapitalis","isPartOf":{"@id":"https:\/\/kapitalis.com\/tunisie\/#website"},"primaryImageOfPage":{"@id":"https:\/\/kapitalis.com\/tunisie\/2023\/01\/12\/tunisie-kalthoum-ben-rejeb-nommee-a-la-tete-du-ministere-du-commerce\/#primaryimage"},"image":{"@id":"https:\/\/kapitalis.com\/tunisie\/2023\/01\/12\/tunisie-kalthoum-ben-rejeb-nommee-a-la-tete-du-ministere-du-commerce\/#primaryimage"},"thumbnailUrl":"https:\/\/kapitalis.com\/tunisie\/wp-content\/uploads\/2023\/01\/Kalthoum-Ben-Rejeb-ministre-Commerce.jpg","datePublished":"2023-01-12T19:38:54+00:00","dateModified":"2023-01-12T19:41:49+00:00","description":"La pr\u00e9sidence de la R\u00e9publique a annonc\u00e9, dans la soir\u00e9e de ce jeudi 12 janvier 2023, la nomination de Kalthoum Ben Rejeb au poste de ministre du Commerce et de la Promotion des exportations.","breadcrumb":{"@id":"https:\/\/kapitalis.com\/tunisie\/2023\/01\/12\/tunisie-kalthoum-ben-rejeb-nommee-a-la-tete-du-ministere-du-commerce\/#breadcrumb"},"inLanguage":"fr-FR","potentialAction":[{"@type":"ReadAction","target":["https:\/\/kapitalis.com\/tunisie\/2023\/01\/12\/tunisie-kalthoum-ben-rejeb-nommee-a-la-tete-du-ministere-du-commerce\/"]}]},{"@type":"ImageObject","inLanguage":"fr-FR","@id":"https:\/\/kapitalis.com\/tunisie\/2023\/01\/12\/tunisie-kalthoum-ben-rejeb-nommee-a-la-tete-du-ministere-du-commerce\/#primaryimage","url":"https:\/\/kapitalis.com\/tunisie\/wp-content\/uploads\/2023\/01\/Kalthoum-Ben-Rejeb-ministre-Commerce.jpg","contentUrl":"https:\/\/kapitalis.com\/tunisie\/wp-content\/uploads\/2023\/01\/Kalthoum-Ben-Rejeb-ministre-Commerce.jpg","width":1200,"height":630},{"@type":"BreadcrumbList","@id":"https:\/\/kapitalis.com\/tunisie\/2023\/01\/12\/tunisie-kalthoum-ben-rejeb-nommee-a-la-tete-du-ministere-du-commerce\/#breadcrumb","itemListElement":[{"@type":"ListItem","position":1,"name":"Accueil","item":"https:\/\/kapitalis.com\/tunisie\/"},{"@type":"ListItem","position":2,"name":"Tunisie : Kalthoum Ben Rejeb nomm\u00e9e \u00e0 la t\u00eate du minist\u00e8re du Commerce"}]},{"@type":"WebSite","@id":"https:\/\/kapitalis.com\/tunisie\/#website","url":"https:\/\/kapitalis.com\/tunisie\/","name":"Kapitalis","description":"L&#039;actualit\u00e9 en Tunisie et dans le monde","publisher":{"@id":"https:\/\/kapitalis.com\/tunisie\/#organization"},"potentialAction":[{"@type":"SearchAction","target":{"@type":"EntryPoint","urlTemplate":"https:\/\/kapitalis.com\/tunisie\/?s={search_term_string}"},"query-input":{"@type":"PropertyValueSpecification","valueRequired":true,"valueName":"search_term_string"}}],"inLanguage":"fr-FR"},{"@type":"Organization","@id":"https:\/\/kapitalis.com\/tunisie\/#organization","name":"Kapitalis","url":"https:\/\/kapitalis.com\/tunisie\/","logo":{"@type":"ImageObject","inLanguage":"fr-FR","@id":"https:\/\/kapitalis.com\/tunisie\/#\/schema\/logo\/image\/","url":"https:\/\/kapitalis.com\/tunisie\/wp-content\/uploads\/2022\/05\/Kapitalis-big-size.png","contentUrl":"https:\/\/kapitalis.com\/tunisie\/wp-content\/uploads\/2022\/05\/Kapitalis-big-size.png","width":5000,"height":1500,"caption":"Kapitalis"},"image":{"@id":"https:\/\/kapitalis.com\/tunisie\/#\/schema\/logo\/image\/"},"sameAs":["https:\/\/www.facebook.com\/KapitalisInfo\/","https:\/\/x.com\/KapitalisInfo","https:\/\/www.youtube.com\/channel\/UC-yDYrHyfFBWWZaOw3FPg9Q"]},{"@type":"Person","@id":"https:\/\/kapitalis.com\/tunisie\/#\/schema\/person\/74bbde0154d49d790a92aaeac5bc01d5","name":"Yusra NY","url":"https:\/\/kapitalis.com\/tunisie\/author\/yuza_adam\/"}]}},"_links":{"self":[{"href":"https:\/\/kapitalis.com\/tunisie\/wp-json\/wp\/v2\/posts\/6046264","targetHints":{"allow":["GET"]}}],"collection":[{"href":"https:\/\/kapitalis.com\/tunisie\/wp-json\/wp\/v2\/posts"}],"about":[{"href":"https:\/\/kapitalis.com\/tunisie\/wp-json\/wp\/v2\/types\/post"}],"author":[{"embeddable":true,"href":"https:\/\/kapitalis.com\/tunisie\/wp-json\/wp\/v2\/users\/6"}],"replies":[{"embeddable":true,"href":"https:\/\/kapitalis.com\/tunisie\/wp-json\/wp\/v2\/comments?post=6046264"}],"version-history":[{"count":3,"href":"https:\/\/kapitalis.com\/tunisie\/wp-json\/wp\/v2\/posts\/6046264\/revisions"}],"predecessor-version":[{"id":6046317,"href":"https:\/\/kapitalis.com\/tunisie\/wp-json\/wp\/v2\/posts\/6046264\/revisions\/6046317"}],"wp:featuredmedia":[{"embeddable":true,"href":"https:\/\/kapitalis.com\/tunisie\/wp-json\/wp\/v2\/media\/6046293"}],"wp:attachment":[{"href":"https:\/\/kapitalis.com\/tunisie\/wp-json\/wp\/v2\/media?parent=6046264"}],"wp:term":[{"taxonomy":"category","embeddable":true,"href":"https:\/\/kapitalis.com\/tunisie\/wp-json\/wp\/v2\/categories?post=6046264"},{"taxonomy":"post_tag","embeddable":true,"href":"https:\/\/kapitalis.com\/tunisie\/wp-json\/wp\/v2\/tags?post=6046264"}],"curies":[{"name":"wp","href":"https:\/\/api.w.org\/{rel}","templated":true}]}}