{"id":6054443,"date":"2023-01-13T23:09:47","date_gmt":"2023-01-13T22:09:47","guid":{"rendered":"https:\/\/kapitalis.com\/tunisie\/?p=6054443"},"modified":"2023-01-14T00:19:54","modified_gmt":"2023-01-13T23:19:54","slug":"deux-etrangers-blesses-lors-dun-braquage-a-el-menzah-5-suspects-arretes","status":"publish","type":"post","link":"https:\/\/kapitalis.com\/tunisie\/2023\/01\/13\/deux-etrangers-blesses-lors-dun-braquage-a-el-menzah-5-suspects-arretes\/","title":{"rendered":"Deux \u00e9trangers bless\u00e9s lors d&rsquo;un braquage \u00e0 El Menzah : 5 suspects arr\u00eat\u00e9s"},"content":{"rendered":"\n<p><strong><em>Une enqu\u00eate ouverte suite \u00e0 l&rsquo;admission, le 11 janvier 2022 \u00e0 l&rsquo;h\u00f4pital Charles Nicolle de Tunis, de deux \u00e9trangers bless\u00e9s lors d&rsquo;un braquage \u00e0 l&rsquo;arme blanche, a permis l&rsquo;arrestation de 5 individus \u00e0 El-Menzah.<\/em><\/strong><\/p>\n\n\n\n<!--more-->\n\n\n\n<p>C&rsquo;est ce qu&rsquo;a indiqu\u00e9 le minist\u00e8re de l&rsquo;Int\u00e9rieur dans un communiqu\u00e9 publi\u00e9 ce vendredi 13 janvier 2022, en pr\u00e9cisant que le district s\u00e9curitaire d&rsquo;El-Menzah ont identifi\u00e9 deux suspects, et une descente a \u00e9t\u00e9 effectu\u00e9e chez eux, o\u00f9 le t\u00e9l\u00e9phone portable de l&rsquo;une des victimes a \u00e9t\u00e9 retrouv\u00e9.<\/p>\n\n\n\n<p>Cependant le suspect principal a pu prendre la fuite, ajoute le minist\u00e8re, en affirmant que le deuxi\u00e8me, un repris de justice, a quant \u00e0 lui \u00e9t\u00e9 arr\u00eat\u00e9.<\/p>\n\n\n\n<p>Les interrogatoires et les investigations ont permis d&rsquo;identifier les autres complices qui ont \u00e9t\u00e9 arr\u00eat\u00e9s avec le suspect principal.<\/p>\n\n\n\n<p>Le parquet a ordonn\u00e9 la mise en d\u00e9tention des 5 agresseurs qui seront poursuivis pour tentative de meurtre , alors que l&rsquo;enqu\u00eate se poursuit, ajoute encore le d\u00e9partement de l&rsquo;Int\u00e9rieur.<\/p>\n\n\n\n<p class=\"has-text-align-right\"><strong>Y. N.<\/strong><\/p>\n","protected":false},"excerpt":{"rendered":"<p>Deux \u00e9trangers bless\u00e9s lors d&rsquo;un braquage \u00e0 El Menzah : 5 suspects arr\u00eat\u00e9s<\/p>\n","protected":false},"author":6,"featured_media":5020039,"comment_status":"open","ping_status":"open","sticky":false,"template":"","format":"standard","meta":{"footnotes":""},"categories":[998,2433],"tags":[5093,167,6882,87953,64491,62643],"class_list":["post-6054443","post","type-post","status-publish","format-standard","has-post-thumbnail","hentry","category-societe","category-tunisie","tag-arme-blanche","tag-braquage","tag-el-menzah","tag-repris-de-justice","tag-tunis","tag-tunisie"],"yoast_head":"<!-- This site is optimized with the Yoast SEO plugin v26.6 - https:\/\/yoast.com\/wordpress\/plugins\/seo\/ -->\n<title>Deux \u00e9trangers bless\u00e9s lors d&#039;un braquage \u00e0 El Menzah : 5 suspects arr\u00eat\u00e9s - Kapitalis<\/title>\n<meta name=\"description\" content=\"Une enqu\u00eate ouverte suite \u00e0 l&#039;admission, le 11 janvier 2022 \u00e0 l&#039;h\u00f4pital Charles Nicolle de Tunis, de deux \u00e9trangers bless\u00e9s lors d&#039;un braquage \u00e0 l&#039;arme blanche a permis l&#039;arrestation de 5 individus \u00e0 El-Menzah.\" \/>\n<meta name=\"robots\" content=\"index, follow, max-snippet:-1, max-image-preview:large, max-video-preview:-1\" \/>\n<link rel=\"canonical\" href=\"https:\/\/kapitalis.com\/tunisie\/2023\/01\/13\/deux-etrangers-blesses-lors-dun-braquage-a-el-menzah-5-suspects-arretes\/\" \/>\n<meta property=\"og:locale\" content=\"fr_FR\" \/>\n<meta property=\"og:type\" content=\"article\" \/>\n<meta property=\"og:title\" content=\"Deux \u00e9trangers bless\u00e9s lors d&#039;un braquage \u00e0 El Menzah : 5 suspects arr\u00eat\u00e9s - Kapitalis\" \/>\n<meta property=\"og:description\" content=\"Une enqu\u00eate ouverte suite \u00e0 l&#039;admission, le 11 janvier 2022 \u00e0 l&#039;h\u00f4pital Charles Nicolle de Tunis, de deux \u00e9trangers bless\u00e9s lors d&#039;un braquage \u00e0 l&#039;arme blanche a permis l&#039;arrestation de 5 individus \u00e0 El-Menzah.\" \/>\n<meta property=\"og:url\" content=\"https:\/\/kapitalis.com\/tunisie\/2023\/01\/13\/deux-etrangers-blesses-lors-dun-braquage-a-el-menzah-5-suspects-arretes\/\" \/>\n<meta property=\"og:site_name\" content=\"Kapitalis\" \/>\n<meta property=\"article:publisher\" content=\"https:\/\/www.facebook.com\/KapitalisInfo\/\" \/>\n<meta property=\"article:published_time\" content=\"2023-01-13T22:09:47+00:00\" \/>\n<meta property=\"article:modified_time\" content=\"2023-01-13T23:19:54+00:00\" \/>\n<meta property=\"og:image\" content=\"https:\/\/kapitalis.com\/tunisie\/wp-content\/uploads\/2022\/11\/arrestation-groupe.jpg\" \/>\n\t<meta property=\"og:image:width\" content=\"1200\" \/>\n\t<meta property=\"og:image:height\" content=\"630\" \/>\n\t<meta property=\"og:image:type\" content=\"image\/jpeg\" \/>\n<meta name=\"author\" content=\"Yusra NY\" \/>\n<meta name=\"twitter:card\" content=\"summary_large_image\" \/>\n<meta name=\"twitter:creator\" content=\"@KapitalisInfo\" \/>\n<meta name=\"twitter:site\" content=\"@KapitalisInfo\" \/>\n<meta name=\"twitter:label1\" content=\"\u00c9crit par\" \/>\n\t<meta name=\"twitter:data1\" content=\"Yusra NY\" \/>\n<script type=\"application\/ld+json\" class=\"yoast-schema-graph\">{\"@context\":\"https:\/\/schema.org\",\"@graph\":[{\"@type\":\"Article\",\"@id\":\"https:\/\/kapitalis.com\/tunisie\/2023\/01\/13\/deux-etrangers-blesses-lors-dun-braquage-a-el-menzah-5-suspects-arretes\/#article\",\"isPartOf\":{\"@id\":\"https:\/\/kapitalis.com\/tunisie\/2023\/01\/13\/deux-etrangers-blesses-lors-dun-braquage-a-el-menzah-5-suspects-arretes\/\"},\"author\":{\"name\":\"Yusra NY\",\"@id\":\"https:\/\/kapitalis.com\/tunisie\/#\/schema\/person\/74bbde0154d49d790a92aaeac5bc01d5\"},\"headline\":\"Deux \u00e9trangers bless\u00e9s lors d&rsquo;un braquage \u00e0 El Menzah : 5 suspects arr\u00eat\u00e9s\",\"datePublished\":\"2023-01-13T22:09:47+00:00\",\"dateModified\":\"2023-01-13T23:19:54+00:00\",\"mainEntityOfPage\":{\"@id\":\"https:\/\/kapitalis.com\/tunisie\/2023\/01\/13\/deux-etrangers-blesses-lors-dun-braquage-a-el-menzah-5-suspects-arretes\/\"},\"wordCount\":179,\"commentCount\":1,\"publisher\":{\"@id\":\"https:\/\/kapitalis.com\/tunisie\/#organization\"},\"image\":{\"@id\":\"https:\/\/kapitalis.com\/tunisie\/2023\/01\/13\/deux-etrangers-blesses-lors-dun-braquage-a-el-menzah-5-suspects-arretes\/#primaryimage\"},\"thumbnailUrl\":\"https:\/\/kapitalis.com\/tunisie\/wp-content\/uploads\/2022\/11\/arrestation-groupe.jpg\",\"keywords\":[\"arme blanche\",\"braquage\",\"El-Menzah\",\"repris de justice\",\"Tunis\",\"Tunisie\"],\"articleSection\":[\"SOCIETE\",\"Tunisie\"],\"inLanguage\":\"fr-FR\",\"potentialAction\":[{\"@type\":\"CommentAction\",\"name\":\"Comment\",\"target\":[\"https:\/\/kapitalis.com\/tunisie\/2023\/01\/13\/deux-etrangers-blesses-lors-dun-braquage-a-el-menzah-5-suspects-arretes\/#respond\"]}]},{\"@type\":\"WebPage\",\"@id\":\"https:\/\/kapitalis.com\/tunisie\/2023\/01\/13\/deux-etrangers-blesses-lors-dun-braquage-a-el-menzah-5-suspects-arretes\/\",\"url\":\"https:\/\/kapitalis.com\/tunisie\/2023\/01\/13\/deux-etrangers-blesses-lors-dun-braquage-a-el-menzah-5-suspects-arretes\/\",\"name\":\"Deux \u00e9trangers bless\u00e9s lors d'un braquage \u00e0 El Menzah : 5 suspects arr\u00eat\u00e9s - Kapitalis\",\"isPartOf\":{\"@id\":\"https:\/\/kapitalis.com\/tunisie\/#website\"},\"primaryImageOfPage\":{\"@id\":\"https:\/\/kapitalis.com\/tunisie\/2023\/01\/13\/deux-etrangers-blesses-lors-dun-braquage-a-el-menzah-5-suspects-arretes\/#primaryimage\"},\"image\":{\"@id\":\"https:\/\/kapitalis.com\/tunisie\/2023\/01\/13\/deux-etrangers-blesses-lors-dun-braquage-a-el-menzah-5-suspects-arretes\/#primaryimage\"},\"thumbnailUrl\":\"https:\/\/kapitalis.com\/tunisie\/wp-content\/uploads\/2022\/11\/arrestation-groupe.jpg\",\"datePublished\":\"2023-01-13T22:09:47+00:00\",\"dateModified\":\"2023-01-13T23:19:54+00:00\",\"description\":\"Une enqu\u00eate ouverte suite \u00e0 l'admission, le 11 janvier 2022 \u00e0 l'h\u00f4pital Charles Nicolle de Tunis, de deux \u00e9trangers bless\u00e9s lors d'un braquage \u00e0 l'arme blanche a permis l'arrestation de 5 individus \u00e0 El-Menzah.\",\"breadcrumb\":{\"@id\":\"https:\/\/kapitalis.com\/tunisie\/2023\/01\/13\/deux-etrangers-blesses-lors-dun-braquage-a-el-menzah-5-suspects-arretes\/#breadcrumb\"},\"inLanguage\":\"fr-FR\",\"potentialAction\":[{\"@type\":\"ReadAction\",\"target\":[\"https:\/\/kapitalis.com\/tunisie\/2023\/01\/13\/deux-etrangers-blesses-lors-dun-braquage-a-el-menzah-5-suspects-arretes\/\"]}]},{\"@type\":\"ImageObject\",\"inLanguage\":\"fr-FR\",\"@id\":\"https:\/\/kapitalis.com\/tunisie\/2023\/01\/13\/deux-etrangers-blesses-lors-dun-braquage-a-el-menzah-5-suspects-arretes\/#primaryimage\",\"url\":\"https:\/\/kapitalis.com\/tunisie\/wp-content\/uploads\/2022\/11\/arrestation-groupe.jpg\",\"contentUrl\":\"https:\/\/kapitalis.com\/tunisie\/wp-content\/uploads\/2022\/11\/arrestation-groupe.jpg\",\"width\":1200,\"height\":630},{\"@type\":\"BreadcrumbList\",\"@id\":\"https:\/\/kapitalis.com\/tunisie\/2023\/01\/13\/deux-etrangers-blesses-lors-dun-braquage-a-el-menzah-5-suspects-arretes\/#breadcrumb\",\"itemListElement\":[{\"@type\":\"ListItem\",\"position\":1,\"name\":\"Accueil\",\"item\":\"https:\/\/kapitalis.com\/tunisie\/\"},{\"@type\":\"ListItem\",\"position\":2,\"name\":\"Deux \u00e9trangers bless\u00e9s lors d&rsquo;un braquage \u00e0 El Menzah : 5 suspects arr\u00eat\u00e9s\"}]},{\"@type\":\"WebSite\",\"@id\":\"https:\/\/kapitalis.com\/tunisie\/#website\",\"url\":\"https:\/\/kapitalis.com\/tunisie\/\",\"name\":\"Kapitalis\",\"description\":\"L&#039;actualit\u00e9 en Tunisie et dans le monde\",\"publisher\":{\"@id\":\"https:\/\/kapitalis.com\/tunisie\/#organization\"},\"potentialAction\":[{\"@type\":\"SearchAction\",\"target\":{\"@type\":\"EntryPoint\",\"urlTemplate\":\"https:\/\/kapitalis.com\/tunisie\/?s={search_term_string}\"},\"query-input\":{\"@type\":\"PropertyValueSpecification\",\"valueRequired\":true,\"valueName\":\"search_term_string\"}}],\"inLanguage\":\"fr-FR\"},{\"@type\":\"Organization\",\"@id\":\"https:\/\/kapitalis.com\/tunisie\/#organization\",\"name\":\"Kapitalis\",\"url\":\"https:\/\/kapitalis.com\/tunisie\/\",\"logo\":{\"@type\":\"ImageObject\",\"inLanguage\":\"fr-FR\",\"@id\":\"https:\/\/kapitalis.com\/tunisie\/#\/schema\/logo\/image\/\",\"url\":\"https:\/\/kapitalis.com\/tunisie\/wp-content\/uploads\/2022\/05\/Kapitalis-big-size.png\",\"contentUrl\":\"https:\/\/kapitalis.com\/tunisie\/wp-content\/uploads\/2022\/05\/Kapitalis-big-size.png\",\"width\":5000,\"height\":1500,\"caption\":\"Kapitalis\"},\"image\":{\"@id\":\"https:\/\/kapitalis.com\/tunisie\/#\/schema\/logo\/image\/\"},\"sameAs\":[\"https:\/\/www.facebook.com\/KapitalisInfo\/\",\"https:\/\/x.com\/KapitalisInfo\",\"https:\/\/www.youtube.com\/channel\/UC-yDYrHyfFBWWZaOw3FPg9Q\"]},{\"@type\":\"Person\",\"@id\":\"https:\/\/kapitalis.com\/tunisie\/#\/schema\/person\/74bbde0154d49d790a92aaeac5bc01d5\",\"name\":\"Yusra NY\",\"url\":\"https:\/\/kapitalis.com\/tunisie\/author\/yuza_adam\/\"}]}<\/script>\n<!-- \/ Yoast SEO plugin. -->","yoast_head_json":{"title":"Deux \u00e9trangers bless\u00e9s lors d'un braquage \u00e0 El Menzah : 5 suspects arr\u00eat\u00e9s - Kapitalis","description":"Une enqu\u00eate ouverte suite \u00e0 l'admission, le 11 janvier 2022 \u00e0 l'h\u00f4pital Charles Nicolle de Tunis, de deux \u00e9trangers bless\u00e9s lors d'un braquage \u00e0 l'arme blanche a permis l'arrestation de 5 individus \u00e0 El-Menzah.","robots":{"index":"index","follow":"follow","max-snippet":"max-snippet:-1","max-image-preview":"max-image-preview:large","max-video-preview":"max-video-preview:-1"},"canonical":"https:\/\/kapitalis.com\/tunisie\/2023\/01\/13\/deux-etrangers-blesses-lors-dun-braquage-a-el-menzah-5-suspects-arretes\/","og_locale":"fr_FR","og_type":"article","og_title":"Deux \u00e9trangers bless\u00e9s lors d'un braquage \u00e0 El Menzah : 5 suspects arr\u00eat\u00e9s - Kapitalis","og_description":"Une enqu\u00eate ouverte suite \u00e0 l'admission, le 11 janvier 2022 \u00e0 l'h\u00f4pital Charles Nicolle de Tunis, de deux \u00e9trangers bless\u00e9s lors d'un braquage \u00e0 l'arme blanche a permis l'arrestation de 5 individus \u00e0 El-Menzah.","og_url":"https:\/\/kapitalis.com\/tunisie\/2023\/01\/13\/deux-etrangers-blesses-lors-dun-braquage-a-el-menzah-5-suspects-arretes\/","og_site_name":"Kapitalis","article_publisher":"https:\/\/www.facebook.com\/KapitalisInfo\/","article_published_time":"2023-01-13T22:09:47+00:00","article_modified_time":"2023-01-13T23:19:54+00:00","og_image":[{"width":1200,"height":630,"url":"https:\/\/kapitalis.com\/tunisie\/wp-content\/uploads\/2022\/11\/arrestation-groupe.jpg","type":"image\/jpeg"}],"author":"Yusra NY","twitter_card":"summary_large_image","twitter_creator":"@KapitalisInfo","twitter_site":"@KapitalisInfo","twitter_misc":{"\u00c9crit par":"Yusra NY"},"schema":{"@context":"https:\/\/schema.org","@graph":[{"@type":"Article","@id":"https:\/\/kapitalis.com\/tunisie\/2023\/01\/13\/deux-etrangers-blesses-lors-dun-braquage-a-el-menzah-5-suspects-arretes\/#article","isPartOf":{"@id":"https:\/\/kapitalis.com\/tunisie\/2023\/01\/13\/deux-etrangers-blesses-lors-dun-braquage-a-el-menzah-5-suspects-arretes\/"},"author":{"name":"Yusra NY","@id":"https:\/\/kapitalis.com\/tunisie\/#\/schema\/person\/74bbde0154d49d790a92aaeac5bc01d5"},"headline":"Deux \u00e9trangers bless\u00e9s lors d&rsquo;un braquage \u00e0 El Menzah : 5 suspects arr\u00eat\u00e9s","datePublished":"2023-01-13T22:09:47+00:00","dateModified":"2023-01-13T23:19:54+00:00","mainEntityOfPage":{"@id":"https:\/\/kapitalis.com\/tunisie\/2023\/01\/13\/deux-etrangers-blesses-lors-dun-braquage-a-el-menzah-5-suspects-arretes\/"},"wordCount":179,"commentCount":1,"publisher":{"@id":"https:\/\/kapitalis.com\/tunisie\/#organization"},"image":{"@id":"https:\/\/kapitalis.com\/tunisie\/2023\/01\/13\/deux-etrangers-blesses-lors-dun-braquage-a-el-menzah-5-suspects-arretes\/#primaryimage"},"thumbnailUrl":"https:\/\/kapitalis.com\/tunisie\/wp-content\/uploads\/2022\/11\/arrestation-groupe.jpg","keywords":["arme blanche","braquage","El-Menzah","repris de justice","Tunis","Tunisie"],"articleSection":["SOCIETE","Tunisie"],"inLanguage":"fr-FR","potentialAction":[{"@type":"CommentAction","name":"Comment","target":["https:\/\/kapitalis.com\/tunisie\/2023\/01\/13\/deux-etrangers-blesses-lors-dun-braquage-a-el-menzah-5-suspects-arretes\/#respond"]}]},{"@type":"WebPage","@id":"https:\/\/kapitalis.com\/tunisie\/2023\/01\/13\/deux-etrangers-blesses-lors-dun-braquage-a-el-menzah-5-suspects-arretes\/","url":"https:\/\/kapitalis.com\/tunisie\/2023\/01\/13\/deux-etrangers-blesses-lors-dun-braquage-a-el-menzah-5-suspects-arretes\/","name":"Deux \u00e9trangers bless\u00e9s lors d'un braquage \u00e0 El Menzah : 5 suspects arr\u00eat\u00e9s - Kapitalis","isPartOf":{"@id":"https:\/\/kapitalis.com\/tunisie\/#website"},"primaryImageOfPage":{"@id":"https:\/\/kapitalis.com\/tunisie\/2023\/01\/13\/deux-etrangers-blesses-lors-dun-braquage-a-el-menzah-5-suspects-arretes\/#primaryimage"},"image":{"@id":"https:\/\/kapitalis.com\/tunisie\/2023\/01\/13\/deux-etrangers-blesses-lors-dun-braquage-a-el-menzah-5-suspects-arretes\/#primaryimage"},"thumbnailUrl":"https:\/\/kapitalis.com\/tunisie\/wp-content\/uploads\/2022\/11\/arrestation-groupe.jpg","datePublished":"2023-01-13T22:09:47+00:00","dateModified":"2023-01-13T23:19:54+00:00","description":"Une enqu\u00eate ouverte suite \u00e0 l'admission, le 11 janvier 2022 \u00e0 l'h\u00f4pital Charles Nicolle de Tunis, de deux \u00e9trangers bless\u00e9s lors d'un braquage \u00e0 l'arme blanche a permis l'arrestation de 5 individus \u00e0 El-Menzah.","breadcrumb":{"@id":"https:\/\/kapitalis.com\/tunisie\/2023\/01\/13\/deux-etrangers-blesses-lors-dun-braquage-a-el-menzah-5-suspects-arretes\/#breadcrumb"},"inLanguage":"fr-FR","potentialAction":[{"@type":"ReadAction","target":["https:\/\/kapitalis.com\/tunisie\/2023\/01\/13\/deux-etrangers-blesses-lors-dun-braquage-a-el-menzah-5-suspects-arretes\/"]}]},{"@type":"ImageObject","inLanguage":"fr-FR","@id":"https:\/\/kapitalis.com\/tunisie\/2023\/01\/13\/deux-etrangers-blesses-lors-dun-braquage-a-el-menzah-5-suspects-arretes\/#primaryimage","url":"https:\/\/kapitalis.com\/tunisie\/wp-content\/uploads\/2022\/11\/arrestation-groupe.jpg","contentUrl":"https:\/\/kapitalis.com\/tunisie\/wp-content\/uploads\/2022\/11\/arrestation-groupe.jpg","width":1200,"height":630},{"@type":"BreadcrumbList","@id":"https:\/\/kapitalis.com\/tunisie\/2023\/01\/13\/deux-etrangers-blesses-lors-dun-braquage-a-el-menzah-5-suspects-arretes\/#breadcrumb","itemListElement":[{"@type":"ListItem","position":1,"name":"Accueil","item":"https:\/\/kapitalis.com\/tunisie\/"},{"@type":"ListItem","position":2,"name":"Deux \u00e9trangers bless\u00e9s lors d&rsquo;un braquage \u00e0 El Menzah : 5 suspects arr\u00eat\u00e9s"}]},{"@type":"WebSite","@id":"https:\/\/kapitalis.com\/tunisie\/#website","url":"https:\/\/kapitalis.com\/tunisie\/","name":"Kapitalis","description":"L&#039;actualit\u00e9 en Tunisie et dans le monde","publisher":{"@id":"https:\/\/kapitalis.com\/tunisie\/#organization"},"potentialAction":[{"@type":"SearchAction","target":{"@type":"EntryPoint","urlTemplate":"https:\/\/kapitalis.com\/tunisie\/?s={search_term_string}"},"query-input":{"@type":"PropertyValueSpecification","valueRequired":true,"valueName":"search_term_string"}}],"inLanguage":"fr-FR"},{"@type":"Organization","@id":"https:\/\/kapitalis.com\/tunisie\/#organization","name":"Kapitalis","url":"https:\/\/kapitalis.com\/tunisie\/","logo":{"@type":"ImageObject","inLanguage":"fr-FR","@id":"https:\/\/kapitalis.com\/tunisie\/#\/schema\/logo\/image\/","url":"https:\/\/kapitalis.com\/tunisie\/wp-content\/uploads\/2022\/05\/Kapitalis-big-size.png","contentUrl":"https:\/\/kapitalis.com\/tunisie\/wp-content\/uploads\/2022\/05\/Kapitalis-big-size.png","width":5000,"height":1500,"caption":"Kapitalis"},"image":{"@id":"https:\/\/kapitalis.com\/tunisie\/#\/schema\/logo\/image\/"},"sameAs":["https:\/\/www.facebook.com\/KapitalisInfo\/","https:\/\/x.com\/KapitalisInfo","https:\/\/www.youtube.com\/channel\/UC-yDYrHyfFBWWZaOw3FPg9Q"]},{"@type":"Person","@id":"https:\/\/kapitalis.com\/tunisie\/#\/schema\/person\/74bbde0154d49d790a92aaeac5bc01d5","name":"Yusra NY","url":"https:\/\/kapitalis.com\/tunisie\/author\/yuza_adam\/"}]}},"_links":{"self":[{"href":"https:\/\/kapitalis.com\/tunisie\/wp-json\/wp\/v2\/posts\/6054443","targetHints":{"allow":["GET"]}}],"collection":[{"href":"https:\/\/kapitalis.com\/tunisie\/wp-json\/wp\/v2\/posts"}],"about":[{"href":"https:\/\/kapitalis.com\/tunisie\/wp-json\/wp\/v2\/types\/post"}],"author":[{"embeddable":true,"href":"https:\/\/kapitalis.com\/tunisie\/wp-json\/wp\/v2\/users\/6"}],"replies":[{"embeddable":true,"href":"https:\/\/kapitalis.com\/tunisie\/wp-json\/wp\/v2\/comments?post=6054443"}],"version-history":[{"count":3,"href":"https:\/\/kapitalis.com\/tunisie\/wp-json\/wp\/v2\/posts\/6054443\/revisions"}],"predecessor-version":[{"id":6054485,"href":"https:\/\/kapitalis.com\/tunisie\/wp-json\/wp\/v2\/posts\/6054443\/revisions\/6054485"}],"wp:featuredmedia":[{"embeddable":true,"href":"https:\/\/kapitalis.com\/tunisie\/wp-json\/wp\/v2\/media\/5020039"}],"wp:attachment":[{"href":"https:\/\/kapitalis.com\/tunisie\/wp-json\/wp\/v2\/media?parent=6054443"}],"wp:term":[{"taxonomy":"category","embeddable":true,"href":"https:\/\/kapitalis.com\/tunisie\/wp-json\/wp\/v2\/categories?post=6054443"},{"taxonomy":"post_tag","embeddable":true,"href":"https:\/\/kapitalis.com\/tunisie\/wp-json\/wp\/v2\/tags?post=6054443"}],"curies":[{"name":"wp","href":"https:\/\/api.w.org\/{rel}","templated":true}]}}