{"id":6077375,"date":"2023-01-16T09:22:58","date_gmt":"2023-01-16T08:22:58","guid":{"rendered":"https:\/\/kapitalis.com\/tunisie\/?p=6077375"},"modified":"2023-01-16T09:22:59","modified_gmt":"2023-01-16T08:22:59","slug":"tunisie-kais-saied-a-le-droit-dachever-son-mandat-neji-jalloul","status":"publish","type":"post","link":"https:\/\/kapitalis.com\/tunisie\/2023\/01\/16\/tunisie-kais-saied-a-le-droit-dachever-son-mandat-neji-jalloul\/","title":{"rendered":"Tunisie : \u00abKa\u00efs Sa\u00efed a le droit d\u2019achever son mandat\u00bb (Neji Jalloul)"},"content":{"rendered":"\n<p><strong><em>Neji Jalloul a appel\u00e9 le pr\u00e9sident de la r\u00e9publique \u00e0 fixer officiellement une date pour l\u2019\u00e9lection pr\u00e9sidentielle qui se tiendra en 2024, tout en soulignant son droit \u00e0 achever son mandat obtenu avec un vote favorable de plus de 70 % des \u00e9lecteurs au second tour de la pr\u00e9sidentielle de 2019.<\/em><\/strong><\/p>\n\n\n\n<!--more-->\n\n\n\n<p>Le pr\u00e9sident du parti de la Coalition nationale, qui s\u2019exprimant lors d\u2019un meeting dimanche 15 janvier 2023 \u00e0 Jendouba, r\u00e9pondait ainsi aux autres dirigeants de l&rsquo;opposition qui exigeait la d\u00e9mission de Sa\u00efed pour avoir \u00e9chou\u00e9 dans tout ce qu&rsquo;il a entrepris depuis son \u00e9lection en 2019 et aggrav\u00e9 la crise s\u00e9vissant dans le pays depuis la r\u00e9volution de 2011. <\/p>\n\n\n\n<p>Neji Jalloul a, par ailleurs, soulign\u00e9 que la fixation de la date de l\u2019\u00e9lection pr\u00e9sidentielle permettra aux forces nationales de se pr\u00e9parer \u00e0 cette \u00e9ch\u00e9ance dont d\u00e9pend la stabilit\u00e9 du pays.<\/p>\n\n\n\n<p>Il a \u00e9galement appel\u00e9 le pr\u00e9sident Ka\u00efs Sa\u00efed \u00e0 engager un dialogue inclusif et \u00e0 \u00e9couter toutes les parties et toutes les sensibilit\u00e9s et \u00e0 s\u2019exprimer, ouvertement, sur les conditions d\u2019accord avec le Fonds mon\u00e9taire international (FMI) pour un pr\u00eat de 1,9 milliard de dollars. En l\u2019absence de garanties de financements \u00e9trangers, Ka\u00efs Sa\u00efed doit dire la v\u00e9rit\u00e9 aux Tunisiens et proposer des alternatives pour renflouer les caisses de l\u2019Etat, a d\u00e9clar\u00e9 Neji Jalloul.<\/p>\n\n\n\n<p>Sur un autre plan, le pr\u00e9sident de la Coalition nationale a critiqu\u00e9 l\u2019\u00e9parpillement des forces politiques et soulign\u00e9 la n\u00e9cessit\u00e9 d\u2019un front qui les rassemblerait \u00e0 l\u2019exception des mouvements de r\u00e9clamant de l\u2019islam politique ou ceux se disant hostiles \u00e0 la r\u00e9volution de 2011.<\/p>\n\n\n\n<p>Dans ce contexte, Neji Jalloul a r\u00e9v\u00e9l\u00e9 que des contacts sont en cours pour rapprocher et unifier les partis du centre afin de redonner confiance dans l\u2019action politique et proposer des alternatives.<\/p>\n\n\n\n<p><strong><em>D\u2019apr\u00e8s Tap.<\/em><\/strong><\/p>\n","protected":false},"excerpt":{"rendered":"<p>Neji Jalloul appelle le pr\u00e9sident Ka\u00efs Sa\u00efed \u00e0 fixer officiellement une date pour l\u2019\u00e9lection pr\u00e9sidentielle qui se tiendra en 2024.<\/p>\n","protected":false},"author":8,"featured_media":6077451,"comment_status":"open","ping_status":"open","sticky":false,"template":"","format":"standard","meta":{"footnotes":""},"categories":[997,2433],"tags":[50143,515,76012,3159,4797,62643],"class_list":["post-6077375","post","type-post","status-publish","format-standard","has-post-thumbnail","hentry","category-politique","category-tunisie","tag-coalition-nationale","tag-jendouba","tag-kais-saied-2","tag-neji-jalloul","tag-presidentielle","tag-tunisie"],"yoast_head":"<!-- This site is optimized with the Yoast SEO plugin v26.6 - https:\/\/yoast.com\/wordpress\/plugins\/seo\/ -->\n<title>Tunisie : \u00abKa\u00efs Sa\u00efed a le droit d\u2019achever son mandat\u00bb (Neji Jalloul) - Kapitalis<\/title>\n<meta name=\"robots\" content=\"index, follow, max-snippet:-1, max-image-preview:large, max-video-preview:-1\" \/>\n<link rel=\"canonical\" href=\"https:\/\/kapitalis.com\/tunisie\/2023\/01\/16\/tunisie-kais-saied-a-le-droit-dachever-son-mandat-neji-jalloul\/\" \/>\n<meta property=\"og:locale\" content=\"fr_FR\" \/>\n<meta property=\"og:type\" content=\"article\" \/>\n<meta property=\"og:title\" content=\"Tunisie : \u00abKa\u00efs Sa\u00efed a le droit d\u2019achever son mandat\u00bb (Neji Jalloul) - Kapitalis\" \/>\n<meta property=\"og:description\" content=\"Neji Jalloul appelle le pr\u00e9sident Ka\u00efs Sa\u00efed \u00e0 fixer officiellement une date pour l\u2019\u00e9lection pr\u00e9sidentielle qui se tiendra en 2024.\" \/>\n<meta property=\"og:url\" content=\"https:\/\/kapitalis.com\/tunisie\/2023\/01\/16\/tunisie-kais-saied-a-le-droit-dachever-son-mandat-neji-jalloul\/\" \/>\n<meta property=\"og:site_name\" content=\"Kapitalis\" \/>\n<meta property=\"article:publisher\" content=\"https:\/\/www.facebook.com\/KapitalisInfo\/\" \/>\n<meta property=\"article:published_time\" content=\"2023-01-16T08:22:58+00:00\" \/>\n<meta property=\"article:modified_time\" content=\"2023-01-16T08:22:59+00:00\" \/>\n<meta property=\"og:image\" content=\"https:\/\/kapitalis.com\/tunisie\/wp-content\/uploads\/2023\/01\/Neji-Jalloul-Coalition-nationale.jpg\" \/>\n\t<meta property=\"og:image:width\" content=\"1200\" \/>\n\t<meta property=\"og:image:height\" content=\"630\" \/>\n\t<meta property=\"og:image:type\" content=\"image\/jpeg\" \/>\n<meta name=\"author\" content=\"webmaster kapitalis\" \/>\n<meta name=\"twitter:card\" content=\"summary_large_image\" \/>\n<meta name=\"twitter:creator\" content=\"@KapitalisInfo\" \/>\n<meta name=\"twitter:site\" content=\"@KapitalisInfo\" \/>\n<meta name=\"twitter:label1\" content=\"\u00c9crit par\" \/>\n\t<meta name=\"twitter:data1\" content=\"webmaster kapitalis\" \/>\n\t<meta name=\"twitter:label2\" content=\"Dur\u00e9e de lecture estim\u00e9e\" \/>\n\t<meta name=\"twitter:data2\" content=\"2 minutes\" \/>\n<script type=\"application\/ld+json\" class=\"yoast-schema-graph\">{\"@context\":\"https:\/\/schema.org\",\"@graph\":[{\"@type\":\"Article\",\"@id\":\"https:\/\/kapitalis.com\/tunisie\/2023\/01\/16\/tunisie-kais-saied-a-le-droit-dachever-son-mandat-neji-jalloul\/#article\",\"isPartOf\":{\"@id\":\"https:\/\/kapitalis.com\/tunisie\/2023\/01\/16\/tunisie-kais-saied-a-le-droit-dachever-son-mandat-neji-jalloul\/\"},\"author\":{\"name\":\"webmaster kapitalis\",\"@id\":\"https:\/\/kapitalis.com\/tunisie\/#\/schema\/person\/d71f33a9ca44f7bad4698210b480c8e9\"},\"headline\":\"Tunisie : \u00abKa\u00efs Sa\u00efed a le droit d\u2019achever son mandat\u00bb (Neji Jalloul)\",\"datePublished\":\"2023-01-16T08:22:58+00:00\",\"dateModified\":\"2023-01-16T08:22:59+00:00\",\"mainEntityOfPage\":{\"@id\":\"https:\/\/kapitalis.com\/tunisie\/2023\/01\/16\/tunisie-kais-saied-a-le-droit-dachever-son-mandat-neji-jalloul\/\"},\"wordCount\":333,\"commentCount\":2,\"publisher\":{\"@id\":\"https:\/\/kapitalis.com\/tunisie\/#organization\"},\"image\":{\"@id\":\"https:\/\/kapitalis.com\/tunisie\/2023\/01\/16\/tunisie-kais-saied-a-le-droit-dachever-son-mandat-neji-jalloul\/#primaryimage\"},\"thumbnailUrl\":\"https:\/\/kapitalis.com\/tunisie\/wp-content\/uploads\/2023\/01\/Neji-Jalloul-Coalition-nationale.jpg\",\"keywords\":[\"Coalition nationale\",\"Jendouba\",\"Ka\u00efs Sa\u00efed\",\"Neji Jalloul\",\"pr\u00e9sidentielle\",\"Tunisie\"],\"articleSection\":[\"POLITIQUE\",\"Tunisie\"],\"inLanguage\":\"fr-FR\",\"potentialAction\":[{\"@type\":\"CommentAction\",\"name\":\"Comment\",\"target\":[\"https:\/\/kapitalis.com\/tunisie\/2023\/01\/16\/tunisie-kais-saied-a-le-droit-dachever-son-mandat-neji-jalloul\/#respond\"]}]},{\"@type\":\"WebPage\",\"@id\":\"https:\/\/kapitalis.com\/tunisie\/2023\/01\/16\/tunisie-kais-saied-a-le-droit-dachever-son-mandat-neji-jalloul\/\",\"url\":\"https:\/\/kapitalis.com\/tunisie\/2023\/01\/16\/tunisie-kais-saied-a-le-droit-dachever-son-mandat-neji-jalloul\/\",\"name\":\"Tunisie : \u00abKa\u00efs Sa\u00efed a le droit d\u2019achever son mandat\u00bb (Neji Jalloul) - Kapitalis\",\"isPartOf\":{\"@id\":\"https:\/\/kapitalis.com\/tunisie\/#website\"},\"primaryImageOfPage\":{\"@id\":\"https:\/\/kapitalis.com\/tunisie\/2023\/01\/16\/tunisie-kais-saied-a-le-droit-dachever-son-mandat-neji-jalloul\/#primaryimage\"},\"image\":{\"@id\":\"https:\/\/kapitalis.com\/tunisie\/2023\/01\/16\/tunisie-kais-saied-a-le-droit-dachever-son-mandat-neji-jalloul\/#primaryimage\"},\"thumbnailUrl\":\"https:\/\/kapitalis.com\/tunisie\/wp-content\/uploads\/2023\/01\/Neji-Jalloul-Coalition-nationale.jpg\",\"datePublished\":\"2023-01-16T08:22:58+00:00\",\"dateModified\":\"2023-01-16T08:22:59+00:00\",\"breadcrumb\":{\"@id\":\"https:\/\/kapitalis.com\/tunisie\/2023\/01\/16\/tunisie-kais-saied-a-le-droit-dachever-son-mandat-neji-jalloul\/#breadcrumb\"},\"inLanguage\":\"fr-FR\",\"potentialAction\":[{\"@type\":\"ReadAction\",\"target\":[\"https:\/\/kapitalis.com\/tunisie\/2023\/01\/16\/tunisie-kais-saied-a-le-droit-dachever-son-mandat-neji-jalloul\/\"]}]},{\"@type\":\"ImageObject\",\"inLanguage\":\"fr-FR\",\"@id\":\"https:\/\/kapitalis.com\/tunisie\/2023\/01\/16\/tunisie-kais-saied-a-le-droit-dachever-son-mandat-neji-jalloul\/#primaryimage\",\"url\":\"https:\/\/kapitalis.com\/tunisie\/wp-content\/uploads\/2023\/01\/Neji-Jalloul-Coalition-nationale.jpg\",\"contentUrl\":\"https:\/\/kapitalis.com\/tunisie\/wp-content\/uploads\/2023\/01\/Neji-Jalloul-Coalition-nationale.jpg\",\"width\":1200,\"height\":630},{\"@type\":\"BreadcrumbList\",\"@id\":\"https:\/\/kapitalis.com\/tunisie\/2023\/01\/16\/tunisie-kais-saied-a-le-droit-dachever-son-mandat-neji-jalloul\/#breadcrumb\",\"itemListElement\":[{\"@type\":\"ListItem\",\"position\":1,\"name\":\"Accueil\",\"item\":\"https:\/\/kapitalis.com\/tunisie\/\"},{\"@type\":\"ListItem\",\"position\":2,\"name\":\"Tunisie : \u00abKa\u00efs Sa\u00efed a le droit d\u2019achever son mandat\u00bb (Neji Jalloul)\"}]},{\"@type\":\"WebSite\",\"@id\":\"https:\/\/kapitalis.com\/tunisie\/#website\",\"url\":\"https:\/\/kapitalis.com\/tunisie\/\",\"name\":\"Kapitalis\",\"description\":\"L&#039;actualit\u00e9 en Tunisie et dans le monde\",\"publisher\":{\"@id\":\"https:\/\/kapitalis.com\/tunisie\/#organization\"},\"potentialAction\":[{\"@type\":\"SearchAction\",\"target\":{\"@type\":\"EntryPoint\",\"urlTemplate\":\"https:\/\/kapitalis.com\/tunisie\/?s={search_term_string}\"},\"query-input\":{\"@type\":\"PropertyValueSpecification\",\"valueRequired\":true,\"valueName\":\"search_term_string\"}}],\"inLanguage\":\"fr-FR\"},{\"@type\":\"Organization\",\"@id\":\"https:\/\/kapitalis.com\/tunisie\/#organization\",\"name\":\"Kapitalis\",\"url\":\"https:\/\/kapitalis.com\/tunisie\/\",\"logo\":{\"@type\":\"ImageObject\",\"inLanguage\":\"fr-FR\",\"@id\":\"https:\/\/kapitalis.com\/tunisie\/#\/schema\/logo\/image\/\",\"url\":\"https:\/\/kapitalis.com\/tunisie\/wp-content\/uploads\/2022\/05\/Kapitalis-big-size.png\",\"contentUrl\":\"https:\/\/kapitalis.com\/tunisie\/wp-content\/uploads\/2022\/05\/Kapitalis-big-size.png\",\"width\":5000,\"height\":1500,\"caption\":\"Kapitalis\"},\"image\":{\"@id\":\"https:\/\/kapitalis.com\/tunisie\/#\/schema\/logo\/image\/\"},\"sameAs\":[\"https:\/\/www.facebook.com\/KapitalisInfo\/\",\"https:\/\/x.com\/KapitalisInfo\",\"https:\/\/www.youtube.com\/channel\/UC-yDYrHyfFBWWZaOw3FPg9Q\"]},{\"@type\":\"Person\",\"@id\":\"https:\/\/kapitalis.com\/tunisie\/#\/schema\/person\/d71f33a9ca44f7bad4698210b480c8e9\",\"name\":\"webmaster kapitalis\",\"url\":\"https:\/\/kapitalis.com\/tunisie\/author\/webmaster-kapitalis\/\"}]}<\/script>\n<!-- \/ Yoast SEO plugin. -->","yoast_head_json":{"title":"Tunisie : \u00abKa\u00efs Sa\u00efed a le droit d\u2019achever son mandat\u00bb (Neji Jalloul) - Kapitalis","robots":{"index":"index","follow":"follow","max-snippet":"max-snippet:-1","max-image-preview":"max-image-preview:large","max-video-preview":"max-video-preview:-1"},"canonical":"https:\/\/kapitalis.com\/tunisie\/2023\/01\/16\/tunisie-kais-saied-a-le-droit-dachever-son-mandat-neji-jalloul\/","og_locale":"fr_FR","og_type":"article","og_title":"Tunisie : \u00abKa\u00efs Sa\u00efed a le droit d\u2019achever son mandat\u00bb (Neji Jalloul) - Kapitalis","og_description":"Neji Jalloul appelle le pr\u00e9sident Ka\u00efs Sa\u00efed \u00e0 fixer officiellement une date pour l\u2019\u00e9lection pr\u00e9sidentielle qui se tiendra en 2024.","og_url":"https:\/\/kapitalis.com\/tunisie\/2023\/01\/16\/tunisie-kais-saied-a-le-droit-dachever-son-mandat-neji-jalloul\/","og_site_name":"Kapitalis","article_publisher":"https:\/\/www.facebook.com\/KapitalisInfo\/","article_published_time":"2023-01-16T08:22:58+00:00","article_modified_time":"2023-01-16T08:22:59+00:00","og_image":[{"width":1200,"height":630,"url":"https:\/\/kapitalis.com\/tunisie\/wp-content\/uploads\/2023\/01\/Neji-Jalloul-Coalition-nationale.jpg","type":"image\/jpeg"}],"author":"webmaster kapitalis","twitter_card":"summary_large_image","twitter_creator":"@KapitalisInfo","twitter_site":"@KapitalisInfo","twitter_misc":{"\u00c9crit par":"webmaster kapitalis","Dur\u00e9e de lecture estim\u00e9e":"2 minutes"},"schema":{"@context":"https:\/\/schema.org","@graph":[{"@type":"Article","@id":"https:\/\/kapitalis.com\/tunisie\/2023\/01\/16\/tunisie-kais-saied-a-le-droit-dachever-son-mandat-neji-jalloul\/#article","isPartOf":{"@id":"https:\/\/kapitalis.com\/tunisie\/2023\/01\/16\/tunisie-kais-saied-a-le-droit-dachever-son-mandat-neji-jalloul\/"},"author":{"name":"webmaster kapitalis","@id":"https:\/\/kapitalis.com\/tunisie\/#\/schema\/person\/d71f33a9ca44f7bad4698210b480c8e9"},"headline":"Tunisie : \u00abKa\u00efs Sa\u00efed a le droit d\u2019achever son mandat\u00bb (Neji Jalloul)","datePublished":"2023-01-16T08:22:58+00:00","dateModified":"2023-01-16T08:22:59+00:00","mainEntityOfPage":{"@id":"https:\/\/kapitalis.com\/tunisie\/2023\/01\/16\/tunisie-kais-saied-a-le-droit-dachever-son-mandat-neji-jalloul\/"},"wordCount":333,"commentCount":2,"publisher":{"@id":"https:\/\/kapitalis.com\/tunisie\/#organization"},"image":{"@id":"https:\/\/kapitalis.com\/tunisie\/2023\/01\/16\/tunisie-kais-saied-a-le-droit-dachever-son-mandat-neji-jalloul\/#primaryimage"},"thumbnailUrl":"https:\/\/kapitalis.com\/tunisie\/wp-content\/uploads\/2023\/01\/Neji-Jalloul-Coalition-nationale.jpg","keywords":["Coalition nationale","Jendouba","Ka\u00efs Sa\u00efed","Neji Jalloul","pr\u00e9sidentielle","Tunisie"],"articleSection":["POLITIQUE","Tunisie"],"inLanguage":"fr-FR","potentialAction":[{"@type":"CommentAction","name":"Comment","target":["https:\/\/kapitalis.com\/tunisie\/2023\/01\/16\/tunisie-kais-saied-a-le-droit-dachever-son-mandat-neji-jalloul\/#respond"]}]},{"@type":"WebPage","@id":"https:\/\/kapitalis.com\/tunisie\/2023\/01\/16\/tunisie-kais-saied-a-le-droit-dachever-son-mandat-neji-jalloul\/","url":"https:\/\/kapitalis.com\/tunisie\/2023\/01\/16\/tunisie-kais-saied-a-le-droit-dachever-son-mandat-neji-jalloul\/","name":"Tunisie : \u00abKa\u00efs Sa\u00efed a le droit d\u2019achever son mandat\u00bb (Neji Jalloul) - Kapitalis","isPartOf":{"@id":"https:\/\/kapitalis.com\/tunisie\/#website"},"primaryImageOfPage":{"@id":"https:\/\/kapitalis.com\/tunisie\/2023\/01\/16\/tunisie-kais-saied-a-le-droit-dachever-son-mandat-neji-jalloul\/#primaryimage"},"image":{"@id":"https:\/\/kapitalis.com\/tunisie\/2023\/01\/16\/tunisie-kais-saied-a-le-droit-dachever-son-mandat-neji-jalloul\/#primaryimage"},"thumbnailUrl":"https:\/\/kapitalis.com\/tunisie\/wp-content\/uploads\/2023\/01\/Neji-Jalloul-Coalition-nationale.jpg","datePublished":"2023-01-16T08:22:58+00:00","dateModified":"2023-01-16T08:22:59+00:00","breadcrumb":{"@id":"https:\/\/kapitalis.com\/tunisie\/2023\/01\/16\/tunisie-kais-saied-a-le-droit-dachever-son-mandat-neji-jalloul\/#breadcrumb"},"inLanguage":"fr-FR","potentialAction":[{"@type":"ReadAction","target":["https:\/\/kapitalis.com\/tunisie\/2023\/01\/16\/tunisie-kais-saied-a-le-droit-dachever-son-mandat-neji-jalloul\/"]}]},{"@type":"ImageObject","inLanguage":"fr-FR","@id":"https:\/\/kapitalis.com\/tunisie\/2023\/01\/16\/tunisie-kais-saied-a-le-droit-dachever-son-mandat-neji-jalloul\/#primaryimage","url":"https:\/\/kapitalis.com\/tunisie\/wp-content\/uploads\/2023\/01\/Neji-Jalloul-Coalition-nationale.jpg","contentUrl":"https:\/\/kapitalis.com\/tunisie\/wp-content\/uploads\/2023\/01\/Neji-Jalloul-Coalition-nationale.jpg","width":1200,"height":630},{"@type":"BreadcrumbList","@id":"https:\/\/kapitalis.com\/tunisie\/2023\/01\/16\/tunisie-kais-saied-a-le-droit-dachever-son-mandat-neji-jalloul\/#breadcrumb","itemListElement":[{"@type":"ListItem","position":1,"name":"Accueil","item":"https:\/\/kapitalis.com\/tunisie\/"},{"@type":"ListItem","position":2,"name":"Tunisie : \u00abKa\u00efs Sa\u00efed a le droit d\u2019achever son mandat\u00bb (Neji Jalloul)"}]},{"@type":"WebSite","@id":"https:\/\/kapitalis.com\/tunisie\/#website","url":"https:\/\/kapitalis.com\/tunisie\/","name":"Kapitalis","description":"L&#039;actualit\u00e9 en Tunisie et dans le monde","publisher":{"@id":"https:\/\/kapitalis.com\/tunisie\/#organization"},"potentialAction":[{"@type":"SearchAction","target":{"@type":"EntryPoint","urlTemplate":"https:\/\/kapitalis.com\/tunisie\/?s={search_term_string}"},"query-input":{"@type":"PropertyValueSpecification","valueRequired":true,"valueName":"search_term_string"}}],"inLanguage":"fr-FR"},{"@type":"Organization","@id":"https:\/\/kapitalis.com\/tunisie\/#organization","name":"Kapitalis","url":"https:\/\/kapitalis.com\/tunisie\/","logo":{"@type":"ImageObject","inLanguage":"fr-FR","@id":"https:\/\/kapitalis.com\/tunisie\/#\/schema\/logo\/image\/","url":"https:\/\/kapitalis.com\/tunisie\/wp-content\/uploads\/2022\/05\/Kapitalis-big-size.png","contentUrl":"https:\/\/kapitalis.com\/tunisie\/wp-content\/uploads\/2022\/05\/Kapitalis-big-size.png","width":5000,"height":1500,"caption":"Kapitalis"},"image":{"@id":"https:\/\/kapitalis.com\/tunisie\/#\/schema\/logo\/image\/"},"sameAs":["https:\/\/www.facebook.com\/KapitalisInfo\/","https:\/\/x.com\/KapitalisInfo","https:\/\/www.youtube.com\/channel\/UC-yDYrHyfFBWWZaOw3FPg9Q"]},{"@type":"Person","@id":"https:\/\/kapitalis.com\/tunisie\/#\/schema\/person\/d71f33a9ca44f7bad4698210b480c8e9","name":"webmaster kapitalis","url":"https:\/\/kapitalis.com\/tunisie\/author\/webmaster-kapitalis\/"}]}},"_links":{"self":[{"href":"https:\/\/kapitalis.com\/tunisie\/wp-json\/wp\/v2\/posts\/6077375","targetHints":{"allow":["GET"]}}],"collection":[{"href":"https:\/\/kapitalis.com\/tunisie\/wp-json\/wp\/v2\/posts"}],"about":[{"href":"https:\/\/kapitalis.com\/tunisie\/wp-json\/wp\/v2\/types\/post"}],"author":[{"embeddable":true,"href":"https:\/\/kapitalis.com\/tunisie\/wp-json\/wp\/v2\/users\/8"}],"replies":[{"embeddable":true,"href":"https:\/\/kapitalis.com\/tunisie\/wp-json\/wp\/v2\/comments?post=6077375"}],"version-history":[{"count":1,"href":"https:\/\/kapitalis.com\/tunisie\/wp-json\/wp\/v2\/posts\/6077375\/revisions"}],"predecessor-version":[{"id":6077459,"href":"https:\/\/kapitalis.com\/tunisie\/wp-json\/wp\/v2\/posts\/6077375\/revisions\/6077459"}],"wp:featuredmedia":[{"embeddable":true,"href":"https:\/\/kapitalis.com\/tunisie\/wp-json\/wp\/v2\/media\/6077451"}],"wp:attachment":[{"href":"https:\/\/kapitalis.com\/tunisie\/wp-json\/wp\/v2\/media?parent=6077375"}],"wp:term":[{"taxonomy":"category","embeddable":true,"href":"https:\/\/kapitalis.com\/tunisie\/wp-json\/wp\/v2\/categories?post=6077375"},{"taxonomy":"post_tag","embeddable":true,"href":"https:\/\/kapitalis.com\/tunisie\/wp-json\/wp\/v2\/tags?post=6077375"}],"curies":[{"name":"wp","href":"https:\/\/api.w.org\/{rel}","templated":true}]}}