{"id":6077518,"date":"2023-01-16T11:16:39","date_gmt":"2023-01-16T10:16:39","guid":{"rendered":"https:\/\/kapitalis.com\/tunisie\/?p=6077518"},"modified":"2023-01-16T11:23:33","modified_gmt":"2023-01-16T10:23:33","slug":"le-deficit-commercial-de-la-tunisie-sauve-par-le-dollar-et-leuro","status":"publish","type":"post","link":"https:\/\/kapitalis.com\/tunisie\/2023\/01\/16\/le-deficit-commercial-de-la-tunisie-sauve-par-le-dollar-et-leuro\/","title":{"rendered":"Le d\u00e9ficit commercial de la Tunisie \u00absauv\u00e9\u00bb par le dollar et l&rsquo;euro"},"content":{"rendered":"\n<p><em><strong>La variation du taux de change du dollar am\u00e9ricain ($US) et le ralentissement \u00e9conomique dans la zone euro vont augmenter le cours du dinar tunisien (DT) face au dollar et \u00e0 l&rsquo;euro. Ce qui contribuera \u00e0 r\u00e9duire le d\u00e9ficit commercial de la Tunisie \u00e0 20 milliards de dinars tunisiens en 2023, a d\u00e9clar\u00e9 Moez Hadidane, expert tunisien en \u00e9conomie et march\u00e9s financiers, \u00e0 l&rsquo;agence Tap.<\/strong><\/em><\/p>\n\n\n\n<!--more-->\n\n\n\n<p>La baisse du taux de change de $US 1 \u00e0 3,07 DT, relev\u00e9e le 15 janvier 2023, vient corroborer cette d\u00e9claration de Hadidane, de m\u00eame que celle de \u20ac1 \u00e0 3,332 DT, apr\u00e8s plusieurs hausses successives constat\u00e9es en 2022. Encore faut-il esp\u00e9rer voir cette tendance se confirmer dans les prochaines semaines. <\/p>\n\n\n\n<p>La hausse du DT contribuera ainsi \u00e0 r\u00e9duire le d\u00e9ficit commercial de la Tunisie, estim\u00e9 \u00e0 +25 milliards DT en 2022, en raison de l&rsquo;augmentation de la valeur des importations due \u00e0 la baisse du taux de change du dinar face aux monnaies am\u00e9ricaine et europ\u00e9enne. <\/p>\n\n\n\n<p>L&rsquo;am\u00e9lioration du prix du DT face au $US et \u00e0 l&rsquo;Euro, et l&rsquo;adoption r\u00e9cente d&rsquo;un syst\u00e8me de contr\u00f4le pr\u00e9alable \u00e0 l&rsquo;importation des biens, constituent 2 facteurs principaux de r\u00e9duction du d\u00e9ficit commercial de la Tunisie, estime l&rsquo;expert, qui d\u00e9clare, par ailleurs, que le $US entame une op\u00e9ration corrective apr\u00e8s la tendance haussi\u00e8re ant\u00e9rieure, estimant une baisse en 2023 de la devise am\u00e9ricaine \u00e0 3 DT, soit 2,9 DT du taux de change du $US contre le DT.<\/p>\n\n\n\n<p class=\"has-text-align-right\"><strong>A. M.<\/strong> <\/p>\n","protected":false},"excerpt":{"rendered":"<p>La baisse du taux de change du dollar et de l&rsquo;euro face au dinar pourrait r\u00e9duire le d\u00e9ficit commercial de la Tunisie. <\/p>\n","protected":false},"author":22,"featured_media":3133950,"comment_status":"open","ping_status":"open","sticky":false,"template":"","format":"standard","meta":{"footnotes":""},"categories":[995,2433],"tags":[13605,286,353,388,499,70520,95595],"class_list":["post-6077518","post","type-post","status-publish","format-standard","has-post-thumbnail","hentry","category-economie","category-tunisie","tag-dinar-tunisien","tag-dollar","tag-euro","tag-fmi","tag-isie","tag-kais-saied-3","tag-moez-hadidane"],"yoast_head":"<!-- This site is optimized with the Yoast SEO plugin v26.6 - https:\/\/yoast.com\/wordpress\/plugins\/seo\/ -->\n<title>Le d\u00e9ficit commercial de la Tunisie \u00absauv\u00e9\u00bb par le dollar et l&#039;euro - Kapitalis<\/title>\n<meta name=\"description\" content=\"La variation du Dollar am\u00e9ricain ($US) et le ralentissement \u00e9conomique dans la zone Euro, vont augmenter le cours du Dinar Tunisien (DT) face au Dollar et \u00e0 l&#039;Euro. Ce qui contribuera \u00e0 r\u00e9duire le d\u00e9ficit commercial de la Tunisie \u00e0 20 MDT (milliards) en 2023, selon la d\u00e9claration \u00e0 la TAP de Moez Hadidane, expert tunisien en \u00e9conomie et march\u00e9s financiers.\" \/>\n<meta name=\"robots\" content=\"index, follow, max-snippet:-1, max-image-preview:large, max-video-preview:-1\" \/>\n<link rel=\"canonical\" href=\"https:\/\/kapitalis.com\/tunisie\/2023\/01\/16\/le-deficit-commercial-de-la-tunisie-sauve-par-le-dollar-et-leuro\/\" \/>\n<meta property=\"og:locale\" content=\"fr_FR\" \/>\n<meta property=\"og:type\" content=\"article\" \/>\n<meta property=\"og:title\" content=\"Le d\u00e9ficit commercial de la Tunisie \u00absauv\u00e9\u00bb par le dollar et l&#039;euro - Kapitalis\" \/>\n<meta property=\"og:description\" content=\"La variation du Dollar am\u00e9ricain ($US) et le ralentissement \u00e9conomique dans la zone Euro, vont augmenter le cours du Dinar Tunisien (DT) face au Dollar et \u00e0 l&#039;Euro. Ce qui contribuera \u00e0 r\u00e9duire le d\u00e9ficit commercial de la Tunisie \u00e0 20 MDT (milliards) en 2023, selon la d\u00e9claration \u00e0 la TAP de Moez Hadidane, expert tunisien en \u00e9conomie et march\u00e9s financiers.\" \/>\n<meta property=\"og:url\" content=\"https:\/\/kapitalis.com\/tunisie\/2023\/01\/16\/le-deficit-commercial-de-la-tunisie-sauve-par-le-dollar-et-leuro\/\" \/>\n<meta property=\"og:site_name\" content=\"Kapitalis\" \/>\n<meta property=\"article:publisher\" content=\"https:\/\/www.facebook.com\/KapitalisInfo\/\" \/>\n<meta property=\"article:published_time\" content=\"2023-01-16T10:16:39+00:00\" \/>\n<meta property=\"article:modified_time\" content=\"2023-01-16T10:23:33+00:00\" \/>\n<meta property=\"og:image\" content=\"https:\/\/kapitalis.com\/tunisie\/wp-content\/uploads\/2022\/08\/Deficit-commercial.jpg\" \/>\n\t<meta property=\"og:image:width\" content=\"1200\" \/>\n\t<meta property=\"og:image:height\" content=\"630\" \/>\n\t<meta property=\"og:image:type\" content=\"image\/jpeg\" \/>\n<meta name=\"author\" content=\"Amina Mkada\" \/>\n<meta name=\"twitter:card\" content=\"summary_large_image\" \/>\n<meta name=\"twitter:creator\" content=\"@KapitalisInfo\" \/>\n<meta name=\"twitter:site\" content=\"@KapitalisInfo\" \/>\n<meta name=\"twitter:label1\" content=\"\u00c9crit par\" \/>\n\t<meta name=\"twitter:data1\" content=\"Amina Mkada\" \/>\n\t<meta name=\"twitter:label2\" content=\"Dur\u00e9e de lecture estim\u00e9e\" \/>\n\t<meta name=\"twitter:data2\" content=\"2 minutes\" \/>\n<script type=\"application\/ld+json\" class=\"yoast-schema-graph\">{\"@context\":\"https:\/\/schema.org\",\"@graph\":[{\"@type\":\"Article\",\"@id\":\"https:\/\/kapitalis.com\/tunisie\/2023\/01\/16\/le-deficit-commercial-de-la-tunisie-sauve-par-le-dollar-et-leuro\/#article\",\"isPartOf\":{\"@id\":\"https:\/\/kapitalis.com\/tunisie\/2023\/01\/16\/le-deficit-commercial-de-la-tunisie-sauve-par-le-dollar-et-leuro\/\"},\"author\":{\"name\":\"Amina Mkada\",\"@id\":\"https:\/\/kapitalis.com\/tunisie\/#\/schema\/person\/093913313d3017554cb3ad077fff3fbd\"},\"headline\":\"Le d\u00e9ficit commercial de la Tunisie \u00absauv\u00e9\u00bb par le dollar et l&rsquo;euro\",\"datePublished\":\"2023-01-16T10:16:39+00:00\",\"dateModified\":\"2023-01-16T10:23:33+00:00\",\"mainEntityOfPage\":{\"@id\":\"https:\/\/kapitalis.com\/tunisie\/2023\/01\/16\/le-deficit-commercial-de-la-tunisie-sauve-par-le-dollar-et-leuro\/\"},\"wordCount\":255,\"commentCount\":1,\"publisher\":{\"@id\":\"https:\/\/kapitalis.com\/tunisie\/#organization\"},\"image\":{\"@id\":\"https:\/\/kapitalis.com\/tunisie\/2023\/01\/16\/le-deficit-commercial-de-la-tunisie-sauve-par-le-dollar-et-leuro\/#primaryimage\"},\"thumbnailUrl\":\"https:\/\/kapitalis.com\/tunisie\/wp-content\/uploads\/2022\/08\/Deficit-commercial.jpg\",\"keywords\":[\"dinar tunisien\",\"dollar\",\"euro\",\"FMI\",\"Isie\",\"Kais Saied\",\"Moez Hadidane\"],\"articleSection\":[\"ECONOMIE\",\"Tunisie\"],\"inLanguage\":\"fr-FR\",\"potentialAction\":[{\"@type\":\"CommentAction\",\"name\":\"Comment\",\"target\":[\"https:\/\/kapitalis.com\/tunisie\/2023\/01\/16\/le-deficit-commercial-de-la-tunisie-sauve-par-le-dollar-et-leuro\/#respond\"]}]},{\"@type\":\"WebPage\",\"@id\":\"https:\/\/kapitalis.com\/tunisie\/2023\/01\/16\/le-deficit-commercial-de-la-tunisie-sauve-par-le-dollar-et-leuro\/\",\"url\":\"https:\/\/kapitalis.com\/tunisie\/2023\/01\/16\/le-deficit-commercial-de-la-tunisie-sauve-par-le-dollar-et-leuro\/\",\"name\":\"Le d\u00e9ficit commercial de la Tunisie \u00absauv\u00e9\u00bb par le dollar et l'euro - Kapitalis\",\"isPartOf\":{\"@id\":\"https:\/\/kapitalis.com\/tunisie\/#website\"},\"primaryImageOfPage\":{\"@id\":\"https:\/\/kapitalis.com\/tunisie\/2023\/01\/16\/le-deficit-commercial-de-la-tunisie-sauve-par-le-dollar-et-leuro\/#primaryimage\"},\"image\":{\"@id\":\"https:\/\/kapitalis.com\/tunisie\/2023\/01\/16\/le-deficit-commercial-de-la-tunisie-sauve-par-le-dollar-et-leuro\/#primaryimage\"},\"thumbnailUrl\":\"https:\/\/kapitalis.com\/tunisie\/wp-content\/uploads\/2022\/08\/Deficit-commercial.jpg\",\"datePublished\":\"2023-01-16T10:16:39+00:00\",\"dateModified\":\"2023-01-16T10:23:33+00:00\",\"description\":\"La variation du Dollar am\u00e9ricain ($US) et le ralentissement \u00e9conomique dans la zone Euro, vont augmenter le cours du Dinar Tunisien (DT) face au Dollar et \u00e0 l'Euro. Ce qui contribuera \u00e0 r\u00e9duire le d\u00e9ficit commercial de la Tunisie \u00e0 20 MDT (milliards) en 2023, selon la d\u00e9claration \u00e0 la TAP de Moez Hadidane, expert tunisien en \u00e9conomie et march\u00e9s financiers.\",\"breadcrumb\":{\"@id\":\"https:\/\/kapitalis.com\/tunisie\/2023\/01\/16\/le-deficit-commercial-de-la-tunisie-sauve-par-le-dollar-et-leuro\/#breadcrumb\"},\"inLanguage\":\"fr-FR\",\"potentialAction\":[{\"@type\":\"ReadAction\",\"target\":[\"https:\/\/kapitalis.com\/tunisie\/2023\/01\/16\/le-deficit-commercial-de-la-tunisie-sauve-par-le-dollar-et-leuro\/\"]}]},{\"@type\":\"ImageObject\",\"inLanguage\":\"fr-FR\",\"@id\":\"https:\/\/kapitalis.com\/tunisie\/2023\/01\/16\/le-deficit-commercial-de-la-tunisie-sauve-par-le-dollar-et-leuro\/#primaryimage\",\"url\":\"https:\/\/kapitalis.com\/tunisie\/wp-content\/uploads\/2022\/08\/Deficit-commercial.jpg\",\"contentUrl\":\"https:\/\/kapitalis.com\/tunisie\/wp-content\/uploads\/2022\/08\/Deficit-commercial.jpg\",\"width\":1200,\"height\":630},{\"@type\":\"BreadcrumbList\",\"@id\":\"https:\/\/kapitalis.com\/tunisie\/2023\/01\/16\/le-deficit-commercial-de-la-tunisie-sauve-par-le-dollar-et-leuro\/#breadcrumb\",\"itemListElement\":[{\"@type\":\"ListItem\",\"position\":1,\"name\":\"Accueil\",\"item\":\"https:\/\/kapitalis.com\/tunisie\/\"},{\"@type\":\"ListItem\",\"position\":2,\"name\":\"Le d\u00e9ficit commercial de la Tunisie \u00absauv\u00e9\u00bb par le dollar et l&rsquo;euro\"}]},{\"@type\":\"WebSite\",\"@id\":\"https:\/\/kapitalis.com\/tunisie\/#website\",\"url\":\"https:\/\/kapitalis.com\/tunisie\/\",\"name\":\"Kapitalis\",\"description\":\"L&#039;actualit\u00e9 en Tunisie et dans le monde\",\"publisher\":{\"@id\":\"https:\/\/kapitalis.com\/tunisie\/#organization\"},\"potentialAction\":[{\"@type\":\"SearchAction\",\"target\":{\"@type\":\"EntryPoint\",\"urlTemplate\":\"https:\/\/kapitalis.com\/tunisie\/?s={search_term_string}\"},\"query-input\":{\"@type\":\"PropertyValueSpecification\",\"valueRequired\":true,\"valueName\":\"search_term_string\"}}],\"inLanguage\":\"fr-FR\"},{\"@type\":\"Organization\",\"@id\":\"https:\/\/kapitalis.com\/tunisie\/#organization\",\"name\":\"Kapitalis\",\"url\":\"https:\/\/kapitalis.com\/tunisie\/\",\"logo\":{\"@type\":\"ImageObject\",\"inLanguage\":\"fr-FR\",\"@id\":\"https:\/\/kapitalis.com\/tunisie\/#\/schema\/logo\/image\/\",\"url\":\"https:\/\/kapitalis.com\/tunisie\/wp-content\/uploads\/2022\/05\/Kapitalis-big-size.png\",\"contentUrl\":\"https:\/\/kapitalis.com\/tunisie\/wp-content\/uploads\/2022\/05\/Kapitalis-big-size.png\",\"width\":5000,\"height\":1500,\"caption\":\"Kapitalis\"},\"image\":{\"@id\":\"https:\/\/kapitalis.com\/tunisie\/#\/schema\/logo\/image\/\"},\"sameAs\":[\"https:\/\/www.facebook.com\/KapitalisInfo\/\",\"https:\/\/x.com\/KapitalisInfo\",\"https:\/\/www.youtube.com\/channel\/UC-yDYrHyfFBWWZaOw3FPg9Q\"]},{\"@type\":\"Person\",\"@id\":\"https:\/\/kapitalis.com\/tunisie\/#\/schema\/person\/093913313d3017554cb3ad077fff3fbd\",\"name\":\"Amina Mkada\",\"url\":\"https:\/\/kapitalis.com\/tunisie\/author\/amina\/\"}]}<\/script>\n<!-- \/ Yoast SEO plugin. -->","yoast_head_json":{"title":"Le d\u00e9ficit commercial de la Tunisie \u00absauv\u00e9\u00bb par le dollar et l'euro - Kapitalis","description":"La variation du Dollar am\u00e9ricain ($US) et le ralentissement \u00e9conomique dans la zone Euro, vont augmenter le cours du Dinar Tunisien (DT) face au Dollar et \u00e0 l'Euro. Ce qui contribuera \u00e0 r\u00e9duire le d\u00e9ficit commercial de la Tunisie \u00e0 20 MDT (milliards) en 2023, selon la d\u00e9claration \u00e0 la TAP de Moez Hadidane, expert tunisien en \u00e9conomie et march\u00e9s financiers.","robots":{"index":"index","follow":"follow","max-snippet":"max-snippet:-1","max-image-preview":"max-image-preview:large","max-video-preview":"max-video-preview:-1"},"canonical":"https:\/\/kapitalis.com\/tunisie\/2023\/01\/16\/le-deficit-commercial-de-la-tunisie-sauve-par-le-dollar-et-leuro\/","og_locale":"fr_FR","og_type":"article","og_title":"Le d\u00e9ficit commercial de la Tunisie \u00absauv\u00e9\u00bb par le dollar et l'euro - Kapitalis","og_description":"La variation du Dollar am\u00e9ricain ($US) et le ralentissement \u00e9conomique dans la zone Euro, vont augmenter le cours du Dinar Tunisien (DT) face au Dollar et \u00e0 l'Euro. Ce qui contribuera \u00e0 r\u00e9duire le d\u00e9ficit commercial de la Tunisie \u00e0 20 MDT (milliards) en 2023, selon la d\u00e9claration \u00e0 la TAP de Moez Hadidane, expert tunisien en \u00e9conomie et march\u00e9s financiers.","og_url":"https:\/\/kapitalis.com\/tunisie\/2023\/01\/16\/le-deficit-commercial-de-la-tunisie-sauve-par-le-dollar-et-leuro\/","og_site_name":"Kapitalis","article_publisher":"https:\/\/www.facebook.com\/KapitalisInfo\/","article_published_time":"2023-01-16T10:16:39+00:00","article_modified_time":"2023-01-16T10:23:33+00:00","og_image":[{"width":1200,"height":630,"url":"https:\/\/kapitalis.com\/tunisie\/wp-content\/uploads\/2022\/08\/Deficit-commercial.jpg","type":"image\/jpeg"}],"author":"Amina Mkada","twitter_card":"summary_large_image","twitter_creator":"@KapitalisInfo","twitter_site":"@KapitalisInfo","twitter_misc":{"\u00c9crit par":"Amina Mkada","Dur\u00e9e de lecture estim\u00e9e":"2 minutes"},"schema":{"@context":"https:\/\/schema.org","@graph":[{"@type":"Article","@id":"https:\/\/kapitalis.com\/tunisie\/2023\/01\/16\/le-deficit-commercial-de-la-tunisie-sauve-par-le-dollar-et-leuro\/#article","isPartOf":{"@id":"https:\/\/kapitalis.com\/tunisie\/2023\/01\/16\/le-deficit-commercial-de-la-tunisie-sauve-par-le-dollar-et-leuro\/"},"author":{"name":"Amina Mkada","@id":"https:\/\/kapitalis.com\/tunisie\/#\/schema\/person\/093913313d3017554cb3ad077fff3fbd"},"headline":"Le d\u00e9ficit commercial de la Tunisie \u00absauv\u00e9\u00bb par le dollar et l&rsquo;euro","datePublished":"2023-01-16T10:16:39+00:00","dateModified":"2023-01-16T10:23:33+00:00","mainEntityOfPage":{"@id":"https:\/\/kapitalis.com\/tunisie\/2023\/01\/16\/le-deficit-commercial-de-la-tunisie-sauve-par-le-dollar-et-leuro\/"},"wordCount":255,"commentCount":1,"publisher":{"@id":"https:\/\/kapitalis.com\/tunisie\/#organization"},"image":{"@id":"https:\/\/kapitalis.com\/tunisie\/2023\/01\/16\/le-deficit-commercial-de-la-tunisie-sauve-par-le-dollar-et-leuro\/#primaryimage"},"thumbnailUrl":"https:\/\/kapitalis.com\/tunisie\/wp-content\/uploads\/2022\/08\/Deficit-commercial.jpg","keywords":["dinar tunisien","dollar","euro","FMI","Isie","Kais Saied","Moez Hadidane"],"articleSection":["ECONOMIE","Tunisie"],"inLanguage":"fr-FR","potentialAction":[{"@type":"CommentAction","name":"Comment","target":["https:\/\/kapitalis.com\/tunisie\/2023\/01\/16\/le-deficit-commercial-de-la-tunisie-sauve-par-le-dollar-et-leuro\/#respond"]}]},{"@type":"WebPage","@id":"https:\/\/kapitalis.com\/tunisie\/2023\/01\/16\/le-deficit-commercial-de-la-tunisie-sauve-par-le-dollar-et-leuro\/","url":"https:\/\/kapitalis.com\/tunisie\/2023\/01\/16\/le-deficit-commercial-de-la-tunisie-sauve-par-le-dollar-et-leuro\/","name":"Le d\u00e9ficit commercial de la Tunisie \u00absauv\u00e9\u00bb par le dollar et l'euro - Kapitalis","isPartOf":{"@id":"https:\/\/kapitalis.com\/tunisie\/#website"},"primaryImageOfPage":{"@id":"https:\/\/kapitalis.com\/tunisie\/2023\/01\/16\/le-deficit-commercial-de-la-tunisie-sauve-par-le-dollar-et-leuro\/#primaryimage"},"image":{"@id":"https:\/\/kapitalis.com\/tunisie\/2023\/01\/16\/le-deficit-commercial-de-la-tunisie-sauve-par-le-dollar-et-leuro\/#primaryimage"},"thumbnailUrl":"https:\/\/kapitalis.com\/tunisie\/wp-content\/uploads\/2022\/08\/Deficit-commercial.jpg","datePublished":"2023-01-16T10:16:39+00:00","dateModified":"2023-01-16T10:23:33+00:00","description":"La variation du Dollar am\u00e9ricain ($US) et le ralentissement \u00e9conomique dans la zone Euro, vont augmenter le cours du Dinar Tunisien (DT) face au Dollar et \u00e0 l'Euro. Ce qui contribuera \u00e0 r\u00e9duire le d\u00e9ficit commercial de la Tunisie \u00e0 20 MDT (milliards) en 2023, selon la d\u00e9claration \u00e0 la TAP de Moez Hadidane, expert tunisien en \u00e9conomie et march\u00e9s financiers.","breadcrumb":{"@id":"https:\/\/kapitalis.com\/tunisie\/2023\/01\/16\/le-deficit-commercial-de-la-tunisie-sauve-par-le-dollar-et-leuro\/#breadcrumb"},"inLanguage":"fr-FR","potentialAction":[{"@type":"ReadAction","target":["https:\/\/kapitalis.com\/tunisie\/2023\/01\/16\/le-deficit-commercial-de-la-tunisie-sauve-par-le-dollar-et-leuro\/"]}]},{"@type":"ImageObject","inLanguage":"fr-FR","@id":"https:\/\/kapitalis.com\/tunisie\/2023\/01\/16\/le-deficit-commercial-de-la-tunisie-sauve-par-le-dollar-et-leuro\/#primaryimage","url":"https:\/\/kapitalis.com\/tunisie\/wp-content\/uploads\/2022\/08\/Deficit-commercial.jpg","contentUrl":"https:\/\/kapitalis.com\/tunisie\/wp-content\/uploads\/2022\/08\/Deficit-commercial.jpg","width":1200,"height":630},{"@type":"BreadcrumbList","@id":"https:\/\/kapitalis.com\/tunisie\/2023\/01\/16\/le-deficit-commercial-de-la-tunisie-sauve-par-le-dollar-et-leuro\/#breadcrumb","itemListElement":[{"@type":"ListItem","position":1,"name":"Accueil","item":"https:\/\/kapitalis.com\/tunisie\/"},{"@type":"ListItem","position":2,"name":"Le d\u00e9ficit commercial de la Tunisie \u00absauv\u00e9\u00bb par le dollar et l&rsquo;euro"}]},{"@type":"WebSite","@id":"https:\/\/kapitalis.com\/tunisie\/#website","url":"https:\/\/kapitalis.com\/tunisie\/","name":"Kapitalis","description":"L&#039;actualit\u00e9 en Tunisie et dans le monde","publisher":{"@id":"https:\/\/kapitalis.com\/tunisie\/#organization"},"potentialAction":[{"@type":"SearchAction","target":{"@type":"EntryPoint","urlTemplate":"https:\/\/kapitalis.com\/tunisie\/?s={search_term_string}"},"query-input":{"@type":"PropertyValueSpecification","valueRequired":true,"valueName":"search_term_string"}}],"inLanguage":"fr-FR"},{"@type":"Organization","@id":"https:\/\/kapitalis.com\/tunisie\/#organization","name":"Kapitalis","url":"https:\/\/kapitalis.com\/tunisie\/","logo":{"@type":"ImageObject","inLanguage":"fr-FR","@id":"https:\/\/kapitalis.com\/tunisie\/#\/schema\/logo\/image\/","url":"https:\/\/kapitalis.com\/tunisie\/wp-content\/uploads\/2022\/05\/Kapitalis-big-size.png","contentUrl":"https:\/\/kapitalis.com\/tunisie\/wp-content\/uploads\/2022\/05\/Kapitalis-big-size.png","width":5000,"height":1500,"caption":"Kapitalis"},"image":{"@id":"https:\/\/kapitalis.com\/tunisie\/#\/schema\/logo\/image\/"},"sameAs":["https:\/\/www.facebook.com\/KapitalisInfo\/","https:\/\/x.com\/KapitalisInfo","https:\/\/www.youtube.com\/channel\/UC-yDYrHyfFBWWZaOw3FPg9Q"]},{"@type":"Person","@id":"https:\/\/kapitalis.com\/tunisie\/#\/schema\/person\/093913313d3017554cb3ad077fff3fbd","name":"Amina Mkada","url":"https:\/\/kapitalis.com\/tunisie\/author\/amina\/"}]}},"_links":{"self":[{"href":"https:\/\/kapitalis.com\/tunisie\/wp-json\/wp\/v2\/posts\/6077518","targetHints":{"allow":["GET"]}}],"collection":[{"href":"https:\/\/kapitalis.com\/tunisie\/wp-json\/wp\/v2\/posts"}],"about":[{"href":"https:\/\/kapitalis.com\/tunisie\/wp-json\/wp\/v2\/types\/post"}],"author":[{"embeddable":true,"href":"https:\/\/kapitalis.com\/tunisie\/wp-json\/wp\/v2\/users\/22"}],"replies":[{"embeddable":true,"href":"https:\/\/kapitalis.com\/tunisie\/wp-json\/wp\/v2\/comments?post=6077518"}],"version-history":[{"count":18,"href":"https:\/\/kapitalis.com\/tunisie\/wp-json\/wp\/v2\/posts\/6077518\/revisions"}],"predecessor-version":[{"id":6078552,"href":"https:\/\/kapitalis.com\/tunisie\/wp-json\/wp\/v2\/posts\/6077518\/revisions\/6078552"}],"wp:featuredmedia":[{"embeddable":true,"href":"https:\/\/kapitalis.com\/tunisie\/wp-json\/wp\/v2\/media\/3133950"}],"wp:attachment":[{"href":"https:\/\/kapitalis.com\/tunisie\/wp-json\/wp\/v2\/media?parent=6077518"}],"wp:term":[{"taxonomy":"category","embeddable":true,"href":"https:\/\/kapitalis.com\/tunisie\/wp-json\/wp\/v2\/categories?post=6077518"},{"taxonomy":"post_tag","embeddable":true,"href":"https:\/\/kapitalis.com\/tunisie\/wp-json\/wp\/v2\/tags?post=6077518"}],"curies":[{"name":"wp","href":"https:\/\/api.w.org\/{rel}","templated":true}]}}