{"id":60811,"date":"2016-08-10T08:34:45","date_gmt":"2016-08-10T07:34:45","guid":{"rendered":"http:\/\/kapitalis.com\/tunisie\/?p=60811"},"modified":"2016-08-10T08:34:45","modified_gmt":"2016-08-10T07:34:45","slug":"affaire-de-lanesthesiant-perime-explications-de-said-aidi","status":"publish","type":"post","link":"https:\/\/kapitalis.com\/tunisie\/2016\/08\/10\/affaire-de-lanesthesiant-perime-explications-de-said-aidi\/","title":{"rendered":"Affaire de l&rsquo;anesth\u00e9siant p\u00e9rim\u00e9 : Explications de Sa\u00efd Aidi"},"content":{"rendered":"<p><img loading=\"lazy\" decoding=\"async\" class=\"alignnone size-full wp-image-41794 aligncenter\" src=\"http:\/\/kapitalis.com\/tunisie\/wp-content\/uploads\/2016\/03\/Sa\u00efd-A\u00efdi.jpg\" alt=\"Sa\u00efd A\u00efdi\" width=\"626\" height=\"380\" \/><\/p>\n<p><em><strong>L\u2019anesth\u00e9siant p\u00e9rim\u00e9, qui a caus\u00e9 la mort d\u2019une patiente le 2 d\u00e9cembre 2014, avait re\u00e7u une autorisation de mise sur le march\u00e9 international depuis 2004.<\/strong> <\/em><\/p>\n<p><!--more--><\/p>\n<p>C\u2019est ce qu\u2019a expliqu\u00e9 le ministre de la Sant\u00e9, Said A\u00efdi, mardi, \u00e0 Mosa\u00efque FM, en r\u00e9ponse \u00e0 cette nouvelle pol\u00e9mique qui secoue le secteur de la sant\u00e9 apr\u00e8s celle des stents p\u00e9rim\u00e9s implant\u00e9s \u00e0 des patients dans des cliniques priv\u00e9es, ajoutant: \u00ab<em>Apr\u00e8s ce cas de d\u00e9c\u00e8s, il a aussit\u00f4t \u00e9t\u00e9 d\u00e9cid\u00e9 d\u2019interdire cet anesth\u00e9siant.\u00bb<\/em> Un laboratoire canadien a \u00e9mis, le jour du drame, une mise en garde contre l\u2019utilisation de ce produit, a-t-il aussi expliqu\u00e9.<\/p>\n<p><em>\u00abEn f\u00e9vrier 2015, notre d\u00e9partement a proc\u00e9d\u00e9 au retrait de tous les lots de ce produits des \u00e9tablissements hospitaliers\u00bb<\/em> a assur\u00e9 M. A\u00efdi, indiquant, par ailleurs, que cette affaire a bien \u00e9t\u00e9 remise \u00e0 la justice qui n\u2019est pas encore parvenue \u00e0 fournir de preuves formelles d\u2019un lien de causalit\u00e9 direct entre le produit en question et le d\u00e9c\u00e8s de la patiente.<\/p>\n<p><em>\u00abAucune intervention m\u00e9dicale n\u2019est sans risque\u00bb,<\/em> a-t-il soulign\u00e9 le ministre de la Sant\u00e9, ajoutant que si cette affaire a \u00e9clat\u00e9 \u00e0 ce moment pr\u00e9cis, c\u2019est bien dans le cadre d\u2019une campagne men\u00e9e pour le discr\u00e9diter.<\/p>\n<p>Le Pdg de la Pharmacie centrale, Amine Moulahi, a indiqu\u00e9, de son c\u00f4t\u00e9, que toutes les informations qui circulent autour de cette affaire sont <em>\u00abfloues\u00bb<\/em> et <em>\u00abimpr\u00e9cises\u00bb<\/em>, dans la mesure o\u00f9 aucune analyse n\u2019a \u00e9t\u00e9 effectu\u00e9e pour v\u00e9rifier s\u2019il s\u2019agit ou pas, dans le cas concern\u00e9, d\u2019un anesth\u00e9siant p\u00e9rim\u00e9. Il faut \u00e9galement que cette analyse soit valid\u00e9e par un laboratoire agr\u00e9\u00e9, a-t-il ajout\u00e9.<\/p>\n<p>M. Moulahi avait, par ailleurs, indiqu\u00e9, dans une d\u00e9claration \u00e0 Kapitalis, que la Pharmacie centrale demeure la seule partie autoris\u00e9e \u00e0 importer et distribuer les m\u00e9dicaments dans les secteurs public et priv\u00e9, pr\u00e9cisant qu\u2019elle dispose de toutes les donn\u00e9es relatives aux produits m\u00e9dicaux qui passent par ses circuits, dont l\u2019anesth\u00e9siant en question.<\/p>\n<p>La Pharmacie centrale, a-t-il dit, pr\u00e9sente une garantie de la qualit\u00e9 et de la validit\u00e9 des produits qu\u2019elle commercialise, soulignant que toutes les op\u00e9rations passent imp\u00e9rativement par la commission sup\u00e9rieure des march\u00e9s publics relevant du minist\u00e8re de la Gouvernance et de la Lutte contre la corruption.<\/p>\n<p>De son c\u00f4t\u00e9, le porte-parole du Tribunal de premi\u00e8re instance de Tunis, Sofien Selliti, a indiqu\u00e9, dans un communiqu\u00e9, que le parquet a ordonn\u00e9 l\u2019ouverture d\u2019une enqu\u00eate pour <em>\u00abhomicide involontaire commis ou caus\u00e9 par maladresse, imprudence, n\u00e9gligence, inattention ou inobservation\u00bb<\/em> (article 217 du code p\u00e9nal), \u00e0 la suite du d\u00e9c\u00e8s cit\u00e9 ci-haut.<\/p>\n<p>Les r\u00e9sultats de l\u2019enqu\u00eate ont r\u00e9v\u00e9l\u00e9 que les causes apparentes de la mort ne sont pas li\u00e9es \u00e0 une erreur humaine, a-t-il pr\u00e9cis\u00e9, et la composition d\u2019un m\u00e9dicament administr\u00e9 \u00e0 la malade pourrait \u00eatre \u00e0 l\u2019origine du d\u00e9c\u00e8s.<\/p>\n<p>Selon la m\u00eame source, les r\u00e9sultats de l\u2019enqu\u00eate ont \u00e9galement r\u00e9v\u00e9l\u00e9 que la Commission d\u2019achat des m\u00e9dicaments (CAM) a import\u00e9 cet anesth\u00e9siant d\u2019un laboratoire \u00e9tranger pour le compte de la Pharmacie centrale. Suite \u00e0 une correspondance avec ce laboratoire, il s\u2019est av\u00e9r\u00e9 que ce produit pr\u00e9sentait une anomalie au niveau de sa composition. Il avait alors \u00e9t\u00e9 retir\u00e9 de tous les h\u00f4pitaux, a affirm\u00e9 M. Selliti, en soulign\u00e9, par ailleurs, que l\u2019enqu\u00eate se poursuit au sein de la sous-direction des affaires criminelles de la garde nationale de Ben Arous, en vertu d\u2019un mandat du juge d\u2019instruction pr\u00e8s du Tribunal de premi\u00e8re instance de Tunis, qui est en charge du dossier.<\/p>\n<p>C\u2019est le magistrat Ahmed Rahmouni, pr\u00e9sident de l\u2019Observatoire tunisien de l\u2019ind\u00e9pendance de la justice (Otij), qui a r\u00e9v\u00e9l\u00e9 l\u2019affaire de l\u2019anesth\u00e9siant p\u00e9rim\u00e9, pr\u00e9cisant que la justice est en train d\u2019examiner plusieurs affaires en rapport avec l\u2019utilisation de ce produit qui aurait caus\u00e9 plusieurs d\u00e9c\u00e8s.<\/p>\n<p style=\"text-align: right;\"><strong>I. B.<\/strong> (avec Tap).<\/p>\n","protected":false},"excerpt":{"rendered":"<p>L\u2019anesth\u00e9siant p\u00e9rim\u00e9, qui a caus\u00e9 la mort d\u2019une patiente le 2 d\u00e9cembre 2014, avait re\u00e7u une autorisation de mise sur le march\u00e9 international depuis 2004.<\/p>\n","protected":false},"author":8,"featured_media":0,"comment_status":"open","ping_status":"open","sticky":false,"template":"","format":"standard","meta":{"footnotes":""},"categories":[998,2433],"tags":[2320,21467,2521,13706,2012,810,19609],"class_list":["post-60811","post","type-post","status-publish","format-standard","hentry","category-societe","category-tunisie","tag-ahmed-rahmouni","tag-anesthesiant-perime","tag-cnam","tag-pharmacie-centrale","tag-said-aidi","tag-sante","tag-stents-perimes"],"yoast_head":"<!-- This site is optimized with the Yoast SEO plugin v26.6 - https:\/\/yoast.com\/wordpress\/plugins\/seo\/ -->\n<title>Affaire de l&#039;anesth\u00e9siant p\u00e9rim\u00e9 : Explications de Sa\u00efd Aidi - Kapitalis<\/title>\n<meta name=\"robots\" content=\"index, follow, max-snippet:-1, max-image-preview:large, max-video-preview:-1\" \/>\n<link rel=\"canonical\" href=\"https:\/\/kapitalis.com\/tunisie\/2016\/08\/10\/affaire-de-lanesthesiant-perime-explications-de-said-aidi\/\" \/>\n<meta property=\"og:locale\" content=\"fr_FR\" \/>\n<meta property=\"og:type\" content=\"article\" \/>\n<meta property=\"og:title\" content=\"Affaire de l&#039;anesth\u00e9siant p\u00e9rim\u00e9 : Explications de Sa\u00efd Aidi - Kapitalis\" \/>\n<meta property=\"og:description\" content=\"L\u2019anesth\u00e9siant p\u00e9rim\u00e9, qui a caus\u00e9 la mort d\u2019une patiente le 2 d\u00e9cembre 2014, avait re\u00e7u une autorisation de mise sur le march\u00e9 international depuis 2004.\" \/>\n<meta property=\"og:url\" content=\"https:\/\/kapitalis.com\/tunisie\/2016\/08\/10\/affaire-de-lanesthesiant-perime-explications-de-said-aidi\/\" \/>\n<meta property=\"og:site_name\" content=\"Kapitalis\" \/>\n<meta property=\"article:publisher\" content=\"https:\/\/www.facebook.com\/KapitalisInfo\/\" \/>\n<meta property=\"article:published_time\" content=\"2016-08-10T07:34:45+00:00\" \/>\n<meta property=\"og:image\" content=\"https:\/\/kapitalis.com\/tunisie\/wp-content\/uploads\/2022\/05\/kapitalis-logo-fb.png\" \/>\n\t<meta property=\"og:image:width\" content=\"1200\" \/>\n\t<meta property=\"og:image:height\" content=\"630\" \/>\n\t<meta property=\"og:image:type\" content=\"image\/png\" \/>\n<meta name=\"author\" content=\"webmaster kapitalis\" \/>\n<meta name=\"twitter:card\" content=\"summary_large_image\" \/>\n<meta name=\"twitter:creator\" content=\"@KapitalisInfo\" \/>\n<meta name=\"twitter:site\" content=\"@KapitalisInfo\" \/>\n<meta name=\"twitter:label1\" content=\"\u00c9crit par\" \/>\n\t<meta name=\"twitter:data1\" content=\"webmaster kapitalis\" \/>\n\t<meta name=\"twitter:label2\" content=\"Dur\u00e9e de lecture estim\u00e9e\" \/>\n\t<meta name=\"twitter:data2\" content=\"4 minutes\" \/>\n<script type=\"application\/ld+json\" class=\"yoast-schema-graph\">{\"@context\":\"https:\/\/schema.org\",\"@graph\":[{\"@type\":\"Article\",\"@id\":\"https:\/\/kapitalis.com\/tunisie\/2016\/08\/10\/affaire-de-lanesthesiant-perime-explications-de-said-aidi\/#article\",\"isPartOf\":{\"@id\":\"https:\/\/kapitalis.com\/tunisie\/2016\/08\/10\/affaire-de-lanesthesiant-perime-explications-de-said-aidi\/\"},\"author\":{\"name\":\"webmaster kapitalis\",\"@id\":\"https:\/\/kapitalis.com\/tunisie\/#\/schema\/person\/d71f33a9ca44f7bad4698210b480c8e9\"},\"headline\":\"Affaire de l&rsquo;anesth\u00e9siant p\u00e9rim\u00e9 : Explications de Sa\u00efd Aidi\",\"datePublished\":\"2016-08-10T07:34:45+00:00\",\"mainEntityOfPage\":{\"@id\":\"https:\/\/kapitalis.com\/tunisie\/2016\/08\/10\/affaire-de-lanesthesiant-perime-explications-de-said-aidi\/\"},\"wordCount\":724,\"commentCount\":1,\"publisher\":{\"@id\":\"https:\/\/kapitalis.com\/tunisie\/#organization\"},\"keywords\":[\"Ahmed Rahmouni\",\"anesth\u00e9siant p\u00e9rim\u00e9\",\"CNAM\",\"Pharmacie Centrale\",\"Sa\u00efd A\u00efdi\",\"Sant\u00e9\",\"stents p\u00e9rim\u00e9s\"],\"articleSection\":[\"SOCIETE\",\"Tunisie\"],\"inLanguage\":\"fr-FR\",\"potentialAction\":[{\"@type\":\"CommentAction\",\"name\":\"Comment\",\"target\":[\"https:\/\/kapitalis.com\/tunisie\/2016\/08\/10\/affaire-de-lanesthesiant-perime-explications-de-said-aidi\/#respond\"]}]},{\"@type\":\"WebPage\",\"@id\":\"https:\/\/kapitalis.com\/tunisie\/2016\/08\/10\/affaire-de-lanesthesiant-perime-explications-de-said-aidi\/\",\"url\":\"https:\/\/kapitalis.com\/tunisie\/2016\/08\/10\/affaire-de-lanesthesiant-perime-explications-de-said-aidi\/\",\"name\":\"Affaire de l'anesth\u00e9siant p\u00e9rim\u00e9 : Explications de Sa\u00efd Aidi - Kapitalis\",\"isPartOf\":{\"@id\":\"https:\/\/kapitalis.com\/tunisie\/#website\"},\"datePublished\":\"2016-08-10T07:34:45+00:00\",\"breadcrumb\":{\"@id\":\"https:\/\/kapitalis.com\/tunisie\/2016\/08\/10\/affaire-de-lanesthesiant-perime-explications-de-said-aidi\/#breadcrumb\"},\"inLanguage\":\"fr-FR\",\"potentialAction\":[{\"@type\":\"ReadAction\",\"target\":[\"https:\/\/kapitalis.com\/tunisie\/2016\/08\/10\/affaire-de-lanesthesiant-perime-explications-de-said-aidi\/\"]}]},{\"@type\":\"BreadcrumbList\",\"@id\":\"https:\/\/kapitalis.com\/tunisie\/2016\/08\/10\/affaire-de-lanesthesiant-perime-explications-de-said-aidi\/#breadcrumb\",\"itemListElement\":[{\"@type\":\"ListItem\",\"position\":1,\"name\":\"Accueil\",\"item\":\"https:\/\/kapitalis.com\/tunisie\/\"},{\"@type\":\"ListItem\",\"position\":2,\"name\":\"Affaire de l&rsquo;anesth\u00e9siant p\u00e9rim\u00e9 : Explications de Sa\u00efd Aidi\"}]},{\"@type\":\"WebSite\",\"@id\":\"https:\/\/kapitalis.com\/tunisie\/#website\",\"url\":\"https:\/\/kapitalis.com\/tunisie\/\",\"name\":\"Kapitalis\",\"description\":\"L&#039;actualit\u00e9 en Tunisie et dans le monde\",\"publisher\":{\"@id\":\"https:\/\/kapitalis.com\/tunisie\/#organization\"},\"potentialAction\":[{\"@type\":\"SearchAction\",\"target\":{\"@type\":\"EntryPoint\",\"urlTemplate\":\"https:\/\/kapitalis.com\/tunisie\/?s={search_term_string}\"},\"query-input\":{\"@type\":\"PropertyValueSpecification\",\"valueRequired\":true,\"valueName\":\"search_term_string\"}}],\"inLanguage\":\"fr-FR\"},{\"@type\":\"Organization\",\"@id\":\"https:\/\/kapitalis.com\/tunisie\/#organization\",\"name\":\"Kapitalis\",\"url\":\"https:\/\/kapitalis.com\/tunisie\/\",\"logo\":{\"@type\":\"ImageObject\",\"inLanguage\":\"fr-FR\",\"@id\":\"https:\/\/kapitalis.com\/tunisie\/#\/schema\/logo\/image\/\",\"url\":\"https:\/\/kapitalis.com\/tunisie\/wp-content\/uploads\/2022\/05\/Kapitalis-big-size.png\",\"contentUrl\":\"https:\/\/kapitalis.com\/tunisie\/wp-content\/uploads\/2022\/05\/Kapitalis-big-size.png\",\"width\":5000,\"height\":1500,\"caption\":\"Kapitalis\"},\"image\":{\"@id\":\"https:\/\/kapitalis.com\/tunisie\/#\/schema\/logo\/image\/\"},\"sameAs\":[\"https:\/\/www.facebook.com\/KapitalisInfo\/\",\"https:\/\/x.com\/KapitalisInfo\",\"https:\/\/www.youtube.com\/channel\/UC-yDYrHyfFBWWZaOw3FPg9Q\"]},{\"@type\":\"Person\",\"@id\":\"https:\/\/kapitalis.com\/tunisie\/#\/schema\/person\/d71f33a9ca44f7bad4698210b480c8e9\",\"name\":\"webmaster kapitalis\",\"url\":\"https:\/\/kapitalis.com\/tunisie\/author\/webmaster-kapitalis\/\"}]}<\/script>\n<!-- \/ Yoast SEO plugin. -->","yoast_head_json":{"title":"Affaire de l'anesth\u00e9siant p\u00e9rim\u00e9 : Explications de Sa\u00efd Aidi - Kapitalis","robots":{"index":"index","follow":"follow","max-snippet":"max-snippet:-1","max-image-preview":"max-image-preview:large","max-video-preview":"max-video-preview:-1"},"canonical":"https:\/\/kapitalis.com\/tunisie\/2016\/08\/10\/affaire-de-lanesthesiant-perime-explications-de-said-aidi\/","og_locale":"fr_FR","og_type":"article","og_title":"Affaire de l'anesth\u00e9siant p\u00e9rim\u00e9 : Explications de Sa\u00efd Aidi - Kapitalis","og_description":"L\u2019anesth\u00e9siant p\u00e9rim\u00e9, qui a caus\u00e9 la mort d\u2019une patiente le 2 d\u00e9cembre 2014, avait re\u00e7u une autorisation de mise sur le march\u00e9 international depuis 2004.","og_url":"https:\/\/kapitalis.com\/tunisie\/2016\/08\/10\/affaire-de-lanesthesiant-perime-explications-de-said-aidi\/","og_site_name":"Kapitalis","article_publisher":"https:\/\/www.facebook.com\/KapitalisInfo\/","article_published_time":"2016-08-10T07:34:45+00:00","og_image":[{"width":1200,"height":630,"url":"https:\/\/kapitalis.com\/tunisie\/wp-content\/uploads\/2022\/05\/kapitalis-logo-fb.png","type":"image\/png"}],"author":"webmaster kapitalis","twitter_card":"summary_large_image","twitter_creator":"@KapitalisInfo","twitter_site":"@KapitalisInfo","twitter_misc":{"\u00c9crit par":"webmaster kapitalis","Dur\u00e9e de lecture estim\u00e9e":"4 minutes"},"schema":{"@context":"https:\/\/schema.org","@graph":[{"@type":"Article","@id":"https:\/\/kapitalis.com\/tunisie\/2016\/08\/10\/affaire-de-lanesthesiant-perime-explications-de-said-aidi\/#article","isPartOf":{"@id":"https:\/\/kapitalis.com\/tunisie\/2016\/08\/10\/affaire-de-lanesthesiant-perime-explications-de-said-aidi\/"},"author":{"name":"webmaster kapitalis","@id":"https:\/\/kapitalis.com\/tunisie\/#\/schema\/person\/d71f33a9ca44f7bad4698210b480c8e9"},"headline":"Affaire de l&rsquo;anesth\u00e9siant p\u00e9rim\u00e9 : Explications de Sa\u00efd Aidi","datePublished":"2016-08-10T07:34:45+00:00","mainEntityOfPage":{"@id":"https:\/\/kapitalis.com\/tunisie\/2016\/08\/10\/affaire-de-lanesthesiant-perime-explications-de-said-aidi\/"},"wordCount":724,"commentCount":1,"publisher":{"@id":"https:\/\/kapitalis.com\/tunisie\/#organization"},"keywords":["Ahmed Rahmouni","anesth\u00e9siant p\u00e9rim\u00e9","CNAM","Pharmacie Centrale","Sa\u00efd A\u00efdi","Sant\u00e9","stents p\u00e9rim\u00e9s"],"articleSection":["SOCIETE","Tunisie"],"inLanguage":"fr-FR","potentialAction":[{"@type":"CommentAction","name":"Comment","target":["https:\/\/kapitalis.com\/tunisie\/2016\/08\/10\/affaire-de-lanesthesiant-perime-explications-de-said-aidi\/#respond"]}]},{"@type":"WebPage","@id":"https:\/\/kapitalis.com\/tunisie\/2016\/08\/10\/affaire-de-lanesthesiant-perime-explications-de-said-aidi\/","url":"https:\/\/kapitalis.com\/tunisie\/2016\/08\/10\/affaire-de-lanesthesiant-perime-explications-de-said-aidi\/","name":"Affaire de l'anesth\u00e9siant p\u00e9rim\u00e9 : Explications de Sa\u00efd Aidi - Kapitalis","isPartOf":{"@id":"https:\/\/kapitalis.com\/tunisie\/#website"},"datePublished":"2016-08-10T07:34:45+00:00","breadcrumb":{"@id":"https:\/\/kapitalis.com\/tunisie\/2016\/08\/10\/affaire-de-lanesthesiant-perime-explications-de-said-aidi\/#breadcrumb"},"inLanguage":"fr-FR","potentialAction":[{"@type":"ReadAction","target":["https:\/\/kapitalis.com\/tunisie\/2016\/08\/10\/affaire-de-lanesthesiant-perime-explications-de-said-aidi\/"]}]},{"@type":"BreadcrumbList","@id":"https:\/\/kapitalis.com\/tunisie\/2016\/08\/10\/affaire-de-lanesthesiant-perime-explications-de-said-aidi\/#breadcrumb","itemListElement":[{"@type":"ListItem","position":1,"name":"Accueil","item":"https:\/\/kapitalis.com\/tunisie\/"},{"@type":"ListItem","position":2,"name":"Affaire de l&rsquo;anesth\u00e9siant p\u00e9rim\u00e9 : Explications de Sa\u00efd Aidi"}]},{"@type":"WebSite","@id":"https:\/\/kapitalis.com\/tunisie\/#website","url":"https:\/\/kapitalis.com\/tunisie\/","name":"Kapitalis","description":"L&#039;actualit\u00e9 en Tunisie et dans le monde","publisher":{"@id":"https:\/\/kapitalis.com\/tunisie\/#organization"},"potentialAction":[{"@type":"SearchAction","target":{"@type":"EntryPoint","urlTemplate":"https:\/\/kapitalis.com\/tunisie\/?s={search_term_string}"},"query-input":{"@type":"PropertyValueSpecification","valueRequired":true,"valueName":"search_term_string"}}],"inLanguage":"fr-FR"},{"@type":"Organization","@id":"https:\/\/kapitalis.com\/tunisie\/#organization","name":"Kapitalis","url":"https:\/\/kapitalis.com\/tunisie\/","logo":{"@type":"ImageObject","inLanguage":"fr-FR","@id":"https:\/\/kapitalis.com\/tunisie\/#\/schema\/logo\/image\/","url":"https:\/\/kapitalis.com\/tunisie\/wp-content\/uploads\/2022\/05\/Kapitalis-big-size.png","contentUrl":"https:\/\/kapitalis.com\/tunisie\/wp-content\/uploads\/2022\/05\/Kapitalis-big-size.png","width":5000,"height":1500,"caption":"Kapitalis"},"image":{"@id":"https:\/\/kapitalis.com\/tunisie\/#\/schema\/logo\/image\/"},"sameAs":["https:\/\/www.facebook.com\/KapitalisInfo\/","https:\/\/x.com\/KapitalisInfo","https:\/\/www.youtube.com\/channel\/UC-yDYrHyfFBWWZaOw3FPg9Q"]},{"@type":"Person","@id":"https:\/\/kapitalis.com\/tunisie\/#\/schema\/person\/d71f33a9ca44f7bad4698210b480c8e9","name":"webmaster kapitalis","url":"https:\/\/kapitalis.com\/tunisie\/author\/webmaster-kapitalis\/"}]}},"_links":{"self":[{"href":"https:\/\/kapitalis.com\/tunisie\/wp-json\/wp\/v2\/posts\/60811","targetHints":{"allow":["GET"]}}],"collection":[{"href":"https:\/\/kapitalis.com\/tunisie\/wp-json\/wp\/v2\/posts"}],"about":[{"href":"https:\/\/kapitalis.com\/tunisie\/wp-json\/wp\/v2\/types\/post"}],"author":[{"embeddable":true,"href":"https:\/\/kapitalis.com\/tunisie\/wp-json\/wp\/v2\/users\/8"}],"replies":[{"embeddable":true,"href":"https:\/\/kapitalis.com\/tunisie\/wp-json\/wp\/v2\/comments?post=60811"}],"version-history":[{"count":0,"href":"https:\/\/kapitalis.com\/tunisie\/wp-json\/wp\/v2\/posts\/60811\/revisions"}],"wp:attachment":[{"href":"https:\/\/kapitalis.com\/tunisie\/wp-json\/wp\/v2\/media?parent=60811"}],"wp:term":[{"taxonomy":"category","embeddable":true,"href":"https:\/\/kapitalis.com\/tunisie\/wp-json\/wp\/v2\/categories?post=60811"},{"taxonomy":"post_tag","embeddable":true,"href":"https:\/\/kapitalis.com\/tunisie\/wp-json\/wp\/v2\/tags?post=60811"}],"curies":[{"name":"wp","href":"https:\/\/api.w.org\/{rel}","templated":true}]}}