{"id":6082108,"date":"2023-01-16T17:18:58","date_gmt":"2023-01-16T16:18:58","guid":{"rendered":"https:\/\/kapitalis.com\/tunisie\/?p=6082108"},"modified":"2023-01-16T17:37:31","modified_gmt":"2023-01-16T16:37:31","slug":"meteo-tunisie-pluies-vents-forts-et-baisse-des-temperatures-a-partir-du-mercredi-18-janvier","status":"publish","type":"post","link":"https:\/\/kapitalis.com\/tunisie\/2023\/01\/16\/meteo-tunisie-pluies-vents-forts-et-baisse-des-temperatures-a-partir-du-mercredi-18-janvier\/","title":{"rendered":"M\u00e9t\u00e9o-Tunisie : Pluies, vents forts et baisse des temp\u00e9ratures \u00e0 partir du mercredi 18 janvier"},"content":{"rendered":"\n<p><em><strong>A partir du mercredi 18 janvier 2023, des pluies parfois orageuses, des vents forts et une baisse des temp\u00e9ratures sont attendus en Tunisie, et en particulier au nord et au centre du pays.<\/strong><\/em><\/p>\n\n\n\n<!--more-->\n\n\n\n<p>C&rsquo;est ce qu&rsquo;annonce l&rsquo;Institut national de m\u00e9t\u00e9orologie (INM) dans un bulletin m\u00e9t\u00e9o publi\u00e9 ce lundi 16 janvier, en pr\u00e9cisant que les pr\u00e9cipitations seront abondantes et accompagn\u00e9es de chutes de gr\u00eale dans l\u2019extr\u00eame Nord<\/p>\n\n\n\n<p>Quant aux temp\u00e9ratures, elles seront comprises entre 8 et 14\u00b0C, et ne d\u00e9passeront pas 5\u00b0C dans les hauteurs du Nord-Ouest, sachant que les vents souffleront fort atteignant 70km\/h et 90km\/h, par endroits.<\/p>\n\n\n\n<p>La m\u00eame source pr\u00e9cise que ce temps froid et pluvieux se poursuivra samedi et dimanche prochains.<\/p>\n\n\n\n<p class=\"has-text-align-right\"><strong>Y. N.<\/strong><\/p>\n","protected":false},"excerpt":{"rendered":"<p>M\u00e9t\u00e9o-Tunisie : Pluies, vents forts et baisse des temp\u00e9ratures \u00e0 partir du mercredi 18 janvier<\/p>\n","protected":false},"author":6,"featured_media":958413,"comment_status":"open","ping_status":"open","sticky":false,"template":"","format":"standard","meta":{"footnotes":""},"categories":[998,2433],"tags":[70381,12804,603,26922,1664,62643,4029],"class_list":["post-6082108","post","type-post","status-publish","format-standard","has-post-thumbnail","hentry","category-societe","category-tunisie","tag-baisse-des-temperatures","tag-froid","tag-meteo","tag-nord","tag-pluies","tag-tunisie","tag-vents"],"yoast_head":"<!-- This site is optimized with the Yoast SEO plugin v26.6 - https:\/\/yoast.com\/wordpress\/plugins\/seo\/ -->\n<title>M\u00e9t\u00e9o-Tunisie : Pluies, vents forts et baisse des temp\u00e9ratures \u00e0 partir du mercredi 18 janvier - Kapitalis<\/title>\n<meta name=\"description\" content=\"A partir du mercredi 18 janvier 2023, des pluies parfois orageuses, des vents forts et une baisse des temp\u00e9ratures sont attendus en Tunisie, et en particulier au nord et au centre du pays.\" \/>\n<meta name=\"robots\" content=\"index, follow, max-snippet:-1, max-image-preview:large, max-video-preview:-1\" \/>\n<link rel=\"canonical\" href=\"https:\/\/kapitalis.com\/tunisie\/2023\/01\/16\/meteo-tunisie-pluies-vents-forts-et-baisse-des-temperatures-a-partir-du-mercredi-18-janvier\/\" \/>\n<meta property=\"og:locale\" content=\"fr_FR\" \/>\n<meta property=\"og:type\" content=\"article\" \/>\n<meta property=\"og:title\" content=\"M\u00e9t\u00e9o-Tunisie : Pluies, vents forts et baisse des temp\u00e9ratures \u00e0 partir du mercredi 18 janvier - Kapitalis\" \/>\n<meta property=\"og:description\" content=\"A partir du mercredi 18 janvier 2023, des pluies parfois orageuses, des vents forts et une baisse des temp\u00e9ratures sont attendus en Tunisie, et en particulier au nord et au centre du pays.\" \/>\n<meta property=\"og:url\" content=\"https:\/\/kapitalis.com\/tunisie\/2023\/01\/16\/meteo-tunisie-pluies-vents-forts-et-baisse-des-temperatures-a-partir-du-mercredi-18-janvier\/\" \/>\n<meta property=\"og:site_name\" content=\"Kapitalis\" \/>\n<meta property=\"article:publisher\" content=\"https:\/\/www.facebook.com\/KapitalisInfo\/\" \/>\n<meta property=\"article:published_time\" content=\"2023-01-16T16:18:58+00:00\" \/>\n<meta property=\"article:modified_time\" content=\"2023-01-16T16:37:31+00:00\" \/>\n<meta property=\"og:image\" content=\"https:\/\/kapitalis.com\/tunisie\/wp-content\/uploads\/2022\/05\/pluies-meteo.jpg\" \/>\n\t<meta property=\"og:image:width\" content=\"1200\" \/>\n\t<meta property=\"og:image:height\" content=\"630\" \/>\n\t<meta property=\"og:image:type\" content=\"image\/jpeg\" \/>\n<meta name=\"author\" content=\"Yusra NY\" \/>\n<meta name=\"twitter:card\" content=\"summary_large_image\" \/>\n<meta name=\"twitter:creator\" content=\"@KapitalisInfo\" \/>\n<meta name=\"twitter:site\" content=\"@KapitalisInfo\" \/>\n<meta name=\"twitter:label1\" content=\"\u00c9crit par\" \/>\n\t<meta name=\"twitter:data1\" content=\"Yusra NY\" \/>\n\t<meta name=\"twitter:label2\" content=\"Dur\u00e9e de lecture estim\u00e9e\" \/>\n\t<meta name=\"twitter:data2\" content=\"1 minute\" \/>\n<script type=\"application\/ld+json\" class=\"yoast-schema-graph\">{\"@context\":\"https:\/\/schema.org\",\"@graph\":[{\"@type\":\"Article\",\"@id\":\"https:\/\/kapitalis.com\/tunisie\/2023\/01\/16\/meteo-tunisie-pluies-vents-forts-et-baisse-des-temperatures-a-partir-du-mercredi-18-janvier\/#article\",\"isPartOf\":{\"@id\":\"https:\/\/kapitalis.com\/tunisie\/2023\/01\/16\/meteo-tunisie-pluies-vents-forts-et-baisse-des-temperatures-a-partir-du-mercredi-18-janvier\/\"},\"author\":{\"name\":\"Yusra NY\",\"@id\":\"https:\/\/kapitalis.com\/tunisie\/#\/schema\/person\/74bbde0154d49d790a92aaeac5bc01d5\"},\"headline\":\"M\u00e9t\u00e9o-Tunisie : Pluies, vents forts et baisse des temp\u00e9ratures \u00e0 partir du mercredi 18 janvier\",\"datePublished\":\"2023-01-16T16:18:58+00:00\",\"dateModified\":\"2023-01-16T16:37:31+00:00\",\"mainEntityOfPage\":{\"@id\":\"https:\/\/kapitalis.com\/tunisie\/2023\/01\/16\/meteo-tunisie-pluies-vents-forts-et-baisse-des-temperatures-a-partir-du-mercredi-18-janvier\/\"},\"wordCount\":144,\"commentCount\":0,\"publisher\":{\"@id\":\"https:\/\/kapitalis.com\/tunisie\/#organization\"},\"image\":{\"@id\":\"https:\/\/kapitalis.com\/tunisie\/2023\/01\/16\/meteo-tunisie-pluies-vents-forts-et-baisse-des-temperatures-a-partir-du-mercredi-18-janvier\/#primaryimage\"},\"thumbnailUrl\":\"https:\/\/kapitalis.com\/tunisie\/wp-content\/uploads\/2022\/05\/pluies-meteo.jpg\",\"keywords\":[\"baisse des temp\u00e9ratures\",\"froid\",\"m\u00e9t\u00e9o\",\"nord\",\"pluies\",\"Tunisie\",\"vents\"],\"articleSection\":[\"SOCIETE\",\"Tunisie\"],\"inLanguage\":\"fr-FR\",\"potentialAction\":[{\"@type\":\"CommentAction\",\"name\":\"Comment\",\"target\":[\"https:\/\/kapitalis.com\/tunisie\/2023\/01\/16\/meteo-tunisie-pluies-vents-forts-et-baisse-des-temperatures-a-partir-du-mercredi-18-janvier\/#respond\"]}]},{\"@type\":\"WebPage\",\"@id\":\"https:\/\/kapitalis.com\/tunisie\/2023\/01\/16\/meteo-tunisie-pluies-vents-forts-et-baisse-des-temperatures-a-partir-du-mercredi-18-janvier\/\",\"url\":\"https:\/\/kapitalis.com\/tunisie\/2023\/01\/16\/meteo-tunisie-pluies-vents-forts-et-baisse-des-temperatures-a-partir-du-mercredi-18-janvier\/\",\"name\":\"M\u00e9t\u00e9o-Tunisie : Pluies, vents forts et baisse des temp\u00e9ratures \u00e0 partir du mercredi 18 janvier - Kapitalis\",\"isPartOf\":{\"@id\":\"https:\/\/kapitalis.com\/tunisie\/#website\"},\"primaryImageOfPage\":{\"@id\":\"https:\/\/kapitalis.com\/tunisie\/2023\/01\/16\/meteo-tunisie-pluies-vents-forts-et-baisse-des-temperatures-a-partir-du-mercredi-18-janvier\/#primaryimage\"},\"image\":{\"@id\":\"https:\/\/kapitalis.com\/tunisie\/2023\/01\/16\/meteo-tunisie-pluies-vents-forts-et-baisse-des-temperatures-a-partir-du-mercredi-18-janvier\/#primaryimage\"},\"thumbnailUrl\":\"https:\/\/kapitalis.com\/tunisie\/wp-content\/uploads\/2022\/05\/pluies-meteo.jpg\",\"datePublished\":\"2023-01-16T16:18:58+00:00\",\"dateModified\":\"2023-01-16T16:37:31+00:00\",\"description\":\"A partir du mercredi 18 janvier 2023, des pluies parfois orageuses, des vents forts et une baisse des temp\u00e9ratures sont attendus en Tunisie, et en particulier au nord et au centre du pays.\",\"breadcrumb\":{\"@id\":\"https:\/\/kapitalis.com\/tunisie\/2023\/01\/16\/meteo-tunisie-pluies-vents-forts-et-baisse-des-temperatures-a-partir-du-mercredi-18-janvier\/#breadcrumb\"},\"inLanguage\":\"fr-FR\",\"potentialAction\":[{\"@type\":\"ReadAction\",\"target\":[\"https:\/\/kapitalis.com\/tunisie\/2023\/01\/16\/meteo-tunisie-pluies-vents-forts-et-baisse-des-temperatures-a-partir-du-mercredi-18-janvier\/\"]}]},{\"@type\":\"ImageObject\",\"inLanguage\":\"fr-FR\",\"@id\":\"https:\/\/kapitalis.com\/tunisie\/2023\/01\/16\/meteo-tunisie-pluies-vents-forts-et-baisse-des-temperatures-a-partir-du-mercredi-18-janvier\/#primaryimage\",\"url\":\"https:\/\/kapitalis.com\/tunisie\/wp-content\/uploads\/2022\/05\/pluies-meteo.jpg\",\"contentUrl\":\"https:\/\/kapitalis.com\/tunisie\/wp-content\/uploads\/2022\/05\/pluies-meteo.jpg\",\"width\":1200,\"height\":630},{\"@type\":\"BreadcrumbList\",\"@id\":\"https:\/\/kapitalis.com\/tunisie\/2023\/01\/16\/meteo-tunisie-pluies-vents-forts-et-baisse-des-temperatures-a-partir-du-mercredi-18-janvier\/#breadcrumb\",\"itemListElement\":[{\"@type\":\"ListItem\",\"position\":1,\"name\":\"Accueil\",\"item\":\"https:\/\/kapitalis.com\/tunisie\/\"},{\"@type\":\"ListItem\",\"position\":2,\"name\":\"M\u00e9t\u00e9o-Tunisie : Pluies, vents forts et baisse des temp\u00e9ratures \u00e0 partir du mercredi 18 janvier\"}]},{\"@type\":\"WebSite\",\"@id\":\"https:\/\/kapitalis.com\/tunisie\/#website\",\"url\":\"https:\/\/kapitalis.com\/tunisie\/\",\"name\":\"Kapitalis\",\"description\":\"L&#039;actualit\u00e9 en Tunisie et dans le monde\",\"publisher\":{\"@id\":\"https:\/\/kapitalis.com\/tunisie\/#organization\"},\"potentialAction\":[{\"@type\":\"SearchAction\",\"target\":{\"@type\":\"EntryPoint\",\"urlTemplate\":\"https:\/\/kapitalis.com\/tunisie\/?s={search_term_string}\"},\"query-input\":{\"@type\":\"PropertyValueSpecification\",\"valueRequired\":true,\"valueName\":\"search_term_string\"}}],\"inLanguage\":\"fr-FR\"},{\"@type\":\"Organization\",\"@id\":\"https:\/\/kapitalis.com\/tunisie\/#organization\",\"name\":\"Kapitalis\",\"url\":\"https:\/\/kapitalis.com\/tunisie\/\",\"logo\":{\"@type\":\"ImageObject\",\"inLanguage\":\"fr-FR\",\"@id\":\"https:\/\/kapitalis.com\/tunisie\/#\/schema\/logo\/image\/\",\"url\":\"https:\/\/kapitalis.com\/tunisie\/wp-content\/uploads\/2022\/05\/Kapitalis-big-size.png\",\"contentUrl\":\"https:\/\/kapitalis.com\/tunisie\/wp-content\/uploads\/2022\/05\/Kapitalis-big-size.png\",\"width\":5000,\"height\":1500,\"caption\":\"Kapitalis\"},\"image\":{\"@id\":\"https:\/\/kapitalis.com\/tunisie\/#\/schema\/logo\/image\/\"},\"sameAs\":[\"https:\/\/www.facebook.com\/KapitalisInfo\/\",\"https:\/\/x.com\/KapitalisInfo\",\"https:\/\/www.youtube.com\/channel\/UC-yDYrHyfFBWWZaOw3FPg9Q\"]},{\"@type\":\"Person\",\"@id\":\"https:\/\/kapitalis.com\/tunisie\/#\/schema\/person\/74bbde0154d49d790a92aaeac5bc01d5\",\"name\":\"Yusra NY\",\"url\":\"https:\/\/kapitalis.com\/tunisie\/author\/yuza_adam\/\"}]}<\/script>\n<!-- \/ Yoast SEO plugin. -->","yoast_head_json":{"title":"M\u00e9t\u00e9o-Tunisie : Pluies, vents forts et baisse des temp\u00e9ratures \u00e0 partir du mercredi 18 janvier - Kapitalis","description":"A partir du mercredi 18 janvier 2023, des pluies parfois orageuses, des vents forts et une baisse des temp\u00e9ratures sont attendus en Tunisie, et en particulier au nord et au centre du pays.","robots":{"index":"index","follow":"follow","max-snippet":"max-snippet:-1","max-image-preview":"max-image-preview:large","max-video-preview":"max-video-preview:-1"},"canonical":"https:\/\/kapitalis.com\/tunisie\/2023\/01\/16\/meteo-tunisie-pluies-vents-forts-et-baisse-des-temperatures-a-partir-du-mercredi-18-janvier\/","og_locale":"fr_FR","og_type":"article","og_title":"M\u00e9t\u00e9o-Tunisie : Pluies, vents forts et baisse des temp\u00e9ratures \u00e0 partir du mercredi 18 janvier - Kapitalis","og_description":"A partir du mercredi 18 janvier 2023, des pluies parfois orageuses, des vents forts et une baisse des temp\u00e9ratures sont attendus en Tunisie, et en particulier au nord et au centre du pays.","og_url":"https:\/\/kapitalis.com\/tunisie\/2023\/01\/16\/meteo-tunisie-pluies-vents-forts-et-baisse-des-temperatures-a-partir-du-mercredi-18-janvier\/","og_site_name":"Kapitalis","article_publisher":"https:\/\/www.facebook.com\/KapitalisInfo\/","article_published_time":"2023-01-16T16:18:58+00:00","article_modified_time":"2023-01-16T16:37:31+00:00","og_image":[{"width":1200,"height":630,"url":"https:\/\/kapitalis.com\/tunisie\/wp-content\/uploads\/2022\/05\/pluies-meteo.jpg","type":"image\/jpeg"}],"author":"Yusra NY","twitter_card":"summary_large_image","twitter_creator":"@KapitalisInfo","twitter_site":"@KapitalisInfo","twitter_misc":{"\u00c9crit par":"Yusra NY","Dur\u00e9e de lecture estim\u00e9e":"1 minute"},"schema":{"@context":"https:\/\/schema.org","@graph":[{"@type":"Article","@id":"https:\/\/kapitalis.com\/tunisie\/2023\/01\/16\/meteo-tunisie-pluies-vents-forts-et-baisse-des-temperatures-a-partir-du-mercredi-18-janvier\/#article","isPartOf":{"@id":"https:\/\/kapitalis.com\/tunisie\/2023\/01\/16\/meteo-tunisie-pluies-vents-forts-et-baisse-des-temperatures-a-partir-du-mercredi-18-janvier\/"},"author":{"name":"Yusra NY","@id":"https:\/\/kapitalis.com\/tunisie\/#\/schema\/person\/74bbde0154d49d790a92aaeac5bc01d5"},"headline":"M\u00e9t\u00e9o-Tunisie : Pluies, vents forts et baisse des temp\u00e9ratures \u00e0 partir du mercredi 18 janvier","datePublished":"2023-01-16T16:18:58+00:00","dateModified":"2023-01-16T16:37:31+00:00","mainEntityOfPage":{"@id":"https:\/\/kapitalis.com\/tunisie\/2023\/01\/16\/meteo-tunisie-pluies-vents-forts-et-baisse-des-temperatures-a-partir-du-mercredi-18-janvier\/"},"wordCount":144,"commentCount":0,"publisher":{"@id":"https:\/\/kapitalis.com\/tunisie\/#organization"},"image":{"@id":"https:\/\/kapitalis.com\/tunisie\/2023\/01\/16\/meteo-tunisie-pluies-vents-forts-et-baisse-des-temperatures-a-partir-du-mercredi-18-janvier\/#primaryimage"},"thumbnailUrl":"https:\/\/kapitalis.com\/tunisie\/wp-content\/uploads\/2022\/05\/pluies-meteo.jpg","keywords":["baisse des temp\u00e9ratures","froid","m\u00e9t\u00e9o","nord","pluies","Tunisie","vents"],"articleSection":["SOCIETE","Tunisie"],"inLanguage":"fr-FR","potentialAction":[{"@type":"CommentAction","name":"Comment","target":["https:\/\/kapitalis.com\/tunisie\/2023\/01\/16\/meteo-tunisie-pluies-vents-forts-et-baisse-des-temperatures-a-partir-du-mercredi-18-janvier\/#respond"]}]},{"@type":"WebPage","@id":"https:\/\/kapitalis.com\/tunisie\/2023\/01\/16\/meteo-tunisie-pluies-vents-forts-et-baisse-des-temperatures-a-partir-du-mercredi-18-janvier\/","url":"https:\/\/kapitalis.com\/tunisie\/2023\/01\/16\/meteo-tunisie-pluies-vents-forts-et-baisse-des-temperatures-a-partir-du-mercredi-18-janvier\/","name":"M\u00e9t\u00e9o-Tunisie : Pluies, vents forts et baisse des temp\u00e9ratures \u00e0 partir du mercredi 18 janvier - Kapitalis","isPartOf":{"@id":"https:\/\/kapitalis.com\/tunisie\/#website"},"primaryImageOfPage":{"@id":"https:\/\/kapitalis.com\/tunisie\/2023\/01\/16\/meteo-tunisie-pluies-vents-forts-et-baisse-des-temperatures-a-partir-du-mercredi-18-janvier\/#primaryimage"},"image":{"@id":"https:\/\/kapitalis.com\/tunisie\/2023\/01\/16\/meteo-tunisie-pluies-vents-forts-et-baisse-des-temperatures-a-partir-du-mercredi-18-janvier\/#primaryimage"},"thumbnailUrl":"https:\/\/kapitalis.com\/tunisie\/wp-content\/uploads\/2022\/05\/pluies-meteo.jpg","datePublished":"2023-01-16T16:18:58+00:00","dateModified":"2023-01-16T16:37:31+00:00","description":"A partir du mercredi 18 janvier 2023, des pluies parfois orageuses, des vents forts et une baisse des temp\u00e9ratures sont attendus en Tunisie, et en particulier au nord et au centre du pays.","breadcrumb":{"@id":"https:\/\/kapitalis.com\/tunisie\/2023\/01\/16\/meteo-tunisie-pluies-vents-forts-et-baisse-des-temperatures-a-partir-du-mercredi-18-janvier\/#breadcrumb"},"inLanguage":"fr-FR","potentialAction":[{"@type":"ReadAction","target":["https:\/\/kapitalis.com\/tunisie\/2023\/01\/16\/meteo-tunisie-pluies-vents-forts-et-baisse-des-temperatures-a-partir-du-mercredi-18-janvier\/"]}]},{"@type":"ImageObject","inLanguage":"fr-FR","@id":"https:\/\/kapitalis.com\/tunisie\/2023\/01\/16\/meteo-tunisie-pluies-vents-forts-et-baisse-des-temperatures-a-partir-du-mercredi-18-janvier\/#primaryimage","url":"https:\/\/kapitalis.com\/tunisie\/wp-content\/uploads\/2022\/05\/pluies-meteo.jpg","contentUrl":"https:\/\/kapitalis.com\/tunisie\/wp-content\/uploads\/2022\/05\/pluies-meteo.jpg","width":1200,"height":630},{"@type":"BreadcrumbList","@id":"https:\/\/kapitalis.com\/tunisie\/2023\/01\/16\/meteo-tunisie-pluies-vents-forts-et-baisse-des-temperatures-a-partir-du-mercredi-18-janvier\/#breadcrumb","itemListElement":[{"@type":"ListItem","position":1,"name":"Accueil","item":"https:\/\/kapitalis.com\/tunisie\/"},{"@type":"ListItem","position":2,"name":"M\u00e9t\u00e9o-Tunisie : Pluies, vents forts et baisse des temp\u00e9ratures \u00e0 partir du mercredi 18 janvier"}]},{"@type":"WebSite","@id":"https:\/\/kapitalis.com\/tunisie\/#website","url":"https:\/\/kapitalis.com\/tunisie\/","name":"Kapitalis","description":"L&#039;actualit\u00e9 en Tunisie et dans le monde","publisher":{"@id":"https:\/\/kapitalis.com\/tunisie\/#organization"},"potentialAction":[{"@type":"SearchAction","target":{"@type":"EntryPoint","urlTemplate":"https:\/\/kapitalis.com\/tunisie\/?s={search_term_string}"},"query-input":{"@type":"PropertyValueSpecification","valueRequired":true,"valueName":"search_term_string"}}],"inLanguage":"fr-FR"},{"@type":"Organization","@id":"https:\/\/kapitalis.com\/tunisie\/#organization","name":"Kapitalis","url":"https:\/\/kapitalis.com\/tunisie\/","logo":{"@type":"ImageObject","inLanguage":"fr-FR","@id":"https:\/\/kapitalis.com\/tunisie\/#\/schema\/logo\/image\/","url":"https:\/\/kapitalis.com\/tunisie\/wp-content\/uploads\/2022\/05\/Kapitalis-big-size.png","contentUrl":"https:\/\/kapitalis.com\/tunisie\/wp-content\/uploads\/2022\/05\/Kapitalis-big-size.png","width":5000,"height":1500,"caption":"Kapitalis"},"image":{"@id":"https:\/\/kapitalis.com\/tunisie\/#\/schema\/logo\/image\/"},"sameAs":["https:\/\/www.facebook.com\/KapitalisInfo\/","https:\/\/x.com\/KapitalisInfo","https:\/\/www.youtube.com\/channel\/UC-yDYrHyfFBWWZaOw3FPg9Q"]},{"@type":"Person","@id":"https:\/\/kapitalis.com\/tunisie\/#\/schema\/person\/74bbde0154d49d790a92aaeac5bc01d5","name":"Yusra NY","url":"https:\/\/kapitalis.com\/tunisie\/author\/yuza_adam\/"}]}},"_links":{"self":[{"href":"https:\/\/kapitalis.com\/tunisie\/wp-json\/wp\/v2\/posts\/6082108","targetHints":{"allow":["GET"]}}],"collection":[{"href":"https:\/\/kapitalis.com\/tunisie\/wp-json\/wp\/v2\/posts"}],"about":[{"href":"https:\/\/kapitalis.com\/tunisie\/wp-json\/wp\/v2\/types\/post"}],"author":[{"embeddable":true,"href":"https:\/\/kapitalis.com\/tunisie\/wp-json\/wp\/v2\/users\/6"}],"replies":[{"embeddable":true,"href":"https:\/\/kapitalis.com\/tunisie\/wp-json\/wp\/v2\/comments?post=6082108"}],"version-history":[{"count":3,"href":"https:\/\/kapitalis.com\/tunisie\/wp-json\/wp\/v2\/posts\/6082108\/revisions"}],"predecessor-version":[{"id":6082166,"href":"https:\/\/kapitalis.com\/tunisie\/wp-json\/wp\/v2\/posts\/6082108\/revisions\/6082166"}],"wp:featuredmedia":[{"embeddable":true,"href":"https:\/\/kapitalis.com\/tunisie\/wp-json\/wp\/v2\/media\/958413"}],"wp:attachment":[{"href":"https:\/\/kapitalis.com\/tunisie\/wp-json\/wp\/v2\/media?parent=6082108"}],"wp:term":[{"taxonomy":"category","embeddable":true,"href":"https:\/\/kapitalis.com\/tunisie\/wp-json\/wp\/v2\/categories?post=6082108"},{"taxonomy":"post_tag","embeddable":true,"href":"https:\/\/kapitalis.com\/tunisie\/wp-json\/wp\/v2\/tags?post=6082108"}],"curies":[{"name":"wp","href":"https:\/\/api.w.org\/{rel}","templated":true}]}}