{"id":6082227,"date":"2023-01-17T07:13:09","date_gmt":"2023-01-17T06:13:09","guid":{"rendered":"https:\/\/kapitalis.com\/tunisie\/?p=6082227"},"modified":"2023-01-17T07:13:11","modified_gmt":"2023-01-17T06:13:11","slug":"tunis-un-foyer-de-violences-faites-aux-femmes","status":"publish","type":"post","link":"https:\/\/kapitalis.com\/tunisie\/2023\/01\/17\/tunis-un-foyer-de-violences-faites-aux-femmes\/","title":{"rendered":"Tunis, un foyer de violences faites aux femmes"},"content":{"rendered":"\n<p><strong><em>Selon Amel Belhaj Moussa, ministre de la Famille, de la Femme, de l&rsquo;Enfance et des Personnes \u00e2g\u00e9es (MFFEPA), le gouvernorat de Tunis est aux premi\u00e8res loges du classement des cas de violences faites aux femmes en 2022, tel que signal\u00e9 sur le num\u00e9ro vert 1899.<\/em><\/strong><\/p>\n\n\n\n<!--more-->\n\n\n\n<p>De janvier \u00e0 octobre 2022, sur 5 343 signalements de violence r\u00e9pertori\u00e9s par la hotline 1899, les violences effectu\u00e9es sur les femmes sont au nombre de 769.<\/p>\n\n\n\n<p>La ministre ajoute que pour pallier \u00e0 ce fl\u00e9au, le MFFEPA projette de cr\u00e9er davantage de centres d&rsquo;h\u00e9bergement, d&rsquo;\u00e9coute et de conseil aux femmes victimes de violences, dans plusieurs r\u00e9gions du pays, durant la p\u00e9riode du Plan de d\u00e9veloppement 2023-2025, soit 12 centres, avec un budget de 12 millions de dinars tunisiens (MDT).<\/p>\n\n\n\n<p>S&rsquo;exprimant lors d&rsquo;une s\u00e9ance de travail en pr\u00e9sence de Kamel Feki, gouverneur de Tunis, et de Souad Abderrahim, maire de Tunis, la ministre a annonc\u00e9 l&rsquo;inauguration du centre \u00ab\u00a0El Amen\u00a0\u00bb \u00e0 Regueb, Sidi Bouzid, d\u00e9di\u00e9 \u00e0 l&rsquo;h\u00e9bergement, l&rsquo;\u00e9coute et le conseil aux femmes victimes de violences.<\/p>\n\n\n\n<p class=\"has-text-align-right\"><strong>A. M.<\/strong> (avec <a href=\"https:\/\/www.tap.info.tn\/en\/Portal-Society\/15918479-tunis-governorate\">TAP<\/a>)<\/p>\n","protected":false},"excerpt":{"rendered":"<p>Tunis est aux premi\u00e8res loges du classement des cas de violences faites aux femmes en 2022.<\/p>\n","protected":false},"author":22,"featured_media":6086315,"comment_status":"open","ping_status":"open","sticky":false,"template":"","format":"standard","meta":{"footnotes":""},"categories":[998,2433],"tags":[96442,105955,91852,96161,76487,105956,98462,778,16590],"class_list":["post-6082227","post","type-post","status-publish","format-standard","has-post-thumbnail","hentry","category-societe","category-tunisie","tag-amel-belhaj-moussa","tag-centre-el-amen-2","tag-gouvernorat-de-tunis","tag-kamel-feki","tag-ministre-de-la-femme","tag-numero-vert-1899","tag-plan-de-developpement-2023-2025","tag-regueb","tag-souad-abderrahim"],"yoast_head":"<!-- This site is optimized with the Yoast SEO plugin v26.6 - https:\/\/yoast.com\/wordpress\/plugins\/seo\/ -->\n<title>Tunis, un foyer de violences faites aux femmes - Kapitalis<\/title>\n<meta name=\"description\" content=\"Selon Mme Amel Belhaj Moussa, Ministre de la Famille, la Femme, l&#039;Enfance et des Personnes Ag\u00e9es (MFFEPA), le gouvernorat de Tunis est aux premi\u00e8res loges du classement des cas de violences faites aux femmes en 2022, tel que signal\u00e9 sur le num\u00e9ro vert 1899.\" \/>\n<meta name=\"robots\" content=\"index, follow, max-snippet:-1, max-image-preview:large, max-video-preview:-1\" \/>\n<link rel=\"canonical\" href=\"https:\/\/kapitalis.com\/tunisie\/2023\/01\/17\/tunis-un-foyer-de-violences-faites-aux-femmes\/\" \/>\n<meta property=\"og:locale\" content=\"fr_FR\" \/>\n<meta property=\"og:type\" content=\"article\" \/>\n<meta property=\"og:title\" content=\"Tunis, un foyer de violences faites aux femmes - Kapitalis\" \/>\n<meta property=\"og:description\" content=\"Selon Mme Amel Belhaj Moussa, Ministre de la Famille, la Femme, l&#039;Enfance et des Personnes Ag\u00e9es (MFFEPA), le gouvernorat de Tunis est aux premi\u00e8res loges du classement des cas de violences faites aux femmes en 2022, tel que signal\u00e9 sur le num\u00e9ro vert 1899.\" \/>\n<meta property=\"og:url\" content=\"https:\/\/kapitalis.com\/tunisie\/2023\/01\/17\/tunis-un-foyer-de-violences-faites-aux-femmes\/\" \/>\n<meta property=\"og:site_name\" content=\"Kapitalis\" \/>\n<meta property=\"article:publisher\" content=\"https:\/\/www.facebook.com\/KapitalisInfo\/\" \/>\n<meta property=\"article:published_time\" content=\"2023-01-17T06:13:09+00:00\" \/>\n<meta property=\"article:modified_time\" content=\"2023-01-17T06:13:11+00:00\" \/>\n<meta property=\"og:image\" content=\"https:\/\/kapitalis.com\/tunisie\/wp-content\/uploads\/2023\/01\/Amel-Belhaj-Moussa.jpg\" \/>\n\t<meta property=\"og:image:width\" content=\"1200\" \/>\n\t<meta property=\"og:image:height\" content=\"630\" \/>\n\t<meta property=\"og:image:type\" content=\"image\/jpeg\" \/>\n<meta name=\"author\" content=\"Amina Mkada\" \/>\n<meta name=\"twitter:card\" content=\"summary_large_image\" \/>\n<meta name=\"twitter:creator\" content=\"@KapitalisInfo\" \/>\n<meta name=\"twitter:site\" content=\"@KapitalisInfo\" \/>\n<meta name=\"twitter:label1\" content=\"\u00c9crit par\" \/>\n\t<meta name=\"twitter:data1\" content=\"Amina Mkada\" \/>\n\t<meta name=\"twitter:label2\" content=\"Dur\u00e9e de lecture estim\u00e9e\" \/>\n\t<meta name=\"twitter:data2\" content=\"1 minute\" \/>\n<script type=\"application\/ld+json\" class=\"yoast-schema-graph\">{\"@context\":\"https:\/\/schema.org\",\"@graph\":[{\"@type\":\"Article\",\"@id\":\"https:\/\/kapitalis.com\/tunisie\/2023\/01\/17\/tunis-un-foyer-de-violences-faites-aux-femmes\/#article\",\"isPartOf\":{\"@id\":\"https:\/\/kapitalis.com\/tunisie\/2023\/01\/17\/tunis-un-foyer-de-violences-faites-aux-femmes\/\"},\"author\":{\"name\":\"Amina Mkada\",\"@id\":\"https:\/\/kapitalis.com\/tunisie\/#\/schema\/person\/093913313d3017554cb3ad077fff3fbd\"},\"headline\":\"Tunis, un foyer de violences faites aux femmes\",\"datePublished\":\"2023-01-17T06:13:09+00:00\",\"dateModified\":\"2023-01-17T06:13:11+00:00\",\"mainEntityOfPage\":{\"@id\":\"https:\/\/kapitalis.com\/tunisie\/2023\/01\/17\/tunis-un-foyer-de-violences-faites-aux-femmes\/\"},\"wordCount\":188,\"commentCount\":2,\"publisher\":{\"@id\":\"https:\/\/kapitalis.com\/tunisie\/#organization\"},\"image\":{\"@id\":\"https:\/\/kapitalis.com\/tunisie\/2023\/01\/17\/tunis-un-foyer-de-violences-faites-aux-femmes\/#primaryimage\"},\"thumbnailUrl\":\"https:\/\/kapitalis.com\/tunisie\/wp-content\/uploads\/2023\/01\/Amel-Belhaj-Moussa.jpg\",\"keywords\":[\"Amel Belhaj Moussa\",\"Centre El Amen\",\"gouvernorat de Tunis\",\"Kamel Feki\",\"ministre de la Femme\",\"Num\u00e9ro Vert 1899\",\"Plan de d\u00e9veloppement 2023-2025\",\"Regueb\",\"Souad Abderrahim\"],\"articleSection\":[\"SOCIETE\",\"Tunisie\"],\"inLanguage\":\"fr-FR\",\"potentialAction\":[{\"@type\":\"CommentAction\",\"name\":\"Comment\",\"target\":[\"https:\/\/kapitalis.com\/tunisie\/2023\/01\/17\/tunis-un-foyer-de-violences-faites-aux-femmes\/#respond\"]}]},{\"@type\":\"WebPage\",\"@id\":\"https:\/\/kapitalis.com\/tunisie\/2023\/01\/17\/tunis-un-foyer-de-violences-faites-aux-femmes\/\",\"url\":\"https:\/\/kapitalis.com\/tunisie\/2023\/01\/17\/tunis-un-foyer-de-violences-faites-aux-femmes\/\",\"name\":\"Tunis, un foyer de violences faites aux femmes - Kapitalis\",\"isPartOf\":{\"@id\":\"https:\/\/kapitalis.com\/tunisie\/#website\"},\"primaryImageOfPage\":{\"@id\":\"https:\/\/kapitalis.com\/tunisie\/2023\/01\/17\/tunis-un-foyer-de-violences-faites-aux-femmes\/#primaryimage\"},\"image\":{\"@id\":\"https:\/\/kapitalis.com\/tunisie\/2023\/01\/17\/tunis-un-foyer-de-violences-faites-aux-femmes\/#primaryimage\"},\"thumbnailUrl\":\"https:\/\/kapitalis.com\/tunisie\/wp-content\/uploads\/2023\/01\/Amel-Belhaj-Moussa.jpg\",\"datePublished\":\"2023-01-17T06:13:09+00:00\",\"dateModified\":\"2023-01-17T06:13:11+00:00\",\"description\":\"Selon Mme Amel Belhaj Moussa, Ministre de la Famille, la Femme, l'Enfance et des Personnes Ag\u00e9es (MFFEPA), le gouvernorat de Tunis est aux premi\u00e8res loges du classement des cas de violences faites aux femmes en 2022, tel que signal\u00e9 sur le num\u00e9ro vert 1899.\",\"breadcrumb\":{\"@id\":\"https:\/\/kapitalis.com\/tunisie\/2023\/01\/17\/tunis-un-foyer-de-violences-faites-aux-femmes\/#breadcrumb\"},\"inLanguage\":\"fr-FR\",\"potentialAction\":[{\"@type\":\"ReadAction\",\"target\":[\"https:\/\/kapitalis.com\/tunisie\/2023\/01\/17\/tunis-un-foyer-de-violences-faites-aux-femmes\/\"]}]},{\"@type\":\"ImageObject\",\"inLanguage\":\"fr-FR\",\"@id\":\"https:\/\/kapitalis.com\/tunisie\/2023\/01\/17\/tunis-un-foyer-de-violences-faites-aux-femmes\/#primaryimage\",\"url\":\"https:\/\/kapitalis.com\/tunisie\/wp-content\/uploads\/2023\/01\/Amel-Belhaj-Moussa.jpg\",\"contentUrl\":\"https:\/\/kapitalis.com\/tunisie\/wp-content\/uploads\/2023\/01\/Amel-Belhaj-Moussa.jpg\",\"width\":1200,\"height\":630},{\"@type\":\"BreadcrumbList\",\"@id\":\"https:\/\/kapitalis.com\/tunisie\/2023\/01\/17\/tunis-un-foyer-de-violences-faites-aux-femmes\/#breadcrumb\",\"itemListElement\":[{\"@type\":\"ListItem\",\"position\":1,\"name\":\"Accueil\",\"item\":\"https:\/\/kapitalis.com\/tunisie\/\"},{\"@type\":\"ListItem\",\"position\":2,\"name\":\"Tunis, un foyer de violences faites aux femmes\"}]},{\"@type\":\"WebSite\",\"@id\":\"https:\/\/kapitalis.com\/tunisie\/#website\",\"url\":\"https:\/\/kapitalis.com\/tunisie\/\",\"name\":\"Kapitalis\",\"description\":\"L&#039;actualit\u00e9 en Tunisie et dans le monde\",\"publisher\":{\"@id\":\"https:\/\/kapitalis.com\/tunisie\/#organization\"},\"potentialAction\":[{\"@type\":\"SearchAction\",\"target\":{\"@type\":\"EntryPoint\",\"urlTemplate\":\"https:\/\/kapitalis.com\/tunisie\/?s={search_term_string}\"},\"query-input\":{\"@type\":\"PropertyValueSpecification\",\"valueRequired\":true,\"valueName\":\"search_term_string\"}}],\"inLanguage\":\"fr-FR\"},{\"@type\":\"Organization\",\"@id\":\"https:\/\/kapitalis.com\/tunisie\/#organization\",\"name\":\"Kapitalis\",\"url\":\"https:\/\/kapitalis.com\/tunisie\/\",\"logo\":{\"@type\":\"ImageObject\",\"inLanguage\":\"fr-FR\",\"@id\":\"https:\/\/kapitalis.com\/tunisie\/#\/schema\/logo\/image\/\",\"url\":\"https:\/\/kapitalis.com\/tunisie\/wp-content\/uploads\/2022\/05\/Kapitalis-big-size.png\",\"contentUrl\":\"https:\/\/kapitalis.com\/tunisie\/wp-content\/uploads\/2022\/05\/Kapitalis-big-size.png\",\"width\":5000,\"height\":1500,\"caption\":\"Kapitalis\"},\"image\":{\"@id\":\"https:\/\/kapitalis.com\/tunisie\/#\/schema\/logo\/image\/\"},\"sameAs\":[\"https:\/\/www.facebook.com\/KapitalisInfo\/\",\"https:\/\/x.com\/KapitalisInfo\",\"https:\/\/www.youtube.com\/channel\/UC-yDYrHyfFBWWZaOw3FPg9Q\"]},{\"@type\":\"Person\",\"@id\":\"https:\/\/kapitalis.com\/tunisie\/#\/schema\/person\/093913313d3017554cb3ad077fff3fbd\",\"name\":\"Amina Mkada\",\"url\":\"https:\/\/kapitalis.com\/tunisie\/author\/amina\/\"}]}<\/script>\n<!-- \/ Yoast SEO plugin. -->","yoast_head_json":{"title":"Tunis, un foyer de violences faites aux femmes - Kapitalis","description":"Selon Mme Amel Belhaj Moussa, Ministre de la Famille, la Femme, l'Enfance et des Personnes Ag\u00e9es (MFFEPA), le gouvernorat de Tunis est aux premi\u00e8res loges du classement des cas de violences faites aux femmes en 2022, tel que signal\u00e9 sur le num\u00e9ro vert 1899.","robots":{"index":"index","follow":"follow","max-snippet":"max-snippet:-1","max-image-preview":"max-image-preview:large","max-video-preview":"max-video-preview:-1"},"canonical":"https:\/\/kapitalis.com\/tunisie\/2023\/01\/17\/tunis-un-foyer-de-violences-faites-aux-femmes\/","og_locale":"fr_FR","og_type":"article","og_title":"Tunis, un foyer de violences faites aux femmes - Kapitalis","og_description":"Selon Mme Amel Belhaj Moussa, Ministre de la Famille, la Femme, l'Enfance et des Personnes Ag\u00e9es (MFFEPA), le gouvernorat de Tunis est aux premi\u00e8res loges du classement des cas de violences faites aux femmes en 2022, tel que signal\u00e9 sur le num\u00e9ro vert 1899.","og_url":"https:\/\/kapitalis.com\/tunisie\/2023\/01\/17\/tunis-un-foyer-de-violences-faites-aux-femmes\/","og_site_name":"Kapitalis","article_publisher":"https:\/\/www.facebook.com\/KapitalisInfo\/","article_published_time":"2023-01-17T06:13:09+00:00","article_modified_time":"2023-01-17T06:13:11+00:00","og_image":[{"width":1200,"height":630,"url":"https:\/\/kapitalis.com\/tunisie\/wp-content\/uploads\/2023\/01\/Amel-Belhaj-Moussa.jpg","type":"image\/jpeg"}],"author":"Amina Mkada","twitter_card":"summary_large_image","twitter_creator":"@KapitalisInfo","twitter_site":"@KapitalisInfo","twitter_misc":{"\u00c9crit par":"Amina Mkada","Dur\u00e9e de lecture estim\u00e9e":"1 minute"},"schema":{"@context":"https:\/\/schema.org","@graph":[{"@type":"Article","@id":"https:\/\/kapitalis.com\/tunisie\/2023\/01\/17\/tunis-un-foyer-de-violences-faites-aux-femmes\/#article","isPartOf":{"@id":"https:\/\/kapitalis.com\/tunisie\/2023\/01\/17\/tunis-un-foyer-de-violences-faites-aux-femmes\/"},"author":{"name":"Amina Mkada","@id":"https:\/\/kapitalis.com\/tunisie\/#\/schema\/person\/093913313d3017554cb3ad077fff3fbd"},"headline":"Tunis, un foyer de violences faites aux femmes","datePublished":"2023-01-17T06:13:09+00:00","dateModified":"2023-01-17T06:13:11+00:00","mainEntityOfPage":{"@id":"https:\/\/kapitalis.com\/tunisie\/2023\/01\/17\/tunis-un-foyer-de-violences-faites-aux-femmes\/"},"wordCount":188,"commentCount":2,"publisher":{"@id":"https:\/\/kapitalis.com\/tunisie\/#organization"},"image":{"@id":"https:\/\/kapitalis.com\/tunisie\/2023\/01\/17\/tunis-un-foyer-de-violences-faites-aux-femmes\/#primaryimage"},"thumbnailUrl":"https:\/\/kapitalis.com\/tunisie\/wp-content\/uploads\/2023\/01\/Amel-Belhaj-Moussa.jpg","keywords":["Amel Belhaj Moussa","Centre El Amen","gouvernorat de Tunis","Kamel Feki","ministre de la Femme","Num\u00e9ro Vert 1899","Plan de d\u00e9veloppement 2023-2025","Regueb","Souad Abderrahim"],"articleSection":["SOCIETE","Tunisie"],"inLanguage":"fr-FR","potentialAction":[{"@type":"CommentAction","name":"Comment","target":["https:\/\/kapitalis.com\/tunisie\/2023\/01\/17\/tunis-un-foyer-de-violences-faites-aux-femmes\/#respond"]}]},{"@type":"WebPage","@id":"https:\/\/kapitalis.com\/tunisie\/2023\/01\/17\/tunis-un-foyer-de-violences-faites-aux-femmes\/","url":"https:\/\/kapitalis.com\/tunisie\/2023\/01\/17\/tunis-un-foyer-de-violences-faites-aux-femmes\/","name":"Tunis, un foyer de violences faites aux femmes - Kapitalis","isPartOf":{"@id":"https:\/\/kapitalis.com\/tunisie\/#website"},"primaryImageOfPage":{"@id":"https:\/\/kapitalis.com\/tunisie\/2023\/01\/17\/tunis-un-foyer-de-violences-faites-aux-femmes\/#primaryimage"},"image":{"@id":"https:\/\/kapitalis.com\/tunisie\/2023\/01\/17\/tunis-un-foyer-de-violences-faites-aux-femmes\/#primaryimage"},"thumbnailUrl":"https:\/\/kapitalis.com\/tunisie\/wp-content\/uploads\/2023\/01\/Amel-Belhaj-Moussa.jpg","datePublished":"2023-01-17T06:13:09+00:00","dateModified":"2023-01-17T06:13:11+00:00","description":"Selon Mme Amel Belhaj Moussa, Ministre de la Famille, la Femme, l'Enfance et des Personnes Ag\u00e9es (MFFEPA), le gouvernorat de Tunis est aux premi\u00e8res loges du classement des cas de violences faites aux femmes en 2022, tel que signal\u00e9 sur le num\u00e9ro vert 1899.","breadcrumb":{"@id":"https:\/\/kapitalis.com\/tunisie\/2023\/01\/17\/tunis-un-foyer-de-violences-faites-aux-femmes\/#breadcrumb"},"inLanguage":"fr-FR","potentialAction":[{"@type":"ReadAction","target":["https:\/\/kapitalis.com\/tunisie\/2023\/01\/17\/tunis-un-foyer-de-violences-faites-aux-femmes\/"]}]},{"@type":"ImageObject","inLanguage":"fr-FR","@id":"https:\/\/kapitalis.com\/tunisie\/2023\/01\/17\/tunis-un-foyer-de-violences-faites-aux-femmes\/#primaryimage","url":"https:\/\/kapitalis.com\/tunisie\/wp-content\/uploads\/2023\/01\/Amel-Belhaj-Moussa.jpg","contentUrl":"https:\/\/kapitalis.com\/tunisie\/wp-content\/uploads\/2023\/01\/Amel-Belhaj-Moussa.jpg","width":1200,"height":630},{"@type":"BreadcrumbList","@id":"https:\/\/kapitalis.com\/tunisie\/2023\/01\/17\/tunis-un-foyer-de-violences-faites-aux-femmes\/#breadcrumb","itemListElement":[{"@type":"ListItem","position":1,"name":"Accueil","item":"https:\/\/kapitalis.com\/tunisie\/"},{"@type":"ListItem","position":2,"name":"Tunis, un foyer de violences faites aux femmes"}]},{"@type":"WebSite","@id":"https:\/\/kapitalis.com\/tunisie\/#website","url":"https:\/\/kapitalis.com\/tunisie\/","name":"Kapitalis","description":"L&#039;actualit\u00e9 en Tunisie et dans le monde","publisher":{"@id":"https:\/\/kapitalis.com\/tunisie\/#organization"},"potentialAction":[{"@type":"SearchAction","target":{"@type":"EntryPoint","urlTemplate":"https:\/\/kapitalis.com\/tunisie\/?s={search_term_string}"},"query-input":{"@type":"PropertyValueSpecification","valueRequired":true,"valueName":"search_term_string"}}],"inLanguage":"fr-FR"},{"@type":"Organization","@id":"https:\/\/kapitalis.com\/tunisie\/#organization","name":"Kapitalis","url":"https:\/\/kapitalis.com\/tunisie\/","logo":{"@type":"ImageObject","inLanguage":"fr-FR","@id":"https:\/\/kapitalis.com\/tunisie\/#\/schema\/logo\/image\/","url":"https:\/\/kapitalis.com\/tunisie\/wp-content\/uploads\/2022\/05\/Kapitalis-big-size.png","contentUrl":"https:\/\/kapitalis.com\/tunisie\/wp-content\/uploads\/2022\/05\/Kapitalis-big-size.png","width":5000,"height":1500,"caption":"Kapitalis"},"image":{"@id":"https:\/\/kapitalis.com\/tunisie\/#\/schema\/logo\/image\/"},"sameAs":["https:\/\/www.facebook.com\/KapitalisInfo\/","https:\/\/x.com\/KapitalisInfo","https:\/\/www.youtube.com\/channel\/UC-yDYrHyfFBWWZaOw3FPg9Q"]},{"@type":"Person","@id":"https:\/\/kapitalis.com\/tunisie\/#\/schema\/person\/093913313d3017554cb3ad077fff3fbd","name":"Amina Mkada","url":"https:\/\/kapitalis.com\/tunisie\/author\/amina\/"}]}},"_links":{"self":[{"href":"https:\/\/kapitalis.com\/tunisie\/wp-json\/wp\/v2\/posts\/6082227","targetHints":{"allow":["GET"]}}],"collection":[{"href":"https:\/\/kapitalis.com\/tunisie\/wp-json\/wp\/v2\/posts"}],"about":[{"href":"https:\/\/kapitalis.com\/tunisie\/wp-json\/wp\/v2\/types\/post"}],"author":[{"embeddable":true,"href":"https:\/\/kapitalis.com\/tunisie\/wp-json\/wp\/v2\/users\/22"}],"replies":[{"embeddable":true,"href":"https:\/\/kapitalis.com\/tunisie\/wp-json\/wp\/v2\/comments?post=6082227"}],"version-history":[{"count":29,"href":"https:\/\/kapitalis.com\/tunisie\/wp-json\/wp\/v2\/posts\/6082227\/revisions"}],"predecessor-version":[{"id":6086319,"href":"https:\/\/kapitalis.com\/tunisie\/wp-json\/wp\/v2\/posts\/6082227\/revisions\/6086319"}],"wp:featuredmedia":[{"embeddable":true,"href":"https:\/\/kapitalis.com\/tunisie\/wp-json\/wp\/v2\/media\/6086315"}],"wp:attachment":[{"href":"https:\/\/kapitalis.com\/tunisie\/wp-json\/wp\/v2\/media?parent=6082227"}],"wp:term":[{"taxonomy":"category","embeddable":true,"href":"https:\/\/kapitalis.com\/tunisie\/wp-json\/wp\/v2\/categories?post=6082227"},{"taxonomy":"post_tag","embeddable":true,"href":"https:\/\/kapitalis.com\/tunisie\/wp-json\/wp\/v2\/tags?post=6082227"}],"curies":[{"name":"wp","href":"https:\/\/api.w.org\/{rel}","templated":true}]}}