{"id":6086104,"date":"2023-01-17T06:51:16","date_gmt":"2023-01-17T05:51:16","guid":{"rendered":"https:\/\/kapitalis.com\/tunisie\/?p=6086104"},"modified":"2023-01-17T06:51:17","modified_gmt":"2023-01-17T05:51:17","slug":"les-jeunes-tunisiens-lemploi-et-la-migration","status":"publish","type":"post","link":"https:\/\/kapitalis.com\/tunisie\/2023\/01\/17\/les-jeunes-tunisiens-lemploi-et-la-migration\/","title":{"rendered":"Les jeunes tunisiens, l\u2019emploi et la migration"},"content":{"rendered":"\n<p><strong><em>La Deutsche Gesellschaft f\u00fcr Internationale Zusammenarbeit (GIZ) GmbH et l\u2019Organisation internationale pour les migrations (OIM) organisent une campagne intitul\u00e9e \u00abLabyrinthe des perspectives\u00bb, destin\u00e9e aux jeunes tunisiens pour les sensibiliser sur les opportunit\u00e9s et les chances dans leur pays.<\/em><\/strong><\/p>\n\n\n\n<!--more-->\n\n\n\n<p>En Tunisie, le ph\u00e9nom\u00e8ne des migrations irr\u00e9guli\u00e8res et des d\u00e9parts irr\u00e9guliers en mer vers la c\u00f4te nord de la M\u00e9diterran\u00e9e ne cesse d&rsquo;augmenter, avec 18 % de d\u00e9parts suppl\u00e9mentaires par rapport \u00e0 l\u2019an dernier. Ce ph\u00e9nom\u00e8ne attire notamment les jeunes et les mineurs qui sont pr\u00eats \u00e0 risquer leur vie pour essayer d\u2019am\u00e9liorer leurs conditions socio-\u00e9conomiques. En effet, le taux de ch\u00f4mage en Tunisie est pass\u00e9 de 15,1% \u00e0 18,4% au troisi\u00e8me trimestre 2021.<\/p>\n\n\n\n<p>Dans le cadre des programmes<em> \u00abMigration pour le D\u00e9veloppement\u00bb<\/em> (PME) et <em>\u00abMigration et Diaspora\u00bb&nbsp;<\/em>(PMD), cette action-pilote de sensibilisation met des ateliers et des conseillers \u00e0 disposition des jeunes pour les informer et les sensibiliser sur leurs chances d\u2019int\u00e9gration professionnelle en Tunisie et \u00e0 l\u2019international, ainsi que sur les risques li\u00e9s \u00e0 la migration irr\u00e9guli\u00e8re.<\/p>\n\n\n\n<h2 class=\"wp-block-heading\">Le labyrinthe des perspectives<\/h2>\n\n\n\n<p>Dans ce cadre, un labyrinthe \u00e0 ciel ouvert a \u00e9t\u00e9 con\u00e7u comme une cartographie dynamique des services et d\u2019opportunit\u00e9s destin\u00e9s aux jeunes Tunisien.ne.s et \u00e0 leurs familles.<\/p>\n\n\n\n<p>Ce labyrinthe, qui vise 200 Tunisien.ne.s sur le Grand Tunis et traite du th\u00e8me de la migration et de la promotion des opportunit\u00e9s et des chances en Tunisie, comporte huit th\u00e9matiques distinctes : \u00e9ducation; formation professionnelle; enseignement sup\u00e9rieur; emploi; entrepreneuriat; placement \u00e0 l\u2019international; jeunesse, sport et culture; et risques de la migration irr\u00e9guli\u00e8re.<\/p>\n\n\n\n<p>Le labyrinthe r\u00e9sume les possibilit\u00e9s d\u2019un projet professionnel pour un.e jeune Tunisien.ne qui, \u00e0 travers les diff\u00e9rents couloirs propos\u00e9s, pourra construire de mani\u00e8re fictive son parcours professionnel avec l\u2019aide des conseillers pr\u00e9sents sur place.<\/p>\n\n\n\n<p>Des repr\u00e9sentants des structures pertinentes pour chaque th\u00e9matique seront \u00e9galement sur place pour offrir un conseil direct et personnalis\u00e9 aux participants.<\/p>\n\n\n\n<h2 class=\"wp-block-heading\">Activit\u00e9s culturelles et artistiques<\/h2>\n\n\n\n<p>Plusieurs ateliers culturels et artistiques seront \u00e9tablis autour du labyrinthe des perspectives.<\/p>\n\n\n\n<p>Ils seront initi\u00e9s et anim\u00e9s par les partenaires du Centre tuniso-allemand d\u2019information pour l\u2019emploi, la Migration et la R\u00e9int\u00e9gration (CTA), l\u2019OIM, ainsi que par des clubs et des artistes dans une logique d\u2019int\u00e9grer les arts comme la peinture, la cin\u00e9matographie et le rap\/slam.<\/p>\n\n\n\n<p>D\u2019autres ateliers techniques seront \u00e9galement pr\u00e9vus comme l\u2019initiation \u00e0 la vie professionnelle et aux techniques de recherche d\u2019emploi en Tunisie et \u00e0 l\u2019international.&nbsp;&nbsp;<\/p>\n\n\n\n<p>La pr\u00e9sente mission est motiv\u00e9e par la n\u00e9cessit\u00e9 de consolider et renforcer les outils de sensibilisation sur la question des risques li\u00e9s \u00e0 la migration irr\u00e9guli\u00e8re et aux diff\u00e9rentes chances et possibilit\u00e9s offertes aux jeunes par les diff\u00e9rentes parties prenantes. <\/p>\n\n\n\n<p><strong><em>D\u2019apr\u00e8s communiqu\u00e9.<\/em><\/strong><\/p>\n","protected":false},"excerpt":{"rendered":"<p>Un programme vise \u00e0 sensibiliser les jeune Tunisiens aux opportunit\u00e9s en Tunisie et aux risques de la migration irr\u00e9guli\u00e8re.  <\/p>\n","protected":false},"author":8,"featured_media":6086129,"comment_status":"open","ping_status":"open","sticky":false,"template":"","format":"standard","meta":{"footnotes":""},"categories":[998,2433],"tags":[2048,5179,91892,84565,16732],"class_list":["post-6086104","post","type-post","status-publish","format-standard","has-post-thumbnail","hentry","category-societe","category-tunisie","tag-emploi","tag-giz","tag-jeunes-tunisiens","tag-migration-irreguliere","tag-oim"],"yoast_head":"<!-- This site is optimized with the Yoast SEO plugin v26.6 - https:\/\/yoast.com\/wordpress\/plugins\/seo\/ -->\n<title>Les jeunes tunisiens, l\u2019emploi et la migration - Kapitalis<\/title>\n<meta name=\"robots\" content=\"index, follow, max-snippet:-1, max-image-preview:large, max-video-preview:-1\" \/>\n<link rel=\"canonical\" href=\"https:\/\/kapitalis.com\/tunisie\/2023\/01\/17\/les-jeunes-tunisiens-lemploi-et-la-migration\/\" \/>\n<meta property=\"og:locale\" content=\"fr_FR\" \/>\n<meta property=\"og:type\" content=\"article\" \/>\n<meta property=\"og:title\" content=\"Les jeunes tunisiens, l\u2019emploi et la migration - Kapitalis\" \/>\n<meta property=\"og:description\" content=\"Un programme vise \u00e0 sensibiliser les jeune Tunisiens aux opportunit\u00e9s en Tunisie et aux risques de la migration irr\u00e9guli\u00e8re.\" \/>\n<meta property=\"og:url\" content=\"https:\/\/kapitalis.com\/tunisie\/2023\/01\/17\/les-jeunes-tunisiens-lemploi-et-la-migration\/\" \/>\n<meta property=\"og:site_name\" content=\"Kapitalis\" \/>\n<meta property=\"article:publisher\" content=\"https:\/\/www.facebook.com\/KapitalisInfo\/\" \/>\n<meta property=\"article:published_time\" content=\"2023-01-17T05:51:16+00:00\" \/>\n<meta property=\"article:modified_time\" content=\"2023-01-17T05:51:17+00:00\" \/>\n<meta property=\"og:image\" content=\"https:\/\/kapitalis.com\/tunisie\/wp-content\/uploads\/2023\/01\/Forsa-Street.jpg\" \/>\n\t<meta property=\"og:image:width\" content=\"1200\" \/>\n\t<meta property=\"og:image:height\" content=\"630\" \/>\n\t<meta property=\"og:image:type\" content=\"image\/jpeg\" \/>\n<meta name=\"author\" content=\"webmaster kapitalis\" \/>\n<meta name=\"twitter:card\" content=\"summary_large_image\" \/>\n<meta name=\"twitter:creator\" content=\"@KapitalisInfo\" \/>\n<meta name=\"twitter:site\" content=\"@KapitalisInfo\" \/>\n<meta name=\"twitter:label1\" content=\"\u00c9crit par\" \/>\n\t<meta name=\"twitter:data1\" content=\"webmaster kapitalis\" \/>\n\t<meta name=\"twitter:label2\" content=\"Dur\u00e9e de lecture estim\u00e9e\" \/>\n\t<meta name=\"twitter:data2\" content=\"3 minutes\" \/>\n<script type=\"application\/ld+json\" class=\"yoast-schema-graph\">{\"@context\":\"https:\/\/schema.org\",\"@graph\":[{\"@type\":\"Article\",\"@id\":\"https:\/\/kapitalis.com\/tunisie\/2023\/01\/17\/les-jeunes-tunisiens-lemploi-et-la-migration\/#article\",\"isPartOf\":{\"@id\":\"https:\/\/kapitalis.com\/tunisie\/2023\/01\/17\/les-jeunes-tunisiens-lemploi-et-la-migration\/\"},\"author\":{\"name\":\"webmaster kapitalis\",\"@id\":\"https:\/\/kapitalis.com\/tunisie\/#\/schema\/person\/d71f33a9ca44f7bad4698210b480c8e9\"},\"headline\":\"Les jeunes tunisiens, l\u2019emploi et la migration\",\"datePublished\":\"2023-01-17T05:51:16+00:00\",\"dateModified\":\"2023-01-17T05:51:17+00:00\",\"mainEntityOfPage\":{\"@id\":\"https:\/\/kapitalis.com\/tunisie\/2023\/01\/17\/les-jeunes-tunisiens-lemploi-et-la-migration\/\"},\"wordCount\":508,\"commentCount\":1,\"publisher\":{\"@id\":\"https:\/\/kapitalis.com\/tunisie\/#organization\"},\"image\":{\"@id\":\"https:\/\/kapitalis.com\/tunisie\/2023\/01\/17\/les-jeunes-tunisiens-lemploi-et-la-migration\/#primaryimage\"},\"thumbnailUrl\":\"https:\/\/kapitalis.com\/tunisie\/wp-content\/uploads\/2023\/01\/Forsa-Street.jpg\",\"keywords\":[\"emploi\",\"GIZ\",\"jeunes tunisiens\",\"migration irr\u00e9guli\u00e8re\",\"OIM\"],\"articleSection\":[\"SOCIETE\",\"Tunisie\"],\"inLanguage\":\"fr-FR\",\"potentialAction\":[{\"@type\":\"CommentAction\",\"name\":\"Comment\",\"target\":[\"https:\/\/kapitalis.com\/tunisie\/2023\/01\/17\/les-jeunes-tunisiens-lemploi-et-la-migration\/#respond\"]}]},{\"@type\":\"WebPage\",\"@id\":\"https:\/\/kapitalis.com\/tunisie\/2023\/01\/17\/les-jeunes-tunisiens-lemploi-et-la-migration\/\",\"url\":\"https:\/\/kapitalis.com\/tunisie\/2023\/01\/17\/les-jeunes-tunisiens-lemploi-et-la-migration\/\",\"name\":\"Les jeunes tunisiens, l\u2019emploi et la migration - Kapitalis\",\"isPartOf\":{\"@id\":\"https:\/\/kapitalis.com\/tunisie\/#website\"},\"primaryImageOfPage\":{\"@id\":\"https:\/\/kapitalis.com\/tunisie\/2023\/01\/17\/les-jeunes-tunisiens-lemploi-et-la-migration\/#primaryimage\"},\"image\":{\"@id\":\"https:\/\/kapitalis.com\/tunisie\/2023\/01\/17\/les-jeunes-tunisiens-lemploi-et-la-migration\/#primaryimage\"},\"thumbnailUrl\":\"https:\/\/kapitalis.com\/tunisie\/wp-content\/uploads\/2023\/01\/Forsa-Street.jpg\",\"datePublished\":\"2023-01-17T05:51:16+00:00\",\"dateModified\":\"2023-01-17T05:51:17+00:00\",\"breadcrumb\":{\"@id\":\"https:\/\/kapitalis.com\/tunisie\/2023\/01\/17\/les-jeunes-tunisiens-lemploi-et-la-migration\/#breadcrumb\"},\"inLanguage\":\"fr-FR\",\"potentialAction\":[{\"@type\":\"ReadAction\",\"target\":[\"https:\/\/kapitalis.com\/tunisie\/2023\/01\/17\/les-jeunes-tunisiens-lemploi-et-la-migration\/\"]}]},{\"@type\":\"ImageObject\",\"inLanguage\":\"fr-FR\",\"@id\":\"https:\/\/kapitalis.com\/tunisie\/2023\/01\/17\/les-jeunes-tunisiens-lemploi-et-la-migration\/#primaryimage\",\"url\":\"https:\/\/kapitalis.com\/tunisie\/wp-content\/uploads\/2023\/01\/Forsa-Street.jpg\",\"contentUrl\":\"https:\/\/kapitalis.com\/tunisie\/wp-content\/uploads\/2023\/01\/Forsa-Street.jpg\",\"width\":1200,\"height\":630},{\"@type\":\"BreadcrumbList\",\"@id\":\"https:\/\/kapitalis.com\/tunisie\/2023\/01\/17\/les-jeunes-tunisiens-lemploi-et-la-migration\/#breadcrumb\",\"itemListElement\":[{\"@type\":\"ListItem\",\"position\":1,\"name\":\"Accueil\",\"item\":\"https:\/\/kapitalis.com\/tunisie\/\"},{\"@type\":\"ListItem\",\"position\":2,\"name\":\"Les jeunes tunisiens, l\u2019emploi et la migration\"}]},{\"@type\":\"WebSite\",\"@id\":\"https:\/\/kapitalis.com\/tunisie\/#website\",\"url\":\"https:\/\/kapitalis.com\/tunisie\/\",\"name\":\"Kapitalis\",\"description\":\"L&#039;actualit\u00e9 en Tunisie et dans le monde\",\"publisher\":{\"@id\":\"https:\/\/kapitalis.com\/tunisie\/#organization\"},\"potentialAction\":[{\"@type\":\"SearchAction\",\"target\":{\"@type\":\"EntryPoint\",\"urlTemplate\":\"https:\/\/kapitalis.com\/tunisie\/?s={search_term_string}\"},\"query-input\":{\"@type\":\"PropertyValueSpecification\",\"valueRequired\":true,\"valueName\":\"search_term_string\"}}],\"inLanguage\":\"fr-FR\"},{\"@type\":\"Organization\",\"@id\":\"https:\/\/kapitalis.com\/tunisie\/#organization\",\"name\":\"Kapitalis\",\"url\":\"https:\/\/kapitalis.com\/tunisie\/\",\"logo\":{\"@type\":\"ImageObject\",\"inLanguage\":\"fr-FR\",\"@id\":\"https:\/\/kapitalis.com\/tunisie\/#\/schema\/logo\/image\/\",\"url\":\"https:\/\/kapitalis.com\/tunisie\/wp-content\/uploads\/2022\/05\/Kapitalis-big-size.png\",\"contentUrl\":\"https:\/\/kapitalis.com\/tunisie\/wp-content\/uploads\/2022\/05\/Kapitalis-big-size.png\",\"width\":5000,\"height\":1500,\"caption\":\"Kapitalis\"},\"image\":{\"@id\":\"https:\/\/kapitalis.com\/tunisie\/#\/schema\/logo\/image\/\"},\"sameAs\":[\"https:\/\/www.facebook.com\/KapitalisInfo\/\",\"https:\/\/x.com\/KapitalisInfo\",\"https:\/\/www.youtube.com\/channel\/UC-yDYrHyfFBWWZaOw3FPg9Q\"]},{\"@type\":\"Person\",\"@id\":\"https:\/\/kapitalis.com\/tunisie\/#\/schema\/person\/d71f33a9ca44f7bad4698210b480c8e9\",\"name\":\"webmaster kapitalis\",\"url\":\"https:\/\/kapitalis.com\/tunisie\/author\/webmaster-kapitalis\/\"}]}<\/script>\n<!-- \/ Yoast SEO plugin. -->","yoast_head_json":{"title":"Les jeunes tunisiens, l\u2019emploi et la migration - Kapitalis","robots":{"index":"index","follow":"follow","max-snippet":"max-snippet:-1","max-image-preview":"max-image-preview:large","max-video-preview":"max-video-preview:-1"},"canonical":"https:\/\/kapitalis.com\/tunisie\/2023\/01\/17\/les-jeunes-tunisiens-lemploi-et-la-migration\/","og_locale":"fr_FR","og_type":"article","og_title":"Les jeunes tunisiens, l\u2019emploi et la migration - Kapitalis","og_description":"Un programme vise \u00e0 sensibiliser les jeune Tunisiens aux opportunit\u00e9s en Tunisie et aux risques de la migration irr\u00e9guli\u00e8re.","og_url":"https:\/\/kapitalis.com\/tunisie\/2023\/01\/17\/les-jeunes-tunisiens-lemploi-et-la-migration\/","og_site_name":"Kapitalis","article_publisher":"https:\/\/www.facebook.com\/KapitalisInfo\/","article_published_time":"2023-01-17T05:51:16+00:00","article_modified_time":"2023-01-17T05:51:17+00:00","og_image":[{"width":1200,"height":630,"url":"https:\/\/kapitalis.com\/tunisie\/wp-content\/uploads\/2023\/01\/Forsa-Street.jpg","type":"image\/jpeg"}],"author":"webmaster kapitalis","twitter_card":"summary_large_image","twitter_creator":"@KapitalisInfo","twitter_site":"@KapitalisInfo","twitter_misc":{"\u00c9crit par":"webmaster kapitalis","Dur\u00e9e de lecture estim\u00e9e":"3 minutes"},"schema":{"@context":"https:\/\/schema.org","@graph":[{"@type":"Article","@id":"https:\/\/kapitalis.com\/tunisie\/2023\/01\/17\/les-jeunes-tunisiens-lemploi-et-la-migration\/#article","isPartOf":{"@id":"https:\/\/kapitalis.com\/tunisie\/2023\/01\/17\/les-jeunes-tunisiens-lemploi-et-la-migration\/"},"author":{"name":"webmaster kapitalis","@id":"https:\/\/kapitalis.com\/tunisie\/#\/schema\/person\/d71f33a9ca44f7bad4698210b480c8e9"},"headline":"Les jeunes tunisiens, l\u2019emploi et la migration","datePublished":"2023-01-17T05:51:16+00:00","dateModified":"2023-01-17T05:51:17+00:00","mainEntityOfPage":{"@id":"https:\/\/kapitalis.com\/tunisie\/2023\/01\/17\/les-jeunes-tunisiens-lemploi-et-la-migration\/"},"wordCount":508,"commentCount":1,"publisher":{"@id":"https:\/\/kapitalis.com\/tunisie\/#organization"},"image":{"@id":"https:\/\/kapitalis.com\/tunisie\/2023\/01\/17\/les-jeunes-tunisiens-lemploi-et-la-migration\/#primaryimage"},"thumbnailUrl":"https:\/\/kapitalis.com\/tunisie\/wp-content\/uploads\/2023\/01\/Forsa-Street.jpg","keywords":["emploi","GIZ","jeunes tunisiens","migration irr\u00e9guli\u00e8re","OIM"],"articleSection":["SOCIETE","Tunisie"],"inLanguage":"fr-FR","potentialAction":[{"@type":"CommentAction","name":"Comment","target":["https:\/\/kapitalis.com\/tunisie\/2023\/01\/17\/les-jeunes-tunisiens-lemploi-et-la-migration\/#respond"]}]},{"@type":"WebPage","@id":"https:\/\/kapitalis.com\/tunisie\/2023\/01\/17\/les-jeunes-tunisiens-lemploi-et-la-migration\/","url":"https:\/\/kapitalis.com\/tunisie\/2023\/01\/17\/les-jeunes-tunisiens-lemploi-et-la-migration\/","name":"Les jeunes tunisiens, l\u2019emploi et la migration - Kapitalis","isPartOf":{"@id":"https:\/\/kapitalis.com\/tunisie\/#website"},"primaryImageOfPage":{"@id":"https:\/\/kapitalis.com\/tunisie\/2023\/01\/17\/les-jeunes-tunisiens-lemploi-et-la-migration\/#primaryimage"},"image":{"@id":"https:\/\/kapitalis.com\/tunisie\/2023\/01\/17\/les-jeunes-tunisiens-lemploi-et-la-migration\/#primaryimage"},"thumbnailUrl":"https:\/\/kapitalis.com\/tunisie\/wp-content\/uploads\/2023\/01\/Forsa-Street.jpg","datePublished":"2023-01-17T05:51:16+00:00","dateModified":"2023-01-17T05:51:17+00:00","breadcrumb":{"@id":"https:\/\/kapitalis.com\/tunisie\/2023\/01\/17\/les-jeunes-tunisiens-lemploi-et-la-migration\/#breadcrumb"},"inLanguage":"fr-FR","potentialAction":[{"@type":"ReadAction","target":["https:\/\/kapitalis.com\/tunisie\/2023\/01\/17\/les-jeunes-tunisiens-lemploi-et-la-migration\/"]}]},{"@type":"ImageObject","inLanguage":"fr-FR","@id":"https:\/\/kapitalis.com\/tunisie\/2023\/01\/17\/les-jeunes-tunisiens-lemploi-et-la-migration\/#primaryimage","url":"https:\/\/kapitalis.com\/tunisie\/wp-content\/uploads\/2023\/01\/Forsa-Street.jpg","contentUrl":"https:\/\/kapitalis.com\/tunisie\/wp-content\/uploads\/2023\/01\/Forsa-Street.jpg","width":1200,"height":630},{"@type":"BreadcrumbList","@id":"https:\/\/kapitalis.com\/tunisie\/2023\/01\/17\/les-jeunes-tunisiens-lemploi-et-la-migration\/#breadcrumb","itemListElement":[{"@type":"ListItem","position":1,"name":"Accueil","item":"https:\/\/kapitalis.com\/tunisie\/"},{"@type":"ListItem","position":2,"name":"Les jeunes tunisiens, l\u2019emploi et la migration"}]},{"@type":"WebSite","@id":"https:\/\/kapitalis.com\/tunisie\/#website","url":"https:\/\/kapitalis.com\/tunisie\/","name":"Kapitalis","description":"L&#039;actualit\u00e9 en Tunisie et dans le monde","publisher":{"@id":"https:\/\/kapitalis.com\/tunisie\/#organization"},"potentialAction":[{"@type":"SearchAction","target":{"@type":"EntryPoint","urlTemplate":"https:\/\/kapitalis.com\/tunisie\/?s={search_term_string}"},"query-input":{"@type":"PropertyValueSpecification","valueRequired":true,"valueName":"search_term_string"}}],"inLanguage":"fr-FR"},{"@type":"Organization","@id":"https:\/\/kapitalis.com\/tunisie\/#organization","name":"Kapitalis","url":"https:\/\/kapitalis.com\/tunisie\/","logo":{"@type":"ImageObject","inLanguage":"fr-FR","@id":"https:\/\/kapitalis.com\/tunisie\/#\/schema\/logo\/image\/","url":"https:\/\/kapitalis.com\/tunisie\/wp-content\/uploads\/2022\/05\/Kapitalis-big-size.png","contentUrl":"https:\/\/kapitalis.com\/tunisie\/wp-content\/uploads\/2022\/05\/Kapitalis-big-size.png","width":5000,"height":1500,"caption":"Kapitalis"},"image":{"@id":"https:\/\/kapitalis.com\/tunisie\/#\/schema\/logo\/image\/"},"sameAs":["https:\/\/www.facebook.com\/KapitalisInfo\/","https:\/\/x.com\/KapitalisInfo","https:\/\/www.youtube.com\/channel\/UC-yDYrHyfFBWWZaOw3FPg9Q"]},{"@type":"Person","@id":"https:\/\/kapitalis.com\/tunisie\/#\/schema\/person\/d71f33a9ca44f7bad4698210b480c8e9","name":"webmaster kapitalis","url":"https:\/\/kapitalis.com\/tunisie\/author\/webmaster-kapitalis\/"}]}},"_links":{"self":[{"href":"https:\/\/kapitalis.com\/tunisie\/wp-json\/wp\/v2\/posts\/6086104","targetHints":{"allow":["GET"]}}],"collection":[{"href":"https:\/\/kapitalis.com\/tunisie\/wp-json\/wp\/v2\/posts"}],"about":[{"href":"https:\/\/kapitalis.com\/tunisie\/wp-json\/wp\/v2\/types\/post"}],"author":[{"embeddable":true,"href":"https:\/\/kapitalis.com\/tunisie\/wp-json\/wp\/v2\/users\/8"}],"replies":[{"embeddable":true,"href":"https:\/\/kapitalis.com\/tunisie\/wp-json\/wp\/v2\/comments?post=6086104"}],"version-history":[{"count":1,"href":"https:\/\/kapitalis.com\/tunisie\/wp-json\/wp\/v2\/posts\/6086104\/revisions"}],"predecessor-version":[{"id":6086135,"href":"https:\/\/kapitalis.com\/tunisie\/wp-json\/wp\/v2\/posts\/6086104\/revisions\/6086135"}],"wp:featuredmedia":[{"embeddable":true,"href":"https:\/\/kapitalis.com\/tunisie\/wp-json\/wp\/v2\/media\/6086129"}],"wp:attachment":[{"href":"https:\/\/kapitalis.com\/tunisie\/wp-json\/wp\/v2\/media?parent=6086104"}],"wp:term":[{"taxonomy":"category","embeddable":true,"href":"https:\/\/kapitalis.com\/tunisie\/wp-json\/wp\/v2\/categories?post=6086104"},{"taxonomy":"post_tag","embeddable":true,"href":"https:\/\/kapitalis.com\/tunisie\/wp-json\/wp\/v2\/tags?post=6086104"}],"curies":[{"name":"wp","href":"https:\/\/api.w.org\/{rel}","templated":true}]}}