{"id":6086758,"date":"2023-01-17T08:13:58","date_gmt":"2023-01-17T07:13:58","guid":{"rendered":"https:\/\/kapitalis.com\/tunisie\/?p=6086758"},"modified":"2023-01-17T08:13:59","modified_gmt":"2023-01-17T07:13:59","slug":"lequipe-economique-francaise-en-tunisie-en-visite-a-bizerte","status":"publish","type":"post","link":"https:\/\/kapitalis.com\/tunisie\/2023\/01\/17\/lequipe-economique-francaise-en-tunisie-en-visite-a-bizerte\/","title":{"rendered":"L\u2019\u00e9quipe \u00e9conomique fran\u00e7aise en Tunisie en visite \u00e0 Bizerte"},"content":{"rendered":"\n<p><strong><em>L\u2019\u00e9quipe \u00e9conomique fran\u00e7aise en Tunisie se rendra \u00e0 Bizerte le 19 janvier 2023 pour pr\u00e9senter aux entrepreneurs locaux les outils \u00e0 la disposition des entreprises tunisiennes et \u00e9trang\u00e8res et des filiales fran\u00e7aises bas\u00e9es en Tunisie.<\/em><\/strong><\/p>\n\n\n\n<!--more-->\n\n\n\n<p>L\u2019ambassade de France en Tunisie a annonc\u00e9, lundi 16 janvier, que l\u2019Agence fran\u00e7aise de d\u00e9veloppement (AFD), Proparco, Expertise France, Business France, la Chambre tuniso-fran\u00e7aise de commerce et d\u2019industrie (CTFCI) et le Service \u00e9conomique r\u00e9gional de l\u2019ambassade de France en Tunisie pr\u00e9senteront leur mission et les solutions mises en \u0153uvre pour faciliter le d\u00e9veloppement de projets avec des partenaires fran\u00e7ais, la dynamique de coop\u00e9ration entre les deux pays et les financements disponibles.<\/p>\n\n\n\n<p>La rencontre, organis\u00e9e en coop\u00e9ration avec l\u2019Agence pour la promotion de l\u2019industrie et de l\u2019innovation (APII), l\u2019Alliance Fran\u00e7aise, l\u2019Union internationale des banques (UIB) et le Groupe Soci\u00e9t\u00e9 G\u00e9n\u00e9rale, se d\u00e9roulera en pr\u00e9sence de l\u2019ambassadeur de France en Tunisie, Andr\u00e9 Parant.<\/p>\n","protected":false},"excerpt":{"rendered":"<p>L\u2019\u00e9quipe \u00e9conomique fran\u00e7aise en Tunisie va \u00e0 la rencontre des entrepreneurs \u00e0 Bizerte.  <\/p>\n","protected":false},"author":8,"featured_media":6086790,"comment_status":"open","ping_status":"open","sticky":false,"template":"","format":"standard","meta":{"footnotes":""},"categories":[995,2433],"tags":[4924,81251,148,8219,18828,395,11586,62643],"class_list":["post-6086758","post","type-post","status-publish","format-standard","has-post-thumbnail","hentry","category-economie","category-tunisie","tag-afd","tag-andre-parant","tag-bizerte","tag-ctfci","tag-expertise-france","tag-france","tag-proparco","tag-tunisie"],"yoast_head":"<!-- This site is optimized with the Yoast SEO plugin v26.6 - https:\/\/yoast.com\/wordpress\/plugins\/seo\/ -->\n<title>L\u2019\u00e9quipe \u00e9conomique fran\u00e7aise en Tunisie en visite \u00e0 Bizerte - Kapitalis<\/title>\n<meta name=\"robots\" content=\"index, follow, max-snippet:-1, max-image-preview:large, max-video-preview:-1\" \/>\n<link rel=\"canonical\" href=\"https:\/\/kapitalis.com\/tunisie\/2023\/01\/17\/lequipe-economique-francaise-en-tunisie-en-visite-a-bizerte\/\" \/>\n<meta property=\"og:locale\" content=\"fr_FR\" \/>\n<meta property=\"og:type\" content=\"article\" \/>\n<meta property=\"og:title\" content=\"L\u2019\u00e9quipe \u00e9conomique fran\u00e7aise en Tunisie en visite \u00e0 Bizerte - Kapitalis\" \/>\n<meta property=\"og:description\" content=\"L\u2019\u00e9quipe \u00e9conomique fran\u00e7aise en Tunisie va \u00e0 la rencontre des entrepreneurs \u00e0 Bizerte.\" \/>\n<meta property=\"og:url\" content=\"https:\/\/kapitalis.com\/tunisie\/2023\/01\/17\/lequipe-economique-francaise-en-tunisie-en-visite-a-bizerte\/\" \/>\n<meta property=\"og:site_name\" content=\"Kapitalis\" \/>\n<meta property=\"article:publisher\" content=\"https:\/\/www.facebook.com\/KapitalisInfo\/\" \/>\n<meta property=\"article:published_time\" content=\"2023-01-17T07:13:58+00:00\" \/>\n<meta property=\"article:modified_time\" content=\"2023-01-17T07:13:59+00:00\" \/>\n<meta property=\"og:image\" content=\"https:\/\/kapitalis.com\/tunisie\/wp-content\/uploads\/2023\/01\/Bizerte.jpg\" \/>\n\t<meta property=\"og:image:width\" content=\"1200\" \/>\n\t<meta property=\"og:image:height\" content=\"630\" \/>\n\t<meta property=\"og:image:type\" content=\"image\/jpeg\" \/>\n<meta name=\"author\" content=\"webmaster kapitalis\" \/>\n<meta name=\"twitter:card\" content=\"summary_large_image\" \/>\n<meta name=\"twitter:creator\" content=\"@KapitalisInfo\" \/>\n<meta name=\"twitter:site\" content=\"@KapitalisInfo\" \/>\n<meta name=\"twitter:label1\" content=\"\u00c9crit par\" \/>\n\t<meta name=\"twitter:data1\" content=\"webmaster kapitalis\" \/>\n\t<meta name=\"twitter:label2\" content=\"Dur\u00e9e de lecture estim\u00e9e\" \/>\n\t<meta name=\"twitter:data2\" content=\"1 minute\" \/>\n<script type=\"application\/ld+json\" class=\"yoast-schema-graph\">{\"@context\":\"https:\/\/schema.org\",\"@graph\":[{\"@type\":\"Article\",\"@id\":\"https:\/\/kapitalis.com\/tunisie\/2023\/01\/17\/lequipe-economique-francaise-en-tunisie-en-visite-a-bizerte\/#article\",\"isPartOf\":{\"@id\":\"https:\/\/kapitalis.com\/tunisie\/2023\/01\/17\/lequipe-economique-francaise-en-tunisie-en-visite-a-bizerte\/\"},\"author\":{\"name\":\"webmaster kapitalis\",\"@id\":\"https:\/\/kapitalis.com\/tunisie\/#\/schema\/person\/d71f33a9ca44f7bad4698210b480c8e9\"},\"headline\":\"L\u2019\u00e9quipe \u00e9conomique fran\u00e7aise en Tunisie en visite \u00e0 Bizerte\",\"datePublished\":\"2023-01-17T07:13:58+00:00\",\"dateModified\":\"2023-01-17T07:13:59+00:00\",\"mainEntityOfPage\":{\"@id\":\"https:\/\/kapitalis.com\/tunisie\/2023\/01\/17\/lequipe-economique-francaise-en-tunisie-en-visite-a-bizerte\/\"},\"wordCount\":183,\"commentCount\":1,\"publisher\":{\"@id\":\"https:\/\/kapitalis.com\/tunisie\/#organization\"},\"image\":{\"@id\":\"https:\/\/kapitalis.com\/tunisie\/2023\/01\/17\/lequipe-economique-francaise-en-tunisie-en-visite-a-bizerte\/#primaryimage\"},\"thumbnailUrl\":\"https:\/\/kapitalis.com\/tunisie\/wp-content\/uploads\/2023\/01\/Bizerte.jpg\",\"keywords\":[\"AFD\",\"Andr\u00e9 Parant\",\"Bizerte\",\"CTFCI\",\"Expertise France\",\"France\",\"Proparco\",\"Tunisie\"],\"articleSection\":[\"ECONOMIE\",\"Tunisie\"],\"inLanguage\":\"fr-FR\",\"potentialAction\":[{\"@type\":\"CommentAction\",\"name\":\"Comment\",\"target\":[\"https:\/\/kapitalis.com\/tunisie\/2023\/01\/17\/lequipe-economique-francaise-en-tunisie-en-visite-a-bizerte\/#respond\"]}]},{\"@type\":\"WebPage\",\"@id\":\"https:\/\/kapitalis.com\/tunisie\/2023\/01\/17\/lequipe-economique-francaise-en-tunisie-en-visite-a-bizerte\/\",\"url\":\"https:\/\/kapitalis.com\/tunisie\/2023\/01\/17\/lequipe-economique-francaise-en-tunisie-en-visite-a-bizerte\/\",\"name\":\"L\u2019\u00e9quipe \u00e9conomique fran\u00e7aise en Tunisie en visite \u00e0 Bizerte - Kapitalis\",\"isPartOf\":{\"@id\":\"https:\/\/kapitalis.com\/tunisie\/#website\"},\"primaryImageOfPage\":{\"@id\":\"https:\/\/kapitalis.com\/tunisie\/2023\/01\/17\/lequipe-economique-francaise-en-tunisie-en-visite-a-bizerte\/#primaryimage\"},\"image\":{\"@id\":\"https:\/\/kapitalis.com\/tunisie\/2023\/01\/17\/lequipe-economique-francaise-en-tunisie-en-visite-a-bizerte\/#primaryimage\"},\"thumbnailUrl\":\"https:\/\/kapitalis.com\/tunisie\/wp-content\/uploads\/2023\/01\/Bizerte.jpg\",\"datePublished\":\"2023-01-17T07:13:58+00:00\",\"dateModified\":\"2023-01-17T07:13:59+00:00\",\"breadcrumb\":{\"@id\":\"https:\/\/kapitalis.com\/tunisie\/2023\/01\/17\/lequipe-economique-francaise-en-tunisie-en-visite-a-bizerte\/#breadcrumb\"},\"inLanguage\":\"fr-FR\",\"potentialAction\":[{\"@type\":\"ReadAction\",\"target\":[\"https:\/\/kapitalis.com\/tunisie\/2023\/01\/17\/lequipe-economique-francaise-en-tunisie-en-visite-a-bizerte\/\"]}]},{\"@type\":\"ImageObject\",\"inLanguage\":\"fr-FR\",\"@id\":\"https:\/\/kapitalis.com\/tunisie\/2023\/01\/17\/lequipe-economique-francaise-en-tunisie-en-visite-a-bizerte\/#primaryimage\",\"url\":\"https:\/\/kapitalis.com\/tunisie\/wp-content\/uploads\/2023\/01\/Bizerte.jpg\",\"contentUrl\":\"https:\/\/kapitalis.com\/tunisie\/wp-content\/uploads\/2023\/01\/Bizerte.jpg\",\"width\":1200,\"height\":630},{\"@type\":\"BreadcrumbList\",\"@id\":\"https:\/\/kapitalis.com\/tunisie\/2023\/01\/17\/lequipe-economique-francaise-en-tunisie-en-visite-a-bizerte\/#breadcrumb\",\"itemListElement\":[{\"@type\":\"ListItem\",\"position\":1,\"name\":\"Accueil\",\"item\":\"https:\/\/kapitalis.com\/tunisie\/\"},{\"@type\":\"ListItem\",\"position\":2,\"name\":\"L\u2019\u00e9quipe \u00e9conomique fran\u00e7aise en Tunisie en visite \u00e0 Bizerte\"}]},{\"@type\":\"WebSite\",\"@id\":\"https:\/\/kapitalis.com\/tunisie\/#website\",\"url\":\"https:\/\/kapitalis.com\/tunisie\/\",\"name\":\"Kapitalis\",\"description\":\"L&#039;actualit\u00e9 en Tunisie et dans le monde\",\"publisher\":{\"@id\":\"https:\/\/kapitalis.com\/tunisie\/#organization\"},\"potentialAction\":[{\"@type\":\"SearchAction\",\"target\":{\"@type\":\"EntryPoint\",\"urlTemplate\":\"https:\/\/kapitalis.com\/tunisie\/?s={search_term_string}\"},\"query-input\":{\"@type\":\"PropertyValueSpecification\",\"valueRequired\":true,\"valueName\":\"search_term_string\"}}],\"inLanguage\":\"fr-FR\"},{\"@type\":\"Organization\",\"@id\":\"https:\/\/kapitalis.com\/tunisie\/#organization\",\"name\":\"Kapitalis\",\"url\":\"https:\/\/kapitalis.com\/tunisie\/\",\"logo\":{\"@type\":\"ImageObject\",\"inLanguage\":\"fr-FR\",\"@id\":\"https:\/\/kapitalis.com\/tunisie\/#\/schema\/logo\/image\/\",\"url\":\"https:\/\/kapitalis.com\/tunisie\/wp-content\/uploads\/2022\/05\/Kapitalis-big-size.png\",\"contentUrl\":\"https:\/\/kapitalis.com\/tunisie\/wp-content\/uploads\/2022\/05\/Kapitalis-big-size.png\",\"width\":5000,\"height\":1500,\"caption\":\"Kapitalis\"},\"image\":{\"@id\":\"https:\/\/kapitalis.com\/tunisie\/#\/schema\/logo\/image\/\"},\"sameAs\":[\"https:\/\/www.facebook.com\/KapitalisInfo\/\",\"https:\/\/x.com\/KapitalisInfo\",\"https:\/\/www.youtube.com\/channel\/UC-yDYrHyfFBWWZaOw3FPg9Q\"]},{\"@type\":\"Person\",\"@id\":\"https:\/\/kapitalis.com\/tunisie\/#\/schema\/person\/d71f33a9ca44f7bad4698210b480c8e9\",\"name\":\"webmaster kapitalis\",\"url\":\"https:\/\/kapitalis.com\/tunisie\/author\/webmaster-kapitalis\/\"}]}<\/script>\n<!-- \/ Yoast SEO plugin. -->","yoast_head_json":{"title":"L\u2019\u00e9quipe \u00e9conomique fran\u00e7aise en Tunisie en visite \u00e0 Bizerte - Kapitalis","robots":{"index":"index","follow":"follow","max-snippet":"max-snippet:-1","max-image-preview":"max-image-preview:large","max-video-preview":"max-video-preview:-1"},"canonical":"https:\/\/kapitalis.com\/tunisie\/2023\/01\/17\/lequipe-economique-francaise-en-tunisie-en-visite-a-bizerte\/","og_locale":"fr_FR","og_type":"article","og_title":"L\u2019\u00e9quipe \u00e9conomique fran\u00e7aise en Tunisie en visite \u00e0 Bizerte - Kapitalis","og_description":"L\u2019\u00e9quipe \u00e9conomique fran\u00e7aise en Tunisie va \u00e0 la rencontre des entrepreneurs \u00e0 Bizerte.","og_url":"https:\/\/kapitalis.com\/tunisie\/2023\/01\/17\/lequipe-economique-francaise-en-tunisie-en-visite-a-bizerte\/","og_site_name":"Kapitalis","article_publisher":"https:\/\/www.facebook.com\/KapitalisInfo\/","article_published_time":"2023-01-17T07:13:58+00:00","article_modified_time":"2023-01-17T07:13:59+00:00","og_image":[{"width":1200,"height":630,"url":"https:\/\/kapitalis.com\/tunisie\/wp-content\/uploads\/2023\/01\/Bizerte.jpg","type":"image\/jpeg"}],"author":"webmaster kapitalis","twitter_card":"summary_large_image","twitter_creator":"@KapitalisInfo","twitter_site":"@KapitalisInfo","twitter_misc":{"\u00c9crit par":"webmaster kapitalis","Dur\u00e9e de lecture estim\u00e9e":"1 minute"},"schema":{"@context":"https:\/\/schema.org","@graph":[{"@type":"Article","@id":"https:\/\/kapitalis.com\/tunisie\/2023\/01\/17\/lequipe-economique-francaise-en-tunisie-en-visite-a-bizerte\/#article","isPartOf":{"@id":"https:\/\/kapitalis.com\/tunisie\/2023\/01\/17\/lequipe-economique-francaise-en-tunisie-en-visite-a-bizerte\/"},"author":{"name":"webmaster kapitalis","@id":"https:\/\/kapitalis.com\/tunisie\/#\/schema\/person\/d71f33a9ca44f7bad4698210b480c8e9"},"headline":"L\u2019\u00e9quipe \u00e9conomique fran\u00e7aise en Tunisie en visite \u00e0 Bizerte","datePublished":"2023-01-17T07:13:58+00:00","dateModified":"2023-01-17T07:13:59+00:00","mainEntityOfPage":{"@id":"https:\/\/kapitalis.com\/tunisie\/2023\/01\/17\/lequipe-economique-francaise-en-tunisie-en-visite-a-bizerte\/"},"wordCount":183,"commentCount":1,"publisher":{"@id":"https:\/\/kapitalis.com\/tunisie\/#organization"},"image":{"@id":"https:\/\/kapitalis.com\/tunisie\/2023\/01\/17\/lequipe-economique-francaise-en-tunisie-en-visite-a-bizerte\/#primaryimage"},"thumbnailUrl":"https:\/\/kapitalis.com\/tunisie\/wp-content\/uploads\/2023\/01\/Bizerte.jpg","keywords":["AFD","Andr\u00e9 Parant","Bizerte","CTFCI","Expertise France","France","Proparco","Tunisie"],"articleSection":["ECONOMIE","Tunisie"],"inLanguage":"fr-FR","potentialAction":[{"@type":"CommentAction","name":"Comment","target":["https:\/\/kapitalis.com\/tunisie\/2023\/01\/17\/lequipe-economique-francaise-en-tunisie-en-visite-a-bizerte\/#respond"]}]},{"@type":"WebPage","@id":"https:\/\/kapitalis.com\/tunisie\/2023\/01\/17\/lequipe-economique-francaise-en-tunisie-en-visite-a-bizerte\/","url":"https:\/\/kapitalis.com\/tunisie\/2023\/01\/17\/lequipe-economique-francaise-en-tunisie-en-visite-a-bizerte\/","name":"L\u2019\u00e9quipe \u00e9conomique fran\u00e7aise en Tunisie en visite \u00e0 Bizerte - Kapitalis","isPartOf":{"@id":"https:\/\/kapitalis.com\/tunisie\/#website"},"primaryImageOfPage":{"@id":"https:\/\/kapitalis.com\/tunisie\/2023\/01\/17\/lequipe-economique-francaise-en-tunisie-en-visite-a-bizerte\/#primaryimage"},"image":{"@id":"https:\/\/kapitalis.com\/tunisie\/2023\/01\/17\/lequipe-economique-francaise-en-tunisie-en-visite-a-bizerte\/#primaryimage"},"thumbnailUrl":"https:\/\/kapitalis.com\/tunisie\/wp-content\/uploads\/2023\/01\/Bizerte.jpg","datePublished":"2023-01-17T07:13:58+00:00","dateModified":"2023-01-17T07:13:59+00:00","breadcrumb":{"@id":"https:\/\/kapitalis.com\/tunisie\/2023\/01\/17\/lequipe-economique-francaise-en-tunisie-en-visite-a-bizerte\/#breadcrumb"},"inLanguage":"fr-FR","potentialAction":[{"@type":"ReadAction","target":["https:\/\/kapitalis.com\/tunisie\/2023\/01\/17\/lequipe-economique-francaise-en-tunisie-en-visite-a-bizerte\/"]}]},{"@type":"ImageObject","inLanguage":"fr-FR","@id":"https:\/\/kapitalis.com\/tunisie\/2023\/01\/17\/lequipe-economique-francaise-en-tunisie-en-visite-a-bizerte\/#primaryimage","url":"https:\/\/kapitalis.com\/tunisie\/wp-content\/uploads\/2023\/01\/Bizerte.jpg","contentUrl":"https:\/\/kapitalis.com\/tunisie\/wp-content\/uploads\/2023\/01\/Bizerte.jpg","width":1200,"height":630},{"@type":"BreadcrumbList","@id":"https:\/\/kapitalis.com\/tunisie\/2023\/01\/17\/lequipe-economique-francaise-en-tunisie-en-visite-a-bizerte\/#breadcrumb","itemListElement":[{"@type":"ListItem","position":1,"name":"Accueil","item":"https:\/\/kapitalis.com\/tunisie\/"},{"@type":"ListItem","position":2,"name":"L\u2019\u00e9quipe \u00e9conomique fran\u00e7aise en Tunisie en visite \u00e0 Bizerte"}]},{"@type":"WebSite","@id":"https:\/\/kapitalis.com\/tunisie\/#website","url":"https:\/\/kapitalis.com\/tunisie\/","name":"Kapitalis","description":"L&#039;actualit\u00e9 en Tunisie et dans le monde","publisher":{"@id":"https:\/\/kapitalis.com\/tunisie\/#organization"},"potentialAction":[{"@type":"SearchAction","target":{"@type":"EntryPoint","urlTemplate":"https:\/\/kapitalis.com\/tunisie\/?s={search_term_string}"},"query-input":{"@type":"PropertyValueSpecification","valueRequired":true,"valueName":"search_term_string"}}],"inLanguage":"fr-FR"},{"@type":"Organization","@id":"https:\/\/kapitalis.com\/tunisie\/#organization","name":"Kapitalis","url":"https:\/\/kapitalis.com\/tunisie\/","logo":{"@type":"ImageObject","inLanguage":"fr-FR","@id":"https:\/\/kapitalis.com\/tunisie\/#\/schema\/logo\/image\/","url":"https:\/\/kapitalis.com\/tunisie\/wp-content\/uploads\/2022\/05\/Kapitalis-big-size.png","contentUrl":"https:\/\/kapitalis.com\/tunisie\/wp-content\/uploads\/2022\/05\/Kapitalis-big-size.png","width":5000,"height":1500,"caption":"Kapitalis"},"image":{"@id":"https:\/\/kapitalis.com\/tunisie\/#\/schema\/logo\/image\/"},"sameAs":["https:\/\/www.facebook.com\/KapitalisInfo\/","https:\/\/x.com\/KapitalisInfo","https:\/\/www.youtube.com\/channel\/UC-yDYrHyfFBWWZaOw3FPg9Q"]},{"@type":"Person","@id":"https:\/\/kapitalis.com\/tunisie\/#\/schema\/person\/d71f33a9ca44f7bad4698210b480c8e9","name":"webmaster kapitalis","url":"https:\/\/kapitalis.com\/tunisie\/author\/webmaster-kapitalis\/"}]}},"_links":{"self":[{"href":"https:\/\/kapitalis.com\/tunisie\/wp-json\/wp\/v2\/posts\/6086758","targetHints":{"allow":["GET"]}}],"collection":[{"href":"https:\/\/kapitalis.com\/tunisie\/wp-json\/wp\/v2\/posts"}],"about":[{"href":"https:\/\/kapitalis.com\/tunisie\/wp-json\/wp\/v2\/types\/post"}],"author":[{"embeddable":true,"href":"https:\/\/kapitalis.com\/tunisie\/wp-json\/wp\/v2\/users\/8"}],"replies":[{"embeddable":true,"href":"https:\/\/kapitalis.com\/tunisie\/wp-json\/wp\/v2\/comments?post=6086758"}],"version-history":[{"count":1,"href":"https:\/\/kapitalis.com\/tunisie\/wp-json\/wp\/v2\/posts\/6086758\/revisions"}],"predecessor-version":[{"id":6086797,"href":"https:\/\/kapitalis.com\/tunisie\/wp-json\/wp\/v2\/posts\/6086758\/revisions\/6086797"}],"wp:featuredmedia":[{"embeddable":true,"href":"https:\/\/kapitalis.com\/tunisie\/wp-json\/wp\/v2\/media\/6086790"}],"wp:attachment":[{"href":"https:\/\/kapitalis.com\/tunisie\/wp-json\/wp\/v2\/media?parent=6086758"}],"wp:term":[{"taxonomy":"category","embeddable":true,"href":"https:\/\/kapitalis.com\/tunisie\/wp-json\/wp\/v2\/categories?post=6086758"},{"taxonomy":"post_tag","embeddable":true,"href":"https:\/\/kapitalis.com\/tunisie\/wp-json\/wp\/v2\/tags?post=6086758"}],"curies":[{"name":"wp","href":"https:\/\/api.w.org\/{rel}","templated":true}]}}