{"id":60902,"date":"2016-08-10T17:25:08","date_gmt":"2016-08-10T16:25:08","guid":{"rendered":"http:\/\/kapitalis.com\/tunisie\/?p=60902"},"modified":"2016-08-10T17:25:08","modified_gmt":"2016-08-10T16:25:08","slug":"abir-moussi-hamed-karoui-cedera-la-presidence-du-mouvement-destourien","status":"publish","type":"post","link":"https:\/\/kapitalis.com\/tunisie\/2016\/08\/10\/abir-moussi-hamed-karoui-cedera-la-presidence-du-mouvement-destourien\/","title":{"rendered":"Abir Moussi : Hamed Karoui c\u00e8dera la pr\u00e9sidence du Mouvement destourien"},"content":{"rendered":"<p style=\"text-align: center;\"><img loading=\"lazy\" decoding=\"async\" class=\"alignnone size-full wp-image-60903\" src=\"http:\/\/kapitalis.com\/tunisie\/wp-content\/uploads\/2016\/08\/Abir-Moussi-et-Hamed-Karoui.jpg\" alt=\"Abir-Moussi-et-Hamed-Karoui\" width=\"626\" height=\"380\" \/><\/p>\n<p style=\"text-align: left;\"><em><strong>Hamed Karoui, fondateur du Mouvement destourien, quittera la pr\u00e9sidence de ce parti de son plein gr\u00e9 lors du congr\u00e8s constitutif pr\u00e9vu le 13 ao\u00fbt courant.<\/strong><\/em><\/p>\n<p style=\"text-align: left;\"><!--more--><\/p>\n<p style=\"text-align: left;\">La coordinatrice g\u00e9n\u00e9rale du Mouvement Destourien, Abir Moussi, qui a fait cette annonce, au cours d\u2019une conf\u00e9rence de presse \u00e0 Tunis, mercredi, a expliqu\u00e9 ce choix de l\u2019ancien Premier ministre (89 ans) par sa volont\u00e9 de c\u00e9der la place \u00e0 un nouveau dirigeant, ajoutant que les jeunes, les femmes et les r\u00e9gions seront fortement repr\u00e9sent\u00e9s dans la nouvelle structure du parti.<\/p>\n<p style=\"text-align: left;\">Le congr\u00e8s constitutif du mouvement, auquel prendront part 500 congressistes repr\u00e9sentant toutes les r\u00e9gions, tous les secteurs et toutes les cat\u00e9gories d\u2019\u00e2ge, verra la participation de d\u00e9l\u00e9gu\u00e9s \u00e2g\u00e9s entre 19 et 89 ans, ce qui d\u00e9note une interaction interg\u00e9n\u00e9rationnelle au sein du mouvement, a-t-elle dit.<\/p>\n<p style=\"text-align: left;\">Mme Moussi a fait, \u00e9galement, savoir que le nom et la devise du parti seront chang\u00e9s, ajoutant que le congr\u00e8s constitutif proc\u00e8dera \u00e0 une \u00e9valuation de l\u2019histoire du Mouvement Destourien depuis 1920, date de cr\u00e9ation du Destour par le cheikh Abdelaziz Thaalbi, afin de <em>\u00abcapitaliser sur les aspects positifs et \u00e9viter les erreurs pass\u00e9es\u00bb.<\/em><\/p>\n<p style=\"text-align: left;\">Evoquant la non-participation du parti aux concertations autour de la formation d&rsquo;un gouvernement d\u2019union nationale, la coordinatrice g\u00e9n\u00e9rale du Mouvement Destourien a cru y voir une forme d\u2019exclusion des Destouriens qui <em>\u00abont \u00e9t\u00e9 diabolis\u00e9s apr\u00e8s la r\u00e9volution\u00bb<\/em>, a-t-elle soulign\u00e9.<\/p>\n<p style=\"text-align: left;\">Interrog\u00e9e sur le choix de la date du 13 ao\u00fbt, date d\u2019anniversaire de la promulgation du Code du statut personnel et de la c\u00e9l\u00e9bration de la journ\u00e9e nationale de la femme, pour la tenue du congr\u00e8s et l&rsquo;invitation adress\u00e9e notamment \u00e0 l\u2019Union nationale de la femme tunisienne (UNFT), Abir Moussi a estim\u00e9 que la fragilisation de l\u2019union constitue une atteinte \u00e0 la femme tunisienne et une tentative de marginaliser son r\u00f4le. Le Mouvement Destourien est dispos\u00e9 \u00e0 apporter son soutien \u00e0 l\u2019UNFT pour r\u00e9habiliter son r\u00f4le, a-t-elle soulign\u00e9.<\/p>\n<p style=\"text-align: right;\"><strong>I. B.<\/strong> (avec Tap).<\/p>\n","protected":false},"excerpt":{"rendered":"<p>Hamed Karoui, fondateur du Mouvement destourien, quittera la pr\u00e9sidence de ce parti de son plein gr\u00e9 lors du congr\u00e8s constitutif pr\u00e9vu le 13 ao\u00fbt courant.<\/p>\n","protected":false},"author":8,"featured_media":60903,"comment_status":"open","ping_status":"open","sticky":false,"template":"","format":"standard","meta":{"footnotes":""},"categories":[997,2433],"tags":[15144,225,1479,15145,6141,3747],"class_list":["post-60902","post","type-post","status-publish","format-standard","has-post-thumbnail","hentry","category-politique","category-tunisie","tag-abir-moussi","tag-congres","tag-femmes","tag-hamed-karoui","tag-mouvement-destourien","tag-unft"],"yoast_head":"<!-- This site is optimized with the Yoast SEO plugin v26.6 - https:\/\/yoast.com\/wordpress\/plugins\/seo\/ -->\n<title>Abir Moussi : Hamed Karoui c\u00e8dera la pr\u00e9sidence du Mouvement destourien - Kapitalis<\/title>\n<meta name=\"robots\" content=\"index, follow, max-snippet:-1, max-image-preview:large, max-video-preview:-1\" \/>\n<link rel=\"canonical\" href=\"https:\/\/kapitalis.com\/tunisie\/2016\/08\/10\/abir-moussi-hamed-karoui-cedera-la-presidence-du-mouvement-destourien\/\" \/>\n<meta property=\"og:locale\" content=\"fr_FR\" \/>\n<meta property=\"og:type\" content=\"article\" \/>\n<meta property=\"og:title\" content=\"Abir Moussi : Hamed Karoui c\u00e8dera la pr\u00e9sidence du Mouvement destourien - Kapitalis\" \/>\n<meta property=\"og:description\" content=\"Hamed Karoui, fondateur du Mouvement destourien, quittera la pr\u00e9sidence de ce parti de son plein gr\u00e9 lors du congr\u00e8s constitutif pr\u00e9vu le 13 ao\u00fbt courant.\" \/>\n<meta property=\"og:url\" content=\"https:\/\/kapitalis.com\/tunisie\/2016\/08\/10\/abir-moussi-hamed-karoui-cedera-la-presidence-du-mouvement-destourien\/\" \/>\n<meta property=\"og:site_name\" content=\"Kapitalis\" \/>\n<meta property=\"article:publisher\" content=\"https:\/\/www.facebook.com\/KapitalisInfo\/\" \/>\n<meta property=\"article:published_time\" content=\"2016-08-10T16:25:08+00:00\" \/>\n<meta property=\"og:image\" content=\"https:\/\/kapitalis.com\/tunisie\/wp-content\/uploads\/2022\/05\/kapitalis-logo-fb.png\" \/>\n\t<meta property=\"og:image:width\" content=\"1200\" \/>\n\t<meta property=\"og:image:height\" content=\"630\" \/>\n\t<meta property=\"og:image:type\" content=\"image\/png\" \/>\n<meta name=\"author\" content=\"webmaster kapitalis\" \/>\n<meta name=\"twitter:card\" content=\"summary_large_image\" \/>\n<meta name=\"twitter:creator\" content=\"@KapitalisInfo\" \/>\n<meta name=\"twitter:site\" content=\"@KapitalisInfo\" \/>\n<meta name=\"twitter:label1\" content=\"\u00c9crit par\" \/>\n\t<meta name=\"twitter:data1\" content=\"webmaster kapitalis\" \/>\n\t<meta name=\"twitter:label2\" content=\"Dur\u00e9e de lecture estim\u00e9e\" \/>\n\t<meta name=\"twitter:data2\" content=\"2 minutes\" \/>\n<script type=\"application\/ld+json\" class=\"yoast-schema-graph\">{\"@context\":\"https:\/\/schema.org\",\"@graph\":[{\"@type\":\"Article\",\"@id\":\"https:\/\/kapitalis.com\/tunisie\/2016\/08\/10\/abir-moussi-hamed-karoui-cedera-la-presidence-du-mouvement-destourien\/#article\",\"isPartOf\":{\"@id\":\"https:\/\/kapitalis.com\/tunisie\/2016\/08\/10\/abir-moussi-hamed-karoui-cedera-la-presidence-du-mouvement-destourien\/\"},\"author\":{\"name\":\"webmaster kapitalis\",\"@id\":\"https:\/\/kapitalis.com\/tunisie\/#\/schema\/person\/d71f33a9ca44f7bad4698210b480c8e9\"},\"headline\":\"Abir Moussi : Hamed Karoui c\u00e8dera la pr\u00e9sidence du Mouvement destourien\",\"datePublished\":\"2016-08-10T16:25:08+00:00\",\"mainEntityOfPage\":{\"@id\":\"https:\/\/kapitalis.com\/tunisie\/2016\/08\/10\/abir-moussi-hamed-karoui-cedera-la-presidence-du-mouvement-destourien\/\"},\"wordCount\":366,\"commentCount\":1,\"publisher\":{\"@id\":\"https:\/\/kapitalis.com\/tunisie\/#organization\"},\"image\":{\"@id\":\"https:\/\/kapitalis.com\/tunisie\/2016\/08\/10\/abir-moussi-hamed-karoui-cedera-la-presidence-du-mouvement-destourien\/#primaryimage\"},\"thumbnailUrl\":\"\",\"keywords\":[\"Abir Moussi\",\"congr\u00e8s\",\"femmes\",\"Hamed Karoui\",\"Mouvement Destourien\",\"UNFT\"],\"articleSection\":[\"POLITIQUE\",\"Tunisie\"],\"inLanguage\":\"fr-FR\",\"potentialAction\":[{\"@type\":\"CommentAction\",\"name\":\"Comment\",\"target\":[\"https:\/\/kapitalis.com\/tunisie\/2016\/08\/10\/abir-moussi-hamed-karoui-cedera-la-presidence-du-mouvement-destourien\/#respond\"]}]},{\"@type\":\"WebPage\",\"@id\":\"https:\/\/kapitalis.com\/tunisie\/2016\/08\/10\/abir-moussi-hamed-karoui-cedera-la-presidence-du-mouvement-destourien\/\",\"url\":\"https:\/\/kapitalis.com\/tunisie\/2016\/08\/10\/abir-moussi-hamed-karoui-cedera-la-presidence-du-mouvement-destourien\/\",\"name\":\"Abir Moussi : Hamed Karoui c\u00e8dera la pr\u00e9sidence du Mouvement destourien - Kapitalis\",\"isPartOf\":{\"@id\":\"https:\/\/kapitalis.com\/tunisie\/#website\"},\"primaryImageOfPage\":{\"@id\":\"https:\/\/kapitalis.com\/tunisie\/2016\/08\/10\/abir-moussi-hamed-karoui-cedera-la-presidence-du-mouvement-destourien\/#primaryimage\"},\"image\":{\"@id\":\"https:\/\/kapitalis.com\/tunisie\/2016\/08\/10\/abir-moussi-hamed-karoui-cedera-la-presidence-du-mouvement-destourien\/#primaryimage\"},\"thumbnailUrl\":\"\",\"datePublished\":\"2016-08-10T16:25:08+00:00\",\"breadcrumb\":{\"@id\":\"https:\/\/kapitalis.com\/tunisie\/2016\/08\/10\/abir-moussi-hamed-karoui-cedera-la-presidence-du-mouvement-destourien\/#breadcrumb\"},\"inLanguage\":\"fr-FR\",\"potentialAction\":[{\"@type\":\"ReadAction\",\"target\":[\"https:\/\/kapitalis.com\/tunisie\/2016\/08\/10\/abir-moussi-hamed-karoui-cedera-la-presidence-du-mouvement-destourien\/\"]}]},{\"@type\":\"ImageObject\",\"inLanguage\":\"fr-FR\",\"@id\":\"https:\/\/kapitalis.com\/tunisie\/2016\/08\/10\/abir-moussi-hamed-karoui-cedera-la-presidence-du-mouvement-destourien\/#primaryimage\",\"url\":\"\",\"contentUrl\":\"\"},{\"@type\":\"BreadcrumbList\",\"@id\":\"https:\/\/kapitalis.com\/tunisie\/2016\/08\/10\/abir-moussi-hamed-karoui-cedera-la-presidence-du-mouvement-destourien\/#breadcrumb\",\"itemListElement\":[{\"@type\":\"ListItem\",\"position\":1,\"name\":\"Accueil\",\"item\":\"https:\/\/kapitalis.com\/tunisie\/\"},{\"@type\":\"ListItem\",\"position\":2,\"name\":\"Abir Moussi : Hamed Karoui c\u00e8dera la pr\u00e9sidence du Mouvement destourien\"}]},{\"@type\":\"WebSite\",\"@id\":\"https:\/\/kapitalis.com\/tunisie\/#website\",\"url\":\"https:\/\/kapitalis.com\/tunisie\/\",\"name\":\"Kapitalis\",\"description\":\"L&#039;actualit\u00e9 en Tunisie et dans le monde\",\"publisher\":{\"@id\":\"https:\/\/kapitalis.com\/tunisie\/#organization\"},\"potentialAction\":[{\"@type\":\"SearchAction\",\"target\":{\"@type\":\"EntryPoint\",\"urlTemplate\":\"https:\/\/kapitalis.com\/tunisie\/?s={search_term_string}\"},\"query-input\":{\"@type\":\"PropertyValueSpecification\",\"valueRequired\":true,\"valueName\":\"search_term_string\"}}],\"inLanguage\":\"fr-FR\"},{\"@type\":\"Organization\",\"@id\":\"https:\/\/kapitalis.com\/tunisie\/#organization\",\"name\":\"Kapitalis\",\"url\":\"https:\/\/kapitalis.com\/tunisie\/\",\"logo\":{\"@type\":\"ImageObject\",\"inLanguage\":\"fr-FR\",\"@id\":\"https:\/\/kapitalis.com\/tunisie\/#\/schema\/logo\/image\/\",\"url\":\"https:\/\/kapitalis.com\/tunisie\/wp-content\/uploads\/2022\/05\/Kapitalis-big-size.png\",\"contentUrl\":\"https:\/\/kapitalis.com\/tunisie\/wp-content\/uploads\/2022\/05\/Kapitalis-big-size.png\",\"width\":5000,\"height\":1500,\"caption\":\"Kapitalis\"},\"image\":{\"@id\":\"https:\/\/kapitalis.com\/tunisie\/#\/schema\/logo\/image\/\"},\"sameAs\":[\"https:\/\/www.facebook.com\/KapitalisInfo\/\",\"https:\/\/x.com\/KapitalisInfo\",\"https:\/\/www.youtube.com\/channel\/UC-yDYrHyfFBWWZaOw3FPg9Q\"]},{\"@type\":\"Person\",\"@id\":\"https:\/\/kapitalis.com\/tunisie\/#\/schema\/person\/d71f33a9ca44f7bad4698210b480c8e9\",\"name\":\"webmaster kapitalis\",\"url\":\"https:\/\/kapitalis.com\/tunisie\/author\/webmaster-kapitalis\/\"}]}<\/script>\n<!-- \/ Yoast SEO plugin. -->","yoast_head_json":{"title":"Abir Moussi : Hamed Karoui c\u00e8dera la pr\u00e9sidence du Mouvement destourien - Kapitalis","robots":{"index":"index","follow":"follow","max-snippet":"max-snippet:-1","max-image-preview":"max-image-preview:large","max-video-preview":"max-video-preview:-1"},"canonical":"https:\/\/kapitalis.com\/tunisie\/2016\/08\/10\/abir-moussi-hamed-karoui-cedera-la-presidence-du-mouvement-destourien\/","og_locale":"fr_FR","og_type":"article","og_title":"Abir Moussi : Hamed Karoui c\u00e8dera la pr\u00e9sidence du Mouvement destourien - Kapitalis","og_description":"Hamed Karoui, fondateur du Mouvement destourien, quittera la pr\u00e9sidence de ce parti de son plein gr\u00e9 lors du congr\u00e8s constitutif pr\u00e9vu le 13 ao\u00fbt courant.","og_url":"https:\/\/kapitalis.com\/tunisie\/2016\/08\/10\/abir-moussi-hamed-karoui-cedera-la-presidence-du-mouvement-destourien\/","og_site_name":"Kapitalis","article_publisher":"https:\/\/www.facebook.com\/KapitalisInfo\/","article_published_time":"2016-08-10T16:25:08+00:00","og_image":[{"width":1200,"height":630,"url":"https:\/\/kapitalis.com\/tunisie\/wp-content\/uploads\/2022\/05\/kapitalis-logo-fb.png","type":"image\/png"}],"author":"webmaster kapitalis","twitter_card":"summary_large_image","twitter_creator":"@KapitalisInfo","twitter_site":"@KapitalisInfo","twitter_misc":{"\u00c9crit par":"webmaster kapitalis","Dur\u00e9e de lecture estim\u00e9e":"2 minutes"},"schema":{"@context":"https:\/\/schema.org","@graph":[{"@type":"Article","@id":"https:\/\/kapitalis.com\/tunisie\/2016\/08\/10\/abir-moussi-hamed-karoui-cedera-la-presidence-du-mouvement-destourien\/#article","isPartOf":{"@id":"https:\/\/kapitalis.com\/tunisie\/2016\/08\/10\/abir-moussi-hamed-karoui-cedera-la-presidence-du-mouvement-destourien\/"},"author":{"name":"webmaster kapitalis","@id":"https:\/\/kapitalis.com\/tunisie\/#\/schema\/person\/d71f33a9ca44f7bad4698210b480c8e9"},"headline":"Abir Moussi : Hamed Karoui c\u00e8dera la pr\u00e9sidence du Mouvement destourien","datePublished":"2016-08-10T16:25:08+00:00","mainEntityOfPage":{"@id":"https:\/\/kapitalis.com\/tunisie\/2016\/08\/10\/abir-moussi-hamed-karoui-cedera-la-presidence-du-mouvement-destourien\/"},"wordCount":366,"commentCount":1,"publisher":{"@id":"https:\/\/kapitalis.com\/tunisie\/#organization"},"image":{"@id":"https:\/\/kapitalis.com\/tunisie\/2016\/08\/10\/abir-moussi-hamed-karoui-cedera-la-presidence-du-mouvement-destourien\/#primaryimage"},"thumbnailUrl":"","keywords":["Abir Moussi","congr\u00e8s","femmes","Hamed Karoui","Mouvement Destourien","UNFT"],"articleSection":["POLITIQUE","Tunisie"],"inLanguage":"fr-FR","potentialAction":[{"@type":"CommentAction","name":"Comment","target":["https:\/\/kapitalis.com\/tunisie\/2016\/08\/10\/abir-moussi-hamed-karoui-cedera-la-presidence-du-mouvement-destourien\/#respond"]}]},{"@type":"WebPage","@id":"https:\/\/kapitalis.com\/tunisie\/2016\/08\/10\/abir-moussi-hamed-karoui-cedera-la-presidence-du-mouvement-destourien\/","url":"https:\/\/kapitalis.com\/tunisie\/2016\/08\/10\/abir-moussi-hamed-karoui-cedera-la-presidence-du-mouvement-destourien\/","name":"Abir Moussi : Hamed Karoui c\u00e8dera la pr\u00e9sidence du Mouvement destourien - Kapitalis","isPartOf":{"@id":"https:\/\/kapitalis.com\/tunisie\/#website"},"primaryImageOfPage":{"@id":"https:\/\/kapitalis.com\/tunisie\/2016\/08\/10\/abir-moussi-hamed-karoui-cedera-la-presidence-du-mouvement-destourien\/#primaryimage"},"image":{"@id":"https:\/\/kapitalis.com\/tunisie\/2016\/08\/10\/abir-moussi-hamed-karoui-cedera-la-presidence-du-mouvement-destourien\/#primaryimage"},"thumbnailUrl":"","datePublished":"2016-08-10T16:25:08+00:00","breadcrumb":{"@id":"https:\/\/kapitalis.com\/tunisie\/2016\/08\/10\/abir-moussi-hamed-karoui-cedera-la-presidence-du-mouvement-destourien\/#breadcrumb"},"inLanguage":"fr-FR","potentialAction":[{"@type":"ReadAction","target":["https:\/\/kapitalis.com\/tunisie\/2016\/08\/10\/abir-moussi-hamed-karoui-cedera-la-presidence-du-mouvement-destourien\/"]}]},{"@type":"ImageObject","inLanguage":"fr-FR","@id":"https:\/\/kapitalis.com\/tunisie\/2016\/08\/10\/abir-moussi-hamed-karoui-cedera-la-presidence-du-mouvement-destourien\/#primaryimage","url":"","contentUrl":""},{"@type":"BreadcrumbList","@id":"https:\/\/kapitalis.com\/tunisie\/2016\/08\/10\/abir-moussi-hamed-karoui-cedera-la-presidence-du-mouvement-destourien\/#breadcrumb","itemListElement":[{"@type":"ListItem","position":1,"name":"Accueil","item":"https:\/\/kapitalis.com\/tunisie\/"},{"@type":"ListItem","position":2,"name":"Abir Moussi : Hamed Karoui c\u00e8dera la pr\u00e9sidence du Mouvement destourien"}]},{"@type":"WebSite","@id":"https:\/\/kapitalis.com\/tunisie\/#website","url":"https:\/\/kapitalis.com\/tunisie\/","name":"Kapitalis","description":"L&#039;actualit\u00e9 en Tunisie et dans le monde","publisher":{"@id":"https:\/\/kapitalis.com\/tunisie\/#organization"},"potentialAction":[{"@type":"SearchAction","target":{"@type":"EntryPoint","urlTemplate":"https:\/\/kapitalis.com\/tunisie\/?s={search_term_string}"},"query-input":{"@type":"PropertyValueSpecification","valueRequired":true,"valueName":"search_term_string"}}],"inLanguage":"fr-FR"},{"@type":"Organization","@id":"https:\/\/kapitalis.com\/tunisie\/#organization","name":"Kapitalis","url":"https:\/\/kapitalis.com\/tunisie\/","logo":{"@type":"ImageObject","inLanguage":"fr-FR","@id":"https:\/\/kapitalis.com\/tunisie\/#\/schema\/logo\/image\/","url":"https:\/\/kapitalis.com\/tunisie\/wp-content\/uploads\/2022\/05\/Kapitalis-big-size.png","contentUrl":"https:\/\/kapitalis.com\/tunisie\/wp-content\/uploads\/2022\/05\/Kapitalis-big-size.png","width":5000,"height":1500,"caption":"Kapitalis"},"image":{"@id":"https:\/\/kapitalis.com\/tunisie\/#\/schema\/logo\/image\/"},"sameAs":["https:\/\/www.facebook.com\/KapitalisInfo\/","https:\/\/x.com\/KapitalisInfo","https:\/\/www.youtube.com\/channel\/UC-yDYrHyfFBWWZaOw3FPg9Q"]},{"@type":"Person","@id":"https:\/\/kapitalis.com\/tunisie\/#\/schema\/person\/d71f33a9ca44f7bad4698210b480c8e9","name":"webmaster kapitalis","url":"https:\/\/kapitalis.com\/tunisie\/author\/webmaster-kapitalis\/"}]}},"_links":{"self":[{"href":"https:\/\/kapitalis.com\/tunisie\/wp-json\/wp\/v2\/posts\/60902","targetHints":{"allow":["GET"]}}],"collection":[{"href":"https:\/\/kapitalis.com\/tunisie\/wp-json\/wp\/v2\/posts"}],"about":[{"href":"https:\/\/kapitalis.com\/tunisie\/wp-json\/wp\/v2\/types\/post"}],"author":[{"embeddable":true,"href":"https:\/\/kapitalis.com\/tunisie\/wp-json\/wp\/v2\/users\/8"}],"replies":[{"embeddable":true,"href":"https:\/\/kapitalis.com\/tunisie\/wp-json\/wp\/v2\/comments?post=60902"}],"version-history":[{"count":0,"href":"https:\/\/kapitalis.com\/tunisie\/wp-json\/wp\/v2\/posts\/60902\/revisions"}],"wp:featuredmedia":[{"embeddable":true,"href":"https:\/\/kapitalis.com\/tunisie\/wp-json\/wp\/v2\/media\/60903"}],"wp:attachment":[{"href":"https:\/\/kapitalis.com\/tunisie\/wp-json\/wp\/v2\/media?parent=60902"}],"wp:term":[{"taxonomy":"category","embeddable":true,"href":"https:\/\/kapitalis.com\/tunisie\/wp-json\/wp\/v2\/categories?post=60902"},{"taxonomy":"post_tag","embeddable":true,"href":"https:\/\/kapitalis.com\/tunisie\/wp-json\/wp\/v2\/tags?post=60902"}],"curies":[{"name":"wp","href":"https:\/\/api.w.org\/{rel}","templated":true}]}}