{"id":60912,"date":"2016-08-10T17:55:14","date_gmt":"2016-08-10T16:55:14","guid":{"rendered":"http:\/\/kapitalis.com\/tunisie\/?p=60912"},"modified":"2016-08-10T17:56:03","modified_gmt":"2016-08-10T16:56:03","slug":"kebili-arrestation-de-4-takfiristes-avant-leur-depart-en-syrie","status":"publish","type":"post","link":"https:\/\/kapitalis.com\/tunisie\/2016\/08\/10\/kebili-arrestation-de-4-takfiristes-avant-leur-depart-en-syrie\/","title":{"rendered":"K\u00e9bili : Arrestation de 4 takfiristes avant leur d\u00e9part en Syrie"},"content":{"rendered":"<p><img loading=\"lazy\" decoding=\"async\" class=\"alignnone size-full wp-image-56284 aligncenter\" src=\"http:\/\/kapitalis.com\/tunisie\/wp-content\/uploads\/2016\/06\/Arrestation-police.jpg\" alt=\"Arrestation- police\" width=\"626\" height=\"380\" \/><\/p>\n<p><em><strong>Les brigades antiterroristes \u00e0 K\u00e9bili ont interpell\u00e9, mardi soir, 4 jeunes suspect\u00e9s d\u2019appartenir \u00e0 une cellule takfiriste. Ils se pr\u00e9pareraient \u00e0 partir en Syrie.<\/strong> <\/em><\/p>\n<p><!--more--><\/p>\n<p>Les quatre hommes originaires de Douz ont \u00e9t\u00e9 transf\u00e9r\u00e9s \u00e0 l\u2019unit\u00e9 de recherche dans les crimes terroristes \u00e0 Laouina (Tunis), indique une source s\u00e9curitaire, ajoutant qu\u2019un 5e suspect appartenant \u00e0 la m\u00eame cellule est activement recherch\u00e9.<\/p>\n<p style=\"text-align: right;\"><strong>I. B. <\/strong><\/p>\n","protected":false},"excerpt":{"rendered":"<p>Les brigades antiterroristes \u00e0 K\u00e9bili ont interpell\u00e9, mardi soir, 4 jeunes suspect\u00e9s d\u2019appartenir \u00e0 une cellule takfiriste. Ils se pr\u00e9pareraient \u00e0 partir en Syrie.<\/p>\n","protected":false},"author":8,"featured_media":0,"comment_status":"open","ping_status":"open","sticky":false,"template":"","format":"standard","meta":{"footnotes":""},"categories":[998,2433],"tags":[1909,291,526,873,1910],"class_list":["post-60912","post","type-post","status-publish","format-standard","hentry","category-societe","category-tunisie","tag-cellule","tag-douz","tag-kebili","tag-syrie","tag-takfiristes"],"yoast_head":"<!-- This site is optimized with the Yoast SEO plugin v26.6 - https:\/\/yoast.com\/wordpress\/plugins\/seo\/ -->\n<title>K\u00e9bili : Arrestation de 4 takfiristes avant leur d\u00e9part en Syrie - Kapitalis<\/title>\n<meta name=\"robots\" content=\"index, follow, max-snippet:-1, max-image-preview:large, max-video-preview:-1\" \/>\n<link rel=\"canonical\" href=\"https:\/\/kapitalis.com\/tunisie\/2016\/08\/10\/kebili-arrestation-de-4-takfiristes-avant-leur-depart-en-syrie\/\" \/>\n<meta property=\"og:locale\" content=\"fr_FR\" \/>\n<meta property=\"og:type\" content=\"article\" \/>\n<meta property=\"og:title\" content=\"K\u00e9bili : Arrestation de 4 takfiristes avant leur d\u00e9part en Syrie - Kapitalis\" \/>\n<meta property=\"og:description\" content=\"Les brigades antiterroristes \u00e0 K\u00e9bili ont interpell\u00e9, mardi soir, 4 jeunes suspect\u00e9s d\u2019appartenir \u00e0 une cellule takfiriste. Ils se pr\u00e9pareraient \u00e0 partir en Syrie.\" \/>\n<meta property=\"og:url\" content=\"https:\/\/kapitalis.com\/tunisie\/2016\/08\/10\/kebili-arrestation-de-4-takfiristes-avant-leur-depart-en-syrie\/\" \/>\n<meta property=\"og:site_name\" content=\"Kapitalis\" \/>\n<meta property=\"article:publisher\" content=\"https:\/\/www.facebook.com\/KapitalisInfo\/\" \/>\n<meta property=\"article:published_time\" content=\"2016-08-10T16:55:14+00:00\" \/>\n<meta property=\"article:modified_time\" content=\"2016-08-10T16:56:03+00:00\" \/>\n<meta property=\"og:image\" content=\"http:\/\/kapitalis.com\/tunisie\/wp-content\/uploads\/2016\/06\/Arrestation-police.jpg\" \/>\n<meta name=\"author\" content=\"webmaster kapitalis\" \/>\n<meta name=\"twitter:card\" content=\"summary_large_image\" \/>\n<meta name=\"twitter:creator\" content=\"@KapitalisInfo\" \/>\n<meta name=\"twitter:site\" content=\"@KapitalisInfo\" \/>\n<meta name=\"twitter:label1\" content=\"\u00c9crit par\" \/>\n\t<meta name=\"twitter:data1\" content=\"webmaster kapitalis\" \/>\n<script type=\"application\/ld+json\" class=\"yoast-schema-graph\">{\"@context\":\"https:\/\/schema.org\",\"@graph\":[{\"@type\":\"Article\",\"@id\":\"https:\/\/kapitalis.com\/tunisie\/2016\/08\/10\/kebili-arrestation-de-4-takfiristes-avant-leur-depart-en-syrie\/#article\",\"isPartOf\":{\"@id\":\"https:\/\/kapitalis.com\/tunisie\/2016\/08\/10\/kebili-arrestation-de-4-takfiristes-avant-leur-depart-en-syrie\/\"},\"author\":{\"name\":\"webmaster kapitalis\",\"@id\":\"https:\/\/kapitalis.com\/tunisie\/#\/schema\/person\/d71f33a9ca44f7bad4698210b480c8e9\"},\"headline\":\"K\u00e9bili : Arrestation de 4 takfiristes avant leur d\u00e9part en Syrie\",\"datePublished\":\"2016-08-10T16:55:14+00:00\",\"dateModified\":\"2016-08-10T16:56:03+00:00\",\"mainEntityOfPage\":{\"@id\":\"https:\/\/kapitalis.com\/tunisie\/2016\/08\/10\/kebili-arrestation-de-4-takfiristes-avant-leur-depart-en-syrie\/\"},\"wordCount\":76,\"commentCount\":1,\"publisher\":{\"@id\":\"https:\/\/kapitalis.com\/tunisie\/#organization\"},\"image\":{\"@id\":\"https:\/\/kapitalis.com\/tunisie\/2016\/08\/10\/kebili-arrestation-de-4-takfiristes-avant-leur-depart-en-syrie\/#primaryimage\"},\"thumbnailUrl\":\"http:\/\/kapitalis.com\/tunisie\/wp-content\/uploads\/2016\/06\/Arrestation-police.jpg\",\"keywords\":[\"cellule\",\"Douz\",\"K\u00e9bili\",\"Syrie\",\"takfiristes\"],\"articleSection\":[\"SOCIETE\",\"Tunisie\"],\"inLanguage\":\"fr-FR\",\"potentialAction\":[{\"@type\":\"CommentAction\",\"name\":\"Comment\",\"target\":[\"https:\/\/kapitalis.com\/tunisie\/2016\/08\/10\/kebili-arrestation-de-4-takfiristes-avant-leur-depart-en-syrie\/#respond\"]}]},{\"@type\":\"WebPage\",\"@id\":\"https:\/\/kapitalis.com\/tunisie\/2016\/08\/10\/kebili-arrestation-de-4-takfiristes-avant-leur-depart-en-syrie\/\",\"url\":\"https:\/\/kapitalis.com\/tunisie\/2016\/08\/10\/kebili-arrestation-de-4-takfiristes-avant-leur-depart-en-syrie\/\",\"name\":\"K\u00e9bili : Arrestation de 4 takfiristes avant leur d\u00e9part en Syrie - Kapitalis\",\"isPartOf\":{\"@id\":\"https:\/\/kapitalis.com\/tunisie\/#website\"},\"primaryImageOfPage\":{\"@id\":\"https:\/\/kapitalis.com\/tunisie\/2016\/08\/10\/kebili-arrestation-de-4-takfiristes-avant-leur-depart-en-syrie\/#primaryimage\"},\"image\":{\"@id\":\"https:\/\/kapitalis.com\/tunisie\/2016\/08\/10\/kebili-arrestation-de-4-takfiristes-avant-leur-depart-en-syrie\/#primaryimage\"},\"thumbnailUrl\":\"http:\/\/kapitalis.com\/tunisie\/wp-content\/uploads\/2016\/06\/Arrestation-police.jpg\",\"datePublished\":\"2016-08-10T16:55:14+00:00\",\"dateModified\":\"2016-08-10T16:56:03+00:00\",\"breadcrumb\":{\"@id\":\"https:\/\/kapitalis.com\/tunisie\/2016\/08\/10\/kebili-arrestation-de-4-takfiristes-avant-leur-depart-en-syrie\/#breadcrumb\"},\"inLanguage\":\"fr-FR\",\"potentialAction\":[{\"@type\":\"ReadAction\",\"target\":[\"https:\/\/kapitalis.com\/tunisie\/2016\/08\/10\/kebili-arrestation-de-4-takfiristes-avant-leur-depart-en-syrie\/\"]}]},{\"@type\":\"ImageObject\",\"inLanguage\":\"fr-FR\",\"@id\":\"https:\/\/kapitalis.com\/tunisie\/2016\/08\/10\/kebili-arrestation-de-4-takfiristes-avant-leur-depart-en-syrie\/#primaryimage\",\"url\":\"http:\/\/kapitalis.com\/tunisie\/wp-content\/uploads\/2016\/06\/Arrestation-police.jpg\",\"contentUrl\":\"http:\/\/kapitalis.com\/tunisie\/wp-content\/uploads\/2016\/06\/Arrestation-police.jpg\"},{\"@type\":\"BreadcrumbList\",\"@id\":\"https:\/\/kapitalis.com\/tunisie\/2016\/08\/10\/kebili-arrestation-de-4-takfiristes-avant-leur-depart-en-syrie\/#breadcrumb\",\"itemListElement\":[{\"@type\":\"ListItem\",\"position\":1,\"name\":\"Accueil\",\"item\":\"https:\/\/kapitalis.com\/tunisie\/\"},{\"@type\":\"ListItem\",\"position\":2,\"name\":\"K\u00e9bili : Arrestation de 4 takfiristes avant leur d\u00e9part en Syrie\"}]},{\"@type\":\"WebSite\",\"@id\":\"https:\/\/kapitalis.com\/tunisie\/#website\",\"url\":\"https:\/\/kapitalis.com\/tunisie\/\",\"name\":\"Kapitalis\",\"description\":\"L&#039;actualit\u00e9 en Tunisie et dans le monde\",\"publisher\":{\"@id\":\"https:\/\/kapitalis.com\/tunisie\/#organization\"},\"potentialAction\":[{\"@type\":\"SearchAction\",\"target\":{\"@type\":\"EntryPoint\",\"urlTemplate\":\"https:\/\/kapitalis.com\/tunisie\/?s={search_term_string}\"},\"query-input\":{\"@type\":\"PropertyValueSpecification\",\"valueRequired\":true,\"valueName\":\"search_term_string\"}}],\"inLanguage\":\"fr-FR\"},{\"@type\":\"Organization\",\"@id\":\"https:\/\/kapitalis.com\/tunisie\/#organization\",\"name\":\"Kapitalis\",\"url\":\"https:\/\/kapitalis.com\/tunisie\/\",\"logo\":{\"@type\":\"ImageObject\",\"inLanguage\":\"fr-FR\",\"@id\":\"https:\/\/kapitalis.com\/tunisie\/#\/schema\/logo\/image\/\",\"url\":\"https:\/\/kapitalis.com\/tunisie\/wp-content\/uploads\/2022\/05\/Kapitalis-big-size.png\",\"contentUrl\":\"https:\/\/kapitalis.com\/tunisie\/wp-content\/uploads\/2022\/05\/Kapitalis-big-size.png\",\"width\":5000,\"height\":1500,\"caption\":\"Kapitalis\"},\"image\":{\"@id\":\"https:\/\/kapitalis.com\/tunisie\/#\/schema\/logo\/image\/\"},\"sameAs\":[\"https:\/\/www.facebook.com\/KapitalisInfo\/\",\"https:\/\/x.com\/KapitalisInfo\",\"https:\/\/www.youtube.com\/channel\/UC-yDYrHyfFBWWZaOw3FPg9Q\"]},{\"@type\":\"Person\",\"@id\":\"https:\/\/kapitalis.com\/tunisie\/#\/schema\/person\/d71f33a9ca44f7bad4698210b480c8e9\",\"name\":\"webmaster kapitalis\",\"url\":\"https:\/\/kapitalis.com\/tunisie\/author\/webmaster-kapitalis\/\"}]}<\/script>\n<!-- \/ Yoast SEO plugin. -->","yoast_head_json":{"title":"K\u00e9bili : Arrestation de 4 takfiristes avant leur d\u00e9part en Syrie - Kapitalis","robots":{"index":"index","follow":"follow","max-snippet":"max-snippet:-1","max-image-preview":"max-image-preview:large","max-video-preview":"max-video-preview:-1"},"canonical":"https:\/\/kapitalis.com\/tunisie\/2016\/08\/10\/kebili-arrestation-de-4-takfiristes-avant-leur-depart-en-syrie\/","og_locale":"fr_FR","og_type":"article","og_title":"K\u00e9bili : Arrestation de 4 takfiristes avant leur d\u00e9part en Syrie - Kapitalis","og_description":"Les brigades antiterroristes \u00e0 K\u00e9bili ont interpell\u00e9, mardi soir, 4 jeunes suspect\u00e9s d\u2019appartenir \u00e0 une cellule takfiriste. Ils se pr\u00e9pareraient \u00e0 partir en Syrie.","og_url":"https:\/\/kapitalis.com\/tunisie\/2016\/08\/10\/kebili-arrestation-de-4-takfiristes-avant-leur-depart-en-syrie\/","og_site_name":"Kapitalis","article_publisher":"https:\/\/www.facebook.com\/KapitalisInfo\/","article_published_time":"2016-08-10T16:55:14+00:00","article_modified_time":"2016-08-10T16:56:03+00:00","og_image":[{"url":"http:\/\/kapitalis.com\/tunisie\/wp-content\/uploads\/2016\/06\/Arrestation-police.jpg","type":"","width":"","height":""}],"author":"webmaster kapitalis","twitter_card":"summary_large_image","twitter_creator":"@KapitalisInfo","twitter_site":"@KapitalisInfo","twitter_misc":{"\u00c9crit par":"webmaster kapitalis"},"schema":{"@context":"https:\/\/schema.org","@graph":[{"@type":"Article","@id":"https:\/\/kapitalis.com\/tunisie\/2016\/08\/10\/kebili-arrestation-de-4-takfiristes-avant-leur-depart-en-syrie\/#article","isPartOf":{"@id":"https:\/\/kapitalis.com\/tunisie\/2016\/08\/10\/kebili-arrestation-de-4-takfiristes-avant-leur-depart-en-syrie\/"},"author":{"name":"webmaster kapitalis","@id":"https:\/\/kapitalis.com\/tunisie\/#\/schema\/person\/d71f33a9ca44f7bad4698210b480c8e9"},"headline":"K\u00e9bili : Arrestation de 4 takfiristes avant leur d\u00e9part en Syrie","datePublished":"2016-08-10T16:55:14+00:00","dateModified":"2016-08-10T16:56:03+00:00","mainEntityOfPage":{"@id":"https:\/\/kapitalis.com\/tunisie\/2016\/08\/10\/kebili-arrestation-de-4-takfiristes-avant-leur-depart-en-syrie\/"},"wordCount":76,"commentCount":1,"publisher":{"@id":"https:\/\/kapitalis.com\/tunisie\/#organization"},"image":{"@id":"https:\/\/kapitalis.com\/tunisie\/2016\/08\/10\/kebili-arrestation-de-4-takfiristes-avant-leur-depart-en-syrie\/#primaryimage"},"thumbnailUrl":"http:\/\/kapitalis.com\/tunisie\/wp-content\/uploads\/2016\/06\/Arrestation-police.jpg","keywords":["cellule","Douz","K\u00e9bili","Syrie","takfiristes"],"articleSection":["SOCIETE","Tunisie"],"inLanguage":"fr-FR","potentialAction":[{"@type":"CommentAction","name":"Comment","target":["https:\/\/kapitalis.com\/tunisie\/2016\/08\/10\/kebili-arrestation-de-4-takfiristes-avant-leur-depart-en-syrie\/#respond"]}]},{"@type":"WebPage","@id":"https:\/\/kapitalis.com\/tunisie\/2016\/08\/10\/kebili-arrestation-de-4-takfiristes-avant-leur-depart-en-syrie\/","url":"https:\/\/kapitalis.com\/tunisie\/2016\/08\/10\/kebili-arrestation-de-4-takfiristes-avant-leur-depart-en-syrie\/","name":"K\u00e9bili : Arrestation de 4 takfiristes avant leur d\u00e9part en Syrie - Kapitalis","isPartOf":{"@id":"https:\/\/kapitalis.com\/tunisie\/#website"},"primaryImageOfPage":{"@id":"https:\/\/kapitalis.com\/tunisie\/2016\/08\/10\/kebili-arrestation-de-4-takfiristes-avant-leur-depart-en-syrie\/#primaryimage"},"image":{"@id":"https:\/\/kapitalis.com\/tunisie\/2016\/08\/10\/kebili-arrestation-de-4-takfiristes-avant-leur-depart-en-syrie\/#primaryimage"},"thumbnailUrl":"http:\/\/kapitalis.com\/tunisie\/wp-content\/uploads\/2016\/06\/Arrestation-police.jpg","datePublished":"2016-08-10T16:55:14+00:00","dateModified":"2016-08-10T16:56:03+00:00","breadcrumb":{"@id":"https:\/\/kapitalis.com\/tunisie\/2016\/08\/10\/kebili-arrestation-de-4-takfiristes-avant-leur-depart-en-syrie\/#breadcrumb"},"inLanguage":"fr-FR","potentialAction":[{"@type":"ReadAction","target":["https:\/\/kapitalis.com\/tunisie\/2016\/08\/10\/kebili-arrestation-de-4-takfiristes-avant-leur-depart-en-syrie\/"]}]},{"@type":"ImageObject","inLanguage":"fr-FR","@id":"https:\/\/kapitalis.com\/tunisie\/2016\/08\/10\/kebili-arrestation-de-4-takfiristes-avant-leur-depart-en-syrie\/#primaryimage","url":"http:\/\/kapitalis.com\/tunisie\/wp-content\/uploads\/2016\/06\/Arrestation-police.jpg","contentUrl":"http:\/\/kapitalis.com\/tunisie\/wp-content\/uploads\/2016\/06\/Arrestation-police.jpg"},{"@type":"BreadcrumbList","@id":"https:\/\/kapitalis.com\/tunisie\/2016\/08\/10\/kebili-arrestation-de-4-takfiristes-avant-leur-depart-en-syrie\/#breadcrumb","itemListElement":[{"@type":"ListItem","position":1,"name":"Accueil","item":"https:\/\/kapitalis.com\/tunisie\/"},{"@type":"ListItem","position":2,"name":"K\u00e9bili : Arrestation de 4 takfiristes avant leur d\u00e9part en Syrie"}]},{"@type":"WebSite","@id":"https:\/\/kapitalis.com\/tunisie\/#website","url":"https:\/\/kapitalis.com\/tunisie\/","name":"Kapitalis","description":"L&#039;actualit\u00e9 en Tunisie et dans le monde","publisher":{"@id":"https:\/\/kapitalis.com\/tunisie\/#organization"},"potentialAction":[{"@type":"SearchAction","target":{"@type":"EntryPoint","urlTemplate":"https:\/\/kapitalis.com\/tunisie\/?s={search_term_string}"},"query-input":{"@type":"PropertyValueSpecification","valueRequired":true,"valueName":"search_term_string"}}],"inLanguage":"fr-FR"},{"@type":"Organization","@id":"https:\/\/kapitalis.com\/tunisie\/#organization","name":"Kapitalis","url":"https:\/\/kapitalis.com\/tunisie\/","logo":{"@type":"ImageObject","inLanguage":"fr-FR","@id":"https:\/\/kapitalis.com\/tunisie\/#\/schema\/logo\/image\/","url":"https:\/\/kapitalis.com\/tunisie\/wp-content\/uploads\/2022\/05\/Kapitalis-big-size.png","contentUrl":"https:\/\/kapitalis.com\/tunisie\/wp-content\/uploads\/2022\/05\/Kapitalis-big-size.png","width":5000,"height":1500,"caption":"Kapitalis"},"image":{"@id":"https:\/\/kapitalis.com\/tunisie\/#\/schema\/logo\/image\/"},"sameAs":["https:\/\/www.facebook.com\/KapitalisInfo\/","https:\/\/x.com\/KapitalisInfo","https:\/\/www.youtube.com\/channel\/UC-yDYrHyfFBWWZaOw3FPg9Q"]},{"@type":"Person","@id":"https:\/\/kapitalis.com\/tunisie\/#\/schema\/person\/d71f33a9ca44f7bad4698210b480c8e9","name":"webmaster kapitalis","url":"https:\/\/kapitalis.com\/tunisie\/author\/webmaster-kapitalis\/"}]}},"_links":{"self":[{"href":"https:\/\/kapitalis.com\/tunisie\/wp-json\/wp\/v2\/posts\/60912","targetHints":{"allow":["GET"]}}],"collection":[{"href":"https:\/\/kapitalis.com\/tunisie\/wp-json\/wp\/v2\/posts"}],"about":[{"href":"https:\/\/kapitalis.com\/tunisie\/wp-json\/wp\/v2\/types\/post"}],"author":[{"embeddable":true,"href":"https:\/\/kapitalis.com\/tunisie\/wp-json\/wp\/v2\/users\/8"}],"replies":[{"embeddable":true,"href":"https:\/\/kapitalis.com\/tunisie\/wp-json\/wp\/v2\/comments?post=60912"}],"version-history":[{"count":0,"href":"https:\/\/kapitalis.com\/tunisie\/wp-json\/wp\/v2\/posts\/60912\/revisions"}],"wp:attachment":[{"href":"https:\/\/kapitalis.com\/tunisie\/wp-json\/wp\/v2\/media?parent=60912"}],"wp:term":[{"taxonomy":"category","embeddable":true,"href":"https:\/\/kapitalis.com\/tunisie\/wp-json\/wp\/v2\/categories?post=60912"},{"taxonomy":"post_tag","embeddable":true,"href":"https:\/\/kapitalis.com\/tunisie\/wp-json\/wp\/v2\/tags?post=60912"}],"curies":[{"name":"wp","href":"https:\/\/api.w.org\/{rel}","templated":true}]}}