{"id":6093679,"date":"2023-01-17T18:07:47","date_gmt":"2023-01-17T17:07:47","guid":{"rendered":"https:\/\/kapitalis.com\/tunisie\/?p=6093679"},"modified":"2023-01-18T15:18:28","modified_gmt":"2023-01-18T14:18:28","slug":"a-propos-de-la-mort-suspecte-dune-tunisienne-dans-un-commissariat-a-bruxelles","status":"publish","type":"post","link":"https:\/\/kapitalis.com\/tunisie\/2023\/01\/17\/a-propos-de-la-mort-suspecte-dune-tunisienne-dans-un-commissariat-a-bruxelles\/","title":{"rendered":"A propos de la mort suspecte d&rsquo;une Tunisienne dans un commissariat \u00e0 Bruxelles"},"content":{"rendered":"\n<p><strong><em>L&rsquo;Ambassade de Tunisie \u00e0 Bruxelles a publi\u00e9 un communiqu\u00e9, ce mardi 17 janvier 2022, sur la mort suspecte de Sourour Abouda, une Tunisienne de 46 ans, survenue jeudi dernier dans un commissariat \u00e0 Bruxelles.<\/em><\/strong><\/p>\n\n\n\n<!--more-->\n\n\n\n<p><em>\u00abL\u2019ambassade porte \u00e0 la connaissance des ressortissants tunisiens en Belgique, que tout le n\u00e9cessaire est entrepris, en coordination avec le Consulat de Tunisie \u00e0 Bruxelles et les autorit\u00e9s belges, ainsi qu\u2019avec la famille de la d\u00e9funte, pour conna\u00eetre les circonstances exactes de la mort, dans un centre de d\u00e9tention de la police de Bruxelles, d\u2019une ressortissante tunisienne, survenu jeudi 12 janvier 2022\u00bb<\/em>, lit-on dans le communiqu\u00e9 de l&rsquo;Ambassade.<\/p>\n\n\n\n<p>Sourour Abouda qui avait \u00e9t\u00e9 interpell\u00e9e alors qu\u2019elle \u00e9tait en \u00e9tat d\u2019\u00e9bri\u00e9t\u00e9 et \u00e9t\u00e9 retrouv\u00e9e morte, jeudi 7h, dans une cellule de la police \u00e0 Bruxelles, jeudi matin. La piste du suicide a \u00e9t\u00e9 \u00e9voqu\u00e9e mais les proches, les amis et la famille de Sourour r\u00e9futent la th\u00e8se du suicide avanc\u00e9e par la police, sachant que le parquet de Bruxelles a confirm\u00e9 l&rsquo;ouverture d&rsquo;une enqu\u00eate, en annon\u00e7ant lundi apr\u00e8s-midi que : \u00ab<em>Sur base des premi\u00e8res constatations et du rapport provisoire d&rsquo;autopsie, il semblerait qu&rsquo;il n&rsquo;y ait pas eu d&rsquo;intervention de tiers\u00bb.<\/em><\/p>\n\n\n\n<p>M\u00e8re d&rsquo;un fils de 19 ans, Sourour Abouda, travaillait avec le Mouvement Pr\u00e9sence et Action Culturelles (PAC) qui a organis\u00e9, dimanche dernier un rassemblement de recueillement devant le commissariat de la Rue Royale 202A &#8211; 1000 Bruxelles, o\u00f9 Sourour est d\u00e9c\u00e9d\u00e9e jeudi.<\/p>\n\n\n\n<p>\u00ab<em>Elle avait toujours une attention pour chacun\u00b7e et \u00e9tait profond\u00e9ment attach\u00e9e aux relations humaines positives, constructives et motiv\u00e9es par de meilleurs lendemains Elle \u00e9tait par ailleurs tr\u00e8s engag\u00e9e politiquement et \u00e9tait militante au sein de diff\u00e9rentes associations de d\u00e9fense des droits des femmes. Sa disparition laissera un grand vide au sein de notre mouvement mais son humanit\u00e9 et son \u00e9nergie resteront grav\u00e9es parmi toutes les personnes qui ont pu faire sa connaissance&#8230; Toute la lumi\u00e8re devra \u00eatre faite. Nous attendons des r\u00e9ponses. Nous mettrons tout en place pour que justice lui soit rendue\u00bb<\/em>, a notamment comment\u00e9 la PAC.<\/p>\n\n\n\n<p class=\"has-text-align-right\"><strong>Y. N.<\/strong><\/p>\n\n\n\n<figure class=\"wp-block-embed is-type-wp-embed is-provider-kapitalis wp-block-embed-kapitalis\"><div class=\"wp-block-embed__wrapper\">\n<blockquote class=\"wp-embedded-content\" data-secret=\"c2XRvbYI63\"><a href=\"https:\/\/kapitalis.com\/tunisie\/2023\/01\/16\/italie-un-tunisien-faisant-lobjet-dun-arrete-dexpulsion-se-noie-en-fuyant-la-police\/\">Italie : Un Tunisien faisant l&rsquo;objet d&rsquo;un arr\u00eat\u00e9 d&rsquo;expulsion, se noie en fuyant la police<\/a><\/blockquote><iframe loading=\"lazy\" class=\"wp-embedded-content\" sandbox=\"allow-scripts\" security=\"restricted\" style=\"position: absolute; clip: rect(1px, 1px, 1px, 1px);\" title=\"\u00ab\u00a0Italie : Un Tunisien faisant l&rsquo;objet d&rsquo;un arr\u00eat\u00e9 d&rsquo;expulsion, se noie en fuyant la police\u00a0\u00bb &#8212; Kapitalis\" src=\"https:\/\/kapitalis.com\/tunisie\/2023\/01\/16\/italie-un-tunisien-faisant-lobjet-dun-arrete-dexpulsion-se-noie-en-fuyant-la-police\/embed\/#?secret=ITHp9hkkNO#?secret=c2XRvbYI63\" data-secret=\"c2XRvbYI63\" width=\"600\" height=\"338\" frameborder=\"0\" marginwidth=\"0\" marginheight=\"0\" scrolling=\"no\"><\/iframe>\n<\/div><\/figure>\n","protected":false},"excerpt":{"rendered":"<p>A propos de la mort suspecte d&rsquo;une Tunisienne dans un commissariat \u00e0 Bruxelles<\/p>\n","protected":false},"author":6,"featured_media":6093766,"comment_status":"open","ping_status":"open","sticky":false,"template":"","format":"standard","meta":{"footnotes":""},"categories":[998,2433],"tags":[66,170,325,64624,105996,865,62643,932],"class_list":["post-6093679","post","type-post","status-publish","format-standard","has-post-thumbnail","hentry","category-societe","category-tunisie","tag-ambassade","tag-bruxelles","tag-enquete","tag-police","tag-sourour-abouda","tag-suicide","tag-tunisie","tag-tunisienne"],"yoast_head":"<!-- This site is optimized with the Yoast SEO plugin v26.6 - https:\/\/yoast.com\/wordpress\/plugins\/seo\/ -->\n<title>A propos de la mort suspecte d&#039;une Tunisienne dans un commissariat \u00e0 Bruxelles - Kapitalis<\/title>\n<meta name=\"description\" content=\"L&#039;Ambassade de Tunisie \u00e0 Bruxelles a publi\u00e9 un communiqu\u00e9, ce mardi 17 janvier 2022, sur la mort suspecte de Sourour Abouda, une Tunisienne de 46 ans, survenue jeudi dernier dans un commissariat \u00e0 Bruxelles.\" \/>\n<meta name=\"robots\" content=\"index, follow, max-snippet:-1, max-image-preview:large, max-video-preview:-1\" \/>\n<link rel=\"canonical\" href=\"https:\/\/kapitalis.com\/tunisie\/2023\/01\/17\/a-propos-de-la-mort-suspecte-dune-tunisienne-dans-un-commissariat-a-bruxelles\/\" \/>\n<meta property=\"og:locale\" content=\"fr_FR\" \/>\n<meta property=\"og:type\" content=\"article\" \/>\n<meta property=\"og:title\" content=\"A propos de la mort suspecte d&#039;une Tunisienne dans un commissariat \u00e0 Bruxelles - Kapitalis\" \/>\n<meta property=\"og:description\" content=\"L&#039;Ambassade de Tunisie \u00e0 Bruxelles a publi\u00e9 un communiqu\u00e9, ce mardi 17 janvier 2022, sur la mort suspecte de Sourour Abouda, une Tunisienne de 46 ans, survenue jeudi dernier dans un commissariat \u00e0 Bruxelles.\" \/>\n<meta property=\"og:url\" content=\"https:\/\/kapitalis.com\/tunisie\/2023\/01\/17\/a-propos-de-la-mort-suspecte-dune-tunisienne-dans-un-commissariat-a-bruxelles\/\" \/>\n<meta property=\"og:site_name\" content=\"Kapitalis\" \/>\n<meta property=\"article:publisher\" content=\"https:\/\/www.facebook.com\/KapitalisInfo\/\" \/>\n<meta property=\"article:published_time\" content=\"2023-01-17T17:07:47+00:00\" \/>\n<meta property=\"article:modified_time\" content=\"2023-01-18T14:18:28+00:00\" \/>\n<meta property=\"og:image\" content=\"https:\/\/kapitalis.com\/tunisie\/wp-content\/uploads\/2023\/01\/Sourour-Abouda.jpg\" \/>\n\t<meta property=\"og:image:width\" content=\"1200\" \/>\n\t<meta property=\"og:image:height\" content=\"630\" \/>\n\t<meta property=\"og:image:type\" content=\"image\/jpeg\" \/>\n<meta name=\"author\" content=\"Yusra NY\" \/>\n<meta name=\"twitter:card\" content=\"summary_large_image\" \/>\n<meta name=\"twitter:creator\" content=\"@KapitalisInfo\" \/>\n<meta name=\"twitter:site\" content=\"@KapitalisInfo\" \/>\n<meta name=\"twitter:label1\" content=\"\u00c9crit par\" \/>\n\t<meta name=\"twitter:data1\" content=\"Yusra NY\" \/>\n\t<meta name=\"twitter:label2\" content=\"Dur\u00e9e de lecture estim\u00e9e\" \/>\n\t<meta name=\"twitter:data2\" content=\"2 minutes\" \/>\n<script type=\"application\/ld+json\" class=\"yoast-schema-graph\">{\"@context\":\"https:\/\/schema.org\",\"@graph\":[{\"@type\":\"Article\",\"@id\":\"https:\/\/kapitalis.com\/tunisie\/2023\/01\/17\/a-propos-de-la-mort-suspecte-dune-tunisienne-dans-un-commissariat-a-bruxelles\/#article\",\"isPartOf\":{\"@id\":\"https:\/\/kapitalis.com\/tunisie\/2023\/01\/17\/a-propos-de-la-mort-suspecte-dune-tunisienne-dans-un-commissariat-a-bruxelles\/\"},\"author\":{\"name\":\"Yusra NY\",\"@id\":\"https:\/\/kapitalis.com\/tunisie\/#\/schema\/person\/74bbde0154d49d790a92aaeac5bc01d5\"},\"headline\":\"A propos de la mort suspecte d&rsquo;une Tunisienne dans un commissariat \u00e0 Bruxelles\",\"datePublished\":\"2023-01-17T17:07:47+00:00\",\"dateModified\":\"2023-01-18T14:18:28+00:00\",\"mainEntityOfPage\":{\"@id\":\"https:\/\/kapitalis.com\/tunisie\/2023\/01\/17\/a-propos-de-la-mort-suspecte-dune-tunisienne-dans-un-commissariat-a-bruxelles\/\"},\"wordCount\":376,\"commentCount\":0,\"publisher\":{\"@id\":\"https:\/\/kapitalis.com\/tunisie\/#organization\"},\"image\":{\"@id\":\"https:\/\/kapitalis.com\/tunisie\/2023\/01\/17\/a-propos-de-la-mort-suspecte-dune-tunisienne-dans-un-commissariat-a-bruxelles\/#primaryimage\"},\"thumbnailUrl\":\"https:\/\/kapitalis.com\/tunisie\/wp-content\/uploads\/2023\/01\/Sourour-Abouda.jpg\",\"keywords\":[\"ambassade\",\"Bruxelles\",\"enqu\u00eate\",\"police\",\"Sourour Abouda\",\"suicide\",\"Tunisie\",\"tunisienne\"],\"articleSection\":[\"SOCIETE\",\"Tunisie\"],\"inLanguage\":\"fr-FR\",\"potentialAction\":[{\"@type\":\"CommentAction\",\"name\":\"Comment\",\"target\":[\"https:\/\/kapitalis.com\/tunisie\/2023\/01\/17\/a-propos-de-la-mort-suspecte-dune-tunisienne-dans-un-commissariat-a-bruxelles\/#respond\"]}]},{\"@type\":\"WebPage\",\"@id\":\"https:\/\/kapitalis.com\/tunisie\/2023\/01\/17\/a-propos-de-la-mort-suspecte-dune-tunisienne-dans-un-commissariat-a-bruxelles\/\",\"url\":\"https:\/\/kapitalis.com\/tunisie\/2023\/01\/17\/a-propos-de-la-mort-suspecte-dune-tunisienne-dans-un-commissariat-a-bruxelles\/\",\"name\":\"A propos de la mort suspecte d'une Tunisienne dans un commissariat \u00e0 Bruxelles - Kapitalis\",\"isPartOf\":{\"@id\":\"https:\/\/kapitalis.com\/tunisie\/#website\"},\"primaryImageOfPage\":{\"@id\":\"https:\/\/kapitalis.com\/tunisie\/2023\/01\/17\/a-propos-de-la-mort-suspecte-dune-tunisienne-dans-un-commissariat-a-bruxelles\/#primaryimage\"},\"image\":{\"@id\":\"https:\/\/kapitalis.com\/tunisie\/2023\/01\/17\/a-propos-de-la-mort-suspecte-dune-tunisienne-dans-un-commissariat-a-bruxelles\/#primaryimage\"},\"thumbnailUrl\":\"https:\/\/kapitalis.com\/tunisie\/wp-content\/uploads\/2023\/01\/Sourour-Abouda.jpg\",\"datePublished\":\"2023-01-17T17:07:47+00:00\",\"dateModified\":\"2023-01-18T14:18:28+00:00\",\"description\":\"L'Ambassade de Tunisie \u00e0 Bruxelles a publi\u00e9 un communiqu\u00e9, ce mardi 17 janvier 2022, sur la mort suspecte de Sourour Abouda, une Tunisienne de 46 ans, survenue jeudi dernier dans un commissariat \u00e0 Bruxelles.\",\"breadcrumb\":{\"@id\":\"https:\/\/kapitalis.com\/tunisie\/2023\/01\/17\/a-propos-de-la-mort-suspecte-dune-tunisienne-dans-un-commissariat-a-bruxelles\/#breadcrumb\"},\"inLanguage\":\"fr-FR\",\"potentialAction\":[{\"@type\":\"ReadAction\",\"target\":[\"https:\/\/kapitalis.com\/tunisie\/2023\/01\/17\/a-propos-de-la-mort-suspecte-dune-tunisienne-dans-un-commissariat-a-bruxelles\/\"]}]},{\"@type\":\"ImageObject\",\"inLanguage\":\"fr-FR\",\"@id\":\"https:\/\/kapitalis.com\/tunisie\/2023\/01\/17\/a-propos-de-la-mort-suspecte-dune-tunisienne-dans-un-commissariat-a-bruxelles\/#primaryimage\",\"url\":\"https:\/\/kapitalis.com\/tunisie\/wp-content\/uploads\/2023\/01\/Sourour-Abouda.jpg\",\"contentUrl\":\"https:\/\/kapitalis.com\/tunisie\/wp-content\/uploads\/2023\/01\/Sourour-Abouda.jpg\",\"width\":1200,\"height\":630},{\"@type\":\"BreadcrumbList\",\"@id\":\"https:\/\/kapitalis.com\/tunisie\/2023\/01\/17\/a-propos-de-la-mort-suspecte-dune-tunisienne-dans-un-commissariat-a-bruxelles\/#breadcrumb\",\"itemListElement\":[{\"@type\":\"ListItem\",\"position\":1,\"name\":\"Accueil\",\"item\":\"https:\/\/kapitalis.com\/tunisie\/\"},{\"@type\":\"ListItem\",\"position\":2,\"name\":\"A propos de la mort suspecte d&rsquo;une Tunisienne dans un commissariat \u00e0 Bruxelles\"}]},{\"@type\":\"WebSite\",\"@id\":\"https:\/\/kapitalis.com\/tunisie\/#website\",\"url\":\"https:\/\/kapitalis.com\/tunisie\/\",\"name\":\"Kapitalis\",\"description\":\"L&#039;actualit\u00e9 en Tunisie et dans le monde\",\"publisher\":{\"@id\":\"https:\/\/kapitalis.com\/tunisie\/#organization\"},\"potentialAction\":[{\"@type\":\"SearchAction\",\"target\":{\"@type\":\"EntryPoint\",\"urlTemplate\":\"https:\/\/kapitalis.com\/tunisie\/?s={search_term_string}\"},\"query-input\":{\"@type\":\"PropertyValueSpecification\",\"valueRequired\":true,\"valueName\":\"search_term_string\"}}],\"inLanguage\":\"fr-FR\"},{\"@type\":\"Organization\",\"@id\":\"https:\/\/kapitalis.com\/tunisie\/#organization\",\"name\":\"Kapitalis\",\"url\":\"https:\/\/kapitalis.com\/tunisie\/\",\"logo\":{\"@type\":\"ImageObject\",\"inLanguage\":\"fr-FR\",\"@id\":\"https:\/\/kapitalis.com\/tunisie\/#\/schema\/logo\/image\/\",\"url\":\"https:\/\/kapitalis.com\/tunisie\/wp-content\/uploads\/2022\/05\/Kapitalis-big-size.png\",\"contentUrl\":\"https:\/\/kapitalis.com\/tunisie\/wp-content\/uploads\/2022\/05\/Kapitalis-big-size.png\",\"width\":5000,\"height\":1500,\"caption\":\"Kapitalis\"},\"image\":{\"@id\":\"https:\/\/kapitalis.com\/tunisie\/#\/schema\/logo\/image\/\"},\"sameAs\":[\"https:\/\/www.facebook.com\/KapitalisInfo\/\",\"https:\/\/x.com\/KapitalisInfo\",\"https:\/\/www.youtube.com\/channel\/UC-yDYrHyfFBWWZaOw3FPg9Q\"]},{\"@type\":\"Person\",\"@id\":\"https:\/\/kapitalis.com\/tunisie\/#\/schema\/person\/74bbde0154d49d790a92aaeac5bc01d5\",\"name\":\"Yusra NY\",\"url\":\"https:\/\/kapitalis.com\/tunisie\/author\/yuza_adam\/\"}]}<\/script>\n<!-- \/ Yoast SEO plugin. -->","yoast_head_json":{"title":"A propos de la mort suspecte d'une Tunisienne dans un commissariat \u00e0 Bruxelles - Kapitalis","description":"L'Ambassade de Tunisie \u00e0 Bruxelles a publi\u00e9 un communiqu\u00e9, ce mardi 17 janvier 2022, sur la mort suspecte de Sourour Abouda, une Tunisienne de 46 ans, survenue jeudi dernier dans un commissariat \u00e0 Bruxelles.","robots":{"index":"index","follow":"follow","max-snippet":"max-snippet:-1","max-image-preview":"max-image-preview:large","max-video-preview":"max-video-preview:-1"},"canonical":"https:\/\/kapitalis.com\/tunisie\/2023\/01\/17\/a-propos-de-la-mort-suspecte-dune-tunisienne-dans-un-commissariat-a-bruxelles\/","og_locale":"fr_FR","og_type":"article","og_title":"A propos de la mort suspecte d'une Tunisienne dans un commissariat \u00e0 Bruxelles - Kapitalis","og_description":"L'Ambassade de Tunisie \u00e0 Bruxelles a publi\u00e9 un communiqu\u00e9, ce mardi 17 janvier 2022, sur la mort suspecte de Sourour Abouda, une Tunisienne de 46 ans, survenue jeudi dernier dans un commissariat \u00e0 Bruxelles.","og_url":"https:\/\/kapitalis.com\/tunisie\/2023\/01\/17\/a-propos-de-la-mort-suspecte-dune-tunisienne-dans-un-commissariat-a-bruxelles\/","og_site_name":"Kapitalis","article_publisher":"https:\/\/www.facebook.com\/KapitalisInfo\/","article_published_time":"2023-01-17T17:07:47+00:00","article_modified_time":"2023-01-18T14:18:28+00:00","og_image":[{"width":1200,"height":630,"url":"https:\/\/kapitalis.com\/tunisie\/wp-content\/uploads\/2023\/01\/Sourour-Abouda.jpg","type":"image\/jpeg"}],"author":"Yusra NY","twitter_card":"summary_large_image","twitter_creator":"@KapitalisInfo","twitter_site":"@KapitalisInfo","twitter_misc":{"\u00c9crit par":"Yusra NY","Dur\u00e9e de lecture estim\u00e9e":"2 minutes"},"schema":{"@context":"https:\/\/schema.org","@graph":[{"@type":"Article","@id":"https:\/\/kapitalis.com\/tunisie\/2023\/01\/17\/a-propos-de-la-mort-suspecte-dune-tunisienne-dans-un-commissariat-a-bruxelles\/#article","isPartOf":{"@id":"https:\/\/kapitalis.com\/tunisie\/2023\/01\/17\/a-propos-de-la-mort-suspecte-dune-tunisienne-dans-un-commissariat-a-bruxelles\/"},"author":{"name":"Yusra NY","@id":"https:\/\/kapitalis.com\/tunisie\/#\/schema\/person\/74bbde0154d49d790a92aaeac5bc01d5"},"headline":"A propos de la mort suspecte d&rsquo;une Tunisienne dans un commissariat \u00e0 Bruxelles","datePublished":"2023-01-17T17:07:47+00:00","dateModified":"2023-01-18T14:18:28+00:00","mainEntityOfPage":{"@id":"https:\/\/kapitalis.com\/tunisie\/2023\/01\/17\/a-propos-de-la-mort-suspecte-dune-tunisienne-dans-un-commissariat-a-bruxelles\/"},"wordCount":376,"commentCount":0,"publisher":{"@id":"https:\/\/kapitalis.com\/tunisie\/#organization"},"image":{"@id":"https:\/\/kapitalis.com\/tunisie\/2023\/01\/17\/a-propos-de-la-mort-suspecte-dune-tunisienne-dans-un-commissariat-a-bruxelles\/#primaryimage"},"thumbnailUrl":"https:\/\/kapitalis.com\/tunisie\/wp-content\/uploads\/2023\/01\/Sourour-Abouda.jpg","keywords":["ambassade","Bruxelles","enqu\u00eate","police","Sourour Abouda","suicide","Tunisie","tunisienne"],"articleSection":["SOCIETE","Tunisie"],"inLanguage":"fr-FR","potentialAction":[{"@type":"CommentAction","name":"Comment","target":["https:\/\/kapitalis.com\/tunisie\/2023\/01\/17\/a-propos-de-la-mort-suspecte-dune-tunisienne-dans-un-commissariat-a-bruxelles\/#respond"]}]},{"@type":"WebPage","@id":"https:\/\/kapitalis.com\/tunisie\/2023\/01\/17\/a-propos-de-la-mort-suspecte-dune-tunisienne-dans-un-commissariat-a-bruxelles\/","url":"https:\/\/kapitalis.com\/tunisie\/2023\/01\/17\/a-propos-de-la-mort-suspecte-dune-tunisienne-dans-un-commissariat-a-bruxelles\/","name":"A propos de la mort suspecte d'une Tunisienne dans un commissariat \u00e0 Bruxelles - Kapitalis","isPartOf":{"@id":"https:\/\/kapitalis.com\/tunisie\/#website"},"primaryImageOfPage":{"@id":"https:\/\/kapitalis.com\/tunisie\/2023\/01\/17\/a-propos-de-la-mort-suspecte-dune-tunisienne-dans-un-commissariat-a-bruxelles\/#primaryimage"},"image":{"@id":"https:\/\/kapitalis.com\/tunisie\/2023\/01\/17\/a-propos-de-la-mort-suspecte-dune-tunisienne-dans-un-commissariat-a-bruxelles\/#primaryimage"},"thumbnailUrl":"https:\/\/kapitalis.com\/tunisie\/wp-content\/uploads\/2023\/01\/Sourour-Abouda.jpg","datePublished":"2023-01-17T17:07:47+00:00","dateModified":"2023-01-18T14:18:28+00:00","description":"L'Ambassade de Tunisie \u00e0 Bruxelles a publi\u00e9 un communiqu\u00e9, ce mardi 17 janvier 2022, sur la mort suspecte de Sourour Abouda, une Tunisienne de 46 ans, survenue jeudi dernier dans un commissariat \u00e0 Bruxelles.","breadcrumb":{"@id":"https:\/\/kapitalis.com\/tunisie\/2023\/01\/17\/a-propos-de-la-mort-suspecte-dune-tunisienne-dans-un-commissariat-a-bruxelles\/#breadcrumb"},"inLanguage":"fr-FR","potentialAction":[{"@type":"ReadAction","target":["https:\/\/kapitalis.com\/tunisie\/2023\/01\/17\/a-propos-de-la-mort-suspecte-dune-tunisienne-dans-un-commissariat-a-bruxelles\/"]}]},{"@type":"ImageObject","inLanguage":"fr-FR","@id":"https:\/\/kapitalis.com\/tunisie\/2023\/01\/17\/a-propos-de-la-mort-suspecte-dune-tunisienne-dans-un-commissariat-a-bruxelles\/#primaryimage","url":"https:\/\/kapitalis.com\/tunisie\/wp-content\/uploads\/2023\/01\/Sourour-Abouda.jpg","contentUrl":"https:\/\/kapitalis.com\/tunisie\/wp-content\/uploads\/2023\/01\/Sourour-Abouda.jpg","width":1200,"height":630},{"@type":"BreadcrumbList","@id":"https:\/\/kapitalis.com\/tunisie\/2023\/01\/17\/a-propos-de-la-mort-suspecte-dune-tunisienne-dans-un-commissariat-a-bruxelles\/#breadcrumb","itemListElement":[{"@type":"ListItem","position":1,"name":"Accueil","item":"https:\/\/kapitalis.com\/tunisie\/"},{"@type":"ListItem","position":2,"name":"A propos de la mort suspecte d&rsquo;une Tunisienne dans un commissariat \u00e0 Bruxelles"}]},{"@type":"WebSite","@id":"https:\/\/kapitalis.com\/tunisie\/#website","url":"https:\/\/kapitalis.com\/tunisie\/","name":"Kapitalis","description":"L&#039;actualit\u00e9 en Tunisie et dans le monde","publisher":{"@id":"https:\/\/kapitalis.com\/tunisie\/#organization"},"potentialAction":[{"@type":"SearchAction","target":{"@type":"EntryPoint","urlTemplate":"https:\/\/kapitalis.com\/tunisie\/?s={search_term_string}"},"query-input":{"@type":"PropertyValueSpecification","valueRequired":true,"valueName":"search_term_string"}}],"inLanguage":"fr-FR"},{"@type":"Organization","@id":"https:\/\/kapitalis.com\/tunisie\/#organization","name":"Kapitalis","url":"https:\/\/kapitalis.com\/tunisie\/","logo":{"@type":"ImageObject","inLanguage":"fr-FR","@id":"https:\/\/kapitalis.com\/tunisie\/#\/schema\/logo\/image\/","url":"https:\/\/kapitalis.com\/tunisie\/wp-content\/uploads\/2022\/05\/Kapitalis-big-size.png","contentUrl":"https:\/\/kapitalis.com\/tunisie\/wp-content\/uploads\/2022\/05\/Kapitalis-big-size.png","width":5000,"height":1500,"caption":"Kapitalis"},"image":{"@id":"https:\/\/kapitalis.com\/tunisie\/#\/schema\/logo\/image\/"},"sameAs":["https:\/\/www.facebook.com\/KapitalisInfo\/","https:\/\/x.com\/KapitalisInfo","https:\/\/www.youtube.com\/channel\/UC-yDYrHyfFBWWZaOw3FPg9Q"]},{"@type":"Person","@id":"https:\/\/kapitalis.com\/tunisie\/#\/schema\/person\/74bbde0154d49d790a92aaeac5bc01d5","name":"Yusra NY","url":"https:\/\/kapitalis.com\/tunisie\/author\/yuza_adam\/"}]}},"_links":{"self":[{"href":"https:\/\/kapitalis.com\/tunisie\/wp-json\/wp\/v2\/posts\/6093679","targetHints":{"allow":["GET"]}}],"collection":[{"href":"https:\/\/kapitalis.com\/tunisie\/wp-json\/wp\/v2\/posts"}],"about":[{"href":"https:\/\/kapitalis.com\/tunisie\/wp-json\/wp\/v2\/types\/post"}],"author":[{"embeddable":true,"href":"https:\/\/kapitalis.com\/tunisie\/wp-json\/wp\/v2\/users\/6"}],"replies":[{"embeddable":true,"href":"https:\/\/kapitalis.com\/tunisie\/wp-json\/wp\/v2\/comments?post=6093679"}],"version-history":[{"count":4,"href":"https:\/\/kapitalis.com\/tunisie\/wp-json\/wp\/v2\/posts\/6093679\/revisions"}],"predecessor-version":[{"id":6094013,"href":"https:\/\/kapitalis.com\/tunisie\/wp-json\/wp\/v2\/posts\/6093679\/revisions\/6094013"}],"wp:featuredmedia":[{"embeddable":true,"href":"https:\/\/kapitalis.com\/tunisie\/wp-json\/wp\/v2\/media\/6093766"}],"wp:attachment":[{"href":"https:\/\/kapitalis.com\/tunisie\/wp-json\/wp\/v2\/media?parent=6093679"}],"wp:term":[{"taxonomy":"category","embeddable":true,"href":"https:\/\/kapitalis.com\/tunisie\/wp-json\/wp\/v2\/categories?post=6093679"},{"taxonomy":"post_tag","embeddable":true,"href":"https:\/\/kapitalis.com\/tunisie\/wp-json\/wp\/v2\/tags?post=6093679"}],"curies":[{"name":"wp","href":"https:\/\/api.w.org\/{rel}","templated":true}]}}