{"id":6095934,"date":"2023-01-17T20:06:19","date_gmt":"2023-01-17T19:06:19","guid":{"rendered":"https:\/\/kapitalis.com\/tunisie\/?p=6095934"},"modified":"2023-01-17T20:50:34","modified_gmt":"2023-01-17T19:50:34","slug":"assassinat-de-brahmi-le-pole-antiterroriste-enquete-sur-la-dissimulation-du-document-de-la-cia","status":"publish","type":"post","link":"https:\/\/kapitalis.com\/tunisie\/2023\/01\/17\/assassinat-de-brahmi-le-pole-antiterroriste-enquete-sur-la-dissimulation-du-document-de-la-cia\/","title":{"rendered":"Assassinat de Brahmi : Le P\u00f4le antiterroriste enqu\u00eate sur la dissimulation du document de la CIA"},"content":{"rendered":"\n<p><em><strong>Le parquet du P\u00f4le judiciaire antiterroriste a \u00e9t\u00e9 charg\u00e9 d\u2019enqu\u00eater sur l\u2019affaire relative \u00e0 la dissimulation d\u2019un document de renseignement alertant sur un plan d\u2019assassinat visant Mohamed Brahmi. Il s&rsquo;agit d&rsquo;une alerte adress\u00e9e par l\u2019Agence centrale de renseignement am\u00e9ricaine (CIA), 11 jours avant les faits (25 juillet 2013), au minist\u00e8re de l\u2019Int\u00e9rieur tunisien.<\/strong><\/em><\/p>\n\n\n\n<!--more-->\n\n\n\n<p>C&rsquo;est ce qu&rsquo;a annonc\u00e9 l&rsquo;avocate Imen Gzara, membre du Comit\u00e9 de d\u00e9fense des deux martyrs Bela\u00efd Et Brahmi, dans une d\u00e9claration \u00e0 l&rsquo;agence Tap, ce mardi 17 janvier 2023, en pr\u00e9cisant que cette d\u00e9cision a \u00e9t\u00e9 prise par la chambre criminelle sp\u00e9cialis\u00e9e dans les affaires terroristes pr\u00e8s le Tribunal de 1\u00e8re instance de Tunis, apr\u00e8s avoir examin\u00e9 ce jour, le dossier de l\u2019affaire de l\u2019assassinat de Mohamed Brahmi.<\/p>\n\n\n\n<p>Rappelons que l&rsquo;existence de ce <a href=\"https:\/\/kapitalis.com\/archive\/190-politik\/18172-assassinat-mohamed-brahmi-la-cia-avertit-les-services-tunisiens-ferment-les-yeux\" target=\"_blank\" rel=\"noreferrer noopener\">document<\/a>, avait \u00e9t\u00e9 r\u00e9v\u00e9l\u00e9e par l\u2019Initiative pour la recherche de la v\u00e9rit\u00e9 sur l&rsquo;assassinat de Chokri Belaid (IRVA), ce que Mustapha Ta\u00efeb Ben Amor, alors directeur g\u00e9n\u00e9ral de la s\u00fbret\u00e9 publique au minist\u00e8re de l\u2019Int\u00e9rieur, avait confirm\u00e9 en date du 14 septembre 2013 lors d&rsquo;une intervention au journal de 20 heures de la cha\u00eene nationale Watania 1, ajoutant que son administration avait \u00e9t\u00e9 alert\u00e9e par des services de renseignements \u00e9trangers d\u2019un plan d\u2019ex\u00e9cution par des salafistes du d\u00e9put\u00e9 Mohamed Brahmi, et affirmant toutefois que les v\u00e9rifications men\u00e9es n&rsquo;avaient alors r\u00e9v\u00e9l\u00e9 aucune menace\u2026 Il a \u00e9t\u00e9 entendu \u00e0 ce propos en octobre 2013, sans suite.<\/p>\n\n\n\n<p>Lotfi Ben Jeddou qui occupait \u00e0 l&rsquo;\u00e9poque le poste de ministre de l&rsquo;Int\u00e9rieur avait annonc\u00e9, lors d&rsquo;une audition par l&rsquo;assembl\u00e9e, l&rsquo;ouverture d&rsquo;une <a href=\"https:\/\/kapitalis.com\/archive\/190-politik\/18181-tunisie-assassinat-de-brahmi-le-ministere-de-l-interieur-justifie-sa-negligence-et-se-cache-derriere-une-enquete-interne\" target=\"_blank\" rel=\"noreferrer noopener\">enqu\u00eate<\/a> administrative pour d\u00e9limiter la responsabilit\u00e9 d\u2019une <em>\u00ab\u00e9ventuelle d\u00e9faillance\u00bb\u2026<\/em>.<\/p>\n\n\n\n<p>De son c\u00f4t\u00e9, le Comit\u00e9 de d\u00e9fense des deux martyrs, qui a toujours point\u00e9 du doigt la responsabilit\u00e9 du parti islamiste Ennahdha dans ces crimes politiques, a port\u00e9 plainte contre Lotfi Ben Jeddou et Ali Larayedh (alors chef du gouvernement) qu&rsquo;il accuse de n&rsquo;avoir rien fait pour prot\u00e9ger feu Mohamed Brahmi, assassin\u00e9 le 25 juillet 2013, soit 6 mois apr\u00e8s l&rsquo;assassinat de Chokri Bela\u00efd<\/p>\n\n\n\n<p class=\"has-text-align-right\"><strong>Y. N.<\/strong><\/p>\n","protected":false},"excerpt":{"rendered":"<p>Assassinat de Brahmi : Le P\u00f4le antiterroriste enqu\u00eate sur la dissimulation du document de la CIA<\/p>\n","protected":false},"author":6,"featured_media":6096195,"comment_status":"open","ping_status":"open","sticky":false,"template":"","format":"standard","meta":{"footnotes":""},"categories":[997,2433],"tags":[2500,49543,625,62643],"class_list":["post-6095934","post","type-post","status-publish","format-standard","has-post-thumbnail","hentry","category-politique","category-tunisie","tag-assassinat-politique","tag-ennahdha","tag-mohamed-brahmi","tag-tunisie"],"yoast_head":"<!-- This site is optimized with the Yoast SEO plugin v26.6 - https:\/\/yoast.com\/wordpress\/plugins\/seo\/ -->\n<title>Assassinat de Brahmi : Le P\u00f4le antiterroriste enqu\u00eate sur la dissimulation du document de la CIA - Kapitalis<\/title>\n<meta name=\"description\" content=\"Le parquet du P\u00f4le judiciaire antiterroriste a \u00e9t\u00e9 charg\u00e9 d\u2019enqu\u00eater sur l\u2019affaire relative \u00e0 la dissimulation d\u2019un document de renseignement alertant sur un plan d\u2019assassinat visant Mohamed Brahmi. Il s&#039;agit d&#039;une alerte adress\u00e9e par l\u2019Agence centrale de renseignement am\u00e9ricaine (CIA), 11 jours avant les faits (25 juillet 2013), au minist\u00e8re de l\u2019Int\u00e9rieur tunisien.\" \/>\n<meta name=\"robots\" content=\"index, follow, max-snippet:-1, max-image-preview:large, max-video-preview:-1\" \/>\n<link rel=\"canonical\" href=\"https:\/\/kapitalis.com\/tunisie\/2023\/01\/17\/assassinat-de-brahmi-le-pole-antiterroriste-enquete-sur-la-dissimulation-du-document-de-la-cia\/\" \/>\n<meta property=\"og:locale\" content=\"fr_FR\" \/>\n<meta property=\"og:type\" content=\"article\" \/>\n<meta property=\"og:title\" content=\"Assassinat de Brahmi : Le P\u00f4le antiterroriste enqu\u00eate sur la dissimulation du document de la CIA - Kapitalis\" \/>\n<meta property=\"og:description\" content=\"Le parquet du P\u00f4le judiciaire antiterroriste a \u00e9t\u00e9 charg\u00e9 d\u2019enqu\u00eater sur l\u2019affaire relative \u00e0 la dissimulation d\u2019un document de renseignement alertant sur un plan d\u2019assassinat visant Mohamed Brahmi. Il s&#039;agit d&#039;une alerte adress\u00e9e par l\u2019Agence centrale de renseignement am\u00e9ricaine (CIA), 11 jours avant les faits (25 juillet 2013), au minist\u00e8re de l\u2019Int\u00e9rieur tunisien.\" \/>\n<meta property=\"og:url\" content=\"https:\/\/kapitalis.com\/tunisie\/2023\/01\/17\/assassinat-de-brahmi-le-pole-antiterroriste-enquete-sur-la-dissimulation-du-document-de-la-cia\/\" \/>\n<meta property=\"og:site_name\" content=\"Kapitalis\" \/>\n<meta property=\"article:publisher\" content=\"https:\/\/www.facebook.com\/KapitalisInfo\/\" \/>\n<meta property=\"article:published_time\" content=\"2023-01-17T19:06:19+00:00\" \/>\n<meta property=\"article:modified_time\" content=\"2023-01-17T19:50:34+00:00\" \/>\n<meta property=\"og:image\" content=\"https:\/\/kapitalis.com\/tunisie\/wp-content\/uploads\/2023\/01\/Mohamed-Brahmi-2013.jpg\" \/>\n\t<meta property=\"og:image:width\" content=\"1200\" \/>\n\t<meta property=\"og:image:height\" content=\"630\" \/>\n\t<meta property=\"og:image:type\" content=\"image\/jpeg\" \/>\n<meta name=\"author\" content=\"Yusra NY\" \/>\n<meta name=\"twitter:card\" content=\"summary_large_image\" \/>\n<meta name=\"twitter:creator\" content=\"@KapitalisInfo\" \/>\n<meta name=\"twitter:site\" content=\"@KapitalisInfo\" \/>\n<meta name=\"twitter:label1\" content=\"\u00c9crit par\" \/>\n\t<meta name=\"twitter:data1\" content=\"Yusra NY\" \/>\n\t<meta name=\"twitter:label2\" content=\"Dur\u00e9e de lecture estim\u00e9e\" \/>\n\t<meta name=\"twitter:data2\" content=\"2 minutes\" \/>\n<script type=\"application\/ld+json\" class=\"yoast-schema-graph\">{\"@context\":\"https:\/\/schema.org\",\"@graph\":[{\"@type\":\"Article\",\"@id\":\"https:\/\/kapitalis.com\/tunisie\/2023\/01\/17\/assassinat-de-brahmi-le-pole-antiterroriste-enquete-sur-la-dissimulation-du-document-de-la-cia\/#article\",\"isPartOf\":{\"@id\":\"https:\/\/kapitalis.com\/tunisie\/2023\/01\/17\/assassinat-de-brahmi-le-pole-antiterroriste-enquete-sur-la-dissimulation-du-document-de-la-cia\/\"},\"author\":{\"name\":\"Yusra NY\",\"@id\":\"https:\/\/kapitalis.com\/tunisie\/#\/schema\/person\/74bbde0154d49d790a92aaeac5bc01d5\"},\"headline\":\"Assassinat de Brahmi : Le P\u00f4le antiterroriste enqu\u00eate sur la dissimulation du document de la CIA\",\"datePublished\":\"2023-01-17T19:06:19+00:00\",\"dateModified\":\"2023-01-17T19:50:34+00:00\",\"mainEntityOfPage\":{\"@id\":\"https:\/\/kapitalis.com\/tunisie\/2023\/01\/17\/assassinat-de-brahmi-le-pole-antiterroriste-enquete-sur-la-dissimulation-du-document-de-la-cia\/\"},\"wordCount\":384,\"commentCount\":2,\"publisher\":{\"@id\":\"https:\/\/kapitalis.com\/tunisie\/#organization\"},\"image\":{\"@id\":\"https:\/\/kapitalis.com\/tunisie\/2023\/01\/17\/assassinat-de-brahmi-le-pole-antiterroriste-enquete-sur-la-dissimulation-du-document-de-la-cia\/#primaryimage\"},\"thumbnailUrl\":\"https:\/\/kapitalis.com\/tunisie\/wp-content\/uploads\/2023\/01\/Mohamed-Brahmi-2013.jpg\",\"keywords\":[\"assassinat politique\",\"Ennahdha\",\"Mohamed Brahmi\",\"Tunisie\"],\"articleSection\":[\"POLITIQUE\",\"Tunisie\"],\"inLanguage\":\"fr-FR\",\"potentialAction\":[{\"@type\":\"CommentAction\",\"name\":\"Comment\",\"target\":[\"https:\/\/kapitalis.com\/tunisie\/2023\/01\/17\/assassinat-de-brahmi-le-pole-antiterroriste-enquete-sur-la-dissimulation-du-document-de-la-cia\/#respond\"]}]},{\"@type\":\"WebPage\",\"@id\":\"https:\/\/kapitalis.com\/tunisie\/2023\/01\/17\/assassinat-de-brahmi-le-pole-antiterroriste-enquete-sur-la-dissimulation-du-document-de-la-cia\/\",\"url\":\"https:\/\/kapitalis.com\/tunisie\/2023\/01\/17\/assassinat-de-brahmi-le-pole-antiterroriste-enquete-sur-la-dissimulation-du-document-de-la-cia\/\",\"name\":\"Assassinat de Brahmi : Le P\u00f4le antiterroriste enqu\u00eate sur la dissimulation du document de la CIA - Kapitalis\",\"isPartOf\":{\"@id\":\"https:\/\/kapitalis.com\/tunisie\/#website\"},\"primaryImageOfPage\":{\"@id\":\"https:\/\/kapitalis.com\/tunisie\/2023\/01\/17\/assassinat-de-brahmi-le-pole-antiterroriste-enquete-sur-la-dissimulation-du-document-de-la-cia\/#primaryimage\"},\"image\":{\"@id\":\"https:\/\/kapitalis.com\/tunisie\/2023\/01\/17\/assassinat-de-brahmi-le-pole-antiterroriste-enquete-sur-la-dissimulation-du-document-de-la-cia\/#primaryimage\"},\"thumbnailUrl\":\"https:\/\/kapitalis.com\/tunisie\/wp-content\/uploads\/2023\/01\/Mohamed-Brahmi-2013.jpg\",\"datePublished\":\"2023-01-17T19:06:19+00:00\",\"dateModified\":\"2023-01-17T19:50:34+00:00\",\"description\":\"Le parquet du P\u00f4le judiciaire antiterroriste a \u00e9t\u00e9 charg\u00e9 d\u2019enqu\u00eater sur l\u2019affaire relative \u00e0 la dissimulation d\u2019un document de renseignement alertant sur un plan d\u2019assassinat visant Mohamed Brahmi. Il s'agit d'une alerte adress\u00e9e par l\u2019Agence centrale de renseignement am\u00e9ricaine (CIA), 11 jours avant les faits (25 juillet 2013), au minist\u00e8re de l\u2019Int\u00e9rieur tunisien.\",\"breadcrumb\":{\"@id\":\"https:\/\/kapitalis.com\/tunisie\/2023\/01\/17\/assassinat-de-brahmi-le-pole-antiterroriste-enquete-sur-la-dissimulation-du-document-de-la-cia\/#breadcrumb\"},\"inLanguage\":\"fr-FR\",\"potentialAction\":[{\"@type\":\"ReadAction\",\"target\":[\"https:\/\/kapitalis.com\/tunisie\/2023\/01\/17\/assassinat-de-brahmi-le-pole-antiterroriste-enquete-sur-la-dissimulation-du-document-de-la-cia\/\"]}]},{\"@type\":\"ImageObject\",\"inLanguage\":\"fr-FR\",\"@id\":\"https:\/\/kapitalis.com\/tunisie\/2023\/01\/17\/assassinat-de-brahmi-le-pole-antiterroriste-enquete-sur-la-dissimulation-du-document-de-la-cia\/#primaryimage\",\"url\":\"https:\/\/kapitalis.com\/tunisie\/wp-content\/uploads\/2023\/01\/Mohamed-Brahmi-2013.jpg\",\"contentUrl\":\"https:\/\/kapitalis.com\/tunisie\/wp-content\/uploads\/2023\/01\/Mohamed-Brahmi-2013.jpg\",\"width\":1200,\"height\":630},{\"@type\":\"BreadcrumbList\",\"@id\":\"https:\/\/kapitalis.com\/tunisie\/2023\/01\/17\/assassinat-de-brahmi-le-pole-antiterroriste-enquete-sur-la-dissimulation-du-document-de-la-cia\/#breadcrumb\",\"itemListElement\":[{\"@type\":\"ListItem\",\"position\":1,\"name\":\"Accueil\",\"item\":\"https:\/\/kapitalis.com\/tunisie\/\"},{\"@type\":\"ListItem\",\"position\":2,\"name\":\"Assassinat de Brahmi : Le P\u00f4le antiterroriste enqu\u00eate sur la dissimulation du document de la CIA\"}]},{\"@type\":\"WebSite\",\"@id\":\"https:\/\/kapitalis.com\/tunisie\/#website\",\"url\":\"https:\/\/kapitalis.com\/tunisie\/\",\"name\":\"Kapitalis\",\"description\":\"L&#039;actualit\u00e9 en Tunisie et dans le monde\",\"publisher\":{\"@id\":\"https:\/\/kapitalis.com\/tunisie\/#organization\"},\"potentialAction\":[{\"@type\":\"SearchAction\",\"target\":{\"@type\":\"EntryPoint\",\"urlTemplate\":\"https:\/\/kapitalis.com\/tunisie\/?s={search_term_string}\"},\"query-input\":{\"@type\":\"PropertyValueSpecification\",\"valueRequired\":true,\"valueName\":\"search_term_string\"}}],\"inLanguage\":\"fr-FR\"},{\"@type\":\"Organization\",\"@id\":\"https:\/\/kapitalis.com\/tunisie\/#organization\",\"name\":\"Kapitalis\",\"url\":\"https:\/\/kapitalis.com\/tunisie\/\",\"logo\":{\"@type\":\"ImageObject\",\"inLanguage\":\"fr-FR\",\"@id\":\"https:\/\/kapitalis.com\/tunisie\/#\/schema\/logo\/image\/\",\"url\":\"https:\/\/kapitalis.com\/tunisie\/wp-content\/uploads\/2022\/05\/Kapitalis-big-size.png\",\"contentUrl\":\"https:\/\/kapitalis.com\/tunisie\/wp-content\/uploads\/2022\/05\/Kapitalis-big-size.png\",\"width\":5000,\"height\":1500,\"caption\":\"Kapitalis\"},\"image\":{\"@id\":\"https:\/\/kapitalis.com\/tunisie\/#\/schema\/logo\/image\/\"},\"sameAs\":[\"https:\/\/www.facebook.com\/KapitalisInfo\/\",\"https:\/\/x.com\/KapitalisInfo\",\"https:\/\/www.youtube.com\/channel\/UC-yDYrHyfFBWWZaOw3FPg9Q\"]},{\"@type\":\"Person\",\"@id\":\"https:\/\/kapitalis.com\/tunisie\/#\/schema\/person\/74bbde0154d49d790a92aaeac5bc01d5\",\"name\":\"Yusra NY\",\"url\":\"https:\/\/kapitalis.com\/tunisie\/author\/yuza_adam\/\"}]}<\/script>\n<!-- \/ Yoast SEO plugin. -->","yoast_head_json":{"title":"Assassinat de Brahmi : Le P\u00f4le antiterroriste enqu\u00eate sur la dissimulation du document de la CIA - Kapitalis","description":"Le parquet du P\u00f4le judiciaire antiterroriste a \u00e9t\u00e9 charg\u00e9 d\u2019enqu\u00eater sur l\u2019affaire relative \u00e0 la dissimulation d\u2019un document de renseignement alertant sur un plan d\u2019assassinat visant Mohamed Brahmi. Il s'agit d'une alerte adress\u00e9e par l\u2019Agence centrale de renseignement am\u00e9ricaine (CIA), 11 jours avant les faits (25 juillet 2013), au minist\u00e8re de l\u2019Int\u00e9rieur tunisien.","robots":{"index":"index","follow":"follow","max-snippet":"max-snippet:-1","max-image-preview":"max-image-preview:large","max-video-preview":"max-video-preview:-1"},"canonical":"https:\/\/kapitalis.com\/tunisie\/2023\/01\/17\/assassinat-de-brahmi-le-pole-antiterroriste-enquete-sur-la-dissimulation-du-document-de-la-cia\/","og_locale":"fr_FR","og_type":"article","og_title":"Assassinat de Brahmi : Le P\u00f4le antiterroriste enqu\u00eate sur la dissimulation du document de la CIA - Kapitalis","og_description":"Le parquet du P\u00f4le judiciaire antiterroriste a \u00e9t\u00e9 charg\u00e9 d\u2019enqu\u00eater sur l\u2019affaire relative \u00e0 la dissimulation d\u2019un document de renseignement alertant sur un plan d\u2019assassinat visant Mohamed Brahmi. Il s'agit d'une alerte adress\u00e9e par l\u2019Agence centrale de renseignement am\u00e9ricaine (CIA), 11 jours avant les faits (25 juillet 2013), au minist\u00e8re de l\u2019Int\u00e9rieur tunisien.","og_url":"https:\/\/kapitalis.com\/tunisie\/2023\/01\/17\/assassinat-de-brahmi-le-pole-antiterroriste-enquete-sur-la-dissimulation-du-document-de-la-cia\/","og_site_name":"Kapitalis","article_publisher":"https:\/\/www.facebook.com\/KapitalisInfo\/","article_published_time":"2023-01-17T19:06:19+00:00","article_modified_time":"2023-01-17T19:50:34+00:00","og_image":[{"width":1200,"height":630,"url":"https:\/\/kapitalis.com\/tunisie\/wp-content\/uploads\/2023\/01\/Mohamed-Brahmi-2013.jpg","type":"image\/jpeg"}],"author":"Yusra NY","twitter_card":"summary_large_image","twitter_creator":"@KapitalisInfo","twitter_site":"@KapitalisInfo","twitter_misc":{"\u00c9crit par":"Yusra NY","Dur\u00e9e de lecture estim\u00e9e":"2 minutes"},"schema":{"@context":"https:\/\/schema.org","@graph":[{"@type":"Article","@id":"https:\/\/kapitalis.com\/tunisie\/2023\/01\/17\/assassinat-de-brahmi-le-pole-antiterroriste-enquete-sur-la-dissimulation-du-document-de-la-cia\/#article","isPartOf":{"@id":"https:\/\/kapitalis.com\/tunisie\/2023\/01\/17\/assassinat-de-brahmi-le-pole-antiterroriste-enquete-sur-la-dissimulation-du-document-de-la-cia\/"},"author":{"name":"Yusra NY","@id":"https:\/\/kapitalis.com\/tunisie\/#\/schema\/person\/74bbde0154d49d790a92aaeac5bc01d5"},"headline":"Assassinat de Brahmi : Le P\u00f4le antiterroriste enqu\u00eate sur la dissimulation du document de la CIA","datePublished":"2023-01-17T19:06:19+00:00","dateModified":"2023-01-17T19:50:34+00:00","mainEntityOfPage":{"@id":"https:\/\/kapitalis.com\/tunisie\/2023\/01\/17\/assassinat-de-brahmi-le-pole-antiterroriste-enquete-sur-la-dissimulation-du-document-de-la-cia\/"},"wordCount":384,"commentCount":2,"publisher":{"@id":"https:\/\/kapitalis.com\/tunisie\/#organization"},"image":{"@id":"https:\/\/kapitalis.com\/tunisie\/2023\/01\/17\/assassinat-de-brahmi-le-pole-antiterroriste-enquete-sur-la-dissimulation-du-document-de-la-cia\/#primaryimage"},"thumbnailUrl":"https:\/\/kapitalis.com\/tunisie\/wp-content\/uploads\/2023\/01\/Mohamed-Brahmi-2013.jpg","keywords":["assassinat politique","Ennahdha","Mohamed Brahmi","Tunisie"],"articleSection":["POLITIQUE","Tunisie"],"inLanguage":"fr-FR","potentialAction":[{"@type":"CommentAction","name":"Comment","target":["https:\/\/kapitalis.com\/tunisie\/2023\/01\/17\/assassinat-de-brahmi-le-pole-antiterroriste-enquete-sur-la-dissimulation-du-document-de-la-cia\/#respond"]}]},{"@type":"WebPage","@id":"https:\/\/kapitalis.com\/tunisie\/2023\/01\/17\/assassinat-de-brahmi-le-pole-antiterroriste-enquete-sur-la-dissimulation-du-document-de-la-cia\/","url":"https:\/\/kapitalis.com\/tunisie\/2023\/01\/17\/assassinat-de-brahmi-le-pole-antiterroriste-enquete-sur-la-dissimulation-du-document-de-la-cia\/","name":"Assassinat de Brahmi : Le P\u00f4le antiterroriste enqu\u00eate sur la dissimulation du document de la CIA - Kapitalis","isPartOf":{"@id":"https:\/\/kapitalis.com\/tunisie\/#website"},"primaryImageOfPage":{"@id":"https:\/\/kapitalis.com\/tunisie\/2023\/01\/17\/assassinat-de-brahmi-le-pole-antiterroriste-enquete-sur-la-dissimulation-du-document-de-la-cia\/#primaryimage"},"image":{"@id":"https:\/\/kapitalis.com\/tunisie\/2023\/01\/17\/assassinat-de-brahmi-le-pole-antiterroriste-enquete-sur-la-dissimulation-du-document-de-la-cia\/#primaryimage"},"thumbnailUrl":"https:\/\/kapitalis.com\/tunisie\/wp-content\/uploads\/2023\/01\/Mohamed-Brahmi-2013.jpg","datePublished":"2023-01-17T19:06:19+00:00","dateModified":"2023-01-17T19:50:34+00:00","description":"Le parquet du P\u00f4le judiciaire antiterroriste a \u00e9t\u00e9 charg\u00e9 d\u2019enqu\u00eater sur l\u2019affaire relative \u00e0 la dissimulation d\u2019un document de renseignement alertant sur un plan d\u2019assassinat visant Mohamed Brahmi. Il s'agit d'une alerte adress\u00e9e par l\u2019Agence centrale de renseignement am\u00e9ricaine (CIA), 11 jours avant les faits (25 juillet 2013), au minist\u00e8re de l\u2019Int\u00e9rieur tunisien.","breadcrumb":{"@id":"https:\/\/kapitalis.com\/tunisie\/2023\/01\/17\/assassinat-de-brahmi-le-pole-antiterroriste-enquete-sur-la-dissimulation-du-document-de-la-cia\/#breadcrumb"},"inLanguage":"fr-FR","potentialAction":[{"@type":"ReadAction","target":["https:\/\/kapitalis.com\/tunisie\/2023\/01\/17\/assassinat-de-brahmi-le-pole-antiterroriste-enquete-sur-la-dissimulation-du-document-de-la-cia\/"]}]},{"@type":"ImageObject","inLanguage":"fr-FR","@id":"https:\/\/kapitalis.com\/tunisie\/2023\/01\/17\/assassinat-de-brahmi-le-pole-antiterroriste-enquete-sur-la-dissimulation-du-document-de-la-cia\/#primaryimage","url":"https:\/\/kapitalis.com\/tunisie\/wp-content\/uploads\/2023\/01\/Mohamed-Brahmi-2013.jpg","contentUrl":"https:\/\/kapitalis.com\/tunisie\/wp-content\/uploads\/2023\/01\/Mohamed-Brahmi-2013.jpg","width":1200,"height":630},{"@type":"BreadcrumbList","@id":"https:\/\/kapitalis.com\/tunisie\/2023\/01\/17\/assassinat-de-brahmi-le-pole-antiterroriste-enquete-sur-la-dissimulation-du-document-de-la-cia\/#breadcrumb","itemListElement":[{"@type":"ListItem","position":1,"name":"Accueil","item":"https:\/\/kapitalis.com\/tunisie\/"},{"@type":"ListItem","position":2,"name":"Assassinat de Brahmi : Le P\u00f4le antiterroriste enqu\u00eate sur la dissimulation du document de la CIA"}]},{"@type":"WebSite","@id":"https:\/\/kapitalis.com\/tunisie\/#website","url":"https:\/\/kapitalis.com\/tunisie\/","name":"Kapitalis","description":"L&#039;actualit\u00e9 en Tunisie et dans le monde","publisher":{"@id":"https:\/\/kapitalis.com\/tunisie\/#organization"},"potentialAction":[{"@type":"SearchAction","target":{"@type":"EntryPoint","urlTemplate":"https:\/\/kapitalis.com\/tunisie\/?s={search_term_string}"},"query-input":{"@type":"PropertyValueSpecification","valueRequired":true,"valueName":"search_term_string"}}],"inLanguage":"fr-FR"},{"@type":"Organization","@id":"https:\/\/kapitalis.com\/tunisie\/#organization","name":"Kapitalis","url":"https:\/\/kapitalis.com\/tunisie\/","logo":{"@type":"ImageObject","inLanguage":"fr-FR","@id":"https:\/\/kapitalis.com\/tunisie\/#\/schema\/logo\/image\/","url":"https:\/\/kapitalis.com\/tunisie\/wp-content\/uploads\/2022\/05\/Kapitalis-big-size.png","contentUrl":"https:\/\/kapitalis.com\/tunisie\/wp-content\/uploads\/2022\/05\/Kapitalis-big-size.png","width":5000,"height":1500,"caption":"Kapitalis"},"image":{"@id":"https:\/\/kapitalis.com\/tunisie\/#\/schema\/logo\/image\/"},"sameAs":["https:\/\/www.facebook.com\/KapitalisInfo\/","https:\/\/x.com\/KapitalisInfo","https:\/\/www.youtube.com\/channel\/UC-yDYrHyfFBWWZaOw3FPg9Q"]},{"@type":"Person","@id":"https:\/\/kapitalis.com\/tunisie\/#\/schema\/person\/74bbde0154d49d790a92aaeac5bc01d5","name":"Yusra NY","url":"https:\/\/kapitalis.com\/tunisie\/author\/yuza_adam\/"}]}},"_links":{"self":[{"href":"https:\/\/kapitalis.com\/tunisie\/wp-json\/wp\/v2\/posts\/6095934","targetHints":{"allow":["GET"]}}],"collection":[{"href":"https:\/\/kapitalis.com\/tunisie\/wp-json\/wp\/v2\/posts"}],"about":[{"href":"https:\/\/kapitalis.com\/tunisie\/wp-json\/wp\/v2\/types\/post"}],"author":[{"embeddable":true,"href":"https:\/\/kapitalis.com\/tunisie\/wp-json\/wp\/v2\/users\/6"}],"replies":[{"embeddable":true,"href":"https:\/\/kapitalis.com\/tunisie\/wp-json\/wp\/v2\/comments?post=6095934"}],"version-history":[{"count":4,"href":"https:\/\/kapitalis.com\/tunisie\/wp-json\/wp\/v2\/posts\/6095934\/revisions"}],"predecessor-version":[{"id":6096314,"href":"https:\/\/kapitalis.com\/tunisie\/wp-json\/wp\/v2\/posts\/6095934\/revisions\/6096314"}],"wp:featuredmedia":[{"embeddable":true,"href":"https:\/\/kapitalis.com\/tunisie\/wp-json\/wp\/v2\/media\/6096195"}],"wp:attachment":[{"href":"https:\/\/kapitalis.com\/tunisie\/wp-json\/wp\/v2\/media?parent=6095934"}],"wp:term":[{"taxonomy":"category","embeddable":true,"href":"https:\/\/kapitalis.com\/tunisie\/wp-json\/wp\/v2\/categories?post=6095934"},{"taxonomy":"post_tag","embeddable":true,"href":"https:\/\/kapitalis.com\/tunisie\/wp-json\/wp\/v2\/tags?post=6095934"}],"curies":[{"name":"wp","href":"https:\/\/api.w.org\/{rel}","templated":true}]}}