{"id":61072,"date":"2016-08-11T19:33:23","date_gmt":"2016-08-11T18:33:23","guid":{"rendered":"http:\/\/kapitalis.com\/tunisie\/?p=61072"},"modified":"2016-08-11T19:33:23","modified_gmt":"2016-08-11T18:33:23","slug":"douar-hicher-arrestation-dun-terroriste-lie-a-la-cellule-de-mnihla","status":"publish","type":"post","link":"https:\/\/kapitalis.com\/tunisie\/2016\/08\/11\/douar-hicher-arrestation-dun-terroriste-lie-a-la-cellule-de-mnihla\/","title":{"rendered":"Douar Hicher : Arrestation d\u2019un terroriste li\u00e9 \u00e0 la cellule de Mnihla"},"content":{"rendered":"<p style=\"text-align: center;\"><img loading=\"lazy\" decoding=\"async\" class=\"alignnone size-full wp-image-49829\" src=\"http:\/\/kapitalis.com\/tunisie\/wp-content\/uploads\/2016\/05\/Mnihla-arrestation-terroristes.jpg\" alt=\"Mnihla- arrestation terroristes\" width=\"626\" height=\"380\" \/><\/p>\n<p><em><strong>La police a arr\u00eat\u00e9,\u00a0\u00e0\u00a0Douar Hicher, quartier populaire situ\u00e9 \u00e0 l\u2019ouest de Tunis,\u00a0<\/strong><\/em><em><strong>un takfiriste recherch\u00e9 pour des affaires terroristes.<\/strong><\/em><\/p>\n<p><!--more--><\/p>\n<p>La brigade des recherches et d\u2019investigation\u00a0de la garde nationale a arr\u00eat\u00e9 le suspect, aujourd\u2019hui, \u00e0 son domicile, dans le gouvernorat de Manouba.<\/p>\n<p>Une source s\u00e9curitaire a indiqu\u00e9 \u00e0 Kapitalis que le suspect est recherch\u00e9 depuis le mois de mai, suite au d\u00e9mant\u00e8lement, par la police, d\u2019une cellule terroriste \u00e0 Douar Hicher. C\u2019est Adel Ghandri, captur\u00e9 le 11 mai, lors d\u2019une descente dans une maison en chantier, au quartier Sanhaja, \u00e0 Mnihla, qui, lors de ses aveux, a livr\u00e9 les noms\u00a0des membres de cette cellule qui a notamment particip\u00e9 \u00e0 l\u2019attaque de Ben Guerdane, en mars dernier (20 morts).<\/p>\n<p>L\u2019enqu\u00eate se poursuit et d\u2019autres \u00e9l\u00e9ments\u00a0sont recherch\u00e9s dans cette affaire.<\/p>\n<p>Rappelons que l\u2019op\u00e9ration de Mnihla a permis l\u2019arrestation de 72 suspects dont 33 ont \u00e9t\u00e9 \u00e9crou\u00e9s et 19 lib\u00e9r\u00e9s. Les autres sont maintenus en d\u00e9tention en attendant de passer devant le juge.<\/p>\n<p style=\"text-align: right;\"><strong>Y. N.<\/strong><\/p>\n","protected":false},"excerpt":{"rendered":"<p>La police a arr\u00eat\u00e9,\u00a0\u00e0\u00a0Douar Hicher, quartier populaire situ\u00e9 \u00e0 l\u2019ouest de Tunis,\u00a0un takfiriste recherch\u00e9 pour des affaires terroristes.<\/p>\n","protected":false},"author":6,"featured_media":0,"comment_status":"open","ping_status":"open","sticky":false,"template":"","format":"standard","meta":{"footnotes":""},"categories":[998,2433],"tags":[1270,1818,1279,4426,2960,521,8459,15065,2765,899],"class_list":["post-61072","post","type-post","status-publish","format-standard","hentry","category-societe","category-tunisie","tag-attaque","tag-ben-guerdane","tag-detention","tag-douar-hicher","tag-forces-speciales","tag-juge","tag-mnihla","tag-operation-antiterroriste","tag-takfiriste","tag-terroristes"],"yoast_head":"<!-- This site is optimized with the Yoast SEO plugin v26.6 - https:\/\/yoast.com\/wordpress\/plugins\/seo\/ -->\n<title>Douar Hicher : Arrestation d\u2019un terroriste li\u00e9 \u00e0 la cellule de Mnihla - Kapitalis<\/title>\n<meta name=\"robots\" content=\"index, follow, max-snippet:-1, max-image-preview:large, max-video-preview:-1\" \/>\n<link rel=\"canonical\" href=\"https:\/\/kapitalis.com\/tunisie\/2016\/08\/11\/douar-hicher-arrestation-dun-terroriste-lie-a-la-cellule-de-mnihla\/\" \/>\n<meta property=\"og:locale\" content=\"fr_FR\" \/>\n<meta property=\"og:type\" content=\"article\" \/>\n<meta property=\"og:title\" content=\"Douar Hicher : Arrestation d\u2019un terroriste li\u00e9 \u00e0 la cellule de Mnihla - Kapitalis\" \/>\n<meta property=\"og:description\" content=\"La police a arr\u00eat\u00e9,\u00a0\u00e0\u00a0Douar Hicher, quartier populaire situ\u00e9 \u00e0 l\u2019ouest de Tunis,\u00a0un takfiriste recherch\u00e9 pour des affaires terroristes.\" \/>\n<meta property=\"og:url\" content=\"https:\/\/kapitalis.com\/tunisie\/2016\/08\/11\/douar-hicher-arrestation-dun-terroriste-lie-a-la-cellule-de-mnihla\/\" \/>\n<meta property=\"og:site_name\" content=\"Kapitalis\" \/>\n<meta property=\"article:publisher\" content=\"https:\/\/www.facebook.com\/KapitalisInfo\/\" \/>\n<meta property=\"article:published_time\" content=\"2016-08-11T18:33:23+00:00\" \/>\n<meta property=\"og:image\" content=\"http:\/\/kapitalis.com\/tunisie\/wp-content\/uploads\/2016\/05\/Mnihla-arrestation-terroristes.jpg\" \/>\n<meta name=\"author\" content=\"Yusra NY\" \/>\n<meta name=\"twitter:card\" content=\"summary_large_image\" \/>\n<meta name=\"twitter:creator\" content=\"@KapitalisInfo\" \/>\n<meta name=\"twitter:site\" content=\"@KapitalisInfo\" \/>\n<meta name=\"twitter:label1\" content=\"\u00c9crit par\" \/>\n\t<meta name=\"twitter:data1\" content=\"Yusra NY\" \/>\n\t<meta name=\"twitter:label2\" content=\"Dur\u00e9e de lecture estim\u00e9e\" \/>\n\t<meta name=\"twitter:data2\" content=\"1 minute\" \/>\n<script type=\"application\/ld+json\" class=\"yoast-schema-graph\">{\"@context\":\"https:\/\/schema.org\",\"@graph\":[{\"@type\":\"Article\",\"@id\":\"https:\/\/kapitalis.com\/tunisie\/2016\/08\/11\/douar-hicher-arrestation-dun-terroriste-lie-a-la-cellule-de-mnihla\/#article\",\"isPartOf\":{\"@id\":\"https:\/\/kapitalis.com\/tunisie\/2016\/08\/11\/douar-hicher-arrestation-dun-terroriste-lie-a-la-cellule-de-mnihla\/\"},\"author\":{\"name\":\"Yusra NY\",\"@id\":\"https:\/\/kapitalis.com\/tunisie\/#\/schema\/person\/74bbde0154d49d790a92aaeac5bc01d5\"},\"headline\":\"Douar Hicher : Arrestation d\u2019un terroriste li\u00e9 \u00e0 la cellule de Mnihla\",\"datePublished\":\"2016-08-11T18:33:23+00:00\",\"mainEntityOfPage\":{\"@id\":\"https:\/\/kapitalis.com\/tunisie\/2016\/08\/11\/douar-hicher-arrestation-dun-terroriste-lie-a-la-cellule-de-mnihla\/\"},\"wordCount\":189,\"commentCount\":0,\"publisher\":{\"@id\":\"https:\/\/kapitalis.com\/tunisie\/#organization\"},\"image\":{\"@id\":\"https:\/\/kapitalis.com\/tunisie\/2016\/08\/11\/douar-hicher-arrestation-dun-terroriste-lie-a-la-cellule-de-mnihla\/#primaryimage\"},\"thumbnailUrl\":\"http:\/\/kapitalis.com\/tunisie\/wp-content\/uploads\/2016\/05\/Mnihla-arrestation-terroristes.jpg\",\"keywords\":[\"attaque\",\"Ben Guerdane\",\"d\u00e9tention\",\"Douar Hicher\",\"forces sp\u00e9ciales\",\"juge\",\"Mnihla\",\"op\u00e9ration antiterroriste.\",\"takfiriste\",\"terroristes\"],\"articleSection\":[\"SOCIETE\",\"Tunisie\"],\"inLanguage\":\"fr-FR\",\"potentialAction\":[{\"@type\":\"CommentAction\",\"name\":\"Comment\",\"target\":[\"https:\/\/kapitalis.com\/tunisie\/2016\/08\/11\/douar-hicher-arrestation-dun-terroriste-lie-a-la-cellule-de-mnihla\/#respond\"]}]},{\"@type\":\"WebPage\",\"@id\":\"https:\/\/kapitalis.com\/tunisie\/2016\/08\/11\/douar-hicher-arrestation-dun-terroriste-lie-a-la-cellule-de-mnihla\/\",\"url\":\"https:\/\/kapitalis.com\/tunisie\/2016\/08\/11\/douar-hicher-arrestation-dun-terroriste-lie-a-la-cellule-de-mnihla\/\",\"name\":\"Douar Hicher : Arrestation d\u2019un terroriste li\u00e9 \u00e0 la cellule de Mnihla - Kapitalis\",\"isPartOf\":{\"@id\":\"https:\/\/kapitalis.com\/tunisie\/#website\"},\"primaryImageOfPage\":{\"@id\":\"https:\/\/kapitalis.com\/tunisie\/2016\/08\/11\/douar-hicher-arrestation-dun-terroriste-lie-a-la-cellule-de-mnihla\/#primaryimage\"},\"image\":{\"@id\":\"https:\/\/kapitalis.com\/tunisie\/2016\/08\/11\/douar-hicher-arrestation-dun-terroriste-lie-a-la-cellule-de-mnihla\/#primaryimage\"},\"thumbnailUrl\":\"http:\/\/kapitalis.com\/tunisie\/wp-content\/uploads\/2016\/05\/Mnihla-arrestation-terroristes.jpg\",\"datePublished\":\"2016-08-11T18:33:23+00:00\",\"breadcrumb\":{\"@id\":\"https:\/\/kapitalis.com\/tunisie\/2016\/08\/11\/douar-hicher-arrestation-dun-terroriste-lie-a-la-cellule-de-mnihla\/#breadcrumb\"},\"inLanguage\":\"fr-FR\",\"potentialAction\":[{\"@type\":\"ReadAction\",\"target\":[\"https:\/\/kapitalis.com\/tunisie\/2016\/08\/11\/douar-hicher-arrestation-dun-terroriste-lie-a-la-cellule-de-mnihla\/\"]}]},{\"@type\":\"ImageObject\",\"inLanguage\":\"fr-FR\",\"@id\":\"https:\/\/kapitalis.com\/tunisie\/2016\/08\/11\/douar-hicher-arrestation-dun-terroriste-lie-a-la-cellule-de-mnihla\/#primaryimage\",\"url\":\"http:\/\/kapitalis.com\/tunisie\/wp-content\/uploads\/2016\/05\/Mnihla-arrestation-terroristes.jpg\",\"contentUrl\":\"http:\/\/kapitalis.com\/tunisie\/wp-content\/uploads\/2016\/05\/Mnihla-arrestation-terroristes.jpg\"},{\"@type\":\"BreadcrumbList\",\"@id\":\"https:\/\/kapitalis.com\/tunisie\/2016\/08\/11\/douar-hicher-arrestation-dun-terroriste-lie-a-la-cellule-de-mnihla\/#breadcrumb\",\"itemListElement\":[{\"@type\":\"ListItem\",\"position\":1,\"name\":\"Accueil\",\"item\":\"https:\/\/kapitalis.com\/tunisie\/\"},{\"@type\":\"ListItem\",\"position\":2,\"name\":\"Douar Hicher : Arrestation d\u2019un terroriste li\u00e9 \u00e0 la cellule de Mnihla\"}]},{\"@type\":\"WebSite\",\"@id\":\"https:\/\/kapitalis.com\/tunisie\/#website\",\"url\":\"https:\/\/kapitalis.com\/tunisie\/\",\"name\":\"Kapitalis\",\"description\":\"L&#039;actualit\u00e9 en Tunisie et dans le monde\",\"publisher\":{\"@id\":\"https:\/\/kapitalis.com\/tunisie\/#organization\"},\"potentialAction\":[{\"@type\":\"SearchAction\",\"target\":{\"@type\":\"EntryPoint\",\"urlTemplate\":\"https:\/\/kapitalis.com\/tunisie\/?s={search_term_string}\"},\"query-input\":{\"@type\":\"PropertyValueSpecification\",\"valueRequired\":true,\"valueName\":\"search_term_string\"}}],\"inLanguage\":\"fr-FR\"},{\"@type\":\"Organization\",\"@id\":\"https:\/\/kapitalis.com\/tunisie\/#organization\",\"name\":\"Kapitalis\",\"url\":\"https:\/\/kapitalis.com\/tunisie\/\",\"logo\":{\"@type\":\"ImageObject\",\"inLanguage\":\"fr-FR\",\"@id\":\"https:\/\/kapitalis.com\/tunisie\/#\/schema\/logo\/image\/\",\"url\":\"https:\/\/kapitalis.com\/tunisie\/wp-content\/uploads\/2022\/05\/Kapitalis-big-size.png\",\"contentUrl\":\"https:\/\/kapitalis.com\/tunisie\/wp-content\/uploads\/2022\/05\/Kapitalis-big-size.png\",\"width\":5000,\"height\":1500,\"caption\":\"Kapitalis\"},\"image\":{\"@id\":\"https:\/\/kapitalis.com\/tunisie\/#\/schema\/logo\/image\/\"},\"sameAs\":[\"https:\/\/www.facebook.com\/KapitalisInfo\/\",\"https:\/\/x.com\/KapitalisInfo\",\"https:\/\/www.youtube.com\/channel\/UC-yDYrHyfFBWWZaOw3FPg9Q\"]},{\"@type\":\"Person\",\"@id\":\"https:\/\/kapitalis.com\/tunisie\/#\/schema\/person\/74bbde0154d49d790a92aaeac5bc01d5\",\"name\":\"Yusra NY\",\"url\":\"https:\/\/kapitalis.com\/tunisie\/author\/yuza_adam\/\"}]}<\/script>\n<!-- \/ Yoast SEO plugin. -->","yoast_head_json":{"title":"Douar Hicher : Arrestation d\u2019un terroriste li\u00e9 \u00e0 la cellule de Mnihla - Kapitalis","robots":{"index":"index","follow":"follow","max-snippet":"max-snippet:-1","max-image-preview":"max-image-preview:large","max-video-preview":"max-video-preview:-1"},"canonical":"https:\/\/kapitalis.com\/tunisie\/2016\/08\/11\/douar-hicher-arrestation-dun-terroriste-lie-a-la-cellule-de-mnihla\/","og_locale":"fr_FR","og_type":"article","og_title":"Douar Hicher : Arrestation d\u2019un terroriste li\u00e9 \u00e0 la cellule de Mnihla - Kapitalis","og_description":"La police a arr\u00eat\u00e9,\u00a0\u00e0\u00a0Douar Hicher, quartier populaire situ\u00e9 \u00e0 l\u2019ouest de Tunis,\u00a0un takfiriste recherch\u00e9 pour des affaires terroristes.","og_url":"https:\/\/kapitalis.com\/tunisie\/2016\/08\/11\/douar-hicher-arrestation-dun-terroriste-lie-a-la-cellule-de-mnihla\/","og_site_name":"Kapitalis","article_publisher":"https:\/\/www.facebook.com\/KapitalisInfo\/","article_published_time":"2016-08-11T18:33:23+00:00","og_image":[{"url":"http:\/\/kapitalis.com\/tunisie\/wp-content\/uploads\/2016\/05\/Mnihla-arrestation-terroristes.jpg","type":"","width":"","height":""}],"author":"Yusra NY","twitter_card":"summary_large_image","twitter_creator":"@KapitalisInfo","twitter_site":"@KapitalisInfo","twitter_misc":{"\u00c9crit par":"Yusra NY","Dur\u00e9e de lecture estim\u00e9e":"1 minute"},"schema":{"@context":"https:\/\/schema.org","@graph":[{"@type":"Article","@id":"https:\/\/kapitalis.com\/tunisie\/2016\/08\/11\/douar-hicher-arrestation-dun-terroriste-lie-a-la-cellule-de-mnihla\/#article","isPartOf":{"@id":"https:\/\/kapitalis.com\/tunisie\/2016\/08\/11\/douar-hicher-arrestation-dun-terroriste-lie-a-la-cellule-de-mnihla\/"},"author":{"name":"Yusra NY","@id":"https:\/\/kapitalis.com\/tunisie\/#\/schema\/person\/74bbde0154d49d790a92aaeac5bc01d5"},"headline":"Douar Hicher : Arrestation d\u2019un terroriste li\u00e9 \u00e0 la cellule de Mnihla","datePublished":"2016-08-11T18:33:23+00:00","mainEntityOfPage":{"@id":"https:\/\/kapitalis.com\/tunisie\/2016\/08\/11\/douar-hicher-arrestation-dun-terroriste-lie-a-la-cellule-de-mnihla\/"},"wordCount":189,"commentCount":0,"publisher":{"@id":"https:\/\/kapitalis.com\/tunisie\/#organization"},"image":{"@id":"https:\/\/kapitalis.com\/tunisie\/2016\/08\/11\/douar-hicher-arrestation-dun-terroriste-lie-a-la-cellule-de-mnihla\/#primaryimage"},"thumbnailUrl":"http:\/\/kapitalis.com\/tunisie\/wp-content\/uploads\/2016\/05\/Mnihla-arrestation-terroristes.jpg","keywords":["attaque","Ben Guerdane","d\u00e9tention","Douar Hicher","forces sp\u00e9ciales","juge","Mnihla","op\u00e9ration antiterroriste.","takfiriste","terroristes"],"articleSection":["SOCIETE","Tunisie"],"inLanguage":"fr-FR","potentialAction":[{"@type":"CommentAction","name":"Comment","target":["https:\/\/kapitalis.com\/tunisie\/2016\/08\/11\/douar-hicher-arrestation-dun-terroriste-lie-a-la-cellule-de-mnihla\/#respond"]}]},{"@type":"WebPage","@id":"https:\/\/kapitalis.com\/tunisie\/2016\/08\/11\/douar-hicher-arrestation-dun-terroriste-lie-a-la-cellule-de-mnihla\/","url":"https:\/\/kapitalis.com\/tunisie\/2016\/08\/11\/douar-hicher-arrestation-dun-terroriste-lie-a-la-cellule-de-mnihla\/","name":"Douar Hicher : Arrestation d\u2019un terroriste li\u00e9 \u00e0 la cellule de Mnihla - Kapitalis","isPartOf":{"@id":"https:\/\/kapitalis.com\/tunisie\/#website"},"primaryImageOfPage":{"@id":"https:\/\/kapitalis.com\/tunisie\/2016\/08\/11\/douar-hicher-arrestation-dun-terroriste-lie-a-la-cellule-de-mnihla\/#primaryimage"},"image":{"@id":"https:\/\/kapitalis.com\/tunisie\/2016\/08\/11\/douar-hicher-arrestation-dun-terroriste-lie-a-la-cellule-de-mnihla\/#primaryimage"},"thumbnailUrl":"http:\/\/kapitalis.com\/tunisie\/wp-content\/uploads\/2016\/05\/Mnihla-arrestation-terroristes.jpg","datePublished":"2016-08-11T18:33:23+00:00","breadcrumb":{"@id":"https:\/\/kapitalis.com\/tunisie\/2016\/08\/11\/douar-hicher-arrestation-dun-terroriste-lie-a-la-cellule-de-mnihla\/#breadcrumb"},"inLanguage":"fr-FR","potentialAction":[{"@type":"ReadAction","target":["https:\/\/kapitalis.com\/tunisie\/2016\/08\/11\/douar-hicher-arrestation-dun-terroriste-lie-a-la-cellule-de-mnihla\/"]}]},{"@type":"ImageObject","inLanguage":"fr-FR","@id":"https:\/\/kapitalis.com\/tunisie\/2016\/08\/11\/douar-hicher-arrestation-dun-terroriste-lie-a-la-cellule-de-mnihla\/#primaryimage","url":"http:\/\/kapitalis.com\/tunisie\/wp-content\/uploads\/2016\/05\/Mnihla-arrestation-terroristes.jpg","contentUrl":"http:\/\/kapitalis.com\/tunisie\/wp-content\/uploads\/2016\/05\/Mnihla-arrestation-terroristes.jpg"},{"@type":"BreadcrumbList","@id":"https:\/\/kapitalis.com\/tunisie\/2016\/08\/11\/douar-hicher-arrestation-dun-terroriste-lie-a-la-cellule-de-mnihla\/#breadcrumb","itemListElement":[{"@type":"ListItem","position":1,"name":"Accueil","item":"https:\/\/kapitalis.com\/tunisie\/"},{"@type":"ListItem","position":2,"name":"Douar Hicher : Arrestation d\u2019un terroriste li\u00e9 \u00e0 la cellule de Mnihla"}]},{"@type":"WebSite","@id":"https:\/\/kapitalis.com\/tunisie\/#website","url":"https:\/\/kapitalis.com\/tunisie\/","name":"Kapitalis","description":"L&#039;actualit\u00e9 en Tunisie et dans le monde","publisher":{"@id":"https:\/\/kapitalis.com\/tunisie\/#organization"},"potentialAction":[{"@type":"SearchAction","target":{"@type":"EntryPoint","urlTemplate":"https:\/\/kapitalis.com\/tunisie\/?s={search_term_string}"},"query-input":{"@type":"PropertyValueSpecification","valueRequired":true,"valueName":"search_term_string"}}],"inLanguage":"fr-FR"},{"@type":"Organization","@id":"https:\/\/kapitalis.com\/tunisie\/#organization","name":"Kapitalis","url":"https:\/\/kapitalis.com\/tunisie\/","logo":{"@type":"ImageObject","inLanguage":"fr-FR","@id":"https:\/\/kapitalis.com\/tunisie\/#\/schema\/logo\/image\/","url":"https:\/\/kapitalis.com\/tunisie\/wp-content\/uploads\/2022\/05\/Kapitalis-big-size.png","contentUrl":"https:\/\/kapitalis.com\/tunisie\/wp-content\/uploads\/2022\/05\/Kapitalis-big-size.png","width":5000,"height":1500,"caption":"Kapitalis"},"image":{"@id":"https:\/\/kapitalis.com\/tunisie\/#\/schema\/logo\/image\/"},"sameAs":["https:\/\/www.facebook.com\/KapitalisInfo\/","https:\/\/x.com\/KapitalisInfo","https:\/\/www.youtube.com\/channel\/UC-yDYrHyfFBWWZaOw3FPg9Q"]},{"@type":"Person","@id":"https:\/\/kapitalis.com\/tunisie\/#\/schema\/person\/74bbde0154d49d790a92aaeac5bc01d5","name":"Yusra NY","url":"https:\/\/kapitalis.com\/tunisie\/author\/yuza_adam\/"}]}},"_links":{"self":[{"href":"https:\/\/kapitalis.com\/tunisie\/wp-json\/wp\/v2\/posts\/61072","targetHints":{"allow":["GET"]}}],"collection":[{"href":"https:\/\/kapitalis.com\/tunisie\/wp-json\/wp\/v2\/posts"}],"about":[{"href":"https:\/\/kapitalis.com\/tunisie\/wp-json\/wp\/v2\/types\/post"}],"author":[{"embeddable":true,"href":"https:\/\/kapitalis.com\/tunisie\/wp-json\/wp\/v2\/users\/6"}],"replies":[{"embeddable":true,"href":"https:\/\/kapitalis.com\/tunisie\/wp-json\/wp\/v2\/comments?post=61072"}],"version-history":[{"count":0,"href":"https:\/\/kapitalis.com\/tunisie\/wp-json\/wp\/v2\/posts\/61072\/revisions"}],"wp:attachment":[{"href":"https:\/\/kapitalis.com\/tunisie\/wp-json\/wp\/v2\/media?parent=61072"}],"wp:term":[{"taxonomy":"category","embeddable":true,"href":"https:\/\/kapitalis.com\/tunisie\/wp-json\/wp\/v2\/categories?post=61072"},{"taxonomy":"post_tag","embeddable":true,"href":"https:\/\/kapitalis.com\/tunisie\/wp-json\/wp\/v2\/tags?post=61072"}],"curies":[{"name":"wp","href":"https:\/\/api.w.org\/{rel}","templated":true}]}}