{"id":61111,"date":"2016-08-12T10:35:45","date_gmt":"2016-08-12T09:35:45","guid":{"rendered":"http:\/\/kapitalis.com\/tunisie\/?p=61111"},"modified":"2016-08-12T10:42:53","modified_gmt":"2016-08-12T09:42:53","slug":"a-el-teatro-toutes-les-journees-sont-pour-la-femme","status":"publish","type":"post","link":"https:\/\/kapitalis.com\/tunisie\/2016\/08\/12\/a-el-teatro-toutes-les-journees-sont-pour-la-femme\/","title":{"rendered":"A El-T\u00e9atro, toutes les journ\u00e9es sont pour la femme"},"content":{"rendered":"<p><img loading=\"lazy\" decoding=\"async\" class=\"alignnone size-full wp-image-61112 aligncenter\" src=\"http:\/\/kapitalis.com\/tunisie\/wp-content\/uploads\/2016\/08\/El-Teatro-Femmes.jpg\" alt=\"El-Teatro-Femmes\" width=\"626\" height=\"380\" \/><\/p>\n<p><em><strong>L\u2019espace El-T\u00e9atro, \u00e0 Tunis, pr\u00e9sente un programme sp\u00e9cial \u00e0 l\u2019occasion de la c\u00e9l\u00e9bration de la Journ\u00e9e nationale de la femme.<\/strong> <\/em><\/p>\n<p><!--more--><\/p>\n<p>La Tunisie c\u00e9l\u00e8bre la Journ\u00e9e nationale de la femme, le 13 ao\u00fbt de chaque ann\u00e9e, date d\u2019anniversaire de la promulgation du Code du statut personnel (CSP), qui a donn\u00e9 des droits importants aux femmes et dont on c\u00e9l\u00e8bre, cette ann\u00e9e, le 60e anniversaire.<\/p>\n<p>A cette occasion, l\u2019espace El-T\u00e9atro a concoct\u00e9 un programme sp\u00e9cial avec la pr\u00e9sentation, vendredi 12 ao\u00fbt, \u00e0 19 heures de la pi\u00e8ce de th\u00e9\u00e2tre <em>\u2018\u2018Mi-Rath\u2019\u2019<\/em> (H\u00e9ritage), produite en collaboration avec Zanoobya, avec le soutien du R\u00e9seau euromed des droits de l\u2019homme (REMDH). Mise en sc\u00e8ne par Khaoula Elhadef, d\u2019apr\u00e8s un texte collectif, <em>\u2018\u2018Mi-Rath\u2019\u2019<\/em> r\u00e9unit dans les principaux r\u00f4les Dorra Sahraoui, Hassan Gharbi, Youssef Galai, Yasmine Dimassi, Osman Kilani, Skander Zhani, Aziz Jebali et Malak Zweidi.<\/p>\n<p>Pendant 50 minutes, les acteurs tenteront de poser la probl\u00e9matique de l\u2019adoption de l\u2019\u00e9galit\u00e9 successorale par la l\u00e9gislation tunisienne, rest\u00e9e tr\u00e8s conservatrice dans ce domaine. La d\u00e9marche n\u2019est pas didactique ou id\u00e9ologique mais artistique et humoristique, comme souvent au th\u00e9\u00e2tre et \u00e0 El-T\u00e9atro plus particuli\u00e8rement.<\/p>\n<p>Au programme aussi, le samedi 13 ao\u00fbt, de 9H30 \u00e0 14H30, une rencontre sur le th\u00e8me : <em>\u00abFemmes, art et engagement\u00bb<\/em>. Des cr\u00e9atrices \u00e2g\u00e9es de 7 \u00e0 65 ans s\u2019exprimeront en chants, photos, num\u00e9ros de cirque contemporain, po\u00e9sies, musique, th\u00e9\u00e2tre, ballet, cin\u00e9ma, design\u2026 Les participantes (et participants) de Tunisie, de Palestine, d\u2019Alg\u00e9rie et de Syrie r\u00e9fl\u00e9chiront aussi sur les moyens de faire \u00e9voluer le CSP et de d\u00e9velopper l\u2019entrepreneuriat f\u00e9minin.<\/p>\n<p style=\"text-align: right;\"><strong>I. B. <\/strong><\/p>\n","protected":false},"excerpt":{"rendered":"<p>L\u2019espace El-T\u00e9atro, \u00e0 Tunis, pr\u00e9sente un programme sp\u00e9cial \u00e0 l\u2019occasion de la c\u00e9l\u00e9bration de la Journ\u00e9e nationale de la femme.<\/p>\n","protected":false},"author":8,"featured_media":61112,"comment_status":"open","ping_status":"open","sticky":false,"template":"","format":"standard","meta":{"footnotes":""},"categories":[994,2433],"tags":[4441,8083,21547,900],"class_list":["post-61111","post","type-post","status-publish","format-standard","has-post-thumbnail","hentry","category-culture","category-tunisie","tag-code-du-statut-personnel","tag-entrepreneuriat-feminin","tag-espace-el-teatro","tag-theatre"],"yoast_head":"<!-- This site is optimized with the Yoast SEO plugin v26.6 - https:\/\/yoast.com\/wordpress\/plugins\/seo\/ -->\n<title>A El-T\u00e9atro, toutes les journ\u00e9es sont pour la femme - Kapitalis<\/title>\n<meta name=\"robots\" content=\"index, follow, max-snippet:-1, max-image-preview:large, max-video-preview:-1\" \/>\n<link rel=\"canonical\" href=\"https:\/\/kapitalis.com\/tunisie\/2016\/08\/12\/a-el-teatro-toutes-les-journees-sont-pour-la-femme\/\" \/>\n<meta property=\"og:locale\" content=\"fr_FR\" \/>\n<meta property=\"og:type\" content=\"article\" \/>\n<meta property=\"og:title\" content=\"A El-T\u00e9atro, toutes les journ\u00e9es sont pour la femme - Kapitalis\" \/>\n<meta property=\"og:description\" content=\"L\u2019espace El-T\u00e9atro, \u00e0 Tunis, pr\u00e9sente un programme sp\u00e9cial \u00e0 l\u2019occasion de la c\u00e9l\u00e9bration de la Journ\u00e9e nationale de la femme.\" \/>\n<meta property=\"og:url\" content=\"https:\/\/kapitalis.com\/tunisie\/2016\/08\/12\/a-el-teatro-toutes-les-journees-sont-pour-la-femme\/\" \/>\n<meta property=\"og:site_name\" content=\"Kapitalis\" \/>\n<meta property=\"article:publisher\" content=\"https:\/\/www.facebook.com\/KapitalisInfo\/\" \/>\n<meta property=\"article:published_time\" content=\"2016-08-12T09:35:45+00:00\" \/>\n<meta property=\"article:modified_time\" content=\"2016-08-12T09:42:53+00:00\" \/>\n<meta property=\"og:image\" content=\"https:\/\/kapitalis.com\/tunisie\/wp-content\/uploads\/2022\/05\/kapitalis-logo-fb.png\" \/>\n\t<meta property=\"og:image:width\" content=\"1200\" \/>\n\t<meta property=\"og:image:height\" content=\"630\" \/>\n\t<meta property=\"og:image:type\" content=\"image\/png\" \/>\n<meta name=\"author\" content=\"webmaster kapitalis\" \/>\n<meta name=\"twitter:card\" content=\"summary_large_image\" \/>\n<meta name=\"twitter:creator\" content=\"@KapitalisInfo\" \/>\n<meta name=\"twitter:site\" content=\"@KapitalisInfo\" \/>\n<meta name=\"twitter:label1\" content=\"\u00c9crit par\" \/>\n\t<meta name=\"twitter:data1\" content=\"webmaster kapitalis\" \/>\n\t<meta name=\"twitter:label2\" content=\"Dur\u00e9e de lecture estim\u00e9e\" \/>\n\t<meta name=\"twitter:data2\" content=\"2 minutes\" \/>\n<script type=\"application\/ld+json\" class=\"yoast-schema-graph\">{\"@context\":\"https:\/\/schema.org\",\"@graph\":[{\"@type\":\"Article\",\"@id\":\"https:\/\/kapitalis.com\/tunisie\/2016\/08\/12\/a-el-teatro-toutes-les-journees-sont-pour-la-femme\/#article\",\"isPartOf\":{\"@id\":\"https:\/\/kapitalis.com\/tunisie\/2016\/08\/12\/a-el-teatro-toutes-les-journees-sont-pour-la-femme\/\"},\"author\":{\"name\":\"webmaster kapitalis\",\"@id\":\"https:\/\/kapitalis.com\/tunisie\/#\/schema\/person\/d71f33a9ca44f7bad4698210b480c8e9\"},\"headline\":\"A El-T\u00e9atro, toutes les journ\u00e9es sont pour la femme\",\"datePublished\":\"2016-08-12T09:35:45+00:00\",\"dateModified\":\"2016-08-12T09:42:53+00:00\",\"mainEntityOfPage\":{\"@id\":\"https:\/\/kapitalis.com\/tunisie\/2016\/08\/12\/a-el-teatro-toutes-les-journees-sont-pour-la-femme\/\"},\"wordCount\":312,\"commentCount\":0,\"publisher\":{\"@id\":\"https:\/\/kapitalis.com\/tunisie\/#organization\"},\"image\":{\"@id\":\"https:\/\/kapitalis.com\/tunisie\/2016\/08\/12\/a-el-teatro-toutes-les-journees-sont-pour-la-femme\/#primaryimage\"},\"thumbnailUrl\":\"\",\"keywords\":[\"Code du statut personnel\",\"entrepreneuriat f\u00e9minin\",\"espace El-T\u00e9atro\",\"Th\u00e9\u00e2tre\"],\"articleSection\":[\"CULTURE\",\"Tunisie\"],\"inLanguage\":\"fr-FR\",\"potentialAction\":[{\"@type\":\"CommentAction\",\"name\":\"Comment\",\"target\":[\"https:\/\/kapitalis.com\/tunisie\/2016\/08\/12\/a-el-teatro-toutes-les-journees-sont-pour-la-femme\/#respond\"]}]},{\"@type\":\"WebPage\",\"@id\":\"https:\/\/kapitalis.com\/tunisie\/2016\/08\/12\/a-el-teatro-toutes-les-journees-sont-pour-la-femme\/\",\"url\":\"https:\/\/kapitalis.com\/tunisie\/2016\/08\/12\/a-el-teatro-toutes-les-journees-sont-pour-la-femme\/\",\"name\":\"A El-T\u00e9atro, toutes les journ\u00e9es sont pour la femme - Kapitalis\",\"isPartOf\":{\"@id\":\"https:\/\/kapitalis.com\/tunisie\/#website\"},\"primaryImageOfPage\":{\"@id\":\"https:\/\/kapitalis.com\/tunisie\/2016\/08\/12\/a-el-teatro-toutes-les-journees-sont-pour-la-femme\/#primaryimage\"},\"image\":{\"@id\":\"https:\/\/kapitalis.com\/tunisie\/2016\/08\/12\/a-el-teatro-toutes-les-journees-sont-pour-la-femme\/#primaryimage\"},\"thumbnailUrl\":\"\",\"datePublished\":\"2016-08-12T09:35:45+00:00\",\"dateModified\":\"2016-08-12T09:42:53+00:00\",\"breadcrumb\":{\"@id\":\"https:\/\/kapitalis.com\/tunisie\/2016\/08\/12\/a-el-teatro-toutes-les-journees-sont-pour-la-femme\/#breadcrumb\"},\"inLanguage\":\"fr-FR\",\"potentialAction\":[{\"@type\":\"ReadAction\",\"target\":[\"https:\/\/kapitalis.com\/tunisie\/2016\/08\/12\/a-el-teatro-toutes-les-journees-sont-pour-la-femme\/\"]}]},{\"@type\":\"ImageObject\",\"inLanguage\":\"fr-FR\",\"@id\":\"https:\/\/kapitalis.com\/tunisie\/2016\/08\/12\/a-el-teatro-toutes-les-journees-sont-pour-la-femme\/#primaryimage\",\"url\":\"\",\"contentUrl\":\"\"},{\"@type\":\"BreadcrumbList\",\"@id\":\"https:\/\/kapitalis.com\/tunisie\/2016\/08\/12\/a-el-teatro-toutes-les-journees-sont-pour-la-femme\/#breadcrumb\",\"itemListElement\":[{\"@type\":\"ListItem\",\"position\":1,\"name\":\"Accueil\",\"item\":\"https:\/\/kapitalis.com\/tunisie\/\"},{\"@type\":\"ListItem\",\"position\":2,\"name\":\"A El-T\u00e9atro, toutes les journ\u00e9es sont pour la femme\"}]},{\"@type\":\"WebSite\",\"@id\":\"https:\/\/kapitalis.com\/tunisie\/#website\",\"url\":\"https:\/\/kapitalis.com\/tunisie\/\",\"name\":\"Kapitalis\",\"description\":\"L&#039;actualit\u00e9 en Tunisie et dans le monde\",\"publisher\":{\"@id\":\"https:\/\/kapitalis.com\/tunisie\/#organization\"},\"potentialAction\":[{\"@type\":\"SearchAction\",\"target\":{\"@type\":\"EntryPoint\",\"urlTemplate\":\"https:\/\/kapitalis.com\/tunisie\/?s={search_term_string}\"},\"query-input\":{\"@type\":\"PropertyValueSpecification\",\"valueRequired\":true,\"valueName\":\"search_term_string\"}}],\"inLanguage\":\"fr-FR\"},{\"@type\":\"Organization\",\"@id\":\"https:\/\/kapitalis.com\/tunisie\/#organization\",\"name\":\"Kapitalis\",\"url\":\"https:\/\/kapitalis.com\/tunisie\/\",\"logo\":{\"@type\":\"ImageObject\",\"inLanguage\":\"fr-FR\",\"@id\":\"https:\/\/kapitalis.com\/tunisie\/#\/schema\/logo\/image\/\",\"url\":\"https:\/\/kapitalis.com\/tunisie\/wp-content\/uploads\/2022\/05\/Kapitalis-big-size.png\",\"contentUrl\":\"https:\/\/kapitalis.com\/tunisie\/wp-content\/uploads\/2022\/05\/Kapitalis-big-size.png\",\"width\":5000,\"height\":1500,\"caption\":\"Kapitalis\"},\"image\":{\"@id\":\"https:\/\/kapitalis.com\/tunisie\/#\/schema\/logo\/image\/\"},\"sameAs\":[\"https:\/\/www.facebook.com\/KapitalisInfo\/\",\"https:\/\/x.com\/KapitalisInfo\",\"https:\/\/www.youtube.com\/channel\/UC-yDYrHyfFBWWZaOw3FPg9Q\"]},{\"@type\":\"Person\",\"@id\":\"https:\/\/kapitalis.com\/tunisie\/#\/schema\/person\/d71f33a9ca44f7bad4698210b480c8e9\",\"name\":\"webmaster kapitalis\",\"url\":\"https:\/\/kapitalis.com\/tunisie\/author\/webmaster-kapitalis\/\"}]}<\/script>\n<!-- \/ Yoast SEO plugin. -->","yoast_head_json":{"title":"A El-T\u00e9atro, toutes les journ\u00e9es sont pour la femme - Kapitalis","robots":{"index":"index","follow":"follow","max-snippet":"max-snippet:-1","max-image-preview":"max-image-preview:large","max-video-preview":"max-video-preview:-1"},"canonical":"https:\/\/kapitalis.com\/tunisie\/2016\/08\/12\/a-el-teatro-toutes-les-journees-sont-pour-la-femme\/","og_locale":"fr_FR","og_type":"article","og_title":"A El-T\u00e9atro, toutes les journ\u00e9es sont pour la femme - Kapitalis","og_description":"L\u2019espace El-T\u00e9atro, \u00e0 Tunis, pr\u00e9sente un programme sp\u00e9cial \u00e0 l\u2019occasion de la c\u00e9l\u00e9bration de la Journ\u00e9e nationale de la femme.","og_url":"https:\/\/kapitalis.com\/tunisie\/2016\/08\/12\/a-el-teatro-toutes-les-journees-sont-pour-la-femme\/","og_site_name":"Kapitalis","article_publisher":"https:\/\/www.facebook.com\/KapitalisInfo\/","article_published_time":"2016-08-12T09:35:45+00:00","article_modified_time":"2016-08-12T09:42:53+00:00","og_image":[{"width":1200,"height":630,"url":"https:\/\/kapitalis.com\/tunisie\/wp-content\/uploads\/2022\/05\/kapitalis-logo-fb.png","type":"image\/png"}],"author":"webmaster kapitalis","twitter_card":"summary_large_image","twitter_creator":"@KapitalisInfo","twitter_site":"@KapitalisInfo","twitter_misc":{"\u00c9crit par":"webmaster kapitalis","Dur\u00e9e de lecture estim\u00e9e":"2 minutes"},"schema":{"@context":"https:\/\/schema.org","@graph":[{"@type":"Article","@id":"https:\/\/kapitalis.com\/tunisie\/2016\/08\/12\/a-el-teatro-toutes-les-journees-sont-pour-la-femme\/#article","isPartOf":{"@id":"https:\/\/kapitalis.com\/tunisie\/2016\/08\/12\/a-el-teatro-toutes-les-journees-sont-pour-la-femme\/"},"author":{"name":"webmaster kapitalis","@id":"https:\/\/kapitalis.com\/tunisie\/#\/schema\/person\/d71f33a9ca44f7bad4698210b480c8e9"},"headline":"A El-T\u00e9atro, toutes les journ\u00e9es sont pour la femme","datePublished":"2016-08-12T09:35:45+00:00","dateModified":"2016-08-12T09:42:53+00:00","mainEntityOfPage":{"@id":"https:\/\/kapitalis.com\/tunisie\/2016\/08\/12\/a-el-teatro-toutes-les-journees-sont-pour-la-femme\/"},"wordCount":312,"commentCount":0,"publisher":{"@id":"https:\/\/kapitalis.com\/tunisie\/#organization"},"image":{"@id":"https:\/\/kapitalis.com\/tunisie\/2016\/08\/12\/a-el-teatro-toutes-les-journees-sont-pour-la-femme\/#primaryimage"},"thumbnailUrl":"","keywords":["Code du statut personnel","entrepreneuriat f\u00e9minin","espace El-T\u00e9atro","Th\u00e9\u00e2tre"],"articleSection":["CULTURE","Tunisie"],"inLanguage":"fr-FR","potentialAction":[{"@type":"CommentAction","name":"Comment","target":["https:\/\/kapitalis.com\/tunisie\/2016\/08\/12\/a-el-teatro-toutes-les-journees-sont-pour-la-femme\/#respond"]}]},{"@type":"WebPage","@id":"https:\/\/kapitalis.com\/tunisie\/2016\/08\/12\/a-el-teatro-toutes-les-journees-sont-pour-la-femme\/","url":"https:\/\/kapitalis.com\/tunisie\/2016\/08\/12\/a-el-teatro-toutes-les-journees-sont-pour-la-femme\/","name":"A El-T\u00e9atro, toutes les journ\u00e9es sont pour la femme - Kapitalis","isPartOf":{"@id":"https:\/\/kapitalis.com\/tunisie\/#website"},"primaryImageOfPage":{"@id":"https:\/\/kapitalis.com\/tunisie\/2016\/08\/12\/a-el-teatro-toutes-les-journees-sont-pour-la-femme\/#primaryimage"},"image":{"@id":"https:\/\/kapitalis.com\/tunisie\/2016\/08\/12\/a-el-teatro-toutes-les-journees-sont-pour-la-femme\/#primaryimage"},"thumbnailUrl":"","datePublished":"2016-08-12T09:35:45+00:00","dateModified":"2016-08-12T09:42:53+00:00","breadcrumb":{"@id":"https:\/\/kapitalis.com\/tunisie\/2016\/08\/12\/a-el-teatro-toutes-les-journees-sont-pour-la-femme\/#breadcrumb"},"inLanguage":"fr-FR","potentialAction":[{"@type":"ReadAction","target":["https:\/\/kapitalis.com\/tunisie\/2016\/08\/12\/a-el-teatro-toutes-les-journees-sont-pour-la-femme\/"]}]},{"@type":"ImageObject","inLanguage":"fr-FR","@id":"https:\/\/kapitalis.com\/tunisie\/2016\/08\/12\/a-el-teatro-toutes-les-journees-sont-pour-la-femme\/#primaryimage","url":"","contentUrl":""},{"@type":"BreadcrumbList","@id":"https:\/\/kapitalis.com\/tunisie\/2016\/08\/12\/a-el-teatro-toutes-les-journees-sont-pour-la-femme\/#breadcrumb","itemListElement":[{"@type":"ListItem","position":1,"name":"Accueil","item":"https:\/\/kapitalis.com\/tunisie\/"},{"@type":"ListItem","position":2,"name":"A El-T\u00e9atro, toutes les journ\u00e9es sont pour la femme"}]},{"@type":"WebSite","@id":"https:\/\/kapitalis.com\/tunisie\/#website","url":"https:\/\/kapitalis.com\/tunisie\/","name":"Kapitalis","description":"L&#039;actualit\u00e9 en Tunisie et dans le monde","publisher":{"@id":"https:\/\/kapitalis.com\/tunisie\/#organization"},"potentialAction":[{"@type":"SearchAction","target":{"@type":"EntryPoint","urlTemplate":"https:\/\/kapitalis.com\/tunisie\/?s={search_term_string}"},"query-input":{"@type":"PropertyValueSpecification","valueRequired":true,"valueName":"search_term_string"}}],"inLanguage":"fr-FR"},{"@type":"Organization","@id":"https:\/\/kapitalis.com\/tunisie\/#organization","name":"Kapitalis","url":"https:\/\/kapitalis.com\/tunisie\/","logo":{"@type":"ImageObject","inLanguage":"fr-FR","@id":"https:\/\/kapitalis.com\/tunisie\/#\/schema\/logo\/image\/","url":"https:\/\/kapitalis.com\/tunisie\/wp-content\/uploads\/2022\/05\/Kapitalis-big-size.png","contentUrl":"https:\/\/kapitalis.com\/tunisie\/wp-content\/uploads\/2022\/05\/Kapitalis-big-size.png","width":5000,"height":1500,"caption":"Kapitalis"},"image":{"@id":"https:\/\/kapitalis.com\/tunisie\/#\/schema\/logo\/image\/"},"sameAs":["https:\/\/www.facebook.com\/KapitalisInfo\/","https:\/\/x.com\/KapitalisInfo","https:\/\/www.youtube.com\/channel\/UC-yDYrHyfFBWWZaOw3FPg9Q"]},{"@type":"Person","@id":"https:\/\/kapitalis.com\/tunisie\/#\/schema\/person\/d71f33a9ca44f7bad4698210b480c8e9","name":"webmaster kapitalis","url":"https:\/\/kapitalis.com\/tunisie\/author\/webmaster-kapitalis\/"}]}},"_links":{"self":[{"href":"https:\/\/kapitalis.com\/tunisie\/wp-json\/wp\/v2\/posts\/61111","targetHints":{"allow":["GET"]}}],"collection":[{"href":"https:\/\/kapitalis.com\/tunisie\/wp-json\/wp\/v2\/posts"}],"about":[{"href":"https:\/\/kapitalis.com\/tunisie\/wp-json\/wp\/v2\/types\/post"}],"author":[{"embeddable":true,"href":"https:\/\/kapitalis.com\/tunisie\/wp-json\/wp\/v2\/users\/8"}],"replies":[{"embeddable":true,"href":"https:\/\/kapitalis.com\/tunisie\/wp-json\/wp\/v2\/comments?post=61111"}],"version-history":[{"count":0,"href":"https:\/\/kapitalis.com\/tunisie\/wp-json\/wp\/v2\/posts\/61111\/revisions"}],"wp:featuredmedia":[{"embeddable":true,"href":"https:\/\/kapitalis.com\/tunisie\/wp-json\/wp\/v2\/media\/61112"}],"wp:attachment":[{"href":"https:\/\/kapitalis.com\/tunisie\/wp-json\/wp\/v2\/media?parent=61111"}],"wp:term":[{"taxonomy":"category","embeddable":true,"href":"https:\/\/kapitalis.com\/tunisie\/wp-json\/wp\/v2\/categories?post=61111"},{"taxonomy":"post_tag","embeddable":true,"href":"https:\/\/kapitalis.com\/tunisie\/wp-json\/wp\/v2\/tags?post=61111"}],"curies":[{"name":"wp","href":"https:\/\/api.w.org\/{rel}","templated":true}]}}