{"id":61200,"date":"2016-08-13T07:42:36","date_gmt":"2016-08-13T06:42:36","guid":{"rendered":"http:\/\/kapitalis.com\/tunisie\/?p=61200"},"modified":"2016-08-13T07:43:55","modified_gmt":"2016-08-13T06:43:55","slug":"13-aout-quelle-fete-de-la-femme-inegale-de-lhomme","status":"publish","type":"post","link":"https:\/\/kapitalis.com\/tunisie\/2016\/08\/13\/13-aout-quelle-fete-de-la-femme-inegale-de-lhomme\/","title":{"rendered":"13-Ao\u00fbt : Quelle f\u00eate de la femme in\u00e9gale de l&rsquo;homme ?"},"content":{"rendered":"<p><img loading=\"lazy\" decoding=\"async\" class=\"alignnone size-full wp-image-9606 aligncenter\" src=\"http:\/\/kapitalis.com\/tunisie\/wp-content\/uploads\/2015\/08\/Femmes-de-Tunisie1.jpg\" alt=\"Femmes-de-Tunisie\" width=\"626\" height=\"380\" \/><\/p>\n<p><em><strong>\u00c0 quoi bon f\u00eater la femme quand elle reste mineure, n\u2019\u00e9tant toujours pas l\u2019\u00e9gale de l\u2019homme en mati\u00e8re successorale, ce qui viole \u00e0 la fois la Constitution et une saine lecture de la religion ?<\/strong><\/em><\/p>\n<p>Par <strong>Farhat Othman<\/strong><\/p>\n<p><!--more--><\/p>\n<p>Comme chaque ann\u00e9e, la f\u00eate nationale de la femme, le 13 ao\u00fbt, qui co\u00efncide avec la date de la promulgation du Code du statut personnel (CSP), dont on c\u00e9l\u00e8bre cette ann\u00e9e le 60e anniversaire, est l\u2019occasion des sempiternelles manifestations vid\u00e9es de sens c\u00e9l\u00e9brant une femme dont le statut reste en-de\u00e7\u00e0 de ce qu\u2019il devrait \u00eatre. C\u2019est m\u00eame devenu un commerce juteux chez nos \u00e9lites d\u00e9passant ce qui \u00e9tait d\u00e9j\u00e0 florissant sous la dictature.<\/p>\n<p>En effet, s\u2019y adonnent aussi, d\u00e9sormais, les \u00e9lites conservatrices, alli\u00e9es au pouvoir de suppos\u00e9s modernistes qui se satisfont de l\u2019\u00e9tat honteux actuel arrangeant les int\u00e9r\u00eats strat\u00e9giques des premiers.<\/p>\n<p><strong>Un Code gu\u00e8re plus r\u00e9volutionnaire<\/strong><\/p>\n<p>Le plus flagrant exemple en l\u2019objet est ce honteux projet de loi r\u00e9cemment adopt\u00e9 par le conseil des ministres qui ne fait que copier en Tunisie un texte de loi en vigueur \u00e0 l\u2019\u00e9tranger, totalement d\u00e9connect\u00e9 des r\u00e9alit\u00e9s du pays, celui de la criminalisation du harc\u00e8lement dont peuvent \u00eatre victimes les femmes.<\/p>\n<p>Certes, une telle violence existe bel et bien en Tunisie, mais elle n\u2019a ni le sens ni l\u2019ampleur de ce qui pr\u00e9vaut en Occident o\u00f9 la femme est de droit l\u2019\u00e9gale de l\u2019homme. Or, elle ne l\u2019est pas encore en Tunisie !<\/p>\n<p>Aussi, s\u2019attaquer \u00e0 une violence mineure sans aller \u00e0 sa source, la violence majeure de l\u2019in\u00e9galit\u00e9 successorale, c\u2019est tout simplement se moquer et de la femme et de l\u2019intelligence des Tunisiens. Surtout, c\u2019est d\u00e9tourner l\u2019attention de l\u2019essentiel avec de l\u2019accessoire, et se plier aussi \u00e0 un diktat occidental qui n\u2019a, qu\u2019en fa\u00e7ade, le respect des droits humains en Tunisie.<\/p>\n<p>Au lieu d\u2019une telle pantalonnade qui aggrave les lois liberticides, que n\u2019agit-on donc sur la vraie origine de tous les malheurs de la femme dans le pays, son statut d\u2019inf\u00e9riorit\u00e9 impos\u00e9 au nom de la loi et de la religion en mati\u00e8re de droit successoral?<\/p>\n<p>C\u2019est d\u2019un tel statut d\u2019inf\u00e9riorit\u00e9 sacralis\u00e9 que d\u00e9rivent toutes les autres in\u00e9galit\u00e9s dans l\u2019imaginaire populaire demeur\u00e9 gouvern\u00e9 par une mentalit\u00e9 machiste malgr\u00e9 les acquis du CSP.<\/p>\n<p>Ceux-ci sont d\u2019ailleurs largement p\u00e9rim\u00e9s avec les \u00e9volutions importantes connues par la soci\u00e9t\u00e9 tunisienne depuis l\u2019ind\u00e9pendance. Aussi le CSP n\u2019est-il plus gu\u00e8re r\u00e9volutionnaire, \u00e9tant m\u00eame conservateur sur tant de points.<\/p>\n<p>Par cons\u00e9quent, c\u2019est en r\u00e9alisant la parfaite \u00e9galit\u00e9 des sexes dans cette mati\u00e8re sensible qu\u2019est l\u2019\u00e9galit\u00e9 successorale qu\u2019on fera \u00e9voluer les mentalit\u00e9s, facilitant les autres r\u00e9formes indispensables. Et c\u2019est ainsi qu\u2019on rendra v\u00e9ritablement hommage \u00e0 la femme tunisienne au lieu de verser dans la pure langue de bois et la tromperie \u00e9hont\u00e9e.<\/p>\n<p><strong>La brioche et le pain<\/strong><\/p>\n<p>Aussi, l\u2019\u00e9g\u00e9rie de la lutte des droits f\u00e9minins, <a href=\"http:\/\/kapitalis.com\/tunisie\/2016\/08\/10\/sana-ben-achour-refuse-detre-decoree-par-beji-caid-essebsi\/\">Sana Ben Achour,<\/a> a-t-elle eu raison de refuser une d\u00e9coration \u00e0 l\u2019occasion d&rsquo;une f\u00eate qui n\u2019a pas de sens tant que la femme est toujours mineure en ce pays.<\/p>\n<p>Certes, Mme Ben Achour n\u2019a pas donn\u00e9 la raison de son refus, mais il y a fort \u00e0 parier que cela se rapporte, d\u2019une mani\u00e8re ou d&rsquo;une autre, \u00e0 l\u2019in\u00e9galit\u00e9 successorale, pierre angulaire de la lutte des droits de la femme en Tunisie.<\/p>\n<p>Malgr\u00e9 son caract\u00e8re symbolique, un tel noble geste de la part de Mme Ben Achour reste toutefois insuffisant, car il ne change rien \u00e0 la situation d\u2019inertie actuelle. Une situation o\u00f9 nos dirigeants, y compris les plus pr\u00e9tendument acquis \u00e0 la cause de la femme \u2014 comme le pr\u00e9sident de la r\u00e9publique B\u00e9ji Ca\u00efd Essebsi \u2014 r\u00e9pondent au mieux que ce n\u2019est pas le temps \u00e0 qui les houspille sur l\u2019\u00e9galit\u00e9 non seulement n\u00e9cessaire, mais imp\u00e9rative l\u00e9galement et parfaitement possible cultuellement.<\/p>\n<p>Cela revient, de leur part, \u00e0 reproduire la r\u00e9partie attribu\u00e9e \u00e0 la reine de France a qui l\u2019on rapportait que le peuple n\u2019avait plus de main \u00e0 manger et qui r\u00e9pondit : <em>\u00abQu\u2019ils mangent de la brioche !\u00bb<\/em><\/p>\n<p>C\u2019est bien le sens du dernier texte trompeur, et donc immoral, sur les violences faites aux femmes dont a pr\u00e9tendu s\u2019honorer le gouvernement. Et c\u2019est aussi \u00e0 une telle tromperie que se r\u00e9duit la c\u00e9l\u00e9bration du 13 ao\u00fbt cette ann\u00e9e, comme les ann\u00e9es pass\u00e9es d\u2019ailleurs, puisque \u2014 outre l\u2019in\u00e9galit\u00e9 successorale \u2014 m\u00eame la convention Convention sur l\u2019\u00e9limination de toutes les formes de discrimination \u00e0 l\u2019\u00e9gard des femmes (en anglais Convention on the Elimination of All Forms of Discrimination Against Women, Cedaw) n\u2019est toujours pas en vigueur en Tunisie de mani\u00e8re int\u00e9grale.<\/p>\n<p>Or, dans le m\u00eame temps, le p\u00e9ril obscurantiste, encourag\u00e9 par les alli\u00e9s du gouvernement, avance inexorablement ses pions. Bien pis, la souverainet\u00e9 nationale est aussi chahut\u00e9e, puisque l\u2019\u00e9galit\u00e9 successorale \u00e0 laquelle aspire la majorit\u00e9 des Tunisiens \u2014 qui est \u00e0 dominante f\u00e9minine ne l\u2019oublions pas! \u2014 n\u2019est mise r\u00e9ellement en \u00e9chec que par les pouvoirs rigoristes int\u00e9rieurs qui sont soumis id\u00e9ologiquement \u00e0 des puissances ext\u00e9rieures, les pays fr\u00e8res islamistes, faisant peur aux modernistes de leurs r\u00e9actions hostiles et leurs retomb\u00e9es sur le pays.<\/p>\n<p style=\"text-align: center;\"><img loading=\"lazy\" decoding=\"async\" class=\"alignnone size-full wp-image-4841\" src=\"http:\/\/kapitalis.com\/tunisie\/wp-content\/uploads\/2015\/06\/Bourguiba-et-les-femmes.jpg\" alt=\"Bourguiba-et-les-femmes\" width=\"500\" height=\"350\" \/><\/p>\n<p style=\"text-align: center;\"><em>Bourguiba a \u00e9mancip\u00e9 les femmes mais n&rsquo;a pas eu l&rsquo;audace de r\u00e9aliser l\u2019\u00e9galit\u00e9 successorale.<\/em><\/p>\n<p>C\u2019est ce qui a d\u00e9j\u00e0 emp\u00each\u00e9 Bourguiba de r\u00e9aliser l\u2019\u00e9galit\u00e9 successorale en son temps ; mais il a eu au moins le m\u00e9rite de r\u00e9aliser l\u2019essentiel. Que font donc ceux qui se r\u00e9clament de son h\u00e9ritage? Ils d\u00e9tournent juste l\u2019attention de la violence v\u00e9ritable faite \u00e0 la femme avec un projet mineur.<\/p>\n<p>Alors, souveraine la Tunisie? Ind\u00e9pendante des r\u00e9gimes rigoristes? D\u00e9mocrate aussi? Cela doit se d\u00e9montrer concr\u00e8tement ; et il n\u2019est meilleur exemple que l\u2019\u00e9galit\u00e9 successorale \u00e0 r\u00e9aliser sans d\u00e9lai !<\/p>\n<p>Pourquoi donc ne pas en annoncer le principe \u00e0 l\u2019occasion de ce 13 ao\u00fbt ? Ainsi sauvera-t-on cette f\u00eate de la mi\u00e8vrerie et de la langue de bois prim\u00e9e, ne trompant plus personne.<\/p>\n<p>&nbsp;<\/p>\n<p><em><strong>Articles en relation :<\/strong><\/em><\/p>\n<p><a href=\"http:\/\/kapitalis.com\/tunisie\/2016\/08\/10\/sana-ben-achour-refuse-detre-decoree-par-beji-caid-essebsi\/\"><em>Sana Ben Achour refuse d\u2019\u00eatre d\u00e9cor\u00e9e par B\u00e9ji Ca\u00efd Essebsi<\/em><\/a><\/p>\n<p><a href=\"http:\/\/www.huffpostmaghreb.com\/farhat-othman\/de-limmoralite-du-projet-_b_11212278.html\"><em>De l&rsquo;immoralit\u00e9 du projet de loi de lutte contre les violences aux femmes <\/em><\/a><\/p>\n","protected":false},"excerpt":{"rendered":"<p>\u00c0 quoi bon f\u00eater la femme quand elle reste mineure, n\u2019\u00e9tant toujours pas l\u2019\u00e9gale de l\u2019homme en mati\u00e8re successorale, ce qui viole \u00e0 la fois la Constitution et une saine lecture de la religion ? Par Farhat Othman<\/p>\n","protected":false},"author":8,"featured_media":0,"comment_status":"open","ping_status":"open","sticky":false,"template":"","format":"standard","meta":{"footnotes":""},"categories":[992,1000,2433],"tags":[4441,15229,2358],"class_list":["post-61200","post","type-post","status-publish","format-standard","hentry","category-a-la-une","category-tribune","category-tunisie","tag-code-du-statut-personnel","tag-egalite-successorale","tag-habib-bourguiba"],"yoast_head":"<!-- This site is optimized with the Yoast SEO plugin v26.6 - https:\/\/yoast.com\/wordpress\/plugins\/seo\/ -->\n<title>13-Ao\u00fbt : Quelle f\u00eate de la femme in\u00e9gale de l&#039;homme ? - Kapitalis<\/title>\n<meta name=\"robots\" content=\"index, follow, max-snippet:-1, max-image-preview:large, max-video-preview:-1\" \/>\n<link rel=\"canonical\" href=\"https:\/\/kapitalis.com\/tunisie\/2016\/08\/13\/13-aout-quelle-fete-de-la-femme-inegale-de-lhomme\/\" \/>\n<meta property=\"og:locale\" content=\"fr_FR\" \/>\n<meta property=\"og:type\" content=\"article\" \/>\n<meta property=\"og:title\" content=\"13-Ao\u00fbt : Quelle f\u00eate de la femme in\u00e9gale de l&#039;homme ? - Kapitalis\" \/>\n<meta property=\"og:description\" content=\"\u00c0 quoi bon f\u00eater la femme quand elle reste mineure, n\u2019\u00e9tant toujours pas l\u2019\u00e9gale de l\u2019homme en mati\u00e8re successorale, ce qui viole \u00e0 la fois la Constitution et une saine lecture de la religion ? Par Farhat Othman\" \/>\n<meta property=\"og:url\" content=\"https:\/\/kapitalis.com\/tunisie\/2016\/08\/13\/13-aout-quelle-fete-de-la-femme-inegale-de-lhomme\/\" \/>\n<meta property=\"og:site_name\" content=\"Kapitalis\" \/>\n<meta property=\"article:publisher\" content=\"https:\/\/www.facebook.com\/KapitalisInfo\/\" \/>\n<meta property=\"article:published_time\" content=\"2016-08-13T06:42:36+00:00\" \/>\n<meta property=\"article:modified_time\" content=\"2016-08-13T06:43:55+00:00\" \/>\n<meta property=\"og:image\" content=\"http:\/\/kapitalis.com\/tunisie\/wp-content\/uploads\/2015\/08\/Femmes-de-Tunisie1.jpg\" \/>\n<meta name=\"author\" content=\"webmaster kapitalis\" \/>\n<meta name=\"twitter:card\" content=\"summary_large_image\" \/>\n<meta name=\"twitter:creator\" content=\"@KapitalisInfo\" \/>\n<meta name=\"twitter:site\" content=\"@KapitalisInfo\" \/>\n<meta name=\"twitter:label1\" content=\"\u00c9crit par\" \/>\n\t<meta name=\"twitter:data1\" content=\"webmaster kapitalis\" \/>\n\t<meta name=\"twitter:label2\" content=\"Dur\u00e9e de lecture estim\u00e9e\" \/>\n\t<meta name=\"twitter:data2\" content=\"6 minutes\" \/>\n<script type=\"application\/ld+json\" class=\"yoast-schema-graph\">{\"@context\":\"https:\/\/schema.org\",\"@graph\":[{\"@type\":\"Article\",\"@id\":\"https:\/\/kapitalis.com\/tunisie\/2016\/08\/13\/13-aout-quelle-fete-de-la-femme-inegale-de-lhomme\/#article\",\"isPartOf\":{\"@id\":\"https:\/\/kapitalis.com\/tunisie\/2016\/08\/13\/13-aout-quelle-fete-de-la-femme-inegale-de-lhomme\/\"},\"author\":{\"name\":\"webmaster kapitalis\",\"@id\":\"https:\/\/kapitalis.com\/tunisie\/#\/schema\/person\/d71f33a9ca44f7bad4698210b480c8e9\"},\"headline\":\"13-Ao\u00fbt : Quelle f\u00eate de la femme in\u00e9gale de l&rsquo;homme ?\",\"datePublished\":\"2016-08-13T06:42:36+00:00\",\"dateModified\":\"2016-08-13T06:43:55+00:00\",\"mainEntityOfPage\":{\"@id\":\"https:\/\/kapitalis.com\/tunisie\/2016\/08\/13\/13-aout-quelle-fete-de-la-femme-inegale-de-lhomme\/\"},\"wordCount\":1147,\"commentCount\":8,\"publisher\":{\"@id\":\"https:\/\/kapitalis.com\/tunisie\/#organization\"},\"image\":{\"@id\":\"https:\/\/kapitalis.com\/tunisie\/2016\/08\/13\/13-aout-quelle-fete-de-la-femme-inegale-de-lhomme\/#primaryimage\"},\"thumbnailUrl\":\"http:\/\/kapitalis.com\/tunisie\/wp-content\/uploads\/2015\/08\/Femmes-de-Tunisie1.jpg\",\"keywords\":[\"Code du statut personnel\",\"\u00e9galit\u00e9 successorale\",\"Habib Bourguiba\"],\"articleSection\":[\"A LA UNE\",\"TRIBUNE\",\"Tunisie\"],\"inLanguage\":\"fr-FR\",\"potentialAction\":[{\"@type\":\"CommentAction\",\"name\":\"Comment\",\"target\":[\"https:\/\/kapitalis.com\/tunisie\/2016\/08\/13\/13-aout-quelle-fete-de-la-femme-inegale-de-lhomme\/#respond\"]}]},{\"@type\":\"WebPage\",\"@id\":\"https:\/\/kapitalis.com\/tunisie\/2016\/08\/13\/13-aout-quelle-fete-de-la-femme-inegale-de-lhomme\/\",\"url\":\"https:\/\/kapitalis.com\/tunisie\/2016\/08\/13\/13-aout-quelle-fete-de-la-femme-inegale-de-lhomme\/\",\"name\":\"13-Ao\u00fbt : Quelle f\u00eate de la femme in\u00e9gale de l'homme ? - Kapitalis\",\"isPartOf\":{\"@id\":\"https:\/\/kapitalis.com\/tunisie\/#website\"},\"primaryImageOfPage\":{\"@id\":\"https:\/\/kapitalis.com\/tunisie\/2016\/08\/13\/13-aout-quelle-fete-de-la-femme-inegale-de-lhomme\/#primaryimage\"},\"image\":{\"@id\":\"https:\/\/kapitalis.com\/tunisie\/2016\/08\/13\/13-aout-quelle-fete-de-la-femme-inegale-de-lhomme\/#primaryimage\"},\"thumbnailUrl\":\"http:\/\/kapitalis.com\/tunisie\/wp-content\/uploads\/2015\/08\/Femmes-de-Tunisie1.jpg\",\"datePublished\":\"2016-08-13T06:42:36+00:00\",\"dateModified\":\"2016-08-13T06:43:55+00:00\",\"breadcrumb\":{\"@id\":\"https:\/\/kapitalis.com\/tunisie\/2016\/08\/13\/13-aout-quelle-fete-de-la-femme-inegale-de-lhomme\/#breadcrumb\"},\"inLanguage\":\"fr-FR\",\"potentialAction\":[{\"@type\":\"ReadAction\",\"target\":[\"https:\/\/kapitalis.com\/tunisie\/2016\/08\/13\/13-aout-quelle-fete-de-la-femme-inegale-de-lhomme\/\"]}]},{\"@type\":\"ImageObject\",\"inLanguage\":\"fr-FR\",\"@id\":\"https:\/\/kapitalis.com\/tunisie\/2016\/08\/13\/13-aout-quelle-fete-de-la-femme-inegale-de-lhomme\/#primaryimage\",\"url\":\"http:\/\/kapitalis.com\/tunisie\/wp-content\/uploads\/2015\/08\/Femmes-de-Tunisie1.jpg\",\"contentUrl\":\"http:\/\/kapitalis.com\/tunisie\/wp-content\/uploads\/2015\/08\/Femmes-de-Tunisie1.jpg\"},{\"@type\":\"BreadcrumbList\",\"@id\":\"https:\/\/kapitalis.com\/tunisie\/2016\/08\/13\/13-aout-quelle-fete-de-la-femme-inegale-de-lhomme\/#breadcrumb\",\"itemListElement\":[{\"@type\":\"ListItem\",\"position\":1,\"name\":\"Accueil\",\"item\":\"https:\/\/kapitalis.com\/tunisie\/\"},{\"@type\":\"ListItem\",\"position\":2,\"name\":\"13-Ao\u00fbt : Quelle f\u00eate de la femme in\u00e9gale de l&rsquo;homme ?\"}]},{\"@type\":\"WebSite\",\"@id\":\"https:\/\/kapitalis.com\/tunisie\/#website\",\"url\":\"https:\/\/kapitalis.com\/tunisie\/\",\"name\":\"Kapitalis\",\"description\":\"L&#039;actualit\u00e9 en Tunisie et dans le monde\",\"publisher\":{\"@id\":\"https:\/\/kapitalis.com\/tunisie\/#organization\"},\"potentialAction\":[{\"@type\":\"SearchAction\",\"target\":{\"@type\":\"EntryPoint\",\"urlTemplate\":\"https:\/\/kapitalis.com\/tunisie\/?s={search_term_string}\"},\"query-input\":{\"@type\":\"PropertyValueSpecification\",\"valueRequired\":true,\"valueName\":\"search_term_string\"}}],\"inLanguage\":\"fr-FR\"},{\"@type\":\"Organization\",\"@id\":\"https:\/\/kapitalis.com\/tunisie\/#organization\",\"name\":\"Kapitalis\",\"url\":\"https:\/\/kapitalis.com\/tunisie\/\",\"logo\":{\"@type\":\"ImageObject\",\"inLanguage\":\"fr-FR\",\"@id\":\"https:\/\/kapitalis.com\/tunisie\/#\/schema\/logo\/image\/\",\"url\":\"https:\/\/kapitalis.com\/tunisie\/wp-content\/uploads\/2022\/05\/Kapitalis-big-size.png\",\"contentUrl\":\"https:\/\/kapitalis.com\/tunisie\/wp-content\/uploads\/2022\/05\/Kapitalis-big-size.png\",\"width\":5000,\"height\":1500,\"caption\":\"Kapitalis\"},\"image\":{\"@id\":\"https:\/\/kapitalis.com\/tunisie\/#\/schema\/logo\/image\/\"},\"sameAs\":[\"https:\/\/www.facebook.com\/KapitalisInfo\/\",\"https:\/\/x.com\/KapitalisInfo\",\"https:\/\/www.youtube.com\/channel\/UC-yDYrHyfFBWWZaOw3FPg9Q\"]},{\"@type\":\"Person\",\"@id\":\"https:\/\/kapitalis.com\/tunisie\/#\/schema\/person\/d71f33a9ca44f7bad4698210b480c8e9\",\"name\":\"webmaster kapitalis\",\"url\":\"https:\/\/kapitalis.com\/tunisie\/author\/webmaster-kapitalis\/\"}]}<\/script>\n<!-- \/ Yoast SEO plugin. -->","yoast_head_json":{"title":"13-Ao\u00fbt : Quelle f\u00eate de la femme in\u00e9gale de l'homme ? - Kapitalis","robots":{"index":"index","follow":"follow","max-snippet":"max-snippet:-1","max-image-preview":"max-image-preview:large","max-video-preview":"max-video-preview:-1"},"canonical":"https:\/\/kapitalis.com\/tunisie\/2016\/08\/13\/13-aout-quelle-fete-de-la-femme-inegale-de-lhomme\/","og_locale":"fr_FR","og_type":"article","og_title":"13-Ao\u00fbt : Quelle f\u00eate de la femme in\u00e9gale de l'homme ? - Kapitalis","og_description":"\u00c0 quoi bon f\u00eater la femme quand elle reste mineure, n\u2019\u00e9tant toujours pas l\u2019\u00e9gale de l\u2019homme en mati\u00e8re successorale, ce qui viole \u00e0 la fois la Constitution et une saine lecture de la religion ? Par Farhat Othman","og_url":"https:\/\/kapitalis.com\/tunisie\/2016\/08\/13\/13-aout-quelle-fete-de-la-femme-inegale-de-lhomme\/","og_site_name":"Kapitalis","article_publisher":"https:\/\/www.facebook.com\/KapitalisInfo\/","article_published_time":"2016-08-13T06:42:36+00:00","article_modified_time":"2016-08-13T06:43:55+00:00","og_image":[{"url":"http:\/\/kapitalis.com\/tunisie\/wp-content\/uploads\/2015\/08\/Femmes-de-Tunisie1.jpg","type":"","width":"","height":""}],"author":"webmaster kapitalis","twitter_card":"summary_large_image","twitter_creator":"@KapitalisInfo","twitter_site":"@KapitalisInfo","twitter_misc":{"\u00c9crit par":"webmaster kapitalis","Dur\u00e9e de lecture estim\u00e9e":"6 minutes"},"schema":{"@context":"https:\/\/schema.org","@graph":[{"@type":"Article","@id":"https:\/\/kapitalis.com\/tunisie\/2016\/08\/13\/13-aout-quelle-fete-de-la-femme-inegale-de-lhomme\/#article","isPartOf":{"@id":"https:\/\/kapitalis.com\/tunisie\/2016\/08\/13\/13-aout-quelle-fete-de-la-femme-inegale-de-lhomme\/"},"author":{"name":"webmaster kapitalis","@id":"https:\/\/kapitalis.com\/tunisie\/#\/schema\/person\/d71f33a9ca44f7bad4698210b480c8e9"},"headline":"13-Ao\u00fbt : Quelle f\u00eate de la femme in\u00e9gale de l&rsquo;homme ?","datePublished":"2016-08-13T06:42:36+00:00","dateModified":"2016-08-13T06:43:55+00:00","mainEntityOfPage":{"@id":"https:\/\/kapitalis.com\/tunisie\/2016\/08\/13\/13-aout-quelle-fete-de-la-femme-inegale-de-lhomme\/"},"wordCount":1147,"commentCount":8,"publisher":{"@id":"https:\/\/kapitalis.com\/tunisie\/#organization"},"image":{"@id":"https:\/\/kapitalis.com\/tunisie\/2016\/08\/13\/13-aout-quelle-fete-de-la-femme-inegale-de-lhomme\/#primaryimage"},"thumbnailUrl":"http:\/\/kapitalis.com\/tunisie\/wp-content\/uploads\/2015\/08\/Femmes-de-Tunisie1.jpg","keywords":["Code du statut personnel","\u00e9galit\u00e9 successorale","Habib Bourguiba"],"articleSection":["A LA UNE","TRIBUNE","Tunisie"],"inLanguage":"fr-FR","potentialAction":[{"@type":"CommentAction","name":"Comment","target":["https:\/\/kapitalis.com\/tunisie\/2016\/08\/13\/13-aout-quelle-fete-de-la-femme-inegale-de-lhomme\/#respond"]}]},{"@type":"WebPage","@id":"https:\/\/kapitalis.com\/tunisie\/2016\/08\/13\/13-aout-quelle-fete-de-la-femme-inegale-de-lhomme\/","url":"https:\/\/kapitalis.com\/tunisie\/2016\/08\/13\/13-aout-quelle-fete-de-la-femme-inegale-de-lhomme\/","name":"13-Ao\u00fbt : Quelle f\u00eate de la femme in\u00e9gale de l'homme ? - Kapitalis","isPartOf":{"@id":"https:\/\/kapitalis.com\/tunisie\/#website"},"primaryImageOfPage":{"@id":"https:\/\/kapitalis.com\/tunisie\/2016\/08\/13\/13-aout-quelle-fete-de-la-femme-inegale-de-lhomme\/#primaryimage"},"image":{"@id":"https:\/\/kapitalis.com\/tunisie\/2016\/08\/13\/13-aout-quelle-fete-de-la-femme-inegale-de-lhomme\/#primaryimage"},"thumbnailUrl":"http:\/\/kapitalis.com\/tunisie\/wp-content\/uploads\/2015\/08\/Femmes-de-Tunisie1.jpg","datePublished":"2016-08-13T06:42:36+00:00","dateModified":"2016-08-13T06:43:55+00:00","breadcrumb":{"@id":"https:\/\/kapitalis.com\/tunisie\/2016\/08\/13\/13-aout-quelle-fete-de-la-femme-inegale-de-lhomme\/#breadcrumb"},"inLanguage":"fr-FR","potentialAction":[{"@type":"ReadAction","target":["https:\/\/kapitalis.com\/tunisie\/2016\/08\/13\/13-aout-quelle-fete-de-la-femme-inegale-de-lhomme\/"]}]},{"@type":"ImageObject","inLanguage":"fr-FR","@id":"https:\/\/kapitalis.com\/tunisie\/2016\/08\/13\/13-aout-quelle-fete-de-la-femme-inegale-de-lhomme\/#primaryimage","url":"http:\/\/kapitalis.com\/tunisie\/wp-content\/uploads\/2015\/08\/Femmes-de-Tunisie1.jpg","contentUrl":"http:\/\/kapitalis.com\/tunisie\/wp-content\/uploads\/2015\/08\/Femmes-de-Tunisie1.jpg"},{"@type":"BreadcrumbList","@id":"https:\/\/kapitalis.com\/tunisie\/2016\/08\/13\/13-aout-quelle-fete-de-la-femme-inegale-de-lhomme\/#breadcrumb","itemListElement":[{"@type":"ListItem","position":1,"name":"Accueil","item":"https:\/\/kapitalis.com\/tunisie\/"},{"@type":"ListItem","position":2,"name":"13-Ao\u00fbt : Quelle f\u00eate de la femme in\u00e9gale de l&rsquo;homme ?"}]},{"@type":"WebSite","@id":"https:\/\/kapitalis.com\/tunisie\/#website","url":"https:\/\/kapitalis.com\/tunisie\/","name":"Kapitalis","description":"L&#039;actualit\u00e9 en Tunisie et dans le monde","publisher":{"@id":"https:\/\/kapitalis.com\/tunisie\/#organization"},"potentialAction":[{"@type":"SearchAction","target":{"@type":"EntryPoint","urlTemplate":"https:\/\/kapitalis.com\/tunisie\/?s={search_term_string}"},"query-input":{"@type":"PropertyValueSpecification","valueRequired":true,"valueName":"search_term_string"}}],"inLanguage":"fr-FR"},{"@type":"Organization","@id":"https:\/\/kapitalis.com\/tunisie\/#organization","name":"Kapitalis","url":"https:\/\/kapitalis.com\/tunisie\/","logo":{"@type":"ImageObject","inLanguage":"fr-FR","@id":"https:\/\/kapitalis.com\/tunisie\/#\/schema\/logo\/image\/","url":"https:\/\/kapitalis.com\/tunisie\/wp-content\/uploads\/2022\/05\/Kapitalis-big-size.png","contentUrl":"https:\/\/kapitalis.com\/tunisie\/wp-content\/uploads\/2022\/05\/Kapitalis-big-size.png","width":5000,"height":1500,"caption":"Kapitalis"},"image":{"@id":"https:\/\/kapitalis.com\/tunisie\/#\/schema\/logo\/image\/"},"sameAs":["https:\/\/www.facebook.com\/KapitalisInfo\/","https:\/\/x.com\/KapitalisInfo","https:\/\/www.youtube.com\/channel\/UC-yDYrHyfFBWWZaOw3FPg9Q"]},{"@type":"Person","@id":"https:\/\/kapitalis.com\/tunisie\/#\/schema\/person\/d71f33a9ca44f7bad4698210b480c8e9","name":"webmaster kapitalis","url":"https:\/\/kapitalis.com\/tunisie\/author\/webmaster-kapitalis\/"}]}},"_links":{"self":[{"href":"https:\/\/kapitalis.com\/tunisie\/wp-json\/wp\/v2\/posts\/61200","targetHints":{"allow":["GET"]}}],"collection":[{"href":"https:\/\/kapitalis.com\/tunisie\/wp-json\/wp\/v2\/posts"}],"about":[{"href":"https:\/\/kapitalis.com\/tunisie\/wp-json\/wp\/v2\/types\/post"}],"author":[{"embeddable":true,"href":"https:\/\/kapitalis.com\/tunisie\/wp-json\/wp\/v2\/users\/8"}],"replies":[{"embeddable":true,"href":"https:\/\/kapitalis.com\/tunisie\/wp-json\/wp\/v2\/comments?post=61200"}],"version-history":[{"count":0,"href":"https:\/\/kapitalis.com\/tunisie\/wp-json\/wp\/v2\/posts\/61200\/revisions"}],"wp:attachment":[{"href":"https:\/\/kapitalis.com\/tunisie\/wp-json\/wp\/v2\/media?parent=61200"}],"wp:term":[{"taxonomy":"category","embeddable":true,"href":"https:\/\/kapitalis.com\/tunisie\/wp-json\/wp\/v2\/categories?post=61200"},{"taxonomy":"post_tag","embeddable":true,"href":"https:\/\/kapitalis.com\/tunisie\/wp-json\/wp\/v2\/tags?post=61200"}],"curies":[{"name":"wp","href":"https:\/\/api.w.org\/{rel}","templated":true}]}}