{"id":6125398,"date":"2023-01-19T11:19:21","date_gmt":"2023-01-19T10:19:21","guid":{"rendered":"https:\/\/kapitalis.com\/tunisie\/?p=6125398"},"modified":"2023-01-19T11:47:34","modified_gmt":"2023-01-19T10:47:34","slug":"tunisie-le-plan-de-developpement-2023-25-est-bon-sous-certaines-conditions-estime-skander-sellami","status":"publish","type":"post","link":"https:\/\/kapitalis.com\/tunisie\/2023\/01\/19\/tunisie-le-plan-de-developpement-2023-25-est-bon-sous-certaines-conditions-estime-skander-sellami\/","title":{"rendered":"Tunisie: le Plan de D\u00e9veloppement 2023-25 est bon sous certaines conditions, estime Skander Sellami"},"content":{"rendered":"\n<p><strong><em>Skander Sellami, pr\u00e9sident de l\u2019Association tunisienne pour la gouvernance fiscale (ATGF), d\u00e9cortique, dans un entretien avec le journal <a href=\"https:\/\/lapresse.tn\/149237\/regard-dexpert-skander-sallemi-president-de-lassociation-tunisienne-pour-la-gouvernance-fiscale-a-la-presse-le-nouveau-plan-de-developpement-rassure-les-investisseurs-et\/\" target=\"_blank\" rel=\"noreferrer noopener\">La Presse de Tunisie<\/a>, avec un m\u00e9lange d&rsquo;optimisme et de prudence le Plan de D\u00e9veloppement 2023-2025 (PD 2023-25) dans ses composantes \u00e9conomique et sociale.<\/em><\/strong><\/p>\n\n\n\n<!--more-->\n\n\n\n<p>L&rsquo;expert ne tarit pas d&rsquo;\u00e9loges sur la vision strat\u00e9gique coh\u00e9rente du nouveau mod\u00e8le de d\u00e9veloppement de la Tunisie, qui permettra selon lui de \u00ab<em>dissiper le flou\u00bb<\/em> et \u00ab<em>rassurer les investisseurs et les partenaires \u00e9conomiques du pays\u00bb<\/em>, gr\u00e2ce \u00e0 ses objectifs clairs et bien d\u00e9finis. <\/p>\n\n\n\n<p>Les fondements du PD 2023-25 reposent selon Sellami, sur une politique \u00e9conomique moderne et innovante, pour  un d\u00e9veloppement durable et inclusif. <\/p>\n\n\n\n<p>Vu le r\u00f4le essentiel du secteur priv\u00e9 dans la cr\u00e9ation de la richesse, le PD 2023-25 lui a donn\u00e9 une grande importance en le consid\u00e9rant comme partenaire principal de l\u2019Etat, en l&rsquo;invitant \u00e0 jouer un r\u00f4le responsable dans la r\u00e9alisation d\u2019un d\u00e9veloppement durable, et en accordant une grande importance au partenariat public-priv\u00e9.<\/p>\n\n\n\n<p>L&rsquo;Etat a, par ailleurs, un r\u00f4le social \u00e0 jouer. Pour r\u00e9ussir le PD 2023-25, il doit poursuivre la mise en place des structures et des institutions n\u00e9cessaires \u00e0 la d\u00e9centralisation; lever les blocages de la bureaucratie et changer le mode de travail archa\u00efque de l\u2019administration; faciliter l\u2019acc\u00e8s au financement et aux moyens de production, en mettant en place une infrastructure juridique et institutionnelle ad\u00e9quate; mobiliser les comp\u00e9tences tunisiennes \u00e0 l\u2019\u00e9tranger, et le d\u00e9veloppement des comp\u00e9tences locales, notamment dans les services.<\/p>\n\n\n\n<p>Concernant les r\u00e9gions, le PD 2023-25 est plus convaincant, estime l&rsquo;expert, car il va vers la d\u00e9centralisation, en donnant aux r\u00e9gions la possibilit\u00e9 de fixer leurs propres objectifs selon leurs priorit\u00e9s.<\/p>\n\n\n\n<p>Les 3 priorit\u00e9s de la Tunisie sont l\u2019environnement, vu la spirale des complications qu\u2019il continue \u00e0 g\u00e9n\u00e9rer sur le plan sanitaire, social et politique; l&rsquo;\u00e9nergie dont le d\u00e9ficit dans un contexte mondial instable menace les \u00e9quilibres budg\u00e9taires du pays et affecte la comp\u00e9titivit\u00e9 de l\u2019\u00e9conomie nationale, d\u2019o\u00f9 le choix des \u00e9nergies renouvelables; et l\u2019agriculture, qui est un \u00e9l\u00e9ment cl\u00e9 dans la s\u00e9curit\u00e9 alimentaire.<\/p>\n\n\n\n<p>Les 5 conditions pour un d\u00e9collage \u00e9conomique \u00e0 la fin de 2023 consistent \u00e0 restructurer l\u2019administration, principal obstacle avant toute initiative de modernisation et de d\u00e9centralisation; \u00e0 r\u00e9ussir la d\u00e9centralisation; \u00e0 am\u00e9liorer le climat des affaires; r\u00e9aliser des actions concr\u00e8tes; r\u00e9duire le fardeau des obligations lourdes et co\u00fbteuses impos\u00e9es aux tr\u00e8s petites entreprises.<\/p>\n\n\n\n<p class=\"has-text-align-right\"><strong>A. M. <\/strong><\/p>\n","protected":false},"excerpt":{"rendered":"<p>La vision strat\u00e9gique du nouveau mod\u00e8le de d\u00e9veloppement de la Tunisie est coh\u00e9rente, estime l&rsquo;expert Skander Sellami.   <\/p>\n","protected":false},"author":22,"featured_media":6141399,"comment_status":"open","ping_status":"open","sticky":false,"template":"","format":"standard","meta":{"footnotes":""},"categories":[995,2433],"tags":[98253,4310,98462,106026],"class_list":["post-6125398","post","type-post","status-publish","format-standard","has-post-thumbnail","hentry","category-economie","category-tunisie","tag-association-tunisienne-pour-la-gouvernance-fiscale","tag-etat-tunisien","tag-plan-de-developpement-2023-2025","tag-skander-sellami"],"yoast_head":"<!-- This site is optimized with the Yoast SEO plugin v26.6 - https:\/\/yoast.com\/wordpress\/plugins\/seo\/ -->\n<title>Tunisie: le Plan de D\u00e9veloppement 2023-25 est bon sous certaines conditions, estime Skander Sellami - Kapitalis<\/title>\n<meta name=\"robots\" content=\"index, follow, max-snippet:-1, max-image-preview:large, max-video-preview:-1\" \/>\n<link rel=\"canonical\" href=\"https:\/\/kapitalis.com\/tunisie\/2023\/01\/19\/tunisie-le-plan-de-developpement-2023-25-est-bon-sous-certaines-conditions-estime-skander-sellami\/\" \/>\n<meta property=\"og:locale\" content=\"fr_FR\" \/>\n<meta property=\"og:type\" content=\"article\" \/>\n<meta property=\"og:title\" content=\"Tunisie: le Plan de D\u00e9veloppement 2023-25 est bon sous certaines conditions, estime Skander Sellami - Kapitalis\" \/>\n<meta property=\"og:description\" content=\"La vision strat\u00e9gique du nouveau mod\u00e8le de d\u00e9veloppement de la Tunisie est coh\u00e9rente, estime l&#039;expert Skander Sellami.\" \/>\n<meta property=\"og:url\" content=\"https:\/\/kapitalis.com\/tunisie\/2023\/01\/19\/tunisie-le-plan-de-developpement-2023-25-est-bon-sous-certaines-conditions-estime-skander-sellami\/\" \/>\n<meta property=\"og:site_name\" content=\"Kapitalis\" \/>\n<meta property=\"article:publisher\" content=\"https:\/\/www.facebook.com\/KapitalisInfo\/\" \/>\n<meta property=\"article:published_time\" content=\"2023-01-19T10:19:21+00:00\" \/>\n<meta property=\"article:modified_time\" content=\"2023-01-19T10:47:34+00:00\" \/>\n<meta property=\"og:image\" content=\"https:\/\/kapitalis.com\/tunisie\/wp-content\/uploads\/2023\/01\/Skander-Sellami.jpg\" \/>\n\t<meta property=\"og:image:width\" content=\"1200\" \/>\n\t<meta property=\"og:image:height\" content=\"630\" \/>\n\t<meta property=\"og:image:type\" content=\"image\/jpeg\" \/>\n<meta name=\"author\" content=\"Amina Mkada\" \/>\n<meta name=\"twitter:card\" content=\"summary_large_image\" \/>\n<meta name=\"twitter:creator\" content=\"@KapitalisInfo\" \/>\n<meta name=\"twitter:site\" content=\"@KapitalisInfo\" \/>\n<meta name=\"twitter:label1\" content=\"\u00c9crit par\" \/>\n\t<meta name=\"twitter:data1\" content=\"Amina Mkada\" \/>\n\t<meta name=\"twitter:label2\" content=\"Dur\u00e9e de lecture estim\u00e9e\" \/>\n\t<meta name=\"twitter:data2\" content=\"2 minutes\" \/>\n<script type=\"application\/ld+json\" class=\"yoast-schema-graph\">{\"@context\":\"https:\/\/schema.org\",\"@graph\":[{\"@type\":\"Article\",\"@id\":\"https:\/\/kapitalis.com\/tunisie\/2023\/01\/19\/tunisie-le-plan-de-developpement-2023-25-est-bon-sous-certaines-conditions-estime-skander-sellami\/#article\",\"isPartOf\":{\"@id\":\"https:\/\/kapitalis.com\/tunisie\/2023\/01\/19\/tunisie-le-plan-de-developpement-2023-25-est-bon-sous-certaines-conditions-estime-skander-sellami\/\"},\"author\":{\"name\":\"Amina Mkada\",\"@id\":\"https:\/\/kapitalis.com\/tunisie\/#\/schema\/person\/093913313d3017554cb3ad077fff3fbd\"},\"headline\":\"Tunisie: le Plan de D\u00e9veloppement 2023-25 est bon sous certaines conditions, estime Skander Sellami\",\"datePublished\":\"2023-01-19T10:19:21+00:00\",\"dateModified\":\"2023-01-19T10:47:34+00:00\",\"mainEntityOfPage\":{\"@id\":\"https:\/\/kapitalis.com\/tunisie\/2023\/01\/19\/tunisie-le-plan-de-developpement-2023-25-est-bon-sous-certaines-conditions-estime-skander-sellami\/\"},\"wordCount\":454,\"commentCount\":2,\"publisher\":{\"@id\":\"https:\/\/kapitalis.com\/tunisie\/#organization\"},\"image\":{\"@id\":\"https:\/\/kapitalis.com\/tunisie\/2023\/01\/19\/tunisie-le-plan-de-developpement-2023-25-est-bon-sous-certaines-conditions-estime-skander-sellami\/#primaryimage\"},\"thumbnailUrl\":\"https:\/\/kapitalis.com\/tunisie\/wp-content\/uploads\/2023\/01\/Skander-Sellami.jpg\",\"keywords\":[\"Association tunisienne pour la gouvernance fiscale\",\"Etat tunisien\",\"Plan de d\u00e9veloppement 2023-2025\",\"Skander Sellami\"],\"articleSection\":[\"ECONOMIE\",\"Tunisie\"],\"inLanguage\":\"fr-FR\",\"potentialAction\":[{\"@type\":\"CommentAction\",\"name\":\"Comment\",\"target\":[\"https:\/\/kapitalis.com\/tunisie\/2023\/01\/19\/tunisie-le-plan-de-developpement-2023-25-est-bon-sous-certaines-conditions-estime-skander-sellami\/#respond\"]}]},{\"@type\":\"WebPage\",\"@id\":\"https:\/\/kapitalis.com\/tunisie\/2023\/01\/19\/tunisie-le-plan-de-developpement-2023-25-est-bon-sous-certaines-conditions-estime-skander-sellami\/\",\"url\":\"https:\/\/kapitalis.com\/tunisie\/2023\/01\/19\/tunisie-le-plan-de-developpement-2023-25-est-bon-sous-certaines-conditions-estime-skander-sellami\/\",\"name\":\"Tunisie: le Plan de D\u00e9veloppement 2023-25 est bon sous certaines conditions, estime Skander Sellami - Kapitalis\",\"isPartOf\":{\"@id\":\"https:\/\/kapitalis.com\/tunisie\/#website\"},\"primaryImageOfPage\":{\"@id\":\"https:\/\/kapitalis.com\/tunisie\/2023\/01\/19\/tunisie-le-plan-de-developpement-2023-25-est-bon-sous-certaines-conditions-estime-skander-sellami\/#primaryimage\"},\"image\":{\"@id\":\"https:\/\/kapitalis.com\/tunisie\/2023\/01\/19\/tunisie-le-plan-de-developpement-2023-25-est-bon-sous-certaines-conditions-estime-skander-sellami\/#primaryimage\"},\"thumbnailUrl\":\"https:\/\/kapitalis.com\/tunisie\/wp-content\/uploads\/2023\/01\/Skander-Sellami.jpg\",\"datePublished\":\"2023-01-19T10:19:21+00:00\",\"dateModified\":\"2023-01-19T10:47:34+00:00\",\"breadcrumb\":{\"@id\":\"https:\/\/kapitalis.com\/tunisie\/2023\/01\/19\/tunisie-le-plan-de-developpement-2023-25-est-bon-sous-certaines-conditions-estime-skander-sellami\/#breadcrumb\"},\"inLanguage\":\"fr-FR\",\"potentialAction\":[{\"@type\":\"ReadAction\",\"target\":[\"https:\/\/kapitalis.com\/tunisie\/2023\/01\/19\/tunisie-le-plan-de-developpement-2023-25-est-bon-sous-certaines-conditions-estime-skander-sellami\/\"]}]},{\"@type\":\"ImageObject\",\"inLanguage\":\"fr-FR\",\"@id\":\"https:\/\/kapitalis.com\/tunisie\/2023\/01\/19\/tunisie-le-plan-de-developpement-2023-25-est-bon-sous-certaines-conditions-estime-skander-sellami\/#primaryimage\",\"url\":\"https:\/\/kapitalis.com\/tunisie\/wp-content\/uploads\/2023\/01\/Skander-Sellami.jpg\",\"contentUrl\":\"https:\/\/kapitalis.com\/tunisie\/wp-content\/uploads\/2023\/01\/Skander-Sellami.jpg\",\"width\":1200,\"height\":630},{\"@type\":\"BreadcrumbList\",\"@id\":\"https:\/\/kapitalis.com\/tunisie\/2023\/01\/19\/tunisie-le-plan-de-developpement-2023-25-est-bon-sous-certaines-conditions-estime-skander-sellami\/#breadcrumb\",\"itemListElement\":[{\"@type\":\"ListItem\",\"position\":1,\"name\":\"Accueil\",\"item\":\"https:\/\/kapitalis.com\/tunisie\/\"},{\"@type\":\"ListItem\",\"position\":2,\"name\":\"Tunisie: le Plan de D\u00e9veloppement 2023-25 est bon sous certaines conditions, estime Skander Sellami\"}]},{\"@type\":\"WebSite\",\"@id\":\"https:\/\/kapitalis.com\/tunisie\/#website\",\"url\":\"https:\/\/kapitalis.com\/tunisie\/\",\"name\":\"Kapitalis\",\"description\":\"L&#039;actualit\u00e9 en Tunisie et dans le monde\",\"publisher\":{\"@id\":\"https:\/\/kapitalis.com\/tunisie\/#organization\"},\"potentialAction\":[{\"@type\":\"SearchAction\",\"target\":{\"@type\":\"EntryPoint\",\"urlTemplate\":\"https:\/\/kapitalis.com\/tunisie\/?s={search_term_string}\"},\"query-input\":{\"@type\":\"PropertyValueSpecification\",\"valueRequired\":true,\"valueName\":\"search_term_string\"}}],\"inLanguage\":\"fr-FR\"},{\"@type\":\"Organization\",\"@id\":\"https:\/\/kapitalis.com\/tunisie\/#organization\",\"name\":\"Kapitalis\",\"url\":\"https:\/\/kapitalis.com\/tunisie\/\",\"logo\":{\"@type\":\"ImageObject\",\"inLanguage\":\"fr-FR\",\"@id\":\"https:\/\/kapitalis.com\/tunisie\/#\/schema\/logo\/image\/\",\"url\":\"https:\/\/kapitalis.com\/tunisie\/wp-content\/uploads\/2022\/05\/Kapitalis-big-size.png\",\"contentUrl\":\"https:\/\/kapitalis.com\/tunisie\/wp-content\/uploads\/2022\/05\/Kapitalis-big-size.png\",\"width\":5000,\"height\":1500,\"caption\":\"Kapitalis\"},\"image\":{\"@id\":\"https:\/\/kapitalis.com\/tunisie\/#\/schema\/logo\/image\/\"},\"sameAs\":[\"https:\/\/www.facebook.com\/KapitalisInfo\/\",\"https:\/\/x.com\/KapitalisInfo\",\"https:\/\/www.youtube.com\/channel\/UC-yDYrHyfFBWWZaOw3FPg9Q\"]},{\"@type\":\"Person\",\"@id\":\"https:\/\/kapitalis.com\/tunisie\/#\/schema\/person\/093913313d3017554cb3ad077fff3fbd\",\"name\":\"Amina Mkada\",\"url\":\"https:\/\/kapitalis.com\/tunisie\/author\/amina\/\"}]}<\/script>\n<!-- \/ Yoast SEO plugin. -->","yoast_head_json":{"title":"Tunisie: le Plan de D\u00e9veloppement 2023-25 est bon sous certaines conditions, estime Skander Sellami - Kapitalis","robots":{"index":"index","follow":"follow","max-snippet":"max-snippet:-1","max-image-preview":"max-image-preview:large","max-video-preview":"max-video-preview:-1"},"canonical":"https:\/\/kapitalis.com\/tunisie\/2023\/01\/19\/tunisie-le-plan-de-developpement-2023-25-est-bon-sous-certaines-conditions-estime-skander-sellami\/","og_locale":"fr_FR","og_type":"article","og_title":"Tunisie: le Plan de D\u00e9veloppement 2023-25 est bon sous certaines conditions, estime Skander Sellami - Kapitalis","og_description":"La vision strat\u00e9gique du nouveau mod\u00e8le de d\u00e9veloppement de la Tunisie est coh\u00e9rente, estime l'expert Skander Sellami.","og_url":"https:\/\/kapitalis.com\/tunisie\/2023\/01\/19\/tunisie-le-plan-de-developpement-2023-25-est-bon-sous-certaines-conditions-estime-skander-sellami\/","og_site_name":"Kapitalis","article_publisher":"https:\/\/www.facebook.com\/KapitalisInfo\/","article_published_time":"2023-01-19T10:19:21+00:00","article_modified_time":"2023-01-19T10:47:34+00:00","og_image":[{"width":1200,"height":630,"url":"https:\/\/kapitalis.com\/tunisie\/wp-content\/uploads\/2023\/01\/Skander-Sellami.jpg","type":"image\/jpeg"}],"author":"Amina Mkada","twitter_card":"summary_large_image","twitter_creator":"@KapitalisInfo","twitter_site":"@KapitalisInfo","twitter_misc":{"\u00c9crit par":"Amina Mkada","Dur\u00e9e de lecture estim\u00e9e":"2 minutes"},"schema":{"@context":"https:\/\/schema.org","@graph":[{"@type":"Article","@id":"https:\/\/kapitalis.com\/tunisie\/2023\/01\/19\/tunisie-le-plan-de-developpement-2023-25-est-bon-sous-certaines-conditions-estime-skander-sellami\/#article","isPartOf":{"@id":"https:\/\/kapitalis.com\/tunisie\/2023\/01\/19\/tunisie-le-plan-de-developpement-2023-25-est-bon-sous-certaines-conditions-estime-skander-sellami\/"},"author":{"name":"Amina Mkada","@id":"https:\/\/kapitalis.com\/tunisie\/#\/schema\/person\/093913313d3017554cb3ad077fff3fbd"},"headline":"Tunisie: le Plan de D\u00e9veloppement 2023-25 est bon sous certaines conditions, estime Skander Sellami","datePublished":"2023-01-19T10:19:21+00:00","dateModified":"2023-01-19T10:47:34+00:00","mainEntityOfPage":{"@id":"https:\/\/kapitalis.com\/tunisie\/2023\/01\/19\/tunisie-le-plan-de-developpement-2023-25-est-bon-sous-certaines-conditions-estime-skander-sellami\/"},"wordCount":454,"commentCount":2,"publisher":{"@id":"https:\/\/kapitalis.com\/tunisie\/#organization"},"image":{"@id":"https:\/\/kapitalis.com\/tunisie\/2023\/01\/19\/tunisie-le-plan-de-developpement-2023-25-est-bon-sous-certaines-conditions-estime-skander-sellami\/#primaryimage"},"thumbnailUrl":"https:\/\/kapitalis.com\/tunisie\/wp-content\/uploads\/2023\/01\/Skander-Sellami.jpg","keywords":["Association tunisienne pour la gouvernance fiscale","Etat tunisien","Plan de d\u00e9veloppement 2023-2025","Skander Sellami"],"articleSection":["ECONOMIE","Tunisie"],"inLanguage":"fr-FR","potentialAction":[{"@type":"CommentAction","name":"Comment","target":["https:\/\/kapitalis.com\/tunisie\/2023\/01\/19\/tunisie-le-plan-de-developpement-2023-25-est-bon-sous-certaines-conditions-estime-skander-sellami\/#respond"]}]},{"@type":"WebPage","@id":"https:\/\/kapitalis.com\/tunisie\/2023\/01\/19\/tunisie-le-plan-de-developpement-2023-25-est-bon-sous-certaines-conditions-estime-skander-sellami\/","url":"https:\/\/kapitalis.com\/tunisie\/2023\/01\/19\/tunisie-le-plan-de-developpement-2023-25-est-bon-sous-certaines-conditions-estime-skander-sellami\/","name":"Tunisie: le Plan de D\u00e9veloppement 2023-25 est bon sous certaines conditions, estime Skander Sellami - Kapitalis","isPartOf":{"@id":"https:\/\/kapitalis.com\/tunisie\/#website"},"primaryImageOfPage":{"@id":"https:\/\/kapitalis.com\/tunisie\/2023\/01\/19\/tunisie-le-plan-de-developpement-2023-25-est-bon-sous-certaines-conditions-estime-skander-sellami\/#primaryimage"},"image":{"@id":"https:\/\/kapitalis.com\/tunisie\/2023\/01\/19\/tunisie-le-plan-de-developpement-2023-25-est-bon-sous-certaines-conditions-estime-skander-sellami\/#primaryimage"},"thumbnailUrl":"https:\/\/kapitalis.com\/tunisie\/wp-content\/uploads\/2023\/01\/Skander-Sellami.jpg","datePublished":"2023-01-19T10:19:21+00:00","dateModified":"2023-01-19T10:47:34+00:00","breadcrumb":{"@id":"https:\/\/kapitalis.com\/tunisie\/2023\/01\/19\/tunisie-le-plan-de-developpement-2023-25-est-bon-sous-certaines-conditions-estime-skander-sellami\/#breadcrumb"},"inLanguage":"fr-FR","potentialAction":[{"@type":"ReadAction","target":["https:\/\/kapitalis.com\/tunisie\/2023\/01\/19\/tunisie-le-plan-de-developpement-2023-25-est-bon-sous-certaines-conditions-estime-skander-sellami\/"]}]},{"@type":"ImageObject","inLanguage":"fr-FR","@id":"https:\/\/kapitalis.com\/tunisie\/2023\/01\/19\/tunisie-le-plan-de-developpement-2023-25-est-bon-sous-certaines-conditions-estime-skander-sellami\/#primaryimage","url":"https:\/\/kapitalis.com\/tunisie\/wp-content\/uploads\/2023\/01\/Skander-Sellami.jpg","contentUrl":"https:\/\/kapitalis.com\/tunisie\/wp-content\/uploads\/2023\/01\/Skander-Sellami.jpg","width":1200,"height":630},{"@type":"BreadcrumbList","@id":"https:\/\/kapitalis.com\/tunisie\/2023\/01\/19\/tunisie-le-plan-de-developpement-2023-25-est-bon-sous-certaines-conditions-estime-skander-sellami\/#breadcrumb","itemListElement":[{"@type":"ListItem","position":1,"name":"Accueil","item":"https:\/\/kapitalis.com\/tunisie\/"},{"@type":"ListItem","position":2,"name":"Tunisie: le Plan de D\u00e9veloppement 2023-25 est bon sous certaines conditions, estime Skander Sellami"}]},{"@type":"WebSite","@id":"https:\/\/kapitalis.com\/tunisie\/#website","url":"https:\/\/kapitalis.com\/tunisie\/","name":"Kapitalis","description":"L&#039;actualit\u00e9 en Tunisie et dans le monde","publisher":{"@id":"https:\/\/kapitalis.com\/tunisie\/#organization"},"potentialAction":[{"@type":"SearchAction","target":{"@type":"EntryPoint","urlTemplate":"https:\/\/kapitalis.com\/tunisie\/?s={search_term_string}"},"query-input":{"@type":"PropertyValueSpecification","valueRequired":true,"valueName":"search_term_string"}}],"inLanguage":"fr-FR"},{"@type":"Organization","@id":"https:\/\/kapitalis.com\/tunisie\/#organization","name":"Kapitalis","url":"https:\/\/kapitalis.com\/tunisie\/","logo":{"@type":"ImageObject","inLanguage":"fr-FR","@id":"https:\/\/kapitalis.com\/tunisie\/#\/schema\/logo\/image\/","url":"https:\/\/kapitalis.com\/tunisie\/wp-content\/uploads\/2022\/05\/Kapitalis-big-size.png","contentUrl":"https:\/\/kapitalis.com\/tunisie\/wp-content\/uploads\/2022\/05\/Kapitalis-big-size.png","width":5000,"height":1500,"caption":"Kapitalis"},"image":{"@id":"https:\/\/kapitalis.com\/tunisie\/#\/schema\/logo\/image\/"},"sameAs":["https:\/\/www.facebook.com\/KapitalisInfo\/","https:\/\/x.com\/KapitalisInfo","https:\/\/www.youtube.com\/channel\/UC-yDYrHyfFBWWZaOw3FPg9Q"]},{"@type":"Person","@id":"https:\/\/kapitalis.com\/tunisie\/#\/schema\/person\/093913313d3017554cb3ad077fff3fbd","name":"Amina Mkada","url":"https:\/\/kapitalis.com\/tunisie\/author\/amina\/"}]}},"_links":{"self":[{"href":"https:\/\/kapitalis.com\/tunisie\/wp-json\/wp\/v2\/posts\/6125398","targetHints":{"allow":["GET"]}}],"collection":[{"href":"https:\/\/kapitalis.com\/tunisie\/wp-json\/wp\/v2\/posts"}],"about":[{"href":"https:\/\/kapitalis.com\/tunisie\/wp-json\/wp\/v2\/types\/post"}],"author":[{"embeddable":true,"href":"https:\/\/kapitalis.com\/tunisie\/wp-json\/wp\/v2\/users\/22"}],"replies":[{"embeddable":true,"href":"https:\/\/kapitalis.com\/tunisie\/wp-json\/wp\/v2\/comments?post=6125398"}],"version-history":[{"count":23,"href":"https:\/\/kapitalis.com\/tunisie\/wp-json\/wp\/v2\/posts\/6125398\/revisions"}],"predecessor-version":[{"id":6141890,"href":"https:\/\/kapitalis.com\/tunisie\/wp-json\/wp\/v2\/posts\/6125398\/revisions\/6141890"}],"wp:featuredmedia":[{"embeddable":true,"href":"https:\/\/kapitalis.com\/tunisie\/wp-json\/wp\/v2\/media\/6141399"}],"wp:attachment":[{"href":"https:\/\/kapitalis.com\/tunisie\/wp-json\/wp\/v2\/media?parent=6125398"}],"wp:term":[{"taxonomy":"category","embeddable":true,"href":"https:\/\/kapitalis.com\/tunisie\/wp-json\/wp\/v2\/categories?post=6125398"},{"taxonomy":"post_tag","embeddable":true,"href":"https:\/\/kapitalis.com\/tunisie\/wp-json\/wp\/v2\/tags?post=6125398"}],"curies":[{"name":"wp","href":"https:\/\/api.w.org\/{rel}","templated":true}]}}