{"id":61278,"date":"2016-08-13T14:31:03","date_gmt":"2016-08-13T13:31:03","guid":{"rendered":"http:\/\/kapitalis.com\/tunisie\/?p=61278"},"modified":"2016-08-13T14:31:03","modified_gmt":"2016-08-13T13:31:03","slug":"festival-de-carthage-saber-rebai-fait-don-de-la-moitie-de-son-cachet","status":"publish","type":"post","link":"https:\/\/kapitalis.com\/tunisie\/2016\/08\/13\/festival-de-carthage-saber-rebai-fait-don-de-la-moitie-de-son-cachet\/","title":{"rendered":"Festival de Carthage\u00a0: Saber Reba\u00ef fait don de la moiti\u00e9 de son cachet"},"content":{"rendered":"<p style=\"text-align: center;\"><img loading=\"lazy\" decoding=\"async\" class=\"alignnone size-full wp-image-61286\" src=\"http:\/\/kapitalis.com\/tunisie\/wp-content\/uploads\/2016\/08\/Saber-Rebai.jpg\" alt=\"Saber-Rebai\" width=\"626\" height=\"380\" \/><\/p>\n<p><em><strong>Saber Reba\u00ef, qui se produira ce soir au Festival de\u00a0Carthage, a promis de faire don de la moiti\u00e9 de son cachet au Fonds de lutte contre le terrorisme.<\/strong><\/em><\/p>\n<p><!--more--><\/p>\n<p>C\u2019est ce qu\u2019il a d\u00e9clar\u00e9, hier soir, lors d\u2019une conf\u00e9rence de presse, en d\u00e9voilant le montant de son\u00a0cachet, qui est de\u00a0110.000 DT. La moiti\u00e9 de cette somme, soit 55.000 DT, sera donc vers\u00e9e dans les caisses du Fonds de lutte contre le terrorisme.<\/p>\n<p>Le chanteur tunisien a \u00e9galement annonc\u00e9 qu\u2019il sera sur sc\u00e8ne, ce soir, en compagnie du jeune Hamza Fadhlaoui, finaliste de l&rsquo;\u00e9mission t\u00e9l\u00e9vis\u00e9e <em>MBC The Voice<\/em> de 2015, et qu\u2019il meublera la soir\u00e9e avec ses anciens tubes et des chansons\u00a0nouvelles, ajoutant qu\u2019il\u00a0est extr\u00eamement\u00a0honor\u00e9 de chanter le soir de la f\u00eate nationale de la femme, qui plus est, \u00e0 Carthage.<\/p>\n<p>Il est \u00e0 rappeler que Saber Reba\u00ef est l\u2019un des rares chanteurs \u00e0 avoir\u00a0refus\u00e9 la transmission de leur concert en direct \u00e0 la t\u00e9l\u00e9vision ou sur \u00e9cran g\u00e9ant dans certaines r\u00e9gions int\u00e9rieures.<\/p>\n<p style=\"text-align: right;\"><strong>Z.A.<\/strong><\/p>\n","protected":false},"excerpt":{"rendered":"<p>Saber Reba\u00ef, qui se produira ce soir au Festival de\u00a0Carthage, a promis de faire don de la moiti\u00e9 de son cachet au Fonds de lutte contre le terrorisme.<\/p>\n","protected":false},"author":7,"featured_media":61286,"comment_status":"open","ping_status":"open","sticky":false,"template":"","format":"standard","meta":{"footnotes":""},"categories":[994,2433],"tags":[4798,4476,4411],"class_list":["post-61278","post","type-post","status-publish","format-standard","has-post-thumbnail","hentry","category-culture","category-tunisie","tag-festival-de-carthage","tag-fete-de-la-femme","tag-saber-rebai"],"yoast_head":"<!-- This site is optimized with the Yoast SEO plugin v26.6 - https:\/\/yoast.com\/wordpress\/plugins\/seo\/ -->\n<title>Festival de Carthage\u00a0: Saber Reba\u00ef fait don de la moiti\u00e9 de son cachet - Kapitalis<\/title>\n<meta name=\"robots\" content=\"index, follow, max-snippet:-1, max-image-preview:large, max-video-preview:-1\" \/>\n<link rel=\"canonical\" href=\"https:\/\/kapitalis.com\/tunisie\/2016\/08\/13\/festival-de-carthage-saber-rebai-fait-don-de-la-moitie-de-son-cachet\/\" \/>\n<meta property=\"og:locale\" content=\"fr_FR\" \/>\n<meta property=\"og:type\" content=\"article\" \/>\n<meta property=\"og:title\" content=\"Festival de Carthage\u00a0: Saber Reba\u00ef fait don de la moiti\u00e9 de son cachet - Kapitalis\" \/>\n<meta property=\"og:description\" content=\"Saber Reba\u00ef, qui se produira ce soir au Festival de\u00a0Carthage, a promis de faire don de la moiti\u00e9 de son cachet au Fonds de lutte contre le terrorisme.\" \/>\n<meta property=\"og:url\" content=\"https:\/\/kapitalis.com\/tunisie\/2016\/08\/13\/festival-de-carthage-saber-rebai-fait-don-de-la-moitie-de-son-cachet\/\" \/>\n<meta property=\"og:site_name\" content=\"Kapitalis\" \/>\n<meta property=\"article:publisher\" content=\"https:\/\/www.facebook.com\/KapitalisInfo\/\" \/>\n<meta property=\"article:published_time\" content=\"2016-08-13T13:31:03+00:00\" \/>\n<meta property=\"og:image\" content=\"https:\/\/kapitalis.com\/tunisie\/wp-content\/uploads\/2022\/05\/kapitalis-logo-fb.png\" \/>\n\t<meta property=\"og:image:width\" content=\"1200\" \/>\n\t<meta property=\"og:image:height\" content=\"630\" \/>\n\t<meta property=\"og:image:type\" content=\"image\/png\" \/>\n<meta name=\"author\" content=\"zohra abid\" \/>\n<meta name=\"twitter:card\" content=\"summary_large_image\" \/>\n<meta name=\"twitter:creator\" content=\"@KapitalisInfo\" \/>\n<meta name=\"twitter:site\" content=\"@KapitalisInfo\" \/>\n<meta name=\"twitter:label1\" content=\"\u00c9crit par\" \/>\n\t<meta name=\"twitter:data1\" content=\"zohra abid\" \/>\n\t<meta name=\"twitter:label2\" content=\"Dur\u00e9e de lecture estim\u00e9e\" \/>\n\t<meta name=\"twitter:data2\" content=\"1 minute\" \/>\n<script type=\"application\/ld+json\" class=\"yoast-schema-graph\">{\"@context\":\"https:\/\/schema.org\",\"@graph\":[{\"@type\":\"Article\",\"@id\":\"https:\/\/kapitalis.com\/tunisie\/2016\/08\/13\/festival-de-carthage-saber-rebai-fait-don-de-la-moitie-de-son-cachet\/#article\",\"isPartOf\":{\"@id\":\"https:\/\/kapitalis.com\/tunisie\/2016\/08\/13\/festival-de-carthage-saber-rebai-fait-don-de-la-moitie-de-son-cachet\/\"},\"author\":{\"name\":\"zohra abid\",\"@id\":\"https:\/\/kapitalis.com\/tunisie\/#\/schema\/person\/6fc2988ceb6eacf6836db1d8360b4912\"},\"headline\":\"Festival de Carthage\u00a0: Saber Reba\u00ef fait don de la moiti\u00e9 de son cachet\",\"datePublished\":\"2016-08-13T13:31:03+00:00\",\"mainEntityOfPage\":{\"@id\":\"https:\/\/kapitalis.com\/tunisie\/2016\/08\/13\/festival-de-carthage-saber-rebai-fait-don-de-la-moitie-de-son-cachet\/\"},\"wordCount\":200,\"commentCount\":3,\"publisher\":{\"@id\":\"https:\/\/kapitalis.com\/tunisie\/#organization\"},\"image\":{\"@id\":\"https:\/\/kapitalis.com\/tunisie\/2016\/08\/13\/festival-de-carthage-saber-rebai-fait-don-de-la-moitie-de-son-cachet\/#primaryimage\"},\"thumbnailUrl\":\"\",\"keywords\":[\"Festival de Carthage\",\"f\u00eate de la femme\",\"Saber Rebai\"],\"articleSection\":[\"CULTURE\",\"Tunisie\"],\"inLanguage\":\"fr-FR\",\"potentialAction\":[{\"@type\":\"CommentAction\",\"name\":\"Comment\",\"target\":[\"https:\/\/kapitalis.com\/tunisie\/2016\/08\/13\/festival-de-carthage-saber-rebai-fait-don-de-la-moitie-de-son-cachet\/#respond\"]}]},{\"@type\":\"WebPage\",\"@id\":\"https:\/\/kapitalis.com\/tunisie\/2016\/08\/13\/festival-de-carthage-saber-rebai-fait-don-de-la-moitie-de-son-cachet\/\",\"url\":\"https:\/\/kapitalis.com\/tunisie\/2016\/08\/13\/festival-de-carthage-saber-rebai-fait-don-de-la-moitie-de-son-cachet\/\",\"name\":\"Festival de Carthage\u00a0: Saber Reba\u00ef fait don de la moiti\u00e9 de son cachet - Kapitalis\",\"isPartOf\":{\"@id\":\"https:\/\/kapitalis.com\/tunisie\/#website\"},\"primaryImageOfPage\":{\"@id\":\"https:\/\/kapitalis.com\/tunisie\/2016\/08\/13\/festival-de-carthage-saber-rebai-fait-don-de-la-moitie-de-son-cachet\/#primaryimage\"},\"image\":{\"@id\":\"https:\/\/kapitalis.com\/tunisie\/2016\/08\/13\/festival-de-carthage-saber-rebai-fait-don-de-la-moitie-de-son-cachet\/#primaryimage\"},\"thumbnailUrl\":\"\",\"datePublished\":\"2016-08-13T13:31:03+00:00\",\"breadcrumb\":{\"@id\":\"https:\/\/kapitalis.com\/tunisie\/2016\/08\/13\/festival-de-carthage-saber-rebai-fait-don-de-la-moitie-de-son-cachet\/#breadcrumb\"},\"inLanguage\":\"fr-FR\",\"potentialAction\":[{\"@type\":\"ReadAction\",\"target\":[\"https:\/\/kapitalis.com\/tunisie\/2016\/08\/13\/festival-de-carthage-saber-rebai-fait-don-de-la-moitie-de-son-cachet\/\"]}]},{\"@type\":\"ImageObject\",\"inLanguage\":\"fr-FR\",\"@id\":\"https:\/\/kapitalis.com\/tunisie\/2016\/08\/13\/festival-de-carthage-saber-rebai-fait-don-de-la-moitie-de-son-cachet\/#primaryimage\",\"url\":\"\",\"contentUrl\":\"\"},{\"@type\":\"BreadcrumbList\",\"@id\":\"https:\/\/kapitalis.com\/tunisie\/2016\/08\/13\/festival-de-carthage-saber-rebai-fait-don-de-la-moitie-de-son-cachet\/#breadcrumb\",\"itemListElement\":[{\"@type\":\"ListItem\",\"position\":1,\"name\":\"Accueil\",\"item\":\"https:\/\/kapitalis.com\/tunisie\/\"},{\"@type\":\"ListItem\",\"position\":2,\"name\":\"Festival de Carthage\u00a0: Saber Reba\u00ef fait don de la moiti\u00e9 de son cachet\"}]},{\"@type\":\"WebSite\",\"@id\":\"https:\/\/kapitalis.com\/tunisie\/#website\",\"url\":\"https:\/\/kapitalis.com\/tunisie\/\",\"name\":\"Kapitalis\",\"description\":\"L&#039;actualit\u00e9 en Tunisie et dans le monde\",\"publisher\":{\"@id\":\"https:\/\/kapitalis.com\/tunisie\/#organization\"},\"potentialAction\":[{\"@type\":\"SearchAction\",\"target\":{\"@type\":\"EntryPoint\",\"urlTemplate\":\"https:\/\/kapitalis.com\/tunisie\/?s={search_term_string}\"},\"query-input\":{\"@type\":\"PropertyValueSpecification\",\"valueRequired\":true,\"valueName\":\"search_term_string\"}}],\"inLanguage\":\"fr-FR\"},{\"@type\":\"Organization\",\"@id\":\"https:\/\/kapitalis.com\/tunisie\/#organization\",\"name\":\"Kapitalis\",\"url\":\"https:\/\/kapitalis.com\/tunisie\/\",\"logo\":{\"@type\":\"ImageObject\",\"inLanguage\":\"fr-FR\",\"@id\":\"https:\/\/kapitalis.com\/tunisie\/#\/schema\/logo\/image\/\",\"url\":\"https:\/\/kapitalis.com\/tunisie\/wp-content\/uploads\/2022\/05\/Kapitalis-big-size.png\",\"contentUrl\":\"https:\/\/kapitalis.com\/tunisie\/wp-content\/uploads\/2022\/05\/Kapitalis-big-size.png\",\"width\":5000,\"height\":1500,\"caption\":\"Kapitalis\"},\"image\":{\"@id\":\"https:\/\/kapitalis.com\/tunisie\/#\/schema\/logo\/image\/\"},\"sameAs\":[\"https:\/\/www.facebook.com\/KapitalisInfo\/\",\"https:\/\/x.com\/KapitalisInfo\",\"https:\/\/www.youtube.com\/channel\/UC-yDYrHyfFBWWZaOw3FPg9Q\"]},{\"@type\":\"Person\",\"@id\":\"https:\/\/kapitalis.com\/tunisie\/#\/schema\/person\/6fc2988ceb6eacf6836db1d8360b4912\",\"name\":\"zohra abid\",\"url\":\"https:\/\/kapitalis.com\/tunisie\/author\/zohra-abid-2015\/\"}]}<\/script>\n<!-- \/ Yoast SEO plugin. -->","yoast_head_json":{"title":"Festival de Carthage\u00a0: Saber Reba\u00ef fait don de la moiti\u00e9 de son cachet - Kapitalis","robots":{"index":"index","follow":"follow","max-snippet":"max-snippet:-1","max-image-preview":"max-image-preview:large","max-video-preview":"max-video-preview:-1"},"canonical":"https:\/\/kapitalis.com\/tunisie\/2016\/08\/13\/festival-de-carthage-saber-rebai-fait-don-de-la-moitie-de-son-cachet\/","og_locale":"fr_FR","og_type":"article","og_title":"Festival de Carthage\u00a0: Saber Reba\u00ef fait don de la moiti\u00e9 de son cachet - Kapitalis","og_description":"Saber Reba\u00ef, qui se produira ce soir au Festival de\u00a0Carthage, a promis de faire don de la moiti\u00e9 de son cachet au Fonds de lutte contre le terrorisme.","og_url":"https:\/\/kapitalis.com\/tunisie\/2016\/08\/13\/festival-de-carthage-saber-rebai-fait-don-de-la-moitie-de-son-cachet\/","og_site_name":"Kapitalis","article_publisher":"https:\/\/www.facebook.com\/KapitalisInfo\/","article_published_time":"2016-08-13T13:31:03+00:00","og_image":[{"width":1200,"height":630,"url":"https:\/\/kapitalis.com\/tunisie\/wp-content\/uploads\/2022\/05\/kapitalis-logo-fb.png","type":"image\/png"}],"author":"zohra abid","twitter_card":"summary_large_image","twitter_creator":"@KapitalisInfo","twitter_site":"@KapitalisInfo","twitter_misc":{"\u00c9crit par":"zohra abid","Dur\u00e9e de lecture estim\u00e9e":"1 minute"},"schema":{"@context":"https:\/\/schema.org","@graph":[{"@type":"Article","@id":"https:\/\/kapitalis.com\/tunisie\/2016\/08\/13\/festival-de-carthage-saber-rebai-fait-don-de-la-moitie-de-son-cachet\/#article","isPartOf":{"@id":"https:\/\/kapitalis.com\/tunisie\/2016\/08\/13\/festival-de-carthage-saber-rebai-fait-don-de-la-moitie-de-son-cachet\/"},"author":{"name":"zohra abid","@id":"https:\/\/kapitalis.com\/tunisie\/#\/schema\/person\/6fc2988ceb6eacf6836db1d8360b4912"},"headline":"Festival de Carthage\u00a0: Saber Reba\u00ef fait don de la moiti\u00e9 de son cachet","datePublished":"2016-08-13T13:31:03+00:00","mainEntityOfPage":{"@id":"https:\/\/kapitalis.com\/tunisie\/2016\/08\/13\/festival-de-carthage-saber-rebai-fait-don-de-la-moitie-de-son-cachet\/"},"wordCount":200,"commentCount":3,"publisher":{"@id":"https:\/\/kapitalis.com\/tunisie\/#organization"},"image":{"@id":"https:\/\/kapitalis.com\/tunisie\/2016\/08\/13\/festival-de-carthage-saber-rebai-fait-don-de-la-moitie-de-son-cachet\/#primaryimage"},"thumbnailUrl":"","keywords":["Festival de Carthage","f\u00eate de la femme","Saber Rebai"],"articleSection":["CULTURE","Tunisie"],"inLanguage":"fr-FR","potentialAction":[{"@type":"CommentAction","name":"Comment","target":["https:\/\/kapitalis.com\/tunisie\/2016\/08\/13\/festival-de-carthage-saber-rebai-fait-don-de-la-moitie-de-son-cachet\/#respond"]}]},{"@type":"WebPage","@id":"https:\/\/kapitalis.com\/tunisie\/2016\/08\/13\/festival-de-carthage-saber-rebai-fait-don-de-la-moitie-de-son-cachet\/","url":"https:\/\/kapitalis.com\/tunisie\/2016\/08\/13\/festival-de-carthage-saber-rebai-fait-don-de-la-moitie-de-son-cachet\/","name":"Festival de Carthage\u00a0: Saber Reba\u00ef fait don de la moiti\u00e9 de son cachet - Kapitalis","isPartOf":{"@id":"https:\/\/kapitalis.com\/tunisie\/#website"},"primaryImageOfPage":{"@id":"https:\/\/kapitalis.com\/tunisie\/2016\/08\/13\/festival-de-carthage-saber-rebai-fait-don-de-la-moitie-de-son-cachet\/#primaryimage"},"image":{"@id":"https:\/\/kapitalis.com\/tunisie\/2016\/08\/13\/festival-de-carthage-saber-rebai-fait-don-de-la-moitie-de-son-cachet\/#primaryimage"},"thumbnailUrl":"","datePublished":"2016-08-13T13:31:03+00:00","breadcrumb":{"@id":"https:\/\/kapitalis.com\/tunisie\/2016\/08\/13\/festival-de-carthage-saber-rebai-fait-don-de-la-moitie-de-son-cachet\/#breadcrumb"},"inLanguage":"fr-FR","potentialAction":[{"@type":"ReadAction","target":["https:\/\/kapitalis.com\/tunisie\/2016\/08\/13\/festival-de-carthage-saber-rebai-fait-don-de-la-moitie-de-son-cachet\/"]}]},{"@type":"ImageObject","inLanguage":"fr-FR","@id":"https:\/\/kapitalis.com\/tunisie\/2016\/08\/13\/festival-de-carthage-saber-rebai-fait-don-de-la-moitie-de-son-cachet\/#primaryimage","url":"","contentUrl":""},{"@type":"BreadcrumbList","@id":"https:\/\/kapitalis.com\/tunisie\/2016\/08\/13\/festival-de-carthage-saber-rebai-fait-don-de-la-moitie-de-son-cachet\/#breadcrumb","itemListElement":[{"@type":"ListItem","position":1,"name":"Accueil","item":"https:\/\/kapitalis.com\/tunisie\/"},{"@type":"ListItem","position":2,"name":"Festival de Carthage\u00a0: Saber Reba\u00ef fait don de la moiti\u00e9 de son cachet"}]},{"@type":"WebSite","@id":"https:\/\/kapitalis.com\/tunisie\/#website","url":"https:\/\/kapitalis.com\/tunisie\/","name":"Kapitalis","description":"L&#039;actualit\u00e9 en Tunisie et dans le monde","publisher":{"@id":"https:\/\/kapitalis.com\/tunisie\/#organization"},"potentialAction":[{"@type":"SearchAction","target":{"@type":"EntryPoint","urlTemplate":"https:\/\/kapitalis.com\/tunisie\/?s={search_term_string}"},"query-input":{"@type":"PropertyValueSpecification","valueRequired":true,"valueName":"search_term_string"}}],"inLanguage":"fr-FR"},{"@type":"Organization","@id":"https:\/\/kapitalis.com\/tunisie\/#organization","name":"Kapitalis","url":"https:\/\/kapitalis.com\/tunisie\/","logo":{"@type":"ImageObject","inLanguage":"fr-FR","@id":"https:\/\/kapitalis.com\/tunisie\/#\/schema\/logo\/image\/","url":"https:\/\/kapitalis.com\/tunisie\/wp-content\/uploads\/2022\/05\/Kapitalis-big-size.png","contentUrl":"https:\/\/kapitalis.com\/tunisie\/wp-content\/uploads\/2022\/05\/Kapitalis-big-size.png","width":5000,"height":1500,"caption":"Kapitalis"},"image":{"@id":"https:\/\/kapitalis.com\/tunisie\/#\/schema\/logo\/image\/"},"sameAs":["https:\/\/www.facebook.com\/KapitalisInfo\/","https:\/\/x.com\/KapitalisInfo","https:\/\/www.youtube.com\/channel\/UC-yDYrHyfFBWWZaOw3FPg9Q"]},{"@type":"Person","@id":"https:\/\/kapitalis.com\/tunisie\/#\/schema\/person\/6fc2988ceb6eacf6836db1d8360b4912","name":"zohra abid","url":"https:\/\/kapitalis.com\/tunisie\/author\/zohra-abid-2015\/"}]}},"_links":{"self":[{"href":"https:\/\/kapitalis.com\/tunisie\/wp-json\/wp\/v2\/posts\/61278","targetHints":{"allow":["GET"]}}],"collection":[{"href":"https:\/\/kapitalis.com\/tunisie\/wp-json\/wp\/v2\/posts"}],"about":[{"href":"https:\/\/kapitalis.com\/tunisie\/wp-json\/wp\/v2\/types\/post"}],"author":[{"embeddable":true,"href":"https:\/\/kapitalis.com\/tunisie\/wp-json\/wp\/v2\/users\/7"}],"replies":[{"embeddable":true,"href":"https:\/\/kapitalis.com\/tunisie\/wp-json\/wp\/v2\/comments?post=61278"}],"version-history":[{"count":0,"href":"https:\/\/kapitalis.com\/tunisie\/wp-json\/wp\/v2\/posts\/61278\/revisions"}],"wp:featuredmedia":[{"embeddable":true,"href":"https:\/\/kapitalis.com\/tunisie\/wp-json\/wp\/v2\/media\/61286"}],"wp:attachment":[{"href":"https:\/\/kapitalis.com\/tunisie\/wp-json\/wp\/v2\/media?parent=61278"}],"wp:term":[{"taxonomy":"category","embeddable":true,"href":"https:\/\/kapitalis.com\/tunisie\/wp-json\/wp\/v2\/categories?post=61278"},{"taxonomy":"post_tag","embeddable":true,"href":"https:\/\/kapitalis.com\/tunisie\/wp-json\/wp\/v2\/tags?post=61278"}],"curies":[{"name":"wp","href":"https:\/\/api.w.org\/{rel}","templated":true}]}}