{"id":61326,"date":"2016-08-14T09:23:57","date_gmt":"2016-08-14T08:23:57","guid":{"rendered":"http:\/\/kapitalis.com\/tunisie\/?p=61326"},"modified":"2016-08-14T09:25:16","modified_gmt":"2016-08-14T08:25:16","slug":"abir-moussi-nouvelle-presidente-du-mouvement-destourien","status":"publish","type":"post","link":"https:\/\/kapitalis.com\/tunisie\/2016\/08\/14\/abir-moussi-nouvelle-presidente-du-mouvement-destourien\/","title":{"rendered":"Abir Moussi nouvelle pr\u00e9sidente du Mouvement destourien"},"content":{"rendered":"<p style=\"text-align: center;\"><img loading=\"lazy\" decoding=\"async\" class=\"alignnone size-full wp-image-60903\" src=\"http:\/\/kapitalis.com\/tunisie\/wp-content\/uploads\/2016\/08\/Abir-Moussi-et-Hamed-Karoui.jpg\" alt=\"Abir-Moussi-et-Hamed-Karoui\" width=\"626\" height=\"380\" \/><\/p>\n<p style=\"text-align: center;\"><em>Abir Moussi prend le relais de Hamed Karoui.<\/em><\/p>\n<p style=\"text-align: left;\"><em><strong>L\u2019avocate Abir Moussi a \u00e9t\u00e9 d\u00e9sign\u00e9e pr\u00e9sidente du Mouvement destourien, lors de la s\u00e9ance d\u2019ouverture du congr\u00e8s constitutif du Mouvement destourien, samedi \u00e0 Tunis.<\/strong> <\/em><\/p>\n<p style=\"text-align: left;\"><!--more--><\/p>\n<p style=\"text-align: left;\">Autre promu, Hatem La\u00e2mari, a \u00e9t\u00e9 d\u00e9sign\u00e9, secr\u00e9taire g\u00e9n\u00e9ral e ce mouvement fond\u00e9 par l\u2019ancien Premier ministre Hamed Karoui, en 2012, et qui se donne pour mission d\u2019assurer la continuit\u00e9 du Destour, parti nationaliste fond\u00e9 en 1920 par Abdelaziz Thaalbi, du N\u00e9o-Destour, cr\u00e9\u00e9 en 1934 par Habib Bourguiba, qui deviendra le Parti socialiste destourien (PSD), au lendemain de l\u2019ind\u00e9pendance de la Tunisie, puis le Rassemblement constitutionnel d\u00e9mocratique (RCD), en 1988, dissous au lendemain de la chute du r\u00e9gime de l\u2019ancien pr\u00e9sident Ben Ali.<\/p>\n<p style=\"text-align: left;\">A l\u2019issue de la passation de la pr\u00e9sidence \u00e0 Abir Moussi, Hamed Karoui, a affirm\u00e9 que \u00able Mouvement destourien demeure ouvert \u00e0 tous les destouriens et \u00e0 tous les d\u00e9fenseurs de la pens\u00e9e destourienne\u00bb qui, en tant que fondateurs de l\u2019Etat, <em>\u00abdoivent reconqu\u00e9rir le pouvoir\u00bb<\/em>.<\/p>\n<p style=\"text-align: left;\">Invit\u00e9 au congr\u00e8s du Mouvement, le pr\u00e9sident de la r\u00e9publique n\u2019a pas r\u00e9pondu pr\u00e9sent \u00e0 la s\u00e9ance d\u2019ouverture du congr\u00e8s. Selon Abir Moussi, B\u00e9ji Ca\u00efd Essebsi, ancien dirigeant du n\u00e9o-Destour, du PSD et du RCD, a adress\u00e9 aux congressistes un message pour s\u2019excuser et r\u00e9affirmer son soutien aux destouriens qui, selon lui,<em> \u00abont \u00e9t\u00e9 diabolis\u00e9s depuis la r\u00e9volution du 14 janvier 2011\u00bb.<\/em><\/p>\n<p style=\"text-align: left;\">Par ailleurs, Mme Moussi a indiqu\u00e9 que la concomitance du congr\u00e8s constitutif du parti avec la f\u00eate nationale de la femme et le 60e anniversaire du Code du statut personnel (CSP), l\u2019une des r\u00e9alisations historiques de l\u2019ancien pr\u00e9sident Bourguiba, vient r\u00e9affirmer l\u2019attachement du mouvement \u00e0 la pr\u00e9servation du mod\u00e8le de soci\u00e9t\u00e9 tunisien et \u00e0 d\u00e9fendre les acquis et les droits de la femme.<\/p>\n<p style=\"text-align: left;\">Le congr\u00e8s constitutif s&rsquo;est d\u00e9roul\u00e9 en pr\u00e9sence de plusieurs symboles de l&rsquo;ancien r\u00e9gime, des membres de la famille destourienne ainsi que de repr\u00e9sentants des missions diplomatiques accr\u00e9dit\u00e9es \u00e0 Tunis.<\/p>\n<p style=\"text-align: right;\"><strong>I. B.<\/strong> (avec Tap).<\/p>\n","protected":false},"excerpt":{"rendered":"<p>Abir Moussi prend le relais de Hamed Karoui. L\u2019avocate Abir Moussi a \u00e9t\u00e9 d\u00e9sign\u00e9e pr\u00e9sidente du Mouvement destourien, lors de la s\u00e9ance d\u2019ouverture du congr\u00e8s constitutif du Mouvement destourien, samedi \u00e0 Tunis.<\/p>\n","protected":false},"author":8,"featured_media":0,"comment_status":"open","ping_status":"open","sticky":false,"template":"","format":"standard","meta":{"footnotes":""},"categories":[997,2433],"tags":[15144,140,2358,15145,6141,656,769],"class_list":["post-61326","post","type-post","status-publish","format-standard","hentry","category-politique","category-tunisie","tag-abir-moussi","tag-ben-ali","tag-habib-bourguiba","tag-hamed-karoui","tag-mouvement-destourien","tag-neo-destour","tag-rcd"],"yoast_head":"<!-- This site is optimized with the Yoast SEO plugin v26.6 - https:\/\/yoast.com\/wordpress\/plugins\/seo\/ -->\n<title>Abir Moussi nouvelle pr\u00e9sidente du Mouvement destourien - Kapitalis<\/title>\n<meta name=\"robots\" content=\"index, follow, max-snippet:-1, max-image-preview:large, max-video-preview:-1\" \/>\n<link rel=\"canonical\" href=\"https:\/\/kapitalis.com\/tunisie\/2016\/08\/14\/abir-moussi-nouvelle-presidente-du-mouvement-destourien\/\" \/>\n<meta property=\"og:locale\" content=\"fr_FR\" \/>\n<meta property=\"og:type\" content=\"article\" \/>\n<meta property=\"og:title\" content=\"Abir Moussi nouvelle pr\u00e9sidente du Mouvement destourien - Kapitalis\" \/>\n<meta property=\"og:description\" content=\"Abir Moussi prend le relais de Hamed Karoui. L\u2019avocate Abir Moussi a \u00e9t\u00e9 d\u00e9sign\u00e9e pr\u00e9sidente du Mouvement destourien, lors de la s\u00e9ance d\u2019ouverture du congr\u00e8s constitutif du Mouvement destourien, samedi \u00e0 Tunis.\" \/>\n<meta property=\"og:url\" content=\"https:\/\/kapitalis.com\/tunisie\/2016\/08\/14\/abir-moussi-nouvelle-presidente-du-mouvement-destourien\/\" \/>\n<meta property=\"og:site_name\" content=\"Kapitalis\" \/>\n<meta property=\"article:publisher\" content=\"https:\/\/www.facebook.com\/KapitalisInfo\/\" \/>\n<meta property=\"article:published_time\" content=\"2016-08-14T08:23:57+00:00\" \/>\n<meta property=\"article:modified_time\" content=\"2016-08-14T08:25:16+00:00\" \/>\n<meta property=\"og:image\" content=\"http:\/\/kapitalis.com\/tunisie\/wp-content\/uploads\/2016\/08\/Abir-Moussi-et-Hamed-Karoui.jpg\" \/>\n<meta name=\"author\" content=\"webmaster kapitalis\" \/>\n<meta name=\"twitter:card\" content=\"summary_large_image\" \/>\n<meta name=\"twitter:creator\" content=\"@KapitalisInfo\" \/>\n<meta name=\"twitter:site\" content=\"@KapitalisInfo\" \/>\n<meta name=\"twitter:label1\" content=\"\u00c9crit par\" \/>\n\t<meta name=\"twitter:data1\" content=\"webmaster kapitalis\" \/>\n\t<meta name=\"twitter:label2\" content=\"Dur\u00e9e de lecture estim\u00e9e\" \/>\n\t<meta name=\"twitter:data2\" content=\"2 minutes\" \/>\n<script type=\"application\/ld+json\" class=\"yoast-schema-graph\">{\"@context\":\"https:\/\/schema.org\",\"@graph\":[{\"@type\":\"Article\",\"@id\":\"https:\/\/kapitalis.com\/tunisie\/2016\/08\/14\/abir-moussi-nouvelle-presidente-du-mouvement-destourien\/#article\",\"isPartOf\":{\"@id\":\"https:\/\/kapitalis.com\/tunisie\/2016\/08\/14\/abir-moussi-nouvelle-presidente-du-mouvement-destourien\/\"},\"author\":{\"name\":\"webmaster kapitalis\",\"@id\":\"https:\/\/kapitalis.com\/tunisie\/#\/schema\/person\/d71f33a9ca44f7bad4698210b480c8e9\"},\"headline\":\"Abir Moussi nouvelle pr\u00e9sidente du Mouvement destourien\",\"datePublished\":\"2016-08-14T08:23:57+00:00\",\"dateModified\":\"2016-08-14T08:25:16+00:00\",\"mainEntityOfPage\":{\"@id\":\"https:\/\/kapitalis.com\/tunisie\/2016\/08\/14\/abir-moussi-nouvelle-presidente-du-mouvement-destourien\/\"},\"wordCount\":374,\"commentCount\":2,\"publisher\":{\"@id\":\"https:\/\/kapitalis.com\/tunisie\/#organization\"},\"image\":{\"@id\":\"https:\/\/kapitalis.com\/tunisie\/2016\/08\/14\/abir-moussi-nouvelle-presidente-du-mouvement-destourien\/#primaryimage\"},\"thumbnailUrl\":\"http:\/\/kapitalis.com\/tunisie\/wp-content\/uploads\/2016\/08\/Abir-Moussi-et-Hamed-Karoui.jpg\",\"keywords\":[\"Abir Moussi\",\"Ben Ali\",\"Habib Bourguiba\",\"Hamed Karoui\",\"Mouvement Destourien\",\"N\u00e9o-Destour\",\"RCD\"],\"articleSection\":[\"POLITIQUE\",\"Tunisie\"],\"inLanguage\":\"fr-FR\",\"potentialAction\":[{\"@type\":\"CommentAction\",\"name\":\"Comment\",\"target\":[\"https:\/\/kapitalis.com\/tunisie\/2016\/08\/14\/abir-moussi-nouvelle-presidente-du-mouvement-destourien\/#respond\"]}]},{\"@type\":\"WebPage\",\"@id\":\"https:\/\/kapitalis.com\/tunisie\/2016\/08\/14\/abir-moussi-nouvelle-presidente-du-mouvement-destourien\/\",\"url\":\"https:\/\/kapitalis.com\/tunisie\/2016\/08\/14\/abir-moussi-nouvelle-presidente-du-mouvement-destourien\/\",\"name\":\"Abir Moussi nouvelle pr\u00e9sidente du Mouvement destourien - Kapitalis\",\"isPartOf\":{\"@id\":\"https:\/\/kapitalis.com\/tunisie\/#website\"},\"primaryImageOfPage\":{\"@id\":\"https:\/\/kapitalis.com\/tunisie\/2016\/08\/14\/abir-moussi-nouvelle-presidente-du-mouvement-destourien\/#primaryimage\"},\"image\":{\"@id\":\"https:\/\/kapitalis.com\/tunisie\/2016\/08\/14\/abir-moussi-nouvelle-presidente-du-mouvement-destourien\/#primaryimage\"},\"thumbnailUrl\":\"http:\/\/kapitalis.com\/tunisie\/wp-content\/uploads\/2016\/08\/Abir-Moussi-et-Hamed-Karoui.jpg\",\"datePublished\":\"2016-08-14T08:23:57+00:00\",\"dateModified\":\"2016-08-14T08:25:16+00:00\",\"breadcrumb\":{\"@id\":\"https:\/\/kapitalis.com\/tunisie\/2016\/08\/14\/abir-moussi-nouvelle-presidente-du-mouvement-destourien\/#breadcrumb\"},\"inLanguage\":\"fr-FR\",\"potentialAction\":[{\"@type\":\"ReadAction\",\"target\":[\"https:\/\/kapitalis.com\/tunisie\/2016\/08\/14\/abir-moussi-nouvelle-presidente-du-mouvement-destourien\/\"]}]},{\"@type\":\"ImageObject\",\"inLanguage\":\"fr-FR\",\"@id\":\"https:\/\/kapitalis.com\/tunisie\/2016\/08\/14\/abir-moussi-nouvelle-presidente-du-mouvement-destourien\/#primaryimage\",\"url\":\"http:\/\/kapitalis.com\/tunisie\/wp-content\/uploads\/2016\/08\/Abir-Moussi-et-Hamed-Karoui.jpg\",\"contentUrl\":\"http:\/\/kapitalis.com\/tunisie\/wp-content\/uploads\/2016\/08\/Abir-Moussi-et-Hamed-Karoui.jpg\"},{\"@type\":\"BreadcrumbList\",\"@id\":\"https:\/\/kapitalis.com\/tunisie\/2016\/08\/14\/abir-moussi-nouvelle-presidente-du-mouvement-destourien\/#breadcrumb\",\"itemListElement\":[{\"@type\":\"ListItem\",\"position\":1,\"name\":\"Accueil\",\"item\":\"https:\/\/kapitalis.com\/tunisie\/\"},{\"@type\":\"ListItem\",\"position\":2,\"name\":\"Abir Moussi nouvelle pr\u00e9sidente du Mouvement destourien\"}]},{\"@type\":\"WebSite\",\"@id\":\"https:\/\/kapitalis.com\/tunisie\/#website\",\"url\":\"https:\/\/kapitalis.com\/tunisie\/\",\"name\":\"Kapitalis\",\"description\":\"L&#039;actualit\u00e9 en Tunisie et dans le monde\",\"publisher\":{\"@id\":\"https:\/\/kapitalis.com\/tunisie\/#organization\"},\"potentialAction\":[{\"@type\":\"SearchAction\",\"target\":{\"@type\":\"EntryPoint\",\"urlTemplate\":\"https:\/\/kapitalis.com\/tunisie\/?s={search_term_string}\"},\"query-input\":{\"@type\":\"PropertyValueSpecification\",\"valueRequired\":true,\"valueName\":\"search_term_string\"}}],\"inLanguage\":\"fr-FR\"},{\"@type\":\"Organization\",\"@id\":\"https:\/\/kapitalis.com\/tunisie\/#organization\",\"name\":\"Kapitalis\",\"url\":\"https:\/\/kapitalis.com\/tunisie\/\",\"logo\":{\"@type\":\"ImageObject\",\"inLanguage\":\"fr-FR\",\"@id\":\"https:\/\/kapitalis.com\/tunisie\/#\/schema\/logo\/image\/\",\"url\":\"https:\/\/kapitalis.com\/tunisie\/wp-content\/uploads\/2022\/05\/Kapitalis-big-size.png\",\"contentUrl\":\"https:\/\/kapitalis.com\/tunisie\/wp-content\/uploads\/2022\/05\/Kapitalis-big-size.png\",\"width\":5000,\"height\":1500,\"caption\":\"Kapitalis\"},\"image\":{\"@id\":\"https:\/\/kapitalis.com\/tunisie\/#\/schema\/logo\/image\/\"},\"sameAs\":[\"https:\/\/www.facebook.com\/KapitalisInfo\/\",\"https:\/\/x.com\/KapitalisInfo\",\"https:\/\/www.youtube.com\/channel\/UC-yDYrHyfFBWWZaOw3FPg9Q\"]},{\"@type\":\"Person\",\"@id\":\"https:\/\/kapitalis.com\/tunisie\/#\/schema\/person\/d71f33a9ca44f7bad4698210b480c8e9\",\"name\":\"webmaster kapitalis\",\"url\":\"https:\/\/kapitalis.com\/tunisie\/author\/webmaster-kapitalis\/\"}]}<\/script>\n<!-- \/ Yoast SEO plugin. -->","yoast_head_json":{"title":"Abir Moussi nouvelle pr\u00e9sidente du Mouvement destourien - Kapitalis","robots":{"index":"index","follow":"follow","max-snippet":"max-snippet:-1","max-image-preview":"max-image-preview:large","max-video-preview":"max-video-preview:-1"},"canonical":"https:\/\/kapitalis.com\/tunisie\/2016\/08\/14\/abir-moussi-nouvelle-presidente-du-mouvement-destourien\/","og_locale":"fr_FR","og_type":"article","og_title":"Abir Moussi nouvelle pr\u00e9sidente du Mouvement destourien - Kapitalis","og_description":"Abir Moussi prend le relais de Hamed Karoui. L\u2019avocate Abir Moussi a \u00e9t\u00e9 d\u00e9sign\u00e9e pr\u00e9sidente du Mouvement destourien, lors de la s\u00e9ance d\u2019ouverture du congr\u00e8s constitutif du Mouvement destourien, samedi \u00e0 Tunis.","og_url":"https:\/\/kapitalis.com\/tunisie\/2016\/08\/14\/abir-moussi-nouvelle-presidente-du-mouvement-destourien\/","og_site_name":"Kapitalis","article_publisher":"https:\/\/www.facebook.com\/KapitalisInfo\/","article_published_time":"2016-08-14T08:23:57+00:00","article_modified_time":"2016-08-14T08:25:16+00:00","og_image":[{"url":"http:\/\/kapitalis.com\/tunisie\/wp-content\/uploads\/2016\/08\/Abir-Moussi-et-Hamed-Karoui.jpg","type":"","width":"","height":""}],"author":"webmaster kapitalis","twitter_card":"summary_large_image","twitter_creator":"@KapitalisInfo","twitter_site":"@KapitalisInfo","twitter_misc":{"\u00c9crit par":"webmaster kapitalis","Dur\u00e9e de lecture estim\u00e9e":"2 minutes"},"schema":{"@context":"https:\/\/schema.org","@graph":[{"@type":"Article","@id":"https:\/\/kapitalis.com\/tunisie\/2016\/08\/14\/abir-moussi-nouvelle-presidente-du-mouvement-destourien\/#article","isPartOf":{"@id":"https:\/\/kapitalis.com\/tunisie\/2016\/08\/14\/abir-moussi-nouvelle-presidente-du-mouvement-destourien\/"},"author":{"name":"webmaster kapitalis","@id":"https:\/\/kapitalis.com\/tunisie\/#\/schema\/person\/d71f33a9ca44f7bad4698210b480c8e9"},"headline":"Abir Moussi nouvelle pr\u00e9sidente du Mouvement destourien","datePublished":"2016-08-14T08:23:57+00:00","dateModified":"2016-08-14T08:25:16+00:00","mainEntityOfPage":{"@id":"https:\/\/kapitalis.com\/tunisie\/2016\/08\/14\/abir-moussi-nouvelle-presidente-du-mouvement-destourien\/"},"wordCount":374,"commentCount":2,"publisher":{"@id":"https:\/\/kapitalis.com\/tunisie\/#organization"},"image":{"@id":"https:\/\/kapitalis.com\/tunisie\/2016\/08\/14\/abir-moussi-nouvelle-presidente-du-mouvement-destourien\/#primaryimage"},"thumbnailUrl":"http:\/\/kapitalis.com\/tunisie\/wp-content\/uploads\/2016\/08\/Abir-Moussi-et-Hamed-Karoui.jpg","keywords":["Abir Moussi","Ben Ali","Habib Bourguiba","Hamed Karoui","Mouvement Destourien","N\u00e9o-Destour","RCD"],"articleSection":["POLITIQUE","Tunisie"],"inLanguage":"fr-FR","potentialAction":[{"@type":"CommentAction","name":"Comment","target":["https:\/\/kapitalis.com\/tunisie\/2016\/08\/14\/abir-moussi-nouvelle-presidente-du-mouvement-destourien\/#respond"]}]},{"@type":"WebPage","@id":"https:\/\/kapitalis.com\/tunisie\/2016\/08\/14\/abir-moussi-nouvelle-presidente-du-mouvement-destourien\/","url":"https:\/\/kapitalis.com\/tunisie\/2016\/08\/14\/abir-moussi-nouvelle-presidente-du-mouvement-destourien\/","name":"Abir Moussi nouvelle pr\u00e9sidente du Mouvement destourien - Kapitalis","isPartOf":{"@id":"https:\/\/kapitalis.com\/tunisie\/#website"},"primaryImageOfPage":{"@id":"https:\/\/kapitalis.com\/tunisie\/2016\/08\/14\/abir-moussi-nouvelle-presidente-du-mouvement-destourien\/#primaryimage"},"image":{"@id":"https:\/\/kapitalis.com\/tunisie\/2016\/08\/14\/abir-moussi-nouvelle-presidente-du-mouvement-destourien\/#primaryimage"},"thumbnailUrl":"http:\/\/kapitalis.com\/tunisie\/wp-content\/uploads\/2016\/08\/Abir-Moussi-et-Hamed-Karoui.jpg","datePublished":"2016-08-14T08:23:57+00:00","dateModified":"2016-08-14T08:25:16+00:00","breadcrumb":{"@id":"https:\/\/kapitalis.com\/tunisie\/2016\/08\/14\/abir-moussi-nouvelle-presidente-du-mouvement-destourien\/#breadcrumb"},"inLanguage":"fr-FR","potentialAction":[{"@type":"ReadAction","target":["https:\/\/kapitalis.com\/tunisie\/2016\/08\/14\/abir-moussi-nouvelle-presidente-du-mouvement-destourien\/"]}]},{"@type":"ImageObject","inLanguage":"fr-FR","@id":"https:\/\/kapitalis.com\/tunisie\/2016\/08\/14\/abir-moussi-nouvelle-presidente-du-mouvement-destourien\/#primaryimage","url":"http:\/\/kapitalis.com\/tunisie\/wp-content\/uploads\/2016\/08\/Abir-Moussi-et-Hamed-Karoui.jpg","contentUrl":"http:\/\/kapitalis.com\/tunisie\/wp-content\/uploads\/2016\/08\/Abir-Moussi-et-Hamed-Karoui.jpg"},{"@type":"BreadcrumbList","@id":"https:\/\/kapitalis.com\/tunisie\/2016\/08\/14\/abir-moussi-nouvelle-presidente-du-mouvement-destourien\/#breadcrumb","itemListElement":[{"@type":"ListItem","position":1,"name":"Accueil","item":"https:\/\/kapitalis.com\/tunisie\/"},{"@type":"ListItem","position":2,"name":"Abir Moussi nouvelle pr\u00e9sidente du Mouvement destourien"}]},{"@type":"WebSite","@id":"https:\/\/kapitalis.com\/tunisie\/#website","url":"https:\/\/kapitalis.com\/tunisie\/","name":"Kapitalis","description":"L&#039;actualit\u00e9 en Tunisie et dans le monde","publisher":{"@id":"https:\/\/kapitalis.com\/tunisie\/#organization"},"potentialAction":[{"@type":"SearchAction","target":{"@type":"EntryPoint","urlTemplate":"https:\/\/kapitalis.com\/tunisie\/?s={search_term_string}"},"query-input":{"@type":"PropertyValueSpecification","valueRequired":true,"valueName":"search_term_string"}}],"inLanguage":"fr-FR"},{"@type":"Organization","@id":"https:\/\/kapitalis.com\/tunisie\/#organization","name":"Kapitalis","url":"https:\/\/kapitalis.com\/tunisie\/","logo":{"@type":"ImageObject","inLanguage":"fr-FR","@id":"https:\/\/kapitalis.com\/tunisie\/#\/schema\/logo\/image\/","url":"https:\/\/kapitalis.com\/tunisie\/wp-content\/uploads\/2022\/05\/Kapitalis-big-size.png","contentUrl":"https:\/\/kapitalis.com\/tunisie\/wp-content\/uploads\/2022\/05\/Kapitalis-big-size.png","width":5000,"height":1500,"caption":"Kapitalis"},"image":{"@id":"https:\/\/kapitalis.com\/tunisie\/#\/schema\/logo\/image\/"},"sameAs":["https:\/\/www.facebook.com\/KapitalisInfo\/","https:\/\/x.com\/KapitalisInfo","https:\/\/www.youtube.com\/channel\/UC-yDYrHyfFBWWZaOw3FPg9Q"]},{"@type":"Person","@id":"https:\/\/kapitalis.com\/tunisie\/#\/schema\/person\/d71f33a9ca44f7bad4698210b480c8e9","name":"webmaster kapitalis","url":"https:\/\/kapitalis.com\/tunisie\/author\/webmaster-kapitalis\/"}]}},"_links":{"self":[{"href":"https:\/\/kapitalis.com\/tunisie\/wp-json\/wp\/v2\/posts\/61326","targetHints":{"allow":["GET"]}}],"collection":[{"href":"https:\/\/kapitalis.com\/tunisie\/wp-json\/wp\/v2\/posts"}],"about":[{"href":"https:\/\/kapitalis.com\/tunisie\/wp-json\/wp\/v2\/types\/post"}],"author":[{"embeddable":true,"href":"https:\/\/kapitalis.com\/tunisie\/wp-json\/wp\/v2\/users\/8"}],"replies":[{"embeddable":true,"href":"https:\/\/kapitalis.com\/tunisie\/wp-json\/wp\/v2\/comments?post=61326"}],"version-history":[{"count":0,"href":"https:\/\/kapitalis.com\/tunisie\/wp-json\/wp\/v2\/posts\/61326\/revisions"}],"wp:attachment":[{"href":"https:\/\/kapitalis.com\/tunisie\/wp-json\/wp\/v2\/media?parent=61326"}],"wp:term":[{"taxonomy":"category","embeddable":true,"href":"https:\/\/kapitalis.com\/tunisie\/wp-json\/wp\/v2\/categories?post=61326"},{"taxonomy":"post_tag","embeddable":true,"href":"https:\/\/kapitalis.com\/tunisie\/wp-json\/wp\/v2\/tags?post=61326"}],"curies":[{"name":"wp","href":"https:\/\/api.w.org\/{rel}","templated":true}]}}